{"id":2604,"date":"2024-02-12T10:15:26","date_gmt":"2024-02-12T09:15:26","guid":{"rendered":"https:\/\/www.leprojecteurguinee.com\/?p=2604"},"modified":"2024-02-12T10:15:27","modified_gmt":"2024-02-12T09:15:27","slug":"crise-au-senegal-le-chef-de-la-cedeao-bola-tinubu-se-rend-a-dakar","status":"publish","type":"post","link":"https:\/\/www.leprojecteurguinee.com\/index.php\/2024\/02\/12\/crise-au-senegal-le-chef-de-la-cedeao-bola-tinubu-se-rend-a-dakar\/","title":{"rendered":"Crise au S\u00e9n\u00e9gal: le chef de la C\u00e9d\u00e9ao Bola Tinubu se rend \u00e0 Dakar"},"content":{"rendered":"\n<p>La CEDEAO entre en action. Une d\u00e9l\u00e9gation du Parlement de la CEDEAO est \u00e0 Dakar depuis ce dimanche 11 f\u00e9vrier. Elle doit rencontrer ce lundi les acteurs politiques et la soci\u00e9t\u00e9 civile. Quant au Pr\u00e9sident nig\u00e9rian, Bola Ahmed Tinubu, il est \u00e9galement attendu \u00e0 Dakar ce lundi. Il a \u00e9t\u00e9 devanc\u00e9 par la d\u00e9l\u00e9gation du Parlement de la CEDEAO.<\/p>\n\n\n\n<p>C\u2019est dans un contexte tr\u00e8s tendu que le Pr\u00e9sident de la Communaut\u00e9 \u00e9conomique des \u00c9tats de l\u2019Afrique de l\u2019Ouest (CEDEAO) est attendu \u00e0 Dakar. Une visite expresse de 24 heures lors de laquelle il va s\u2019entretenir avec le Pr\u00e9sident Macky Sall. Il faut rappeler que la CEDEAO avait appel\u00e9 Macky Sall, qui a prolong\u00e9 son mandat, \u00e0 respecter la constitution et le calendrier r\u00e9publicain. Depuis vendredi co\u00efncidant avec le d\u00e9but de la vague des manifestations contre le report de l\u2019\u00e9lection pr\u00e9sidentielle, trois jeunes sont morts.<\/p>\n","protected":false},"excerpt":{"rendered":"<p>La CEDEAO entre en action. Une d\u00e9l\u00e9gation du Parlement de la CEDEAO est \u00e0 Dakar depuis ce dimanche 11 f\u00e9vrier. Elle doit rencontrer ce lundi les acteurs politiques et la soci\u00e9t\u00e9 civile. Quant au Pr\u00e9sident nig\u00e9rian, Bola Ahmed Tinubu, il est \u00e9galement attendu \u00e0 Dakar ce lundi. Il a \u00e9t\u00e9 devanc\u00e9 par la d\u00e9l\u00e9gation du [&hellip;]<\/p>\n","protected":false},"author":1,"featured_media":2605,"comment_status":"open","ping_status":"open","sticky":false,"template":"","format":"standard","meta":{"footnotes":""},"categories":[80],"tags":[72,26],"class_list":["post-2604","post","type-post","status-publish","format-standard","has-post-thumbnail","hentry","category-politique","tag-cedeao","tag-senegal"],"yoast_head":"<!-- This site is optimized with the Yoast SEO plugin v26.8 - https:\/\/yoast.com\/product\/yoast-seo-wordpress\/ -->\n<title>Crise au S\u00e9n\u00e9gal: le chef de la C\u00e9d\u00e9ao Bola Tinubu se rend \u00e0 Dakar - leprojecteurguinee<\/title>\n<meta name=\"robots\" content=\"index, follow, max-snippet:-1, max-image-preview:large, max-video-preview:-1\" \/>\n<link rel=\"canonical\" href=\"https:\/\/www.leprojecteurguinee.com\/index.php\/2024\/02\/12\/crise-au-senegal-le-chef-de-la-cedeao-bola-tinubu-se-rend-a-dakar\/\" \/>\n<meta property=\"og:locale\" content=\"fr_FR\" \/>\n<meta property=\"og:type\" content=\"article\" \/>\n<meta property=\"og:title\" content=\"Crise au S\u00e9n\u00e9gal: le chef de la C\u00e9d\u00e9ao Bola Tinubu se rend \u00e0 Dakar - leprojecteurguinee\" \/>\n<meta property=\"og:description\" content=\"La CEDEAO entre en action. Une d\u00e9l\u00e9gation du Parlement de la CEDEAO est \u00e0 Dakar depuis ce dimanche 11 f\u00e9vrier. Elle doit rencontrer ce lundi les acteurs politiques et la soci\u00e9t\u00e9 civile. Quant au Pr\u00e9sident nig\u00e9rian, Bola Ahmed Tinubu, il est \u00e9galement attendu \u00e0 Dakar ce lundi. Il a \u00e9t\u00e9 devanc\u00e9 par la d\u00e9l\u00e9gation du [&hellip;]\" \/>\n<meta property=\"og:url\" content=\"https:\/\/www.leprojecteurguinee.com\/index.php\/2024\/02\/12\/crise-au-senegal-le-chef-de-la-cedeao-bola-tinubu-se-rend-a-dakar\/\" \/>\n<meta property=\"og:site_name\" content=\"leprojecteurguinee\" \/>\n<meta property=\"article:published_time\" content=\"2024-02-12T09:15:26+00:00\" \/>\n<meta property=\"article:modified_time\" content=\"2024-02-12T09:15:27+00:00\" \/>\n<meta property=\"og:image\" content=\"https:\/\/www.leprojecteurguinee.com\/wp-content\/uploads\/2024\/02\/bola-tinubu.webp\" \/>\n\t<meta property=\"og:image:width\" content=\"980\" \/>\n\t<meta property=\"og:image:height\" content=\"552\" \/>\n\t<meta property=\"og:image:type\" content=\"image\/webp\" \/>\n<meta name=\"author\" content=\"Leprojecteurguinee\" \/>\n<meta name=\"twitter:card\" content=\"summary_large_image\" \/>\n<meta name=\"twitter:label1\" content=\"\u00c9crit par\" \/>\n\t<meta name=\"twitter:data1\" content=\"Leprojecteurguinee\" \/>\n\t<meta name=\"twitter:label2\" content=\"Dur\u00e9e de lecture estim\u00e9e\" \/>\n\t<meta name=\"twitter:data2\" content=\"1 minute\" \/>\n<script type=\"application\/ld+json\" class=\"yoast-schema-graph\">{\"@context\":\"https:\/\/schema.org\",\"@graph\":[{\"@type\":\"Article\",\"@id\":\"https:\/\/www.leprojecteurguinee.com\/index.php\/2024\/02\/12\/crise-au-senegal-le-chef-de-la-cedeao-bola-tinubu-se-rend-a-dakar\/#article\",\"isPartOf\":{\"@id\":\"https:\/\/www.leprojecteurguinee.com\/index.php\/2024\/02\/12\/crise-au-senegal-le-chef-de-la-cedeao-bola-tinubu-se-rend-a-dakar\/\"},\"author\":{\"name\":\"Leprojecteurguinee\",\"@id\":\"https:\/\/www.leprojecteurguinee.com\/#\/schema\/person\/389671d1a3f0c66e6c91c4a765990c1b\"},\"headline\":\"Crise au S\u00e9n\u00e9gal: le chef de la C\u00e9d\u00e9ao Bola Tinubu se rend \u00e0 Dakar\",\"datePublished\":\"2024-02-12T09:15:26+00:00\",\"dateModified\":\"2024-02-12T09:15:27+00:00\",\"mainEntityOfPage\":{\"@id\":\"https:\/\/www.leprojecteurguinee.com\/index.php\/2024\/02\/12\/crise-au-senegal-le-chef-de-la-cedeao-bola-tinubu-se-rend-a-dakar\/\"},\"wordCount\":175,\"commentCount\":0,\"image\":{\"@id\":\"https:\/\/www.leprojecteurguinee.com\/index.php\/2024\/02\/12\/crise-au-senegal-le-chef-de-la-cedeao-bola-tinubu-se-rend-a-dakar\/#primaryimage\"},\"thumbnailUrl\":\"https:\/\/www.leprojecteurguinee.com\/wp-content\/uploads\/2024\/02\/bola-tinubu.webp\",\"keywords\":[\"C\u00e9d\u00e9ao\",\"S\u00e9n\u00e9gal\"],\"articleSection\":[\"Politique\"],\"inLanguage\":\"fr-FR\",\"potentialAction\":[{\"@type\":\"CommentAction\",\"name\":\"Comment\",\"target\":[\"https:\/\/www.leprojecteurguinee.com\/index.php\/2024\/02\/12\/crise-au-senegal-le-chef-de-la-cedeao-bola-tinubu-se-rend-a-dakar\/#respond\"]}]},{\"@type\":\"WebPage\",\"@id\":\"https:\/\/www.leprojecteurguinee.com\/index.php\/2024\/02\/12\/crise-au-senegal-le-chef-de-la-cedeao-bola-tinubu-se-rend-a-dakar\/\",\"url\":\"https:\/\/www.leprojecteurguinee.com\/index.php\/2024\/02\/12\/crise-au-senegal-le-chef-de-la-cedeao-bola-tinubu-se-rend-a-dakar\/\",\"name\":\"Crise au S\u00e9n\u00e9gal: le chef de la C\u00e9d\u00e9ao Bola Tinubu se rend \u00e0 Dakar - leprojecteurguinee\",\"isPartOf\":{\"@id\":\"https:\/\/www.leprojecteurguinee.com\/#website\"},\"primaryImageOfPage\":{\"@id\":\"https:\/\/www.leprojecteurguinee.com\/index.php\/2024\/02\/12\/crise-au-senegal-le-chef-de-la-cedeao-bola-tinubu-se-rend-a-dakar\/#primaryimage\"},\"image\":{\"@id\":\"https:\/\/www.leprojecteurguinee.com\/index.php\/2024\/02\/12\/crise-au-senegal-le-chef-de-la-cedeao-bola-tinubu-se-rend-a-dakar\/#primaryimage\"},\"thumbnailUrl\":\"https:\/\/www.leprojecteurguinee.com\/wp-content\/uploads\/2024\/02\/bola-tinubu.webp\",\"datePublished\":\"2024-02-12T09:15:26+00:00\",\"dateModified\":\"2024-02-12T09:15:27+00:00\",\"author\":{\"@id\":\"https:\/\/www.leprojecteurguinee.com\/#\/schema\/person\/389671d1a3f0c66e6c91c4a765990c1b\"},\"breadcrumb\":{\"@id\":\"https:\/\/www.leprojecteurguinee.com\/index.php\/2024\/02\/12\/crise-au-senegal-le-chef-de-la-cedeao-bola-tinubu-se-rend-a-dakar\/#breadcrumb\"},\"inLanguage\":\"fr-FR\",\"potentialAction\":[{\"@type\":\"ReadAction\",\"target\":[\"https:\/\/www.leprojecteurguinee.com\/index.php\/2024\/02\/12\/crise-au-senegal-le-chef-de-la-cedeao-bola-tinubu-se-rend-a-dakar\/\"]}]},{\"@type\":\"ImageObject\",\"inLanguage\":\"fr-FR\",\"@id\":\"https:\/\/www.leprojecteurguinee.com\/index.php\/2024\/02\/12\/crise-au-senegal-le-chef-de-la-cedeao-bola-tinubu-se-rend-a-dakar\/#primaryimage\",\"url\":\"https:\/\/www.leprojecteurguinee.com\/wp-content\/uploads\/2024\/02\/bola-tinubu.webp\",\"contentUrl\":\"https:\/\/www.leprojecteurguinee.com\/wp-content\/uploads\/2024\/02\/bola-tinubu.webp\",\"width\":980,\"height\":552},{\"@type\":\"BreadcrumbList\",\"@id\":\"https:\/\/www.leprojecteurguinee.com\/index.php\/2024\/02\/12\/crise-au-senegal-le-chef-de-la-cedeao-bola-tinubu-se-rend-a-dakar\/#breadcrumb\",\"itemListElement\":[{\"@type\":\"ListItem\",\"position\":1,\"name\":\"Accueil\",\"item\":\"https:\/\/www.leprojecteurguinee.com\/\"},{\"@type\":\"ListItem\",\"position\":2,\"name\":\"Crise au S\u00e9n\u00e9gal: le chef de la C\u00e9d\u00e9ao Bola Tinubu se rend \u00e0 Dakar\"}]},{\"@type\":\"WebSite\",\"@id\":\"https:\/\/www.leprojecteurguinee.com\/#website\",\"url\":\"https:\/\/www.leprojecteurguinee.com\/\",\"name\":\"leprojecteurguinee\",\"description\":\"Nous luttons contre les pratiques obscures\",\"potentialAction\":[{\"@type\":\"SearchAction\",\"target\":{\"@type\":\"EntryPoint\",\"urlTemplate\":\"https:\/\/www.leprojecteurguinee.com\/?s={search_term_string}\"},\"query-input\":{\"@type\":\"PropertyValueSpecification\",\"valueRequired\":true,\"valueName\":\"search_term_string\"}}],\"inLanguage\":\"fr-FR\"},{\"@type\":\"Person\",\"@id\":\"https:\/\/www.leprojecteurguinee.com\/#\/schema\/person\/389671d1a3f0c66e6c91c4a765990c1b\",\"name\":\"Leprojecteurguinee\",\"image\":{\"@type\":\"ImageObject\",\"inLanguage\":\"fr-FR\",\"@id\":\"https:\/\/www.leprojecteurguinee.com\/#\/schema\/person\/image\/\",\"url\":\"https:\/\/secure.gravatar.com\/avatar\/c0faa0f472c43eff99fecb0bd2a1c6782e80a162c9fcb7ed2d48bb42ea619f30?s=96&d=mm&r=g\",\"contentUrl\":\"https:\/\/secure.gravatar.com\/avatar\/c0faa0f472c43eff99fecb0bd2a1c6782e80a162c9fcb7ed2d48bb42ea619f30?s=96&d=mm&r=g\",\"caption\":\"Leprojecteurguinee\"},\"sameAs\":[\"https:\/\/www.leprojecteurguinee.com\"],\"url\":\"https:\/\/www.leprojecteurguinee.com\/index.php\/author\/madame\/\"}]}<\/script>\n<!-- \/ Yoast SEO plugin. -->","yoast_head_json":{"title":"Crise au S\u00e9n\u00e9gal: le chef de la C\u00e9d\u00e9ao Bola Tinubu se rend \u00e0 Dakar - leprojecteurguinee","robots":{"index":"index","follow":"follow","max-snippet":"max-snippet:-1","max-image-preview":"max-image-preview:large","max-video-preview":"max-video-preview:-1"},"canonical":"https:\/\/www.leprojecteurguinee.com\/index.php\/2024\/02\/12\/crise-au-senegal-le-chef-de-la-cedeao-bola-tinubu-se-rend-a-dakar\/","og_locale":"fr_FR","og_type":"article","og_title":"Crise au S\u00e9n\u00e9gal: le chef de la C\u00e9d\u00e9ao Bola Tinubu se rend \u00e0 Dakar - leprojecteurguinee","og_description":"La CEDEAO entre en action. Une d\u00e9l\u00e9gation du Parlement de la CEDEAO est \u00e0 Dakar depuis ce dimanche 11 f\u00e9vrier. Elle doit rencontrer ce lundi les acteurs politiques et la soci\u00e9t\u00e9 civile. Quant au Pr\u00e9sident nig\u00e9rian, Bola Ahmed Tinubu, il est \u00e9galement attendu \u00e0 Dakar ce lundi. Il a \u00e9t\u00e9 devanc\u00e9 par la d\u00e9l\u00e9gation du [&hellip;]","og_url":"https:\/\/www.leprojecteurguinee.com\/index.php\/2024\/02\/12\/crise-au-senegal-le-chef-de-la-cedeao-bola-tinubu-se-rend-a-dakar\/","og_site_name":"leprojecteurguinee","article_published_time":"2024-02-12T09:15:26+00:00","article_modified_time":"2024-02-12T09:15:27+00:00","og_image":[{"width":980,"height":552,"url":"https:\/\/www.leprojecteurguinee.com\/wp-content\/uploads\/2024\/02\/bola-tinubu.webp","type":"image\/webp"}],"author":"Leprojecteurguinee","twitter_card":"summary_large_image","twitter_misc":{"\u00c9crit par":"Leprojecteurguinee","Dur\u00e9e de lecture estim\u00e9e":"1 minute"},"schema":{"@context":"https:\/\/schema.org","@graph":[{"@type":"Article","@id":"https:\/\/www.leprojecteurguinee.com\/index.php\/2024\/02\/12\/crise-au-senegal-le-chef-de-la-cedeao-bola-tinubu-se-rend-a-dakar\/#article","isPartOf":{"@id":"https:\/\/www.leprojecteurguinee.com\/index.php\/2024\/02\/12\/crise-au-senegal-le-chef-de-la-cedeao-bola-tinubu-se-rend-a-dakar\/"},"author":{"name":"Leprojecteurguinee","@id":"https:\/\/www.leprojecteurguinee.com\/#\/schema\/person\/389671d1a3f0c66e6c91c4a765990c1b"},"headline":"Crise au S\u00e9n\u00e9gal: le chef de la C\u00e9d\u00e9ao Bola Tinubu se rend \u00e0 Dakar","datePublished":"2024-02-12T09:15:26+00:00","dateModified":"2024-02-12T09:15:27+00:00","mainEntityOfPage":{"@id":"https:\/\/www.leprojecteurguinee.com\/index.php\/2024\/02\/12\/crise-au-senegal-le-chef-de-la-cedeao-bola-tinubu-se-rend-a-dakar\/"},"wordCount":175,"commentCount":0,"image":{"@id":"https:\/\/www.leprojecteurguinee.com\/index.php\/2024\/02\/12\/crise-au-senegal-le-chef-de-la-cedeao-bola-tinubu-se-rend-a-dakar\/#primaryimage"},"thumbnailUrl":"https:\/\/www.leprojecteurguinee.com\/wp-content\/uploads\/2024\/02\/bola-tinubu.webp","keywords":["C\u00e9d\u00e9ao","S\u00e9n\u00e9gal"],"articleSection":["Politique"],"inLanguage":"fr-FR","potentialAction":[{"@type":"CommentAction","name":"Comment","target":["https:\/\/www.leprojecteurguinee.com\/index.php\/2024\/02\/12\/crise-au-senegal-le-chef-de-la-cedeao-bola-tinubu-se-rend-a-dakar\/#respond"]}]},{"@type":"WebPage","@id":"https:\/\/www.leprojecteurguinee.com\/index.php\/2024\/02\/12\/crise-au-senegal-le-chef-de-la-cedeao-bola-tinubu-se-rend-a-dakar\/","url":"https:\/\/www.leprojecteurguinee.com\/index.php\/2024\/02\/12\/crise-au-senegal-le-chef-de-la-cedeao-bola-tinubu-se-rend-a-dakar\/","name":"Crise au S\u00e9n\u00e9gal: le chef de la C\u00e9d\u00e9ao Bola Tinubu se rend \u00e0 Dakar - leprojecteurguinee","isPartOf":{"@id":"https:\/\/www.leprojecteurguinee.com\/#website"},"primaryImageOfPage":{"@id":"https:\/\/www.leprojecteurguinee.com\/index.php\/2024\/02\/12\/crise-au-senegal-le-chef-de-la-cedeao-bola-tinubu-se-rend-a-dakar\/#primaryimage"},"image":{"@id":"https:\/\/www.leprojecteurguinee.com\/index.php\/2024\/02\/12\/crise-au-senegal-le-chef-de-la-cedeao-bola-tinubu-se-rend-a-dakar\/#primaryimage"},"thumbnailUrl":"https:\/\/www.leprojecteurguinee.com\/wp-content\/uploads\/2024\/02\/bola-tinubu.webp","datePublished":"2024-02-12T09:15:26+00:00","dateModified":"2024-02-12T09:15:27+00:00","author":{"@id":"https:\/\/www.leprojecteurguinee.com\/#\/schema\/person\/389671d1a3f0c66e6c91c4a765990c1b"},"breadcrumb":{"@id":"https:\/\/www.leprojecteurguinee.com\/index.php\/2024\/02\/12\/crise-au-senegal-le-chef-de-la-cedeao-bola-tinubu-se-rend-a-dakar\/#breadcrumb"},"inLanguage":"fr-FR","potentialAction":[{"@type":"ReadAction","target":["https:\/\/www.leprojecteurguinee.com\/index.php\/2024\/02\/12\/crise-au-senegal-le-chef-de-la-cedeao-bola-tinubu-se-rend-a-dakar\/"]}]},{"@type":"ImageObject","inLanguage":"fr-FR","@id":"https:\/\/www.leprojecteurguinee.com\/index.php\/2024\/02\/12\/crise-au-senegal-le-chef-de-la-cedeao-bola-tinubu-se-rend-a-dakar\/#primaryimage","url":"https:\/\/www.leprojecteurguinee.com\/wp-content\/uploads\/2024\/02\/bola-tinubu.webp","contentUrl":"https:\/\/www.leprojecteurguinee.com\/wp-content\/uploads\/2024\/02\/bola-tinubu.webp","width":980,"height":552},{"@type":"BreadcrumbList","@id":"https:\/\/www.leprojecteurguinee.com\/index.php\/2024\/02\/12\/crise-au-senegal-le-chef-de-la-cedeao-bola-tinubu-se-rend-a-dakar\/#breadcrumb","itemListElement":[{"@type":"ListItem","position":1,"name":"Accueil","item":"https:\/\/www.leprojecteurguinee.com\/"},{"@type":"ListItem","position":2,"name":"Crise au S\u00e9n\u00e9gal: le chef de la C\u00e9d\u00e9ao Bola Tinubu se rend \u00e0 Dakar"}]},{"@type":"WebSite","@id":"https:\/\/www.leprojecteurguinee.com\/#website","url":"https:\/\/www.leprojecteurguinee.com\/","name":"leprojecteurguinee","description":"Nous luttons contre les pratiques obscures","potentialAction":[{"@type":"SearchAction","target":{"@type":"EntryPoint","urlTemplate":"https:\/\/www.leprojecteurguinee.com\/?s={search_term_string}"},"query-input":{"@type":"PropertyValueSpecification","valueRequired":true,"valueName":"search_term_string"}}],"inLanguage":"fr-FR"},{"@type":"Person","@id":"https:\/\/www.leprojecteurguinee.com\/#\/schema\/person\/389671d1a3f0c66e6c91c4a765990c1b","name":"Leprojecteurguinee","image":{"@type":"ImageObject","inLanguage":"fr-FR","@id":"https:\/\/www.leprojecteurguinee.com\/#\/schema\/person\/image\/","url":"https:\/\/secure.gravatar.com\/avatar\/c0faa0f472c43eff99fecb0bd2a1c6782e80a162c9fcb7ed2d48bb42ea619f30?s=96&d=mm&r=g","contentUrl":"https:\/\/secure.gravatar.com\/avatar\/c0faa0f472c43eff99fecb0bd2a1c6782e80a162c9fcb7ed2d48bb42ea619f30?s=96&d=mm&r=g","caption":"Leprojecteurguinee"},"sameAs":["https:\/\/www.leprojecteurguinee.com"],"url":"https:\/\/www.leprojecteurguinee.com\/index.php\/author\/madame\/"}]}},"_links":{"self":[{"href":"https:\/\/www.leprojecteurguinee.com\/index.php\/wp-json\/wp\/v2\/posts\/2604","targetHints":{"allow":["GET"]}}],"collection":[{"href":"https:\/\/www.leprojecteurguinee.com\/index.php\/wp-json\/wp\/v2\/posts"}],"about":[{"href":"https:\/\/www.leprojecteurguinee.com\/index.php\/wp-json\/wp\/v2\/types\/post"}],"author":[{"embeddable":true,"href":"https:\/\/www.leprojecteurguinee.com\/index.php\/wp-json\/wp\/v2\/users\/1"}],"replies":[{"embeddable":true,"href":"https:\/\/www.leprojecteurguinee.com\/index.php\/wp-json\/wp\/v2\/comments?post=2604"}],"version-history":[{"count":0,"href":"https:\/\/www.leprojecteurguinee.com\/index.php\/wp-json\/wp\/v2\/posts\/2604\/revisions"}],"wp:featuredmedia":[{"embeddable":true,"href":"https:\/\/www.leprojecteurguinee.com\/index.php\/wp-json\/wp\/v2\/media\/2605"}],"wp:attachment":[{"href":"https:\/\/www.leprojecteurguinee.com\/index.php\/wp-json\/wp\/v2\/media?parent=2604"}],"wp:term":[{"taxonomy":"category","embeddable":true,"href":"https:\/\/www.leprojecteurguinee.com\/index.php\/wp-json\/wp\/v2\/categories?post=2604"},{"taxonomy":"post_tag","embeddable":true,"href":"https:\/\/www.leprojecteurguinee.com\/index.php\/wp-json\/wp\/v2\/tags?post=2604"}],"curies":[{"name":"wp","href":"https:\/\/api.w.org\/{rel}","templated":true}]}}