{"id":2602,"date":"2024-02-12T09:33:34","date_gmt":"2024-02-12T08:33:34","guid":{"rendered":"https:\/\/www.leprojecteurguinee.com\/?p=2602"},"modified":"2024-02-12T09:33:36","modified_gmt":"2024-02-12T08:33:36","slug":"senegal-le-bilan-des-manifestations-salourdit-a-3-morts","status":"publish","type":"post","link":"https:\/\/www.leprojecteurguinee.com\/index.php\/2024\/02\/12\/senegal-le-bilan-des-manifestations-salourdit-a-3-morts\/","title":{"rendered":"S\u00e9n\u00e9gal: le bilan des manifestations s&rsquo;alourdit \u00e0 3 morts"},"content":{"rendered":"\n<p>Le bilan des manifestations contre le report de l&rsquo;\u00e9lection pr\u00e9sidentielle au S\u00e9n\u00e9gal est pass\u00e9 \u00e0 trois morts, avec deux cas constat\u00e9s samedi. Modou Gu\u00e9ye, vendeur de 23 ans, a succomb\u00e9 \u00e0 ses blessures samedi \u00e0 l&rsquo;h\u00f4pital Principal de Dakar.<\/p>\n\n\n\n<p>Le certificat de genre de mort \u00e9tabli par la structure hospitali\u00e8re \u00e9voque un traumatisme thoraco-abdominal par arme \u00e0 feu. Il a \u00e9t\u00e9 atteint d&rsquo;une balle pr\u00e8s de la gare du TER de Colobane \u00e0 Dakar lors des manifestations de vendredi.<\/p>\n\n\n\n<p>A Ziguinchor o\u00f9 les affrontements se sont poursuivis pour une deuxi\u00e8me journ\u00e9e cons\u00e9cutive, Landing Camara dit Diedhiou, \u00e9l\u00e8ve au lyc\u00e9e Djignabo de Ziguinchor, a perdu la vie samedi soir apr\u00e8s avoir \u00e9t\u00e9 admis au service d&rsquo;urgence de l&rsquo;h\u00f4pital r\u00e9gional de Ziguinchor. Ces deux morts viennent s&rsquo;ajouter \u00e0 l&rsquo;\u00e9tudiant Alpha Yero Tounkara, tu\u00e9 vendredi lors de manifestations \u00e0 l&rsquo;universit\u00e9 Gaston Berger de Saint Louis au nord du pays.<\/p>\n\n\n\n<p>Lors des manifestations \u00e0 Ziguinchor, fief de l&rsquo;opposant Ousmane Sonko, pas moins de six bless\u00e9s par balles ont \u00e9t\u00e9 enregistr\u00e9s ainsi que des d\u00e9g\u00e2ts mat\u00e9riels.<\/p>\n\n\n\n<p>Des saccages de commerce ont eu lieu samedi en d\u00e9but de soir\u00e9e dans la ville religieuse de Touba (r\u00e9gion Diourbel, centre du pays) et aussi \u00e0 Mbour dans la r\u00e9gion de Thi\u00e8s (50 km de Dakar) alors qu&rsquo;un calme pr\u00e9caire pr\u00e9valait dans la capitale fortement secou\u00e9e vendredi.<\/p>\n","protected":false},"excerpt":{"rendered":"<p>Le bilan des manifestations contre le report de l&rsquo;\u00e9lection pr\u00e9sidentielle au S\u00e9n\u00e9gal est pass\u00e9 \u00e0 trois morts, avec deux cas constat\u00e9s samedi. Modou Gu\u00e9ye, vendeur de 23 ans, a succomb\u00e9 \u00e0 ses blessures samedi \u00e0 l&rsquo;h\u00f4pital Principal de Dakar. Le certificat de genre de mort \u00e9tabli par la structure hospitali\u00e8re \u00e9voque un traumatisme thoraco-abdominal par [&hellip;]<\/p>\n","protected":false},"author":1,"featured_media":2584,"comment_status":"open","ping_status":"open","sticky":true,"template":"","format":"standard","meta":{"footnotes":""},"categories":[32],"tags":[],"class_list":["post-2602","post","type-post","status-publish","format-standard","has-post-thumbnail","hentry","category-monde"],"yoast_head":"<!-- This site is optimized with the Yoast SEO plugin v26.8 - https:\/\/yoast.com\/product\/yoast-seo-wordpress\/ -->\n<title>S\u00e9n\u00e9gal: le bilan des manifestations s&#039;alourdit \u00e0 3 morts - leprojecteurguinee<\/title>\n<meta name=\"robots\" content=\"index, follow, max-snippet:-1, max-image-preview:large, max-video-preview:-1\" \/>\n<link rel=\"canonical\" href=\"https:\/\/www.leprojecteurguinee.com\/index.php\/2024\/02\/12\/senegal-le-bilan-des-manifestations-salourdit-a-3-morts\/\" \/>\n<meta property=\"og:locale\" content=\"fr_FR\" \/>\n<meta property=\"og:type\" content=\"article\" \/>\n<meta property=\"og:title\" content=\"S\u00e9n\u00e9gal: le bilan des manifestations s&#039;alourdit \u00e0 3 morts - leprojecteurguinee\" \/>\n<meta property=\"og:description\" content=\"Le bilan des manifestations contre le report de l&rsquo;\u00e9lection pr\u00e9sidentielle au S\u00e9n\u00e9gal est pass\u00e9 \u00e0 trois morts, avec deux cas constat\u00e9s samedi. Modou Gu\u00e9ye, vendeur de 23 ans, a succomb\u00e9 \u00e0 ses blessures samedi \u00e0 l&rsquo;h\u00f4pital Principal de Dakar. Le certificat de genre de mort \u00e9tabli par la structure hospitali\u00e8re \u00e9voque un traumatisme thoraco-abdominal par [&hellip;]\" \/>\n<meta property=\"og:url\" content=\"https:\/\/www.leprojecteurguinee.com\/index.php\/2024\/02\/12\/senegal-le-bilan-des-manifestations-salourdit-a-3-morts\/\" \/>\n<meta property=\"og:site_name\" content=\"leprojecteurguinee\" \/>\n<meta property=\"article:published_time\" content=\"2024-02-12T08:33:34+00:00\" \/>\n<meta property=\"article:modified_time\" content=\"2024-02-12T08:33:36+00:00\" \/>\n<meta property=\"og:image\" content=\"https:\/\/www.leprojecteurguinee.com\/wp-content\/uploads\/2024\/02\/senegal.png\" \/>\n\t<meta property=\"og:image:width\" content=\"612\" \/>\n\t<meta property=\"og:image:height\" content=\"298\" \/>\n\t<meta property=\"og:image:type\" content=\"image\/png\" \/>\n<meta name=\"author\" content=\"Leprojecteurguinee\" \/>\n<meta name=\"twitter:card\" content=\"summary_large_image\" \/>\n<meta name=\"twitter:label1\" content=\"\u00c9crit par\" \/>\n\t<meta name=\"twitter:data1\" content=\"Leprojecteurguinee\" \/>\n\t<meta name=\"twitter:label2\" content=\"Dur\u00e9e de lecture estim\u00e9e\" \/>\n\t<meta name=\"twitter:data2\" content=\"2 minutes\" \/>\n<script type=\"application\/ld+json\" class=\"yoast-schema-graph\">{\"@context\":\"https:\/\/schema.org\",\"@graph\":[{\"@type\":\"Article\",\"@id\":\"https:\/\/www.leprojecteurguinee.com\/index.php\/2024\/02\/12\/senegal-le-bilan-des-manifestations-salourdit-a-3-morts\/#article\",\"isPartOf\":{\"@id\":\"https:\/\/www.leprojecteurguinee.com\/index.php\/2024\/02\/12\/senegal-le-bilan-des-manifestations-salourdit-a-3-morts\/\"},\"author\":{\"name\":\"Leprojecteurguinee\",\"@id\":\"https:\/\/www.leprojecteurguinee.com\/#\/schema\/person\/389671d1a3f0c66e6c91c4a765990c1b\"},\"headline\":\"S\u00e9n\u00e9gal: le bilan des manifestations s&rsquo;alourdit \u00e0 3 morts\",\"datePublished\":\"2024-02-12T08:33:34+00:00\",\"dateModified\":\"2024-02-12T08:33:36+00:00\",\"mainEntityOfPage\":{\"@id\":\"https:\/\/www.leprojecteurguinee.com\/index.php\/2024\/02\/12\/senegal-le-bilan-des-manifestations-salourdit-a-3-morts\/\"},\"wordCount\":256,\"commentCount\":0,\"image\":{\"@id\":\"https:\/\/www.leprojecteurguinee.com\/index.php\/2024\/02\/12\/senegal-le-bilan-des-manifestations-salourdit-a-3-morts\/#primaryimage\"},\"thumbnailUrl\":\"https:\/\/www.leprojecteurguinee.com\/wp-content\/uploads\/2024\/02\/senegal.png\",\"articleSection\":[\"Monde\"],\"inLanguage\":\"fr-FR\",\"potentialAction\":[{\"@type\":\"CommentAction\",\"name\":\"Comment\",\"target\":[\"https:\/\/www.leprojecteurguinee.com\/index.php\/2024\/02\/12\/senegal-le-bilan-des-manifestations-salourdit-a-3-morts\/#respond\"]}]},{\"@type\":\"WebPage\",\"@id\":\"https:\/\/www.leprojecteurguinee.com\/index.php\/2024\/02\/12\/senegal-le-bilan-des-manifestations-salourdit-a-3-morts\/\",\"url\":\"https:\/\/www.leprojecteurguinee.com\/index.php\/2024\/02\/12\/senegal-le-bilan-des-manifestations-salourdit-a-3-morts\/\",\"name\":\"S\u00e9n\u00e9gal: le bilan des manifestations s'alourdit \u00e0 3 morts - leprojecteurguinee\",\"isPartOf\":{\"@id\":\"https:\/\/www.leprojecteurguinee.com\/#website\"},\"primaryImageOfPage\":{\"@id\":\"https:\/\/www.leprojecteurguinee.com\/index.php\/2024\/02\/12\/senegal-le-bilan-des-manifestations-salourdit-a-3-morts\/#primaryimage\"},\"image\":{\"@id\":\"https:\/\/www.leprojecteurguinee.com\/index.php\/2024\/02\/12\/senegal-le-bilan-des-manifestations-salourdit-a-3-morts\/#primaryimage\"},\"thumbnailUrl\":\"https:\/\/www.leprojecteurguinee.com\/wp-content\/uploads\/2024\/02\/senegal.png\",\"datePublished\":\"2024-02-12T08:33:34+00:00\",\"dateModified\":\"2024-02-12T08:33:36+00:00\",\"author\":{\"@id\":\"https:\/\/www.leprojecteurguinee.com\/#\/schema\/person\/389671d1a3f0c66e6c91c4a765990c1b\"},\"breadcrumb\":{\"@id\":\"https:\/\/www.leprojecteurguinee.com\/index.php\/2024\/02\/12\/senegal-le-bilan-des-manifestations-salourdit-a-3-morts\/#breadcrumb\"},\"inLanguage\":\"fr-FR\",\"potentialAction\":[{\"@type\":\"ReadAction\",\"target\":[\"https:\/\/www.leprojecteurguinee.com\/index.php\/2024\/02\/12\/senegal-le-bilan-des-manifestations-salourdit-a-3-morts\/\"]}]},{\"@type\":\"ImageObject\",\"inLanguage\":\"fr-FR\",\"@id\":\"https:\/\/www.leprojecteurguinee.com\/index.php\/2024\/02\/12\/senegal-le-bilan-des-manifestations-salourdit-a-3-morts\/#primaryimage\",\"url\":\"https:\/\/www.leprojecteurguinee.com\/wp-content\/uploads\/2024\/02\/senegal.png\",\"contentUrl\":\"https:\/\/www.leprojecteurguinee.com\/wp-content\/uploads\/2024\/02\/senegal.png\",\"width\":612,\"height\":298},{\"@type\":\"BreadcrumbList\",\"@id\":\"https:\/\/www.leprojecteurguinee.com\/index.php\/2024\/02\/12\/senegal-le-bilan-des-manifestations-salourdit-a-3-morts\/#breadcrumb\",\"itemListElement\":[{\"@type\":\"ListItem\",\"position\":1,\"name\":\"Accueil\",\"item\":\"https:\/\/www.leprojecteurguinee.com\/\"},{\"@type\":\"ListItem\",\"position\":2,\"name\":\"S\u00e9n\u00e9gal: le bilan des manifestations s&rsquo;alourdit \u00e0 3 morts\"}]},{\"@type\":\"WebSite\",\"@id\":\"https:\/\/www.leprojecteurguinee.com\/#website\",\"url\":\"https:\/\/www.leprojecteurguinee.com\/\",\"name\":\"leprojecteurguinee\",\"description\":\"Nous luttons contre les pratiques obscures\",\"potentialAction\":[{\"@type\":\"SearchAction\",\"target\":{\"@type\":\"EntryPoint\",\"urlTemplate\":\"https:\/\/www.leprojecteurguinee.com\/?s={search_term_string}\"},\"query-input\":{\"@type\":\"PropertyValueSpecification\",\"valueRequired\":true,\"valueName\":\"search_term_string\"}}],\"inLanguage\":\"fr-FR\"},{\"@type\":\"Person\",\"@id\":\"https:\/\/www.leprojecteurguinee.com\/#\/schema\/person\/389671d1a3f0c66e6c91c4a765990c1b\",\"name\":\"Leprojecteurguinee\",\"image\":{\"@type\":\"ImageObject\",\"inLanguage\":\"fr-FR\",\"@id\":\"https:\/\/www.leprojecteurguinee.com\/#\/schema\/person\/image\/\",\"url\":\"https:\/\/secure.gravatar.com\/avatar\/c0faa0f472c43eff99fecb0bd2a1c6782e80a162c9fcb7ed2d48bb42ea619f30?s=96&d=mm&r=g\",\"contentUrl\":\"https:\/\/secure.gravatar.com\/avatar\/c0faa0f472c43eff99fecb0bd2a1c6782e80a162c9fcb7ed2d48bb42ea619f30?s=96&d=mm&r=g\",\"caption\":\"Leprojecteurguinee\"},\"sameAs\":[\"https:\/\/www.leprojecteurguinee.com\"],\"url\":\"https:\/\/www.leprojecteurguinee.com\/index.php\/author\/madame\/\"}]}<\/script>\n<!-- \/ Yoast SEO plugin. -->","yoast_head_json":{"title":"S\u00e9n\u00e9gal: le bilan des manifestations s'alourdit \u00e0 3 morts - leprojecteurguinee","robots":{"index":"index","follow":"follow","max-snippet":"max-snippet:-1","max-image-preview":"max-image-preview:large","max-video-preview":"max-video-preview:-1"},"canonical":"https:\/\/www.leprojecteurguinee.com\/index.php\/2024\/02\/12\/senegal-le-bilan-des-manifestations-salourdit-a-3-morts\/","og_locale":"fr_FR","og_type":"article","og_title":"S\u00e9n\u00e9gal: le bilan des manifestations s'alourdit \u00e0 3 morts - leprojecteurguinee","og_description":"Le bilan des manifestations contre le report de l&rsquo;\u00e9lection pr\u00e9sidentielle au S\u00e9n\u00e9gal est pass\u00e9 \u00e0 trois morts, avec deux cas constat\u00e9s samedi. Modou Gu\u00e9ye, vendeur de 23 ans, a succomb\u00e9 \u00e0 ses blessures samedi \u00e0 l&rsquo;h\u00f4pital Principal de Dakar. Le certificat de genre de mort \u00e9tabli par la structure hospitali\u00e8re \u00e9voque un traumatisme thoraco-abdominal par [&hellip;]","og_url":"https:\/\/www.leprojecteurguinee.com\/index.php\/2024\/02\/12\/senegal-le-bilan-des-manifestations-salourdit-a-3-morts\/","og_site_name":"leprojecteurguinee","article_published_time":"2024-02-12T08:33:34+00:00","article_modified_time":"2024-02-12T08:33:36+00:00","og_image":[{"width":612,"height":298,"url":"https:\/\/www.leprojecteurguinee.com\/wp-content\/uploads\/2024\/02\/senegal.png","type":"image\/png"}],"author":"Leprojecteurguinee","twitter_card":"summary_large_image","twitter_misc":{"\u00c9crit par":"Leprojecteurguinee","Dur\u00e9e de lecture estim\u00e9e":"2 minutes"},"schema":{"@context":"https:\/\/schema.org","@graph":[{"@type":"Article","@id":"https:\/\/www.leprojecteurguinee.com\/index.php\/2024\/02\/12\/senegal-le-bilan-des-manifestations-salourdit-a-3-morts\/#article","isPartOf":{"@id":"https:\/\/www.leprojecteurguinee.com\/index.php\/2024\/02\/12\/senegal-le-bilan-des-manifestations-salourdit-a-3-morts\/"},"author":{"name":"Leprojecteurguinee","@id":"https:\/\/www.leprojecteurguinee.com\/#\/schema\/person\/389671d1a3f0c66e6c91c4a765990c1b"},"headline":"S\u00e9n\u00e9gal: le bilan des manifestations s&rsquo;alourdit \u00e0 3 morts","datePublished":"2024-02-12T08:33:34+00:00","dateModified":"2024-02-12T08:33:36+00:00","mainEntityOfPage":{"@id":"https:\/\/www.leprojecteurguinee.com\/index.php\/2024\/02\/12\/senegal-le-bilan-des-manifestations-salourdit-a-3-morts\/"},"wordCount":256,"commentCount":0,"image":{"@id":"https:\/\/www.leprojecteurguinee.com\/index.php\/2024\/02\/12\/senegal-le-bilan-des-manifestations-salourdit-a-3-morts\/#primaryimage"},"thumbnailUrl":"https:\/\/www.leprojecteurguinee.com\/wp-content\/uploads\/2024\/02\/senegal.png","articleSection":["Monde"],"inLanguage":"fr-FR","potentialAction":[{"@type":"CommentAction","name":"Comment","target":["https:\/\/www.leprojecteurguinee.com\/index.php\/2024\/02\/12\/senegal-le-bilan-des-manifestations-salourdit-a-3-morts\/#respond"]}]},{"@type":"WebPage","@id":"https:\/\/www.leprojecteurguinee.com\/index.php\/2024\/02\/12\/senegal-le-bilan-des-manifestations-salourdit-a-3-morts\/","url":"https:\/\/www.leprojecteurguinee.com\/index.php\/2024\/02\/12\/senegal-le-bilan-des-manifestations-salourdit-a-3-morts\/","name":"S\u00e9n\u00e9gal: le bilan des manifestations s'alourdit \u00e0 3 morts - leprojecteurguinee","isPartOf":{"@id":"https:\/\/www.leprojecteurguinee.com\/#website"},"primaryImageOfPage":{"@id":"https:\/\/www.leprojecteurguinee.com\/index.php\/2024\/02\/12\/senegal-le-bilan-des-manifestations-salourdit-a-3-morts\/#primaryimage"},"image":{"@id":"https:\/\/www.leprojecteurguinee.com\/index.php\/2024\/02\/12\/senegal-le-bilan-des-manifestations-salourdit-a-3-morts\/#primaryimage"},"thumbnailUrl":"https:\/\/www.leprojecteurguinee.com\/wp-content\/uploads\/2024\/02\/senegal.png","datePublished":"2024-02-12T08:33:34+00:00","dateModified":"2024-02-12T08:33:36+00:00","author":{"@id":"https:\/\/www.leprojecteurguinee.com\/#\/schema\/person\/389671d1a3f0c66e6c91c4a765990c1b"},"breadcrumb":{"@id":"https:\/\/www.leprojecteurguinee.com\/index.php\/2024\/02\/12\/senegal-le-bilan-des-manifestations-salourdit-a-3-morts\/#breadcrumb"},"inLanguage":"fr-FR","potentialAction":[{"@type":"ReadAction","target":["https:\/\/www.leprojecteurguinee.com\/index.php\/2024\/02\/12\/senegal-le-bilan-des-manifestations-salourdit-a-3-morts\/"]}]},{"@type":"ImageObject","inLanguage":"fr-FR","@id":"https:\/\/www.leprojecteurguinee.com\/index.php\/2024\/02\/12\/senegal-le-bilan-des-manifestations-salourdit-a-3-morts\/#primaryimage","url":"https:\/\/www.leprojecteurguinee.com\/wp-content\/uploads\/2024\/02\/senegal.png","contentUrl":"https:\/\/www.leprojecteurguinee.com\/wp-content\/uploads\/2024\/02\/senegal.png","width":612,"height":298},{"@type":"BreadcrumbList","@id":"https:\/\/www.leprojecteurguinee.com\/index.php\/2024\/02\/12\/senegal-le-bilan-des-manifestations-salourdit-a-3-morts\/#breadcrumb","itemListElement":[{"@type":"ListItem","position":1,"name":"Accueil","item":"https:\/\/www.leprojecteurguinee.com\/"},{"@type":"ListItem","position":2,"name":"S\u00e9n\u00e9gal: le bilan des manifestations s&rsquo;alourdit \u00e0 3 morts"}]},{"@type":"WebSite","@id":"https:\/\/www.leprojecteurguinee.com\/#website","url":"https:\/\/www.leprojecteurguinee.com\/","name":"leprojecteurguinee","description":"Nous luttons contre les pratiques obscures","potentialAction":[{"@type":"SearchAction","target":{"@type":"EntryPoint","urlTemplate":"https:\/\/www.leprojecteurguinee.com\/?s={search_term_string}"},"query-input":{"@type":"PropertyValueSpecification","valueRequired":true,"valueName":"search_term_string"}}],"inLanguage":"fr-FR"},{"@type":"Person","@id":"https:\/\/www.leprojecteurguinee.com\/#\/schema\/person\/389671d1a3f0c66e6c91c4a765990c1b","name":"Leprojecteurguinee","image":{"@type":"ImageObject","inLanguage":"fr-FR","@id":"https:\/\/www.leprojecteurguinee.com\/#\/schema\/person\/image\/","url":"https:\/\/secure.gravatar.com\/avatar\/c0faa0f472c43eff99fecb0bd2a1c6782e80a162c9fcb7ed2d48bb42ea619f30?s=96&d=mm&r=g","contentUrl":"https:\/\/secure.gravatar.com\/avatar\/c0faa0f472c43eff99fecb0bd2a1c6782e80a162c9fcb7ed2d48bb42ea619f30?s=96&d=mm&r=g","caption":"Leprojecteurguinee"},"sameAs":["https:\/\/www.leprojecteurguinee.com"],"url":"https:\/\/www.leprojecteurguinee.com\/index.php\/author\/madame\/"}]}},"_links":{"self":[{"href":"https:\/\/www.leprojecteurguinee.com\/index.php\/wp-json\/wp\/v2\/posts\/2602","targetHints":{"allow":["GET"]}}],"collection":[{"href":"https:\/\/www.leprojecteurguinee.com\/index.php\/wp-json\/wp\/v2\/posts"}],"about":[{"href":"https:\/\/www.leprojecteurguinee.com\/index.php\/wp-json\/wp\/v2\/types\/post"}],"author":[{"embeddable":true,"href":"https:\/\/www.leprojecteurguinee.com\/index.php\/wp-json\/wp\/v2\/users\/1"}],"replies":[{"embeddable":true,"href":"https:\/\/www.leprojecteurguinee.com\/index.php\/wp-json\/wp\/v2\/comments?post=2602"}],"version-history":[{"count":0,"href":"https:\/\/www.leprojecteurguinee.com\/index.php\/wp-json\/wp\/v2\/posts\/2602\/revisions"}],"wp:featuredmedia":[{"embeddable":true,"href":"https:\/\/www.leprojecteurguinee.com\/index.php\/wp-json\/wp\/v2\/media\/2584"}],"wp:attachment":[{"href":"https:\/\/www.leprojecteurguinee.com\/index.php\/wp-json\/wp\/v2\/media?parent=2602"}],"wp:term":[{"taxonomy":"category","embeddable":true,"href":"https:\/\/www.leprojecteurguinee.com\/index.php\/wp-json\/wp\/v2\/categories?post=2602"},{"taxonomy":"post_tag","embeddable":true,"href":"https:\/\/www.leprojecteurguinee.com\/index.php\/wp-json\/wp\/v2\/tags?post=2602"}],"curies":[{"name":"wp","href":"https:\/\/api.w.org\/{rel}","templated":true}]}}