{"id":2538,"date":"2024-02-06T15:09:42","date_gmt":"2024-02-06T14:09:42","guid":{"rendered":"https:\/\/www.leprojecteurguinee.com\/?p=2538"},"modified":"2024-02-06T15:09:45","modified_gmt":"2024-02-06T14:09:45","slug":"le-mouvement-syndical-guineen-depose-un-preavis-de-greve","status":"publish","type":"post","link":"https:\/\/www.leprojecteurguinee.com\/index.php\/2024\/02\/06\/le-mouvement-syndical-guineen-depose-un-preavis-de-greve\/","title":{"rendered":"Le mouvement syndical Guin\u00e9en d\u00e9pose un pr\u00e9avis de gr\u00e8ve"},"content":{"rendered":"\n<p>Le Mouvement Syndical Guin\u00e9en a adress\u00e9 ce mardi 6 f\u00e9vrier 2024\u00a0un courrier\u00a0au minist\u00e8re du travail et de la fonction pour lui notifier un pr\u00e9avis de gr\u00e8ve.\u00a0Dans ce courrier o\u00f9 les syndicalistes guin\u00e9ens \u00e9num\u00e8rent plusieurs dispositions de la loi, ils\u00a0r\u00e9clament\u00a0le respect des dispositions de la loi sur la libert\u00e9 syndicale.\u00a0\u00ab Consid\u00e9rant la violation de la loi organique portant sur la libert\u00e9 de la presse relay\u00e9e dans la m\u00eame charte de la transition, le mouvement syndical Guin\u00e9en au nom de l&rsquo;ensemble des Travailleuses, Travailleurs et des retrait\u00e9s de GUINEE vient par ce pr\u00e9sent courrier d\u00e9poser le pr\u00e9avis de Gr\u00e8ve conform\u00e9ment aux dispositions combin\u00e9es des articles 431et suivant du code du Travail et l&rsquo;article 35 de la charte de la Transition jusqu&rsquo;\u00e0 la satisfaction des points de revendications ci-dessous :<br>\u2022\u00a0La lib\u00e9ration Imm\u00e9diate et sans condition du Secr\u00e9taire G\u00e9n\u00e9ral du syndicat des professionnels de la presse de\u00a0GUINEE;<br>\u2022\u00a0La r\u00e9vision \u00e0 la baisse du prix des denr\u00e9es alimentaires de premi\u00e8re<br>\u2022\u00a0n\u00e9cessit\u00e9;<br>\u2022\u00a0L\u2019application Int\u00e9grale du protocole d&rsquo;accord tripartite sign\u00e9 \u00e0 la date du 15 novembre 2023 ;<br>\u2022\u00a0L\u2019application Int\u00e9grale du protocole d&rsquo;accord sectoriel de l&rsquo;\u00c9ducation sign\u00e9 le 27 octobre 2023 ;<br>Faute de quoi, le mouvement syndical Guin\u00e9en se r\u00e9serve le droit de d\u00e9clencher une gr\u00e8ve g\u00e9n\u00e9rale et illimit\u00e9e dans les secteurs publics, priv\u00e9s, mixtes et informels sur toute l&rsquo;\u00e9tendue du territoire Nationale<\/p>\n","protected":false},"excerpt":{"rendered":"<p>Le Mouvement Syndical Guin\u00e9en a adress\u00e9 ce mardi 6 f\u00e9vrier 2024\u00a0un courrier\u00a0au minist\u00e8re du travail et de la fonction pour lui notifier un pr\u00e9avis de gr\u00e8ve.\u00a0Dans ce courrier o\u00f9 les syndicalistes guin\u00e9ens \u00e9num\u00e8rent plusieurs dispositions de la loi, ils\u00a0r\u00e9clament\u00a0le respect des dispositions de la loi sur la libert\u00e9 syndicale.\u00a0\u00ab Consid\u00e9rant la violation de la loi [&hellip;]<\/p>\n","protected":false},"author":1,"featured_media":2539,"comment_status":"open","ping_status":"open","sticky":true,"template":"","format":"standard","meta":{"footnotes":""},"categories":[80,79],"tags":[551,566,369],"class_list":["post-2538","post","type-post","status-publish","format-standard","has-post-thumbnail","hentry","category-politique","category-publireportage","tag-pendessa","tag-preavis-de-greve","tag-sppg"],"yoast_head":"<!-- This site is optimized with the Yoast SEO plugin v26.8 - https:\/\/yoast.com\/product\/yoast-seo-wordpress\/ -->\n<title>Le mouvement syndical Guin\u00e9en d\u00e9pose un pr\u00e9avis de gr\u00e8ve - leprojecteurguinee<\/title>\n<meta name=\"robots\" content=\"index, follow, max-snippet:-1, max-image-preview:large, max-video-preview:-1\" \/>\n<link rel=\"canonical\" href=\"https:\/\/www.leprojecteurguinee.com\/index.php\/2024\/02\/06\/le-mouvement-syndical-guineen-depose-un-preavis-de-greve\/\" \/>\n<meta property=\"og:locale\" content=\"fr_FR\" \/>\n<meta property=\"og:type\" content=\"article\" \/>\n<meta property=\"og:title\" content=\"Le mouvement syndical Guin\u00e9en d\u00e9pose un pr\u00e9avis de gr\u00e8ve - leprojecteurguinee\" \/>\n<meta property=\"og:description\" content=\"Le Mouvement Syndical Guin\u00e9en a adress\u00e9 ce mardi 6 f\u00e9vrier 2024\u00a0un courrier\u00a0au minist\u00e8re du travail et de la fonction pour lui notifier un pr\u00e9avis de gr\u00e8ve.\u00a0Dans ce courrier o\u00f9 les syndicalistes guin\u00e9ens \u00e9num\u00e8rent plusieurs dispositions de la loi, ils\u00a0r\u00e9clament\u00a0le respect des dispositions de la loi sur la libert\u00e9 syndicale.\u00a0\u00ab Consid\u00e9rant la violation de la loi [&hellip;]\" \/>\n<meta property=\"og:url\" content=\"https:\/\/www.leprojecteurguinee.com\/index.php\/2024\/02\/06\/le-mouvement-syndical-guineen-depose-un-preavis-de-greve\/\" \/>\n<meta property=\"og:site_name\" content=\"leprojecteurguinee\" \/>\n<meta property=\"article:published_time\" content=\"2024-02-06T14:09:42+00:00\" \/>\n<meta property=\"article:modified_time\" content=\"2024-02-06T14:09:45+00:00\" \/>\n<meta property=\"og:image\" content=\"https:\/\/www.leprojecteurguinee.com\/wp-content\/uploads\/2024\/02\/WhatsApp-Image-2024-02-06-at-14.07.14.jpeg\" \/>\n\t<meta property=\"og:image:width\" content=\"1080\" \/>\n\t<meta property=\"og:image:height\" content=\"810\" \/>\n\t<meta property=\"og:image:type\" content=\"image\/jpeg\" \/>\n<meta name=\"author\" content=\"Leprojecteurguinee\" \/>\n<meta name=\"twitter:card\" content=\"summary_large_image\" \/>\n<meta name=\"twitter:label1\" content=\"\u00c9crit par\" \/>\n\t<meta name=\"twitter:data1\" content=\"Leprojecteurguinee\" \/>\n\t<meta name=\"twitter:label2\" content=\"Dur\u00e9e de lecture estim\u00e9e\" \/>\n\t<meta name=\"twitter:data2\" content=\"2 minutes\" \/>\n<script type=\"application\/ld+json\" class=\"yoast-schema-graph\">{\"@context\":\"https:\/\/schema.org\",\"@graph\":[{\"@type\":\"Article\",\"@id\":\"https:\/\/www.leprojecteurguinee.com\/index.php\/2024\/02\/06\/le-mouvement-syndical-guineen-depose-un-preavis-de-greve\/#article\",\"isPartOf\":{\"@id\":\"https:\/\/www.leprojecteurguinee.com\/index.php\/2024\/02\/06\/le-mouvement-syndical-guineen-depose-un-preavis-de-greve\/\"},\"author\":{\"name\":\"Leprojecteurguinee\",\"@id\":\"https:\/\/www.leprojecteurguinee.com\/#\/schema\/person\/389671d1a3f0c66e6c91c4a765990c1b\"},\"headline\":\"Le mouvement syndical Guin\u00e9en d\u00e9pose un pr\u00e9avis de gr\u00e8ve\",\"datePublished\":\"2024-02-06T14:09:42+00:00\",\"dateModified\":\"2024-02-06T14:09:45+00:00\",\"mainEntityOfPage\":{\"@id\":\"https:\/\/www.leprojecteurguinee.com\/index.php\/2024\/02\/06\/le-mouvement-syndical-guineen-depose-un-preavis-de-greve\/\"},\"wordCount\":271,\"commentCount\":0,\"image\":{\"@id\":\"https:\/\/www.leprojecteurguinee.com\/index.php\/2024\/02\/06\/le-mouvement-syndical-guineen-depose-un-preavis-de-greve\/#primaryimage\"},\"thumbnailUrl\":\"https:\/\/www.leprojecteurguinee.com\/wp-content\/uploads\/2024\/02\/WhatsApp-Image-2024-02-06-at-14.07.14.jpeg\",\"keywords\":[\"Pendessa\",\"pr\u00e9avis de Greve\",\"SPPG\"],\"articleSection\":[\"Politique\",\"Publireportage\"],\"inLanguage\":\"fr-FR\",\"potentialAction\":[{\"@type\":\"CommentAction\",\"name\":\"Comment\",\"target\":[\"https:\/\/www.leprojecteurguinee.com\/index.php\/2024\/02\/06\/le-mouvement-syndical-guineen-depose-un-preavis-de-greve\/#respond\"]}]},{\"@type\":\"WebPage\",\"@id\":\"https:\/\/www.leprojecteurguinee.com\/index.php\/2024\/02\/06\/le-mouvement-syndical-guineen-depose-un-preavis-de-greve\/\",\"url\":\"https:\/\/www.leprojecteurguinee.com\/index.php\/2024\/02\/06\/le-mouvement-syndical-guineen-depose-un-preavis-de-greve\/\",\"name\":\"Le mouvement syndical Guin\u00e9en d\u00e9pose un pr\u00e9avis de gr\u00e8ve - leprojecteurguinee\",\"isPartOf\":{\"@id\":\"https:\/\/www.leprojecteurguinee.com\/#website\"},\"primaryImageOfPage\":{\"@id\":\"https:\/\/www.leprojecteurguinee.com\/index.php\/2024\/02\/06\/le-mouvement-syndical-guineen-depose-un-preavis-de-greve\/#primaryimage\"},\"image\":{\"@id\":\"https:\/\/www.leprojecteurguinee.com\/index.php\/2024\/02\/06\/le-mouvement-syndical-guineen-depose-un-preavis-de-greve\/#primaryimage\"},\"thumbnailUrl\":\"https:\/\/www.leprojecteurguinee.com\/wp-content\/uploads\/2024\/02\/WhatsApp-Image-2024-02-06-at-14.07.14.jpeg\",\"datePublished\":\"2024-02-06T14:09:42+00:00\",\"dateModified\":\"2024-02-06T14:09:45+00:00\",\"author\":{\"@id\":\"https:\/\/www.leprojecteurguinee.com\/#\/schema\/person\/389671d1a3f0c66e6c91c4a765990c1b\"},\"breadcrumb\":{\"@id\":\"https:\/\/www.leprojecteurguinee.com\/index.php\/2024\/02\/06\/le-mouvement-syndical-guineen-depose-un-preavis-de-greve\/#breadcrumb\"},\"inLanguage\":\"fr-FR\",\"potentialAction\":[{\"@type\":\"ReadAction\",\"target\":[\"https:\/\/www.leprojecteurguinee.com\/index.php\/2024\/02\/06\/le-mouvement-syndical-guineen-depose-un-preavis-de-greve\/\"]}]},{\"@type\":\"ImageObject\",\"inLanguage\":\"fr-FR\",\"@id\":\"https:\/\/www.leprojecteurguinee.com\/index.php\/2024\/02\/06\/le-mouvement-syndical-guineen-depose-un-preavis-de-greve\/#primaryimage\",\"url\":\"https:\/\/www.leprojecteurguinee.com\/wp-content\/uploads\/2024\/02\/WhatsApp-Image-2024-02-06-at-14.07.14.jpeg\",\"contentUrl\":\"https:\/\/www.leprojecteurguinee.com\/wp-content\/uploads\/2024\/02\/WhatsApp-Image-2024-02-06-at-14.07.14.jpeg\",\"width\":1080,\"height\":810,\"caption\":\"lors de l'assembl\u00e9e g\u00e9n\u00e9rale organis\u00e9e ce mardi \u00e0 la bourse du travail\"},{\"@type\":\"BreadcrumbList\",\"@id\":\"https:\/\/www.leprojecteurguinee.com\/index.php\/2024\/02\/06\/le-mouvement-syndical-guineen-depose-un-preavis-de-greve\/#breadcrumb\",\"itemListElement\":[{\"@type\":\"ListItem\",\"position\":1,\"name\":\"Accueil\",\"item\":\"https:\/\/www.leprojecteurguinee.com\/\"},{\"@type\":\"ListItem\",\"position\":2,\"name\":\"Le mouvement syndical Guin\u00e9en d\u00e9pose un pr\u00e9avis de gr\u00e8ve\"}]},{\"@type\":\"WebSite\",\"@id\":\"https:\/\/www.leprojecteurguinee.com\/#website\",\"url\":\"https:\/\/www.leprojecteurguinee.com\/\",\"name\":\"leprojecteurguinee\",\"description\":\"Nous luttons contre les pratiques obscures\",\"potentialAction\":[{\"@type\":\"SearchAction\",\"target\":{\"@type\":\"EntryPoint\",\"urlTemplate\":\"https:\/\/www.leprojecteurguinee.com\/?s={search_term_string}\"},\"query-input\":{\"@type\":\"PropertyValueSpecification\",\"valueRequired\":true,\"valueName\":\"search_term_string\"}}],\"inLanguage\":\"fr-FR\"},{\"@type\":\"Person\",\"@id\":\"https:\/\/www.leprojecteurguinee.com\/#\/schema\/person\/389671d1a3f0c66e6c91c4a765990c1b\",\"name\":\"Leprojecteurguinee\",\"image\":{\"@type\":\"ImageObject\",\"inLanguage\":\"fr-FR\",\"@id\":\"https:\/\/www.leprojecteurguinee.com\/#\/schema\/person\/image\/\",\"url\":\"https:\/\/secure.gravatar.com\/avatar\/c0faa0f472c43eff99fecb0bd2a1c6782e80a162c9fcb7ed2d48bb42ea619f30?s=96&d=mm&r=g\",\"contentUrl\":\"https:\/\/secure.gravatar.com\/avatar\/c0faa0f472c43eff99fecb0bd2a1c6782e80a162c9fcb7ed2d48bb42ea619f30?s=96&d=mm&r=g\",\"caption\":\"Leprojecteurguinee\"},\"sameAs\":[\"https:\/\/www.leprojecteurguinee.com\"],\"url\":\"https:\/\/www.leprojecteurguinee.com\/index.php\/author\/madame\/\"}]}<\/script>\n<!-- \/ Yoast SEO plugin. -->","yoast_head_json":{"title":"Le mouvement syndical Guin\u00e9en d\u00e9pose un pr\u00e9avis de gr\u00e8ve - leprojecteurguinee","robots":{"index":"index","follow":"follow","max-snippet":"max-snippet:-1","max-image-preview":"max-image-preview:large","max-video-preview":"max-video-preview:-1"},"canonical":"https:\/\/www.leprojecteurguinee.com\/index.php\/2024\/02\/06\/le-mouvement-syndical-guineen-depose-un-preavis-de-greve\/","og_locale":"fr_FR","og_type":"article","og_title":"Le mouvement syndical Guin\u00e9en d\u00e9pose un pr\u00e9avis de gr\u00e8ve - leprojecteurguinee","og_description":"Le Mouvement Syndical Guin\u00e9en a adress\u00e9 ce mardi 6 f\u00e9vrier 2024\u00a0un courrier\u00a0au minist\u00e8re du travail et de la fonction pour lui notifier un pr\u00e9avis de gr\u00e8ve.\u00a0Dans ce courrier o\u00f9 les syndicalistes guin\u00e9ens \u00e9num\u00e8rent plusieurs dispositions de la loi, ils\u00a0r\u00e9clament\u00a0le respect des dispositions de la loi sur la libert\u00e9 syndicale.\u00a0\u00ab Consid\u00e9rant la violation de la loi [&hellip;]","og_url":"https:\/\/www.leprojecteurguinee.com\/index.php\/2024\/02\/06\/le-mouvement-syndical-guineen-depose-un-preavis-de-greve\/","og_site_name":"leprojecteurguinee","article_published_time":"2024-02-06T14:09:42+00:00","article_modified_time":"2024-02-06T14:09:45+00:00","og_image":[{"width":1080,"height":810,"url":"https:\/\/www.leprojecteurguinee.com\/wp-content\/uploads\/2024\/02\/WhatsApp-Image-2024-02-06-at-14.07.14.jpeg","type":"image\/jpeg"}],"author":"Leprojecteurguinee","twitter_card":"summary_large_image","twitter_misc":{"\u00c9crit par":"Leprojecteurguinee","Dur\u00e9e de lecture estim\u00e9e":"2 minutes"},"schema":{"@context":"https:\/\/schema.org","@graph":[{"@type":"Article","@id":"https:\/\/www.leprojecteurguinee.com\/index.php\/2024\/02\/06\/le-mouvement-syndical-guineen-depose-un-preavis-de-greve\/#article","isPartOf":{"@id":"https:\/\/www.leprojecteurguinee.com\/index.php\/2024\/02\/06\/le-mouvement-syndical-guineen-depose-un-preavis-de-greve\/"},"author":{"name":"Leprojecteurguinee","@id":"https:\/\/www.leprojecteurguinee.com\/#\/schema\/person\/389671d1a3f0c66e6c91c4a765990c1b"},"headline":"Le mouvement syndical Guin\u00e9en d\u00e9pose un pr\u00e9avis de gr\u00e8ve","datePublished":"2024-02-06T14:09:42+00:00","dateModified":"2024-02-06T14:09:45+00:00","mainEntityOfPage":{"@id":"https:\/\/www.leprojecteurguinee.com\/index.php\/2024\/02\/06\/le-mouvement-syndical-guineen-depose-un-preavis-de-greve\/"},"wordCount":271,"commentCount":0,"image":{"@id":"https:\/\/www.leprojecteurguinee.com\/index.php\/2024\/02\/06\/le-mouvement-syndical-guineen-depose-un-preavis-de-greve\/#primaryimage"},"thumbnailUrl":"https:\/\/www.leprojecteurguinee.com\/wp-content\/uploads\/2024\/02\/WhatsApp-Image-2024-02-06-at-14.07.14.jpeg","keywords":["Pendessa","pr\u00e9avis de Greve","SPPG"],"articleSection":["Politique","Publireportage"],"inLanguage":"fr-FR","potentialAction":[{"@type":"CommentAction","name":"Comment","target":["https:\/\/www.leprojecteurguinee.com\/index.php\/2024\/02\/06\/le-mouvement-syndical-guineen-depose-un-preavis-de-greve\/#respond"]}]},{"@type":"WebPage","@id":"https:\/\/www.leprojecteurguinee.com\/index.php\/2024\/02\/06\/le-mouvement-syndical-guineen-depose-un-preavis-de-greve\/","url":"https:\/\/www.leprojecteurguinee.com\/index.php\/2024\/02\/06\/le-mouvement-syndical-guineen-depose-un-preavis-de-greve\/","name":"Le mouvement syndical Guin\u00e9en d\u00e9pose un pr\u00e9avis de gr\u00e8ve - leprojecteurguinee","isPartOf":{"@id":"https:\/\/www.leprojecteurguinee.com\/#website"},"primaryImageOfPage":{"@id":"https:\/\/www.leprojecteurguinee.com\/index.php\/2024\/02\/06\/le-mouvement-syndical-guineen-depose-un-preavis-de-greve\/#primaryimage"},"image":{"@id":"https:\/\/www.leprojecteurguinee.com\/index.php\/2024\/02\/06\/le-mouvement-syndical-guineen-depose-un-preavis-de-greve\/#primaryimage"},"thumbnailUrl":"https:\/\/www.leprojecteurguinee.com\/wp-content\/uploads\/2024\/02\/WhatsApp-Image-2024-02-06-at-14.07.14.jpeg","datePublished":"2024-02-06T14:09:42+00:00","dateModified":"2024-02-06T14:09:45+00:00","author":{"@id":"https:\/\/www.leprojecteurguinee.com\/#\/schema\/person\/389671d1a3f0c66e6c91c4a765990c1b"},"breadcrumb":{"@id":"https:\/\/www.leprojecteurguinee.com\/index.php\/2024\/02\/06\/le-mouvement-syndical-guineen-depose-un-preavis-de-greve\/#breadcrumb"},"inLanguage":"fr-FR","potentialAction":[{"@type":"ReadAction","target":["https:\/\/www.leprojecteurguinee.com\/index.php\/2024\/02\/06\/le-mouvement-syndical-guineen-depose-un-preavis-de-greve\/"]}]},{"@type":"ImageObject","inLanguage":"fr-FR","@id":"https:\/\/www.leprojecteurguinee.com\/index.php\/2024\/02\/06\/le-mouvement-syndical-guineen-depose-un-preavis-de-greve\/#primaryimage","url":"https:\/\/www.leprojecteurguinee.com\/wp-content\/uploads\/2024\/02\/WhatsApp-Image-2024-02-06-at-14.07.14.jpeg","contentUrl":"https:\/\/www.leprojecteurguinee.com\/wp-content\/uploads\/2024\/02\/WhatsApp-Image-2024-02-06-at-14.07.14.jpeg","width":1080,"height":810,"caption":"lors de l'assembl\u00e9e g\u00e9n\u00e9rale organis\u00e9e ce mardi \u00e0 la bourse du travail"},{"@type":"BreadcrumbList","@id":"https:\/\/www.leprojecteurguinee.com\/index.php\/2024\/02\/06\/le-mouvement-syndical-guineen-depose-un-preavis-de-greve\/#breadcrumb","itemListElement":[{"@type":"ListItem","position":1,"name":"Accueil","item":"https:\/\/www.leprojecteurguinee.com\/"},{"@type":"ListItem","position":2,"name":"Le mouvement syndical Guin\u00e9en d\u00e9pose un pr\u00e9avis de gr\u00e8ve"}]},{"@type":"WebSite","@id":"https:\/\/www.leprojecteurguinee.com\/#website","url":"https:\/\/www.leprojecteurguinee.com\/","name":"leprojecteurguinee","description":"Nous luttons contre les pratiques obscures","potentialAction":[{"@type":"SearchAction","target":{"@type":"EntryPoint","urlTemplate":"https:\/\/www.leprojecteurguinee.com\/?s={search_term_string}"},"query-input":{"@type":"PropertyValueSpecification","valueRequired":true,"valueName":"search_term_string"}}],"inLanguage":"fr-FR"},{"@type":"Person","@id":"https:\/\/www.leprojecteurguinee.com\/#\/schema\/person\/389671d1a3f0c66e6c91c4a765990c1b","name":"Leprojecteurguinee","image":{"@type":"ImageObject","inLanguage":"fr-FR","@id":"https:\/\/www.leprojecteurguinee.com\/#\/schema\/person\/image\/","url":"https:\/\/secure.gravatar.com\/avatar\/c0faa0f472c43eff99fecb0bd2a1c6782e80a162c9fcb7ed2d48bb42ea619f30?s=96&d=mm&r=g","contentUrl":"https:\/\/secure.gravatar.com\/avatar\/c0faa0f472c43eff99fecb0bd2a1c6782e80a162c9fcb7ed2d48bb42ea619f30?s=96&d=mm&r=g","caption":"Leprojecteurguinee"},"sameAs":["https:\/\/www.leprojecteurguinee.com"],"url":"https:\/\/www.leprojecteurguinee.com\/index.php\/author\/madame\/"}]}},"_links":{"self":[{"href":"https:\/\/www.leprojecteurguinee.com\/index.php\/wp-json\/wp\/v2\/posts\/2538","targetHints":{"allow":["GET"]}}],"collection":[{"href":"https:\/\/www.leprojecteurguinee.com\/index.php\/wp-json\/wp\/v2\/posts"}],"about":[{"href":"https:\/\/www.leprojecteurguinee.com\/index.php\/wp-json\/wp\/v2\/types\/post"}],"author":[{"embeddable":true,"href":"https:\/\/www.leprojecteurguinee.com\/index.php\/wp-json\/wp\/v2\/users\/1"}],"replies":[{"embeddable":true,"href":"https:\/\/www.leprojecteurguinee.com\/index.php\/wp-json\/wp\/v2\/comments?post=2538"}],"version-history":[{"count":0,"href":"https:\/\/www.leprojecteurguinee.com\/index.php\/wp-json\/wp\/v2\/posts\/2538\/revisions"}],"wp:featuredmedia":[{"embeddable":true,"href":"https:\/\/www.leprojecteurguinee.com\/index.php\/wp-json\/wp\/v2\/media\/2539"}],"wp:attachment":[{"href":"https:\/\/www.leprojecteurguinee.com\/index.php\/wp-json\/wp\/v2\/media?parent=2538"}],"wp:term":[{"taxonomy":"category","embeddable":true,"href":"https:\/\/www.leprojecteurguinee.com\/index.php\/wp-json\/wp\/v2\/categories?post=2538"},{"taxonomy":"post_tag","embeddable":true,"href":"https:\/\/www.leprojecteurguinee.com\/index.php\/wp-json\/wp\/v2\/tags?post=2538"}],"curies":[{"name":"wp","href":"https:\/\/api.w.org\/{rel}","templated":true}]}}