{"id":2506,"date":"2024-02-03T16:15:26","date_gmt":"2024-02-03T15:15:26","guid":{"rendered":"https:\/\/www.leprojecteurguinee.com\/?p=2506"},"modified":"2024-02-03T16:15:27","modified_gmt":"2024-02-03T15:15:27","slug":"senegal-les-vraies-raisons-du-report-de-lelection-presidentielle","status":"publish","type":"post","link":"https:\/\/www.leprojecteurguinee.com\/index.php\/2024\/02\/03\/senegal-les-vraies-raisons-du-report-de-lelection-presidentielle\/","title":{"rendered":"S\u00e9n\u00e9gal\u00a0: Les vraies raisons du report de l\u2019\u00e9lection pr\u00e9sidentielle"},"content":{"rendered":"\n<p>Dans un discours \u00e0 la nation, le pr\u00e9sident s\u00e9n\u00e9galais Macky Sall a annonc\u00e9 samedi le report \u00e0 une date ind\u00e9termin\u00e9e de l&rsquo;\u00e9lection pr\u00e9sidentielle initialement pr\u00e9vue le 25&nbsp;f\u00e9vrier prochain. Cette d\u00e9cision intervient \u00e0 quelques heures seulement de l&rsquo;ouverture de la campagne \u00e9lectorale pour le scrutin pr\u00e9sidentiel.<\/p>\n\n\n\n<p>Le chef de l&rsquo;\u00c9tat s\u00e9n\u00e9galais&nbsp;Macky Sall&nbsp;a annonc\u00e9, samedi 3&nbsp;f\u00e9vrier, avoir abrog\u00e9 son d\u00e9cret fixant au 25&nbsp;f\u00e9vrier la date de la pr\u00e9sidentielle, apr\u00e8s la mise en place d&rsquo;une commission parlementaire enqu\u00eatant sur deux juges du Conseil constitutionnel dont l&rsquo;int\u00e9grit\u00e9 dans le processus \u00e9lectoral est contest\u00e9e.&nbsp;<\/p>\n\n\n\n<p>\u00ab\u00a0J&rsquo;ai sign\u00e9 le d\u00e9cret du 3 f\u00e9vrier 2024 abrogeant le d\u00e9cret\u00a0\u00bb du 26 novembre&nbsp;2023 fixant la pr\u00e9sidentielle au 25&nbsp;f\u00e9vrier&nbsp;2024, a dit le pr\u00e9sident du&nbsp;S\u00e9n\u00e9gal&nbsp;dans son discours \u00e0 la Nation, \u00e0 quelques heures de l&rsquo;ouverture de la campagne \u00e9lectorale pour le scrutin pr\u00e9sidentiel pour lequel devaient concourir vingt candidats, sans deux t\u00e9nors de l&rsquo;opposition.<\/p>\n\n\n\n<p>\u00ab\u00a0J&rsquo;engagerai un dialogue national ouvert, afin de r\u00e9unir les conditions d&rsquo;une \u00e9lection libre, transparente et inclusive\u00a0\u00bb, a-t-il dit dans son discours, sans donner de date.<\/p>\n\n\n\n<p>C&rsquo;est la premi\u00e8re fois depuis 1963 qu&rsquo;une \u00e9lection pr\u00e9sidentielle au suffrage universel direct est report\u00e9e au S\u00e9n\u00e9gal.<\/p>\n","protected":false},"excerpt":{"rendered":"<p>Dans un discours \u00e0 la nation, le pr\u00e9sident s\u00e9n\u00e9galais Macky Sall a annonc\u00e9 samedi le report \u00e0 une date ind\u00e9termin\u00e9e de l&rsquo;\u00e9lection pr\u00e9sidentielle initialement pr\u00e9vue le 25&nbsp;f\u00e9vrier prochain. Cette d\u00e9cision intervient \u00e0 quelques heures seulement de l&rsquo;ouverture de la campagne \u00e9lectorale pour le scrutin pr\u00e9sidentiel. Le chef de l&rsquo;\u00c9tat s\u00e9n\u00e9galais&nbsp;Macky Sall&nbsp;a annonc\u00e9, samedi 3&nbsp;f\u00e9vrier, avoir [&hellip;]<\/p>\n","protected":false},"author":1,"featured_media":2507,"comment_status":"open","ping_status":"open","sticky":true,"template":"","format":"standard","meta":{"footnotes":""},"categories":[32],"tags":[28,26],"class_list":["post-2506","post","type-post","status-publish","format-standard","has-post-thumbnail","hentry","category-monde","tag-macky-sall","tag-senegal"],"yoast_head":"<!-- This site is optimized with the Yoast SEO plugin v26.8 - https:\/\/yoast.com\/product\/yoast-seo-wordpress\/ -->\n<title>S\u00e9n\u00e9gal\u00a0: Les vraies raisons du report de l\u2019\u00e9lection pr\u00e9sidentielle - leprojecteurguinee<\/title>\n<meta name=\"robots\" content=\"index, follow, max-snippet:-1, max-image-preview:large, max-video-preview:-1\" \/>\n<link rel=\"canonical\" href=\"https:\/\/www.leprojecteurguinee.com\/index.php\/2024\/02\/03\/senegal-les-vraies-raisons-du-report-de-lelection-presidentielle\/\" \/>\n<meta property=\"og:locale\" content=\"fr_FR\" \/>\n<meta property=\"og:type\" content=\"article\" \/>\n<meta property=\"og:title\" content=\"S\u00e9n\u00e9gal\u00a0: Les vraies raisons du report de l\u2019\u00e9lection pr\u00e9sidentielle - leprojecteurguinee\" \/>\n<meta property=\"og:description\" content=\"Dans un discours \u00e0 la nation, le pr\u00e9sident s\u00e9n\u00e9galais Macky Sall a annonc\u00e9 samedi le report \u00e0 une date ind\u00e9termin\u00e9e de l&rsquo;\u00e9lection pr\u00e9sidentielle initialement pr\u00e9vue le 25&nbsp;f\u00e9vrier prochain. Cette d\u00e9cision intervient \u00e0 quelques heures seulement de l&rsquo;ouverture de la campagne \u00e9lectorale pour le scrutin pr\u00e9sidentiel. Le chef de l&rsquo;\u00c9tat s\u00e9n\u00e9galais&nbsp;Macky Sall&nbsp;a annonc\u00e9, samedi 3&nbsp;f\u00e9vrier, avoir [&hellip;]\" \/>\n<meta property=\"og:url\" content=\"https:\/\/www.leprojecteurguinee.com\/index.php\/2024\/02\/03\/senegal-les-vraies-raisons-du-report-de-lelection-presidentielle\/\" \/>\n<meta property=\"og:site_name\" content=\"leprojecteurguinee\" \/>\n<meta property=\"article:published_time\" content=\"2024-02-03T15:15:26+00:00\" \/>\n<meta property=\"article:modified_time\" content=\"2024-02-03T15:15:27+00:00\" \/>\n<meta property=\"og:image\" content=\"https:\/\/www.leprojecteurguinee.com\/wp-content\/uploads\/2024\/02\/Macky-Sall.webp\" \/>\n\t<meta property=\"og:image:width\" content=\"980\" \/>\n\t<meta property=\"og:image:height\" content=\"551\" \/>\n\t<meta property=\"og:image:type\" content=\"image\/webp\" \/>\n<meta name=\"author\" content=\"Leprojecteurguinee\" \/>\n<meta name=\"twitter:card\" content=\"summary_large_image\" \/>\n<meta name=\"twitter:label1\" content=\"\u00c9crit par\" \/>\n\t<meta name=\"twitter:data1\" content=\"Leprojecteurguinee\" \/>\n\t<meta name=\"twitter:label2\" content=\"Dur\u00e9e de lecture estim\u00e9e\" \/>\n\t<meta name=\"twitter:data2\" content=\"1 minute\" \/>\n<script type=\"application\/ld+json\" class=\"yoast-schema-graph\">{\"@context\":\"https:\/\/schema.org\",\"@graph\":[{\"@type\":\"Article\",\"@id\":\"https:\/\/www.leprojecteurguinee.com\/index.php\/2024\/02\/03\/senegal-les-vraies-raisons-du-report-de-lelection-presidentielle\/#article\",\"isPartOf\":{\"@id\":\"https:\/\/www.leprojecteurguinee.com\/index.php\/2024\/02\/03\/senegal-les-vraies-raisons-du-report-de-lelection-presidentielle\/\"},\"author\":{\"name\":\"Leprojecteurguinee\",\"@id\":\"https:\/\/www.leprojecteurguinee.com\/#\/schema\/person\/389671d1a3f0c66e6c91c4a765990c1b\"},\"headline\":\"S\u00e9n\u00e9gal\u00a0: Les vraies raisons du report de l\u2019\u00e9lection pr\u00e9sidentielle\",\"datePublished\":\"2024-02-03T15:15:26+00:00\",\"dateModified\":\"2024-02-03T15:15:27+00:00\",\"mainEntityOfPage\":{\"@id\":\"https:\/\/www.leprojecteurguinee.com\/index.php\/2024\/02\/03\/senegal-les-vraies-raisons-du-report-de-lelection-presidentielle\/\"},\"wordCount\":251,\"commentCount\":0,\"image\":{\"@id\":\"https:\/\/www.leprojecteurguinee.com\/index.php\/2024\/02\/03\/senegal-les-vraies-raisons-du-report-de-lelection-presidentielle\/#primaryimage\"},\"thumbnailUrl\":\"https:\/\/www.leprojecteurguinee.com\/wp-content\/uploads\/2024\/02\/Macky-Sall.webp\",\"keywords\":[\"Macky Sall\",\"S\u00e9n\u00e9gal\"],\"articleSection\":[\"Monde\"],\"inLanguage\":\"fr-FR\",\"potentialAction\":[{\"@type\":\"CommentAction\",\"name\":\"Comment\",\"target\":[\"https:\/\/www.leprojecteurguinee.com\/index.php\/2024\/02\/03\/senegal-les-vraies-raisons-du-report-de-lelection-presidentielle\/#respond\"]}]},{\"@type\":\"WebPage\",\"@id\":\"https:\/\/www.leprojecteurguinee.com\/index.php\/2024\/02\/03\/senegal-les-vraies-raisons-du-report-de-lelection-presidentielle\/\",\"url\":\"https:\/\/www.leprojecteurguinee.com\/index.php\/2024\/02\/03\/senegal-les-vraies-raisons-du-report-de-lelection-presidentielle\/\",\"name\":\"S\u00e9n\u00e9gal\u00a0: Les vraies raisons du report de l\u2019\u00e9lection pr\u00e9sidentielle - leprojecteurguinee\",\"isPartOf\":{\"@id\":\"https:\/\/www.leprojecteurguinee.com\/#website\"},\"primaryImageOfPage\":{\"@id\":\"https:\/\/www.leprojecteurguinee.com\/index.php\/2024\/02\/03\/senegal-les-vraies-raisons-du-report-de-lelection-presidentielle\/#primaryimage\"},\"image\":{\"@id\":\"https:\/\/www.leprojecteurguinee.com\/index.php\/2024\/02\/03\/senegal-les-vraies-raisons-du-report-de-lelection-presidentielle\/#primaryimage\"},\"thumbnailUrl\":\"https:\/\/www.leprojecteurguinee.com\/wp-content\/uploads\/2024\/02\/Macky-Sall.webp\",\"datePublished\":\"2024-02-03T15:15:26+00:00\",\"dateModified\":\"2024-02-03T15:15:27+00:00\",\"author\":{\"@id\":\"https:\/\/www.leprojecteurguinee.com\/#\/schema\/person\/389671d1a3f0c66e6c91c4a765990c1b\"},\"breadcrumb\":{\"@id\":\"https:\/\/www.leprojecteurguinee.com\/index.php\/2024\/02\/03\/senegal-les-vraies-raisons-du-report-de-lelection-presidentielle\/#breadcrumb\"},\"inLanguage\":\"fr-FR\",\"potentialAction\":[{\"@type\":\"ReadAction\",\"target\":[\"https:\/\/www.leprojecteurguinee.com\/index.php\/2024\/02\/03\/senegal-les-vraies-raisons-du-report-de-lelection-presidentielle\/\"]}]},{\"@type\":\"ImageObject\",\"inLanguage\":\"fr-FR\",\"@id\":\"https:\/\/www.leprojecteurguinee.com\/index.php\/2024\/02\/03\/senegal-les-vraies-raisons-du-report-de-lelection-presidentielle\/#primaryimage\",\"url\":\"https:\/\/www.leprojecteurguinee.com\/wp-content\/uploads\/2024\/02\/Macky-Sall.webp\",\"contentUrl\":\"https:\/\/www.leprojecteurguinee.com\/wp-content\/uploads\/2024\/02\/Macky-Sall.webp\",\"width\":980,\"height\":551},{\"@type\":\"BreadcrumbList\",\"@id\":\"https:\/\/www.leprojecteurguinee.com\/index.php\/2024\/02\/03\/senegal-les-vraies-raisons-du-report-de-lelection-presidentielle\/#breadcrumb\",\"itemListElement\":[{\"@type\":\"ListItem\",\"position\":1,\"name\":\"Accueil\",\"item\":\"https:\/\/www.leprojecteurguinee.com\/\"},{\"@type\":\"ListItem\",\"position\":2,\"name\":\"S\u00e9n\u00e9gal\u00a0: Les vraies raisons du report de l\u2019\u00e9lection pr\u00e9sidentielle\"}]},{\"@type\":\"WebSite\",\"@id\":\"https:\/\/www.leprojecteurguinee.com\/#website\",\"url\":\"https:\/\/www.leprojecteurguinee.com\/\",\"name\":\"leprojecteurguinee\",\"description\":\"Nous luttons contre les pratiques obscures\",\"potentialAction\":[{\"@type\":\"SearchAction\",\"target\":{\"@type\":\"EntryPoint\",\"urlTemplate\":\"https:\/\/www.leprojecteurguinee.com\/?s={search_term_string}\"},\"query-input\":{\"@type\":\"PropertyValueSpecification\",\"valueRequired\":true,\"valueName\":\"search_term_string\"}}],\"inLanguage\":\"fr-FR\"},{\"@type\":\"Person\",\"@id\":\"https:\/\/www.leprojecteurguinee.com\/#\/schema\/person\/389671d1a3f0c66e6c91c4a765990c1b\",\"name\":\"Leprojecteurguinee\",\"image\":{\"@type\":\"ImageObject\",\"inLanguage\":\"fr-FR\",\"@id\":\"https:\/\/www.leprojecteurguinee.com\/#\/schema\/person\/image\/\",\"url\":\"https:\/\/secure.gravatar.com\/avatar\/c0faa0f472c43eff99fecb0bd2a1c6782e80a162c9fcb7ed2d48bb42ea619f30?s=96&d=mm&r=g\",\"contentUrl\":\"https:\/\/secure.gravatar.com\/avatar\/c0faa0f472c43eff99fecb0bd2a1c6782e80a162c9fcb7ed2d48bb42ea619f30?s=96&d=mm&r=g\",\"caption\":\"Leprojecteurguinee\"},\"sameAs\":[\"https:\/\/www.leprojecteurguinee.com\"],\"url\":\"https:\/\/www.leprojecteurguinee.com\/index.php\/author\/madame\/\"}]}<\/script>\n<!-- \/ Yoast SEO plugin. -->","yoast_head_json":{"title":"S\u00e9n\u00e9gal\u00a0: Les vraies raisons du report de l\u2019\u00e9lection pr\u00e9sidentielle - leprojecteurguinee","robots":{"index":"index","follow":"follow","max-snippet":"max-snippet:-1","max-image-preview":"max-image-preview:large","max-video-preview":"max-video-preview:-1"},"canonical":"https:\/\/www.leprojecteurguinee.com\/index.php\/2024\/02\/03\/senegal-les-vraies-raisons-du-report-de-lelection-presidentielle\/","og_locale":"fr_FR","og_type":"article","og_title":"S\u00e9n\u00e9gal\u00a0: Les vraies raisons du report de l\u2019\u00e9lection pr\u00e9sidentielle - leprojecteurguinee","og_description":"Dans un discours \u00e0 la nation, le pr\u00e9sident s\u00e9n\u00e9galais Macky Sall a annonc\u00e9 samedi le report \u00e0 une date ind\u00e9termin\u00e9e de l&rsquo;\u00e9lection pr\u00e9sidentielle initialement pr\u00e9vue le 25&nbsp;f\u00e9vrier prochain. Cette d\u00e9cision intervient \u00e0 quelques heures seulement de l&rsquo;ouverture de la campagne \u00e9lectorale pour le scrutin pr\u00e9sidentiel. Le chef de l&rsquo;\u00c9tat s\u00e9n\u00e9galais&nbsp;Macky Sall&nbsp;a annonc\u00e9, samedi 3&nbsp;f\u00e9vrier, avoir [&hellip;]","og_url":"https:\/\/www.leprojecteurguinee.com\/index.php\/2024\/02\/03\/senegal-les-vraies-raisons-du-report-de-lelection-presidentielle\/","og_site_name":"leprojecteurguinee","article_published_time":"2024-02-03T15:15:26+00:00","article_modified_time":"2024-02-03T15:15:27+00:00","og_image":[{"width":980,"height":551,"url":"https:\/\/www.leprojecteurguinee.com\/wp-content\/uploads\/2024\/02\/Macky-Sall.webp","type":"image\/webp"}],"author":"Leprojecteurguinee","twitter_card":"summary_large_image","twitter_misc":{"\u00c9crit par":"Leprojecteurguinee","Dur\u00e9e de lecture estim\u00e9e":"1 minute"},"schema":{"@context":"https:\/\/schema.org","@graph":[{"@type":"Article","@id":"https:\/\/www.leprojecteurguinee.com\/index.php\/2024\/02\/03\/senegal-les-vraies-raisons-du-report-de-lelection-presidentielle\/#article","isPartOf":{"@id":"https:\/\/www.leprojecteurguinee.com\/index.php\/2024\/02\/03\/senegal-les-vraies-raisons-du-report-de-lelection-presidentielle\/"},"author":{"name":"Leprojecteurguinee","@id":"https:\/\/www.leprojecteurguinee.com\/#\/schema\/person\/389671d1a3f0c66e6c91c4a765990c1b"},"headline":"S\u00e9n\u00e9gal\u00a0: Les vraies raisons du report de l\u2019\u00e9lection pr\u00e9sidentielle","datePublished":"2024-02-03T15:15:26+00:00","dateModified":"2024-02-03T15:15:27+00:00","mainEntityOfPage":{"@id":"https:\/\/www.leprojecteurguinee.com\/index.php\/2024\/02\/03\/senegal-les-vraies-raisons-du-report-de-lelection-presidentielle\/"},"wordCount":251,"commentCount":0,"image":{"@id":"https:\/\/www.leprojecteurguinee.com\/index.php\/2024\/02\/03\/senegal-les-vraies-raisons-du-report-de-lelection-presidentielle\/#primaryimage"},"thumbnailUrl":"https:\/\/www.leprojecteurguinee.com\/wp-content\/uploads\/2024\/02\/Macky-Sall.webp","keywords":["Macky Sall","S\u00e9n\u00e9gal"],"articleSection":["Monde"],"inLanguage":"fr-FR","potentialAction":[{"@type":"CommentAction","name":"Comment","target":["https:\/\/www.leprojecteurguinee.com\/index.php\/2024\/02\/03\/senegal-les-vraies-raisons-du-report-de-lelection-presidentielle\/#respond"]}]},{"@type":"WebPage","@id":"https:\/\/www.leprojecteurguinee.com\/index.php\/2024\/02\/03\/senegal-les-vraies-raisons-du-report-de-lelection-presidentielle\/","url":"https:\/\/www.leprojecteurguinee.com\/index.php\/2024\/02\/03\/senegal-les-vraies-raisons-du-report-de-lelection-presidentielle\/","name":"S\u00e9n\u00e9gal\u00a0: Les vraies raisons du report de l\u2019\u00e9lection pr\u00e9sidentielle - leprojecteurguinee","isPartOf":{"@id":"https:\/\/www.leprojecteurguinee.com\/#website"},"primaryImageOfPage":{"@id":"https:\/\/www.leprojecteurguinee.com\/index.php\/2024\/02\/03\/senegal-les-vraies-raisons-du-report-de-lelection-presidentielle\/#primaryimage"},"image":{"@id":"https:\/\/www.leprojecteurguinee.com\/index.php\/2024\/02\/03\/senegal-les-vraies-raisons-du-report-de-lelection-presidentielle\/#primaryimage"},"thumbnailUrl":"https:\/\/www.leprojecteurguinee.com\/wp-content\/uploads\/2024\/02\/Macky-Sall.webp","datePublished":"2024-02-03T15:15:26+00:00","dateModified":"2024-02-03T15:15:27+00:00","author":{"@id":"https:\/\/www.leprojecteurguinee.com\/#\/schema\/person\/389671d1a3f0c66e6c91c4a765990c1b"},"breadcrumb":{"@id":"https:\/\/www.leprojecteurguinee.com\/index.php\/2024\/02\/03\/senegal-les-vraies-raisons-du-report-de-lelection-presidentielle\/#breadcrumb"},"inLanguage":"fr-FR","potentialAction":[{"@type":"ReadAction","target":["https:\/\/www.leprojecteurguinee.com\/index.php\/2024\/02\/03\/senegal-les-vraies-raisons-du-report-de-lelection-presidentielle\/"]}]},{"@type":"ImageObject","inLanguage":"fr-FR","@id":"https:\/\/www.leprojecteurguinee.com\/index.php\/2024\/02\/03\/senegal-les-vraies-raisons-du-report-de-lelection-presidentielle\/#primaryimage","url":"https:\/\/www.leprojecteurguinee.com\/wp-content\/uploads\/2024\/02\/Macky-Sall.webp","contentUrl":"https:\/\/www.leprojecteurguinee.com\/wp-content\/uploads\/2024\/02\/Macky-Sall.webp","width":980,"height":551},{"@type":"BreadcrumbList","@id":"https:\/\/www.leprojecteurguinee.com\/index.php\/2024\/02\/03\/senegal-les-vraies-raisons-du-report-de-lelection-presidentielle\/#breadcrumb","itemListElement":[{"@type":"ListItem","position":1,"name":"Accueil","item":"https:\/\/www.leprojecteurguinee.com\/"},{"@type":"ListItem","position":2,"name":"S\u00e9n\u00e9gal\u00a0: Les vraies raisons du report de l\u2019\u00e9lection pr\u00e9sidentielle"}]},{"@type":"WebSite","@id":"https:\/\/www.leprojecteurguinee.com\/#website","url":"https:\/\/www.leprojecteurguinee.com\/","name":"leprojecteurguinee","description":"Nous luttons contre les pratiques obscures","potentialAction":[{"@type":"SearchAction","target":{"@type":"EntryPoint","urlTemplate":"https:\/\/www.leprojecteurguinee.com\/?s={search_term_string}"},"query-input":{"@type":"PropertyValueSpecification","valueRequired":true,"valueName":"search_term_string"}}],"inLanguage":"fr-FR"},{"@type":"Person","@id":"https:\/\/www.leprojecteurguinee.com\/#\/schema\/person\/389671d1a3f0c66e6c91c4a765990c1b","name":"Leprojecteurguinee","image":{"@type":"ImageObject","inLanguage":"fr-FR","@id":"https:\/\/www.leprojecteurguinee.com\/#\/schema\/person\/image\/","url":"https:\/\/secure.gravatar.com\/avatar\/c0faa0f472c43eff99fecb0bd2a1c6782e80a162c9fcb7ed2d48bb42ea619f30?s=96&d=mm&r=g","contentUrl":"https:\/\/secure.gravatar.com\/avatar\/c0faa0f472c43eff99fecb0bd2a1c6782e80a162c9fcb7ed2d48bb42ea619f30?s=96&d=mm&r=g","caption":"Leprojecteurguinee"},"sameAs":["https:\/\/www.leprojecteurguinee.com"],"url":"https:\/\/www.leprojecteurguinee.com\/index.php\/author\/madame\/"}]}},"_links":{"self":[{"href":"https:\/\/www.leprojecteurguinee.com\/index.php\/wp-json\/wp\/v2\/posts\/2506","targetHints":{"allow":["GET"]}}],"collection":[{"href":"https:\/\/www.leprojecteurguinee.com\/index.php\/wp-json\/wp\/v2\/posts"}],"about":[{"href":"https:\/\/www.leprojecteurguinee.com\/index.php\/wp-json\/wp\/v2\/types\/post"}],"author":[{"embeddable":true,"href":"https:\/\/www.leprojecteurguinee.com\/index.php\/wp-json\/wp\/v2\/users\/1"}],"replies":[{"embeddable":true,"href":"https:\/\/www.leprojecteurguinee.com\/index.php\/wp-json\/wp\/v2\/comments?post=2506"}],"version-history":[{"count":0,"href":"https:\/\/www.leprojecteurguinee.com\/index.php\/wp-json\/wp\/v2\/posts\/2506\/revisions"}],"wp:featuredmedia":[{"embeddable":true,"href":"https:\/\/www.leprojecteurguinee.com\/index.php\/wp-json\/wp\/v2\/media\/2507"}],"wp:attachment":[{"href":"https:\/\/www.leprojecteurguinee.com\/index.php\/wp-json\/wp\/v2\/media?parent=2506"}],"wp:term":[{"taxonomy":"category","embeddable":true,"href":"https:\/\/www.leprojecteurguinee.com\/index.php\/wp-json\/wp\/v2\/categories?post=2506"},{"taxonomy":"post_tag","embeddable":true,"href":"https:\/\/www.leprojecteurguinee.com\/index.php\/wp-json\/wp\/v2\/tags?post=2506"}],"curies":[{"name":"wp","href":"https:\/\/api.w.org\/{rel}","templated":true}]}}