{"id":2464,"date":"2024-01-31T08:22:59","date_gmt":"2024-01-31T07:22:59","guid":{"rendered":"https:\/\/www.leprojecteurguinee.com\/?p=2464"},"modified":"2024-01-31T08:23:02","modified_gmt":"2024-01-31T07:23:02","slug":"mandian-sidibe-je-netais-pas-en-guinee","status":"publish","type":"post","link":"https:\/\/www.leprojecteurguinee.com\/index.php\/2024\/01\/31\/mandian-sidibe-je-netais-pas-en-guinee\/","title":{"rendered":"\u00a0Mandian Sidib\u00e9: \u00abJe n&rsquo;\u00e9tais pas en Guin\u00e9e \u2026\u00bb"},"content":{"rendered":"\n<p>Appel\u00e9 \u00e0&nbsp;compara\u00eetre&nbsp;en tant que&nbsp;t\u00e9moin dans le proc\u00e8s des \u00e9v\u00e9nements du 28 septembre, Mandian Sidib\u00e9, journaliste a d\u00e9clar\u00e9 qu&rsquo;au moment des faits il n&rsquo;\u00e9tait m\u00eame pas en Guin\u00e9e.&nbsp;\u00c0 partir de la France, je donnais des informations parce que je me suis vu dans l&rsquo;obligation patriotique d\u00e8s lors que j&rsquo;ai des informations de les mettre \u00e0 la disposition des enqu\u00eateurs parce que je me disais que ce sont des pistes pour les enqu\u00eateurs pour la justice.<\/p>\n\n\n\n<p>\u00ab Les\u00a0d\u00e9clarations que j&rsquo;ai eues \u00e0 faire sur les r\u00e9seaux sociaux par rapport \u00e0 ces corps sur les \u00e9v\u00e9nements du 28 septembre ce n&rsquo;\u00e9tait pas des informations qui venaient de moi.\u00a0Je n&rsquo;\u00e9tais pas en Guin\u00e9e au moment des \u00e9v\u00e9nements du 28 septembre 2009.\u00a0Je peux les consid\u00e9rer comme une information.\u00a0Donc les informations que je donne proviennent d&rsquo;autres personnes.\u00a0\u00c0\u00a0partir de la France, je donnais des informations parce que je me suis vu dans l&rsquo;obligation patriotique d\u00e8s lors que j&rsquo;ai des informations de les mettre \u00e0 la disposition des enqu\u00eateurs parce que je me disais que ce sont des pistes pour les enqu\u00eateurs pour la justice.\u00a0Je ne peux pas partir au-del\u00e0 de ce que je viens de dire. Tenir un discours narratif ici sur les douloureux des \u00e9v\u00e9nements du 28 septembre 2009.\u00a0Je ne peux que me pr\u00eater aux questions qui me seront pos\u00e9es parce que je n\u2019ai pas v\u00e9cu les faits.\u00a0J&rsquo;ai re\u00e7u comme je le disais dans les antennes de la radio plan\u00e8te Fm l&rsquo;honorable jean Marie Dor\u00e9 qui m&rsquo;a dit que personnellement, il s&rsquo;\u00e9tait impliqu\u00e9 pour \u00e9viter ces douloureux \u00e9v\u00e9nements.\u00a0Qu&rsquo;il s&rsquo;est personnellement d\u00e9plac\u00e9 pour voir le capitaine\u00a0Dadis\u00a0et qu&rsquo;il lui a dit mon fils ce n&rsquo;est pas la peine d&#8217;emp\u00eacher la tenue de ce meeting, \u00e0 travers ce\u00a0meeting, vous\u00a0pouvez rentrer dans l&rsquo;histoire si vous ne r\u00e9primez pas, soyez d\u00e9mocrate, laissez-nous\u00a0manifester, vous\u00a0pouvez encadrer la manifestation.\u00a0\u00c0\u00a0ce\u00a0niveau, le\u00a0pr\u00e9sident\u00a0Dadis\u00a0lui a\u00a0dit:\u00a0il n\u2019y a pas de probl\u00e8me, mais il y a certaines personnes dans mon entourage qui ne veulent pas entendre de cette oreille.\u00bb<\/p>\n\n\n\n<p>Concernant les cas de morts, Mandian Sidib\u00e9 dira \u00ab J&rsquo;\u00e9tais \u00e0 Paris, j&rsquo;ai eu d&rsquo;autres informations selon laquelle il y a eu des camions militaires qui ont transport\u00e9 les corps et ont transit\u00e9 au camp Samory et d&rsquo;autres camions qui n&rsquo;\u00e9taient pas militaires ont transit\u00e9 par le domicile de feu pr\u00e9sident g\u00e9n\u00e9ral Lansana Cont\u00e9 et que les deux camions \u00e9taient stationn\u00e9s l\u00e0-bas et que le contenu de ces deux camions ont \u00e9t\u00e9 d\u00e9vers\u00e9 dans une fausse commune \u00e0 Faban derri\u00e8re la piste d&rsquo;atterrissage donc j&rsquo;ai communiqu\u00e9 ces informations via les r\u00e9seaux sociaux pour donner une piste aux enqu\u00eateurs.\u00a0Et par rapport aux deux charniers qui \u00e9taient stationn\u00e9s au domicile du feu\u00a0Lansana\u00a0Cont\u00e9, on\u00a0m&rsquo;a cit\u00e9 les noms qui \u00e9taient\u00a0impliqu\u00e9s\u00a0dans la gestion notamment l&rsquo;ancien ministre R\u00e9mi\u00a0Lamah\u00a0et puis il y a un ancien diplomate du nom\u00a0d&rsquo;\u00c9douard\u00a0Th\u00e9a, en\u00a0plus, il\u00a0y a\u00a0un certain Cheick\u00a0Diabat\u00e9\u00a0qui \u00e9tait \u00e0 l&rsquo;\u00e9poque des faits au service de\u00a0renseignements\u00a0du\u00a0CNDD.\u00a0Donc\u00a0ce\u00a0sont eux qui ont g\u00e9r\u00e9 en toute discr\u00e9tion les deux camions qui \u00e9taient stationn\u00e9 au domicile du feu pr\u00e9sident\u00a0Lansana\u00a0Cont\u00e9 qui\u00a0sont\u00a0diff\u00e9rents des trois\u00a0camions\u00a0militaires et\u00a0qu&rsquo;il\u00a0y avait\u00a0plusieurs fausses\u00a0communes.\u00a0\u00bb<\/p>\n\n\n\n<p><\/p>\n\n\n\n<p class=\"has-text-align-right\"><strong>Fatoumata Camara<\/strong><\/p>\n","protected":false},"excerpt":{"rendered":"<p>Appel\u00e9 \u00e0&nbsp;compara\u00eetre&nbsp;en tant que&nbsp;t\u00e9moin dans le proc\u00e8s des \u00e9v\u00e9nements du 28 septembre, Mandian Sidib\u00e9, journaliste a d\u00e9clar\u00e9 qu&rsquo;au moment des faits il n&rsquo;\u00e9tait m\u00eame pas en Guin\u00e9e.&nbsp;\u00c0 partir de la France, je donnais des informations parce que je me suis vu dans l&rsquo;obligation patriotique d\u00e8s lors que j&rsquo;ai des informations de les mettre \u00e0 la [&hellip;]<\/p>\n","protected":false},"author":1,"featured_media":2465,"comment_status":"open","ping_status":"open","sticky":true,"template":"","format":"standard","meta":{"footnotes":""},"categories":[80],"tags":[88],"class_list":["post-2464","post","type-post","status-publish","format-standard","has-post-thumbnail","hentry","category-politique","tag-proces-du-massacre-du-28-septembre"],"yoast_head":"<!-- This site is optimized with the Yoast SEO plugin v26.8 - https:\/\/yoast.com\/product\/yoast-seo-wordpress\/ -->\n<title>\u00a0Mandian Sidib\u00e9: \u00abJe n&#039;\u00e9tais pas en Guin\u00e9e \u2026\u00bb - leprojecteurguinee<\/title>\n<meta name=\"robots\" content=\"index, follow, max-snippet:-1, max-image-preview:large, max-video-preview:-1\" \/>\n<link rel=\"canonical\" href=\"https:\/\/www.leprojecteurguinee.com\/index.php\/2024\/01\/31\/mandian-sidibe-je-netais-pas-en-guinee\/\" \/>\n<meta property=\"og:locale\" content=\"fr_FR\" \/>\n<meta property=\"og:type\" content=\"article\" \/>\n<meta property=\"og:title\" content=\"\u00a0Mandian Sidib\u00e9: \u00abJe n&#039;\u00e9tais pas en Guin\u00e9e \u2026\u00bb - leprojecteurguinee\" \/>\n<meta property=\"og:description\" content=\"Appel\u00e9 \u00e0&nbsp;compara\u00eetre&nbsp;en tant que&nbsp;t\u00e9moin dans le proc\u00e8s des \u00e9v\u00e9nements du 28 septembre, Mandian Sidib\u00e9, journaliste a d\u00e9clar\u00e9 qu&rsquo;au moment des faits il n&rsquo;\u00e9tait m\u00eame pas en Guin\u00e9e.&nbsp;\u00c0 partir de la France, je donnais des informations parce que je me suis vu dans l&rsquo;obligation patriotique d\u00e8s lors que j&rsquo;ai des informations de les mettre \u00e0 la [&hellip;]\" \/>\n<meta property=\"og:url\" content=\"https:\/\/www.leprojecteurguinee.com\/index.php\/2024\/01\/31\/mandian-sidibe-je-netais-pas-en-guinee\/\" \/>\n<meta property=\"og:site_name\" content=\"leprojecteurguinee\" \/>\n<meta property=\"article:published_time\" content=\"2024-01-31T07:22:59+00:00\" \/>\n<meta property=\"article:modified_time\" content=\"2024-01-31T07:23:02+00:00\" \/>\n<meta property=\"og:image\" content=\"https:\/\/www.leprojecteurguinee.com\/wp-content\/uploads\/2024\/01\/WhatsApp-Image-2024-01-30-at-13.40.31.jpeg\" \/>\n\t<meta property=\"og:image:width\" content=\"1080\" \/>\n\t<meta property=\"og:image:height\" content=\"720\" \/>\n\t<meta property=\"og:image:type\" content=\"image\/jpeg\" \/>\n<meta name=\"author\" content=\"Leprojecteurguinee\" \/>\n<meta name=\"twitter:card\" content=\"summary_large_image\" \/>\n<meta name=\"twitter:label1\" content=\"\u00c9crit par\" \/>\n\t<meta name=\"twitter:data1\" content=\"Leprojecteurguinee\" \/>\n\t<meta name=\"twitter:label2\" content=\"Dur\u00e9e de lecture estim\u00e9e\" \/>\n\t<meta name=\"twitter:data2\" content=\"3 minutes\" \/>\n<script type=\"application\/ld+json\" class=\"yoast-schema-graph\">{\"@context\":\"https:\/\/schema.org\",\"@graph\":[{\"@type\":\"Article\",\"@id\":\"https:\/\/www.leprojecteurguinee.com\/index.php\/2024\/01\/31\/mandian-sidibe-je-netais-pas-en-guinee\/#article\",\"isPartOf\":{\"@id\":\"https:\/\/www.leprojecteurguinee.com\/index.php\/2024\/01\/31\/mandian-sidibe-je-netais-pas-en-guinee\/\"},\"author\":{\"name\":\"Leprojecteurguinee\",\"@id\":\"https:\/\/www.leprojecteurguinee.com\/#\/schema\/person\/389671d1a3f0c66e6c91c4a765990c1b\"},\"headline\":\"\u00a0Mandian Sidib\u00e9: \u00abJe n&rsquo;\u00e9tais pas en Guin\u00e9e \u2026\u00bb\",\"datePublished\":\"2024-01-31T07:22:59+00:00\",\"dateModified\":\"2024-01-31T07:23:02+00:00\",\"mainEntityOfPage\":{\"@id\":\"https:\/\/www.leprojecteurguinee.com\/index.php\/2024\/01\/31\/mandian-sidibe-je-netais-pas-en-guinee\/\"},\"wordCount\":624,\"commentCount\":0,\"image\":{\"@id\":\"https:\/\/www.leprojecteurguinee.com\/index.php\/2024\/01\/31\/mandian-sidibe-je-netais-pas-en-guinee\/#primaryimage\"},\"thumbnailUrl\":\"https:\/\/www.leprojecteurguinee.com\/wp-content\/uploads\/2024\/01\/WhatsApp-Image-2024-01-30-at-13.40.31.jpeg\",\"keywords\":[\"Proc\u00e8s du massacre du 28-Septembre\"],\"articleSection\":[\"Politique\"],\"inLanguage\":\"fr-FR\",\"potentialAction\":[{\"@type\":\"CommentAction\",\"name\":\"Comment\",\"target\":[\"https:\/\/www.leprojecteurguinee.com\/index.php\/2024\/01\/31\/mandian-sidibe-je-netais-pas-en-guinee\/#respond\"]}]},{\"@type\":\"WebPage\",\"@id\":\"https:\/\/www.leprojecteurguinee.com\/index.php\/2024\/01\/31\/mandian-sidibe-je-netais-pas-en-guinee\/\",\"url\":\"https:\/\/www.leprojecteurguinee.com\/index.php\/2024\/01\/31\/mandian-sidibe-je-netais-pas-en-guinee\/\",\"name\":\"\u00a0Mandian Sidib\u00e9: \u00abJe n'\u00e9tais pas en Guin\u00e9e \u2026\u00bb - leprojecteurguinee\",\"isPartOf\":{\"@id\":\"https:\/\/www.leprojecteurguinee.com\/#website\"},\"primaryImageOfPage\":{\"@id\":\"https:\/\/www.leprojecteurguinee.com\/index.php\/2024\/01\/31\/mandian-sidibe-je-netais-pas-en-guinee\/#primaryimage\"},\"image\":{\"@id\":\"https:\/\/www.leprojecteurguinee.com\/index.php\/2024\/01\/31\/mandian-sidibe-je-netais-pas-en-guinee\/#primaryimage\"},\"thumbnailUrl\":\"https:\/\/www.leprojecteurguinee.com\/wp-content\/uploads\/2024\/01\/WhatsApp-Image-2024-01-30-at-13.40.31.jpeg\",\"datePublished\":\"2024-01-31T07:22:59+00:00\",\"dateModified\":\"2024-01-31T07:23:02+00:00\",\"author\":{\"@id\":\"https:\/\/www.leprojecteurguinee.com\/#\/schema\/person\/389671d1a3f0c66e6c91c4a765990c1b\"},\"breadcrumb\":{\"@id\":\"https:\/\/www.leprojecteurguinee.com\/index.php\/2024\/01\/31\/mandian-sidibe-je-netais-pas-en-guinee\/#breadcrumb\"},\"inLanguage\":\"fr-FR\",\"potentialAction\":[{\"@type\":\"ReadAction\",\"target\":[\"https:\/\/www.leprojecteurguinee.com\/index.php\/2024\/01\/31\/mandian-sidibe-je-netais-pas-en-guinee\/\"]}]},{\"@type\":\"ImageObject\",\"inLanguage\":\"fr-FR\",\"@id\":\"https:\/\/www.leprojecteurguinee.com\/index.php\/2024\/01\/31\/mandian-sidibe-je-netais-pas-en-guinee\/#primaryimage\",\"url\":\"https:\/\/www.leprojecteurguinee.com\/wp-content\/uploads\/2024\/01\/WhatsApp-Image-2024-01-30-at-13.40.31.jpeg\",\"contentUrl\":\"https:\/\/www.leprojecteurguinee.com\/wp-content\/uploads\/2024\/01\/WhatsApp-Image-2024-01-30-at-13.40.31.jpeg\",\"width\":1080,\"height\":720},{\"@type\":\"BreadcrumbList\",\"@id\":\"https:\/\/www.leprojecteurguinee.com\/index.php\/2024\/01\/31\/mandian-sidibe-je-netais-pas-en-guinee\/#breadcrumb\",\"itemListElement\":[{\"@type\":\"ListItem\",\"position\":1,\"name\":\"Accueil\",\"item\":\"https:\/\/www.leprojecteurguinee.com\/\"},{\"@type\":\"ListItem\",\"position\":2,\"name\":\"\u00a0Mandian Sidib\u00e9: \u00abJe n&rsquo;\u00e9tais pas en Guin\u00e9e \u2026\u00bb\"}]},{\"@type\":\"WebSite\",\"@id\":\"https:\/\/www.leprojecteurguinee.com\/#website\",\"url\":\"https:\/\/www.leprojecteurguinee.com\/\",\"name\":\"leprojecteurguinee\",\"description\":\"Nous luttons contre les pratiques obscures\",\"potentialAction\":[{\"@type\":\"SearchAction\",\"target\":{\"@type\":\"EntryPoint\",\"urlTemplate\":\"https:\/\/www.leprojecteurguinee.com\/?s={search_term_string}\"},\"query-input\":{\"@type\":\"PropertyValueSpecification\",\"valueRequired\":true,\"valueName\":\"search_term_string\"}}],\"inLanguage\":\"fr-FR\"},{\"@type\":\"Person\",\"@id\":\"https:\/\/www.leprojecteurguinee.com\/#\/schema\/person\/389671d1a3f0c66e6c91c4a765990c1b\",\"name\":\"Leprojecteurguinee\",\"image\":{\"@type\":\"ImageObject\",\"inLanguage\":\"fr-FR\",\"@id\":\"https:\/\/www.leprojecteurguinee.com\/#\/schema\/person\/image\/\",\"url\":\"https:\/\/secure.gravatar.com\/avatar\/c0faa0f472c43eff99fecb0bd2a1c6782e80a162c9fcb7ed2d48bb42ea619f30?s=96&d=mm&r=g\",\"contentUrl\":\"https:\/\/secure.gravatar.com\/avatar\/c0faa0f472c43eff99fecb0bd2a1c6782e80a162c9fcb7ed2d48bb42ea619f30?s=96&d=mm&r=g\",\"caption\":\"Leprojecteurguinee\"},\"sameAs\":[\"https:\/\/www.leprojecteurguinee.com\"],\"url\":\"https:\/\/www.leprojecteurguinee.com\/index.php\/author\/madame\/\"}]}<\/script>\n<!-- \/ Yoast SEO plugin. -->","yoast_head_json":{"title":"\u00a0Mandian Sidib\u00e9: \u00abJe n'\u00e9tais pas en Guin\u00e9e \u2026\u00bb - leprojecteurguinee","robots":{"index":"index","follow":"follow","max-snippet":"max-snippet:-1","max-image-preview":"max-image-preview:large","max-video-preview":"max-video-preview:-1"},"canonical":"https:\/\/www.leprojecteurguinee.com\/index.php\/2024\/01\/31\/mandian-sidibe-je-netais-pas-en-guinee\/","og_locale":"fr_FR","og_type":"article","og_title":"\u00a0Mandian Sidib\u00e9: \u00abJe n'\u00e9tais pas en Guin\u00e9e \u2026\u00bb - leprojecteurguinee","og_description":"Appel\u00e9 \u00e0&nbsp;compara\u00eetre&nbsp;en tant que&nbsp;t\u00e9moin dans le proc\u00e8s des \u00e9v\u00e9nements du 28 septembre, Mandian Sidib\u00e9, journaliste a d\u00e9clar\u00e9 qu&rsquo;au moment des faits il n&rsquo;\u00e9tait m\u00eame pas en Guin\u00e9e.&nbsp;\u00c0 partir de la France, je donnais des informations parce que je me suis vu dans l&rsquo;obligation patriotique d\u00e8s lors que j&rsquo;ai des informations de les mettre \u00e0 la [&hellip;]","og_url":"https:\/\/www.leprojecteurguinee.com\/index.php\/2024\/01\/31\/mandian-sidibe-je-netais-pas-en-guinee\/","og_site_name":"leprojecteurguinee","article_published_time":"2024-01-31T07:22:59+00:00","article_modified_time":"2024-01-31T07:23:02+00:00","og_image":[{"width":1080,"height":720,"url":"https:\/\/www.leprojecteurguinee.com\/wp-content\/uploads\/2024\/01\/WhatsApp-Image-2024-01-30-at-13.40.31.jpeg","type":"image\/jpeg"}],"author":"Leprojecteurguinee","twitter_card":"summary_large_image","twitter_misc":{"\u00c9crit par":"Leprojecteurguinee","Dur\u00e9e de lecture estim\u00e9e":"3 minutes"},"schema":{"@context":"https:\/\/schema.org","@graph":[{"@type":"Article","@id":"https:\/\/www.leprojecteurguinee.com\/index.php\/2024\/01\/31\/mandian-sidibe-je-netais-pas-en-guinee\/#article","isPartOf":{"@id":"https:\/\/www.leprojecteurguinee.com\/index.php\/2024\/01\/31\/mandian-sidibe-je-netais-pas-en-guinee\/"},"author":{"name":"Leprojecteurguinee","@id":"https:\/\/www.leprojecteurguinee.com\/#\/schema\/person\/389671d1a3f0c66e6c91c4a765990c1b"},"headline":"\u00a0Mandian Sidib\u00e9: \u00abJe n&rsquo;\u00e9tais pas en Guin\u00e9e \u2026\u00bb","datePublished":"2024-01-31T07:22:59+00:00","dateModified":"2024-01-31T07:23:02+00:00","mainEntityOfPage":{"@id":"https:\/\/www.leprojecteurguinee.com\/index.php\/2024\/01\/31\/mandian-sidibe-je-netais-pas-en-guinee\/"},"wordCount":624,"commentCount":0,"image":{"@id":"https:\/\/www.leprojecteurguinee.com\/index.php\/2024\/01\/31\/mandian-sidibe-je-netais-pas-en-guinee\/#primaryimage"},"thumbnailUrl":"https:\/\/www.leprojecteurguinee.com\/wp-content\/uploads\/2024\/01\/WhatsApp-Image-2024-01-30-at-13.40.31.jpeg","keywords":["Proc\u00e8s du massacre du 28-Septembre"],"articleSection":["Politique"],"inLanguage":"fr-FR","potentialAction":[{"@type":"CommentAction","name":"Comment","target":["https:\/\/www.leprojecteurguinee.com\/index.php\/2024\/01\/31\/mandian-sidibe-je-netais-pas-en-guinee\/#respond"]}]},{"@type":"WebPage","@id":"https:\/\/www.leprojecteurguinee.com\/index.php\/2024\/01\/31\/mandian-sidibe-je-netais-pas-en-guinee\/","url":"https:\/\/www.leprojecteurguinee.com\/index.php\/2024\/01\/31\/mandian-sidibe-je-netais-pas-en-guinee\/","name":"\u00a0Mandian Sidib\u00e9: \u00abJe n'\u00e9tais pas en Guin\u00e9e \u2026\u00bb - leprojecteurguinee","isPartOf":{"@id":"https:\/\/www.leprojecteurguinee.com\/#website"},"primaryImageOfPage":{"@id":"https:\/\/www.leprojecteurguinee.com\/index.php\/2024\/01\/31\/mandian-sidibe-je-netais-pas-en-guinee\/#primaryimage"},"image":{"@id":"https:\/\/www.leprojecteurguinee.com\/index.php\/2024\/01\/31\/mandian-sidibe-je-netais-pas-en-guinee\/#primaryimage"},"thumbnailUrl":"https:\/\/www.leprojecteurguinee.com\/wp-content\/uploads\/2024\/01\/WhatsApp-Image-2024-01-30-at-13.40.31.jpeg","datePublished":"2024-01-31T07:22:59+00:00","dateModified":"2024-01-31T07:23:02+00:00","author":{"@id":"https:\/\/www.leprojecteurguinee.com\/#\/schema\/person\/389671d1a3f0c66e6c91c4a765990c1b"},"breadcrumb":{"@id":"https:\/\/www.leprojecteurguinee.com\/index.php\/2024\/01\/31\/mandian-sidibe-je-netais-pas-en-guinee\/#breadcrumb"},"inLanguage":"fr-FR","potentialAction":[{"@type":"ReadAction","target":["https:\/\/www.leprojecteurguinee.com\/index.php\/2024\/01\/31\/mandian-sidibe-je-netais-pas-en-guinee\/"]}]},{"@type":"ImageObject","inLanguage":"fr-FR","@id":"https:\/\/www.leprojecteurguinee.com\/index.php\/2024\/01\/31\/mandian-sidibe-je-netais-pas-en-guinee\/#primaryimage","url":"https:\/\/www.leprojecteurguinee.com\/wp-content\/uploads\/2024\/01\/WhatsApp-Image-2024-01-30-at-13.40.31.jpeg","contentUrl":"https:\/\/www.leprojecteurguinee.com\/wp-content\/uploads\/2024\/01\/WhatsApp-Image-2024-01-30-at-13.40.31.jpeg","width":1080,"height":720},{"@type":"BreadcrumbList","@id":"https:\/\/www.leprojecteurguinee.com\/index.php\/2024\/01\/31\/mandian-sidibe-je-netais-pas-en-guinee\/#breadcrumb","itemListElement":[{"@type":"ListItem","position":1,"name":"Accueil","item":"https:\/\/www.leprojecteurguinee.com\/"},{"@type":"ListItem","position":2,"name":"\u00a0Mandian Sidib\u00e9: \u00abJe n&rsquo;\u00e9tais pas en Guin\u00e9e \u2026\u00bb"}]},{"@type":"WebSite","@id":"https:\/\/www.leprojecteurguinee.com\/#website","url":"https:\/\/www.leprojecteurguinee.com\/","name":"leprojecteurguinee","description":"Nous luttons contre les pratiques obscures","potentialAction":[{"@type":"SearchAction","target":{"@type":"EntryPoint","urlTemplate":"https:\/\/www.leprojecteurguinee.com\/?s={search_term_string}"},"query-input":{"@type":"PropertyValueSpecification","valueRequired":true,"valueName":"search_term_string"}}],"inLanguage":"fr-FR"},{"@type":"Person","@id":"https:\/\/www.leprojecteurguinee.com\/#\/schema\/person\/389671d1a3f0c66e6c91c4a765990c1b","name":"Leprojecteurguinee","image":{"@type":"ImageObject","inLanguage":"fr-FR","@id":"https:\/\/www.leprojecteurguinee.com\/#\/schema\/person\/image\/","url":"https:\/\/secure.gravatar.com\/avatar\/c0faa0f472c43eff99fecb0bd2a1c6782e80a162c9fcb7ed2d48bb42ea619f30?s=96&d=mm&r=g","contentUrl":"https:\/\/secure.gravatar.com\/avatar\/c0faa0f472c43eff99fecb0bd2a1c6782e80a162c9fcb7ed2d48bb42ea619f30?s=96&d=mm&r=g","caption":"Leprojecteurguinee"},"sameAs":["https:\/\/www.leprojecteurguinee.com"],"url":"https:\/\/www.leprojecteurguinee.com\/index.php\/author\/madame\/"}]}},"_links":{"self":[{"href":"https:\/\/www.leprojecteurguinee.com\/index.php\/wp-json\/wp\/v2\/posts\/2464","targetHints":{"allow":["GET"]}}],"collection":[{"href":"https:\/\/www.leprojecteurguinee.com\/index.php\/wp-json\/wp\/v2\/posts"}],"about":[{"href":"https:\/\/www.leprojecteurguinee.com\/index.php\/wp-json\/wp\/v2\/types\/post"}],"author":[{"embeddable":true,"href":"https:\/\/www.leprojecteurguinee.com\/index.php\/wp-json\/wp\/v2\/users\/1"}],"replies":[{"embeddable":true,"href":"https:\/\/www.leprojecteurguinee.com\/index.php\/wp-json\/wp\/v2\/comments?post=2464"}],"version-history":[{"count":0,"href":"https:\/\/www.leprojecteurguinee.com\/index.php\/wp-json\/wp\/v2\/posts\/2464\/revisions"}],"wp:featuredmedia":[{"embeddable":true,"href":"https:\/\/www.leprojecteurguinee.com\/index.php\/wp-json\/wp\/v2\/media\/2465"}],"wp:attachment":[{"href":"https:\/\/www.leprojecteurguinee.com\/index.php\/wp-json\/wp\/v2\/media?parent=2464"}],"wp:term":[{"taxonomy":"category","embeddable":true,"href":"https:\/\/www.leprojecteurguinee.com\/index.php\/wp-json\/wp\/v2\/categories?post=2464"},{"taxonomy":"post_tag","embeddable":true,"href":"https:\/\/www.leprojecteurguinee.com\/index.php\/wp-json\/wp\/v2\/tags?post=2464"}],"curies":[{"name":"wp","href":"https:\/\/api.w.org\/{rel}","templated":true}]}}