{"id":2439,"date":"2024-01-27T16:02:58","date_gmt":"2024-01-27T15:02:58","guid":{"rendered":"https:\/\/www.leprojecteurguinee.com\/?p=2439"},"modified":"2024-01-27T16:03:02","modified_gmt":"2024-01-27T15:03:02","slug":"deux-cadres-du-sily-seront-indisponibles-face-a-la-guinee-equatoriale","status":"publish","type":"post","link":"https:\/\/www.leprojecteurguinee.com\/index.php\/2024\/01\/27\/deux-cadres-du-sily-seront-indisponibles-face-a-la-guinee-equatoriale\/","title":{"rendered":"Deux cadres du Sily seront indisponibles face \u00e0 la Guin\u00e9e \u00e9quatoriale"},"content":{"rendered":"\n<p>Le Sily national de Guin\u00e9e joue ce dimanche contre la Guin\u00e9e \u00e9quatoriale dans le cadre des matchs du 8<sup>\u00e8me<\/sup> de finale de la coupe d\u2019Afrique des nations. Pour ce match, deux joueurs cadres du Sily National ont d\u00e9clar\u00e9s forfaits pour le match, pr\u00e9vu ce dimanche 28 janvier. Moriba Kourouma et Abdoulaye Tour\u00e9, deux milieux de terrain sont forfaits pour des raisons de blessures. Le premier, sorti sur blessure face au S\u00e9n\u00e9gal mardi dernier, a \u00e9t\u00e9 touch\u00e9 aux adducteurs tandis que le second \u00ab\u00a0Abdoulaye Tour\u00e9\u00a0\u00bb souffre d\u2019une l\u00e9sion du biceps f\u00e9moral. \u00ab\u00a0Les deux joueurs sont suivis par le staff m\u00e9dical du Syli National\u00a0\u00bb, a annonc\u00e9 la f\u00e9d\u00e9ration guin\u00e9enne de football.<\/p>\n","protected":false},"excerpt":{"rendered":"<p>Le Sily national de Guin\u00e9e joue ce dimanche contre la Guin\u00e9e \u00e9quatoriale dans le cadre des matchs du 8\u00e8me de finale de la coupe d\u2019Afrique des nations. Pour ce match, deux joueurs cadres du Sily National ont d\u00e9clar\u00e9s forfaits pour le match, pr\u00e9vu ce dimanche 28 janvier. Moriba Kourouma et Abdoulaye Tour\u00e9, deux milieux de [&hellip;]<\/p>\n","protected":false},"author":1,"featured_media":2440,"comment_status":"open","ping_status":"open","sticky":true,"template":"","format":"standard","meta":{"footnotes":""},"categories":[6],"tags":[361,127],"class_list":["post-2439","post","type-post","status-publish","format-standard","has-post-thumbnail","hentry","category-sport","tag-can-total-energie-2023","tag-sily"],"yoast_head":"<!-- This site is optimized with the Yoast SEO plugin v26.8 - https:\/\/yoast.com\/product\/yoast-seo-wordpress\/ -->\n<title>Deux cadres du Sily seront indisponibles face \u00e0 la Guin\u00e9e \u00e9quatoriale - leprojecteurguinee<\/title>\n<meta name=\"robots\" content=\"index, follow, max-snippet:-1, max-image-preview:large, max-video-preview:-1\" \/>\n<link rel=\"canonical\" href=\"https:\/\/www.leprojecteurguinee.com\/index.php\/2024\/01\/27\/deux-cadres-du-sily-seront-indisponibles-face-a-la-guinee-equatoriale\/\" \/>\n<meta property=\"og:locale\" content=\"fr_FR\" \/>\n<meta property=\"og:type\" content=\"article\" \/>\n<meta property=\"og:title\" content=\"Deux cadres du Sily seront indisponibles face \u00e0 la Guin\u00e9e \u00e9quatoriale - leprojecteurguinee\" \/>\n<meta property=\"og:description\" content=\"Le Sily national de Guin\u00e9e joue ce dimanche contre la Guin\u00e9e \u00e9quatoriale dans le cadre des matchs du 8\u00e8me de finale de la coupe d\u2019Afrique des nations. Pour ce match, deux joueurs cadres du Sily National ont d\u00e9clar\u00e9s forfaits pour le match, pr\u00e9vu ce dimanche 28 janvier. Moriba Kourouma et Abdoulaye Tour\u00e9, deux milieux de [&hellip;]\" \/>\n<meta property=\"og:url\" content=\"https:\/\/www.leprojecteurguinee.com\/index.php\/2024\/01\/27\/deux-cadres-du-sily-seront-indisponibles-face-a-la-guinee-equatoriale\/\" \/>\n<meta property=\"og:site_name\" content=\"leprojecteurguinee\" \/>\n<meta property=\"article:published_time\" content=\"2024-01-27T15:02:58+00:00\" \/>\n<meta property=\"article:modified_time\" content=\"2024-01-27T15:03:02+00:00\" \/>\n<meta property=\"og:image\" content=\"https:\/\/www.leprojecteurguinee.com\/wp-content\/uploads\/2024\/01\/WhatsApp-Image-2024-01-27-at-15.00.50.jpeg\" \/>\n\t<meta property=\"og:image:width\" content=\"719\" \/>\n\t<meta property=\"og:image:height\" content=\"359\" \/>\n\t<meta property=\"og:image:type\" content=\"image\/jpeg\" \/>\n<meta name=\"author\" content=\"Leprojecteurguinee\" \/>\n<meta name=\"twitter:card\" content=\"summary_large_image\" \/>\n<meta name=\"twitter:label1\" content=\"\u00c9crit par\" \/>\n\t<meta name=\"twitter:data1\" content=\"Leprojecteurguinee\" \/>\n\t<meta name=\"twitter:label2\" content=\"Dur\u00e9e de lecture estim\u00e9e\" \/>\n\t<meta name=\"twitter:data2\" content=\"1 minute\" \/>\n<script type=\"application\/ld+json\" class=\"yoast-schema-graph\">{\"@context\":\"https:\/\/schema.org\",\"@graph\":[{\"@type\":\"Article\",\"@id\":\"https:\/\/www.leprojecteurguinee.com\/index.php\/2024\/01\/27\/deux-cadres-du-sily-seront-indisponibles-face-a-la-guinee-equatoriale\/#article\",\"isPartOf\":{\"@id\":\"https:\/\/www.leprojecteurguinee.com\/index.php\/2024\/01\/27\/deux-cadres-du-sily-seront-indisponibles-face-a-la-guinee-equatoriale\/\"},\"author\":{\"name\":\"Leprojecteurguinee\",\"@id\":\"https:\/\/www.leprojecteurguinee.com\/#\/schema\/person\/389671d1a3f0c66e6c91c4a765990c1b\"},\"headline\":\"Deux cadres du Sily seront indisponibles face \u00e0 la Guin\u00e9e \u00e9quatoriale\",\"datePublished\":\"2024-01-27T15:02:58+00:00\",\"dateModified\":\"2024-01-27T15:03:02+00:00\",\"mainEntityOfPage\":{\"@id\":\"https:\/\/www.leprojecteurguinee.com\/index.php\/2024\/01\/27\/deux-cadres-du-sily-seront-indisponibles-face-a-la-guinee-equatoriale\/\"},\"wordCount\":134,\"commentCount\":0,\"image\":{\"@id\":\"https:\/\/www.leprojecteurguinee.com\/index.php\/2024\/01\/27\/deux-cadres-du-sily-seront-indisponibles-face-a-la-guinee-equatoriale\/#primaryimage\"},\"thumbnailUrl\":\"https:\/\/www.leprojecteurguinee.com\/wp-content\/uploads\/2024\/01\/WhatsApp-Image-2024-01-27-at-15.00.50.jpeg\",\"keywords\":[\"Can Total \u00c9nergie 2023\",\"Sily\"],\"articleSection\":[\"Sport\"],\"inLanguage\":\"fr-FR\",\"potentialAction\":[{\"@type\":\"CommentAction\",\"name\":\"Comment\",\"target\":[\"https:\/\/www.leprojecteurguinee.com\/index.php\/2024\/01\/27\/deux-cadres-du-sily-seront-indisponibles-face-a-la-guinee-equatoriale\/#respond\"]}]},{\"@type\":\"WebPage\",\"@id\":\"https:\/\/www.leprojecteurguinee.com\/index.php\/2024\/01\/27\/deux-cadres-du-sily-seront-indisponibles-face-a-la-guinee-equatoriale\/\",\"url\":\"https:\/\/www.leprojecteurguinee.com\/index.php\/2024\/01\/27\/deux-cadres-du-sily-seront-indisponibles-face-a-la-guinee-equatoriale\/\",\"name\":\"Deux cadres du Sily seront indisponibles face \u00e0 la Guin\u00e9e \u00e9quatoriale - leprojecteurguinee\",\"isPartOf\":{\"@id\":\"https:\/\/www.leprojecteurguinee.com\/#website\"},\"primaryImageOfPage\":{\"@id\":\"https:\/\/www.leprojecteurguinee.com\/index.php\/2024\/01\/27\/deux-cadres-du-sily-seront-indisponibles-face-a-la-guinee-equatoriale\/#primaryimage\"},\"image\":{\"@id\":\"https:\/\/www.leprojecteurguinee.com\/index.php\/2024\/01\/27\/deux-cadres-du-sily-seront-indisponibles-face-a-la-guinee-equatoriale\/#primaryimage\"},\"thumbnailUrl\":\"https:\/\/www.leprojecteurguinee.com\/wp-content\/uploads\/2024\/01\/WhatsApp-Image-2024-01-27-at-15.00.50.jpeg\",\"datePublished\":\"2024-01-27T15:02:58+00:00\",\"dateModified\":\"2024-01-27T15:03:02+00:00\",\"author\":{\"@id\":\"https:\/\/www.leprojecteurguinee.com\/#\/schema\/person\/389671d1a3f0c66e6c91c4a765990c1b\"},\"breadcrumb\":{\"@id\":\"https:\/\/www.leprojecteurguinee.com\/index.php\/2024\/01\/27\/deux-cadres-du-sily-seront-indisponibles-face-a-la-guinee-equatoriale\/#breadcrumb\"},\"inLanguage\":\"fr-FR\",\"potentialAction\":[{\"@type\":\"ReadAction\",\"target\":[\"https:\/\/www.leprojecteurguinee.com\/index.php\/2024\/01\/27\/deux-cadres-du-sily-seront-indisponibles-face-a-la-guinee-equatoriale\/\"]}]},{\"@type\":\"ImageObject\",\"inLanguage\":\"fr-FR\",\"@id\":\"https:\/\/www.leprojecteurguinee.com\/index.php\/2024\/01\/27\/deux-cadres-du-sily-seront-indisponibles-face-a-la-guinee-equatoriale\/#primaryimage\",\"url\":\"https:\/\/www.leprojecteurguinee.com\/wp-content\/uploads\/2024\/01\/WhatsApp-Image-2024-01-27-at-15.00.50.jpeg\",\"contentUrl\":\"https:\/\/www.leprojecteurguinee.com\/wp-content\/uploads\/2024\/01\/WhatsApp-Image-2024-01-27-at-15.00.50.jpeg\",\"width\":719,\"height\":359},{\"@type\":\"BreadcrumbList\",\"@id\":\"https:\/\/www.leprojecteurguinee.com\/index.php\/2024\/01\/27\/deux-cadres-du-sily-seront-indisponibles-face-a-la-guinee-equatoriale\/#breadcrumb\",\"itemListElement\":[{\"@type\":\"ListItem\",\"position\":1,\"name\":\"Accueil\",\"item\":\"https:\/\/www.leprojecteurguinee.com\/\"},{\"@type\":\"ListItem\",\"position\":2,\"name\":\"Deux cadres du Sily seront indisponibles face \u00e0 la Guin\u00e9e \u00e9quatoriale\"}]},{\"@type\":\"WebSite\",\"@id\":\"https:\/\/www.leprojecteurguinee.com\/#website\",\"url\":\"https:\/\/www.leprojecteurguinee.com\/\",\"name\":\"leprojecteurguinee\",\"description\":\"Nous luttons contre les pratiques obscures\",\"potentialAction\":[{\"@type\":\"SearchAction\",\"target\":{\"@type\":\"EntryPoint\",\"urlTemplate\":\"https:\/\/www.leprojecteurguinee.com\/?s={search_term_string}\"},\"query-input\":{\"@type\":\"PropertyValueSpecification\",\"valueRequired\":true,\"valueName\":\"search_term_string\"}}],\"inLanguage\":\"fr-FR\"},{\"@type\":\"Person\",\"@id\":\"https:\/\/www.leprojecteurguinee.com\/#\/schema\/person\/389671d1a3f0c66e6c91c4a765990c1b\",\"name\":\"Leprojecteurguinee\",\"image\":{\"@type\":\"ImageObject\",\"inLanguage\":\"fr-FR\",\"@id\":\"https:\/\/www.leprojecteurguinee.com\/#\/schema\/person\/image\/\",\"url\":\"https:\/\/secure.gravatar.com\/avatar\/c0faa0f472c43eff99fecb0bd2a1c6782e80a162c9fcb7ed2d48bb42ea619f30?s=96&d=mm&r=g\",\"contentUrl\":\"https:\/\/secure.gravatar.com\/avatar\/c0faa0f472c43eff99fecb0bd2a1c6782e80a162c9fcb7ed2d48bb42ea619f30?s=96&d=mm&r=g\",\"caption\":\"Leprojecteurguinee\"},\"sameAs\":[\"https:\/\/www.leprojecteurguinee.com\"],\"url\":\"https:\/\/www.leprojecteurguinee.com\/index.php\/author\/madame\/\"}]}<\/script>\n<!-- \/ Yoast SEO plugin. -->","yoast_head_json":{"title":"Deux cadres du Sily seront indisponibles face \u00e0 la Guin\u00e9e \u00e9quatoriale - leprojecteurguinee","robots":{"index":"index","follow":"follow","max-snippet":"max-snippet:-1","max-image-preview":"max-image-preview:large","max-video-preview":"max-video-preview:-1"},"canonical":"https:\/\/www.leprojecteurguinee.com\/index.php\/2024\/01\/27\/deux-cadres-du-sily-seront-indisponibles-face-a-la-guinee-equatoriale\/","og_locale":"fr_FR","og_type":"article","og_title":"Deux cadres du Sily seront indisponibles face \u00e0 la Guin\u00e9e \u00e9quatoriale - leprojecteurguinee","og_description":"Le Sily national de Guin\u00e9e joue ce dimanche contre la Guin\u00e9e \u00e9quatoriale dans le cadre des matchs du 8\u00e8me de finale de la coupe d\u2019Afrique des nations. Pour ce match, deux joueurs cadres du Sily National ont d\u00e9clar\u00e9s forfaits pour le match, pr\u00e9vu ce dimanche 28 janvier. Moriba Kourouma et Abdoulaye Tour\u00e9, deux milieux de [&hellip;]","og_url":"https:\/\/www.leprojecteurguinee.com\/index.php\/2024\/01\/27\/deux-cadres-du-sily-seront-indisponibles-face-a-la-guinee-equatoriale\/","og_site_name":"leprojecteurguinee","article_published_time":"2024-01-27T15:02:58+00:00","article_modified_time":"2024-01-27T15:03:02+00:00","og_image":[{"width":719,"height":359,"url":"https:\/\/www.leprojecteurguinee.com\/wp-content\/uploads\/2024\/01\/WhatsApp-Image-2024-01-27-at-15.00.50.jpeg","type":"image\/jpeg"}],"author":"Leprojecteurguinee","twitter_card":"summary_large_image","twitter_misc":{"\u00c9crit par":"Leprojecteurguinee","Dur\u00e9e de lecture estim\u00e9e":"1 minute"},"schema":{"@context":"https:\/\/schema.org","@graph":[{"@type":"Article","@id":"https:\/\/www.leprojecteurguinee.com\/index.php\/2024\/01\/27\/deux-cadres-du-sily-seront-indisponibles-face-a-la-guinee-equatoriale\/#article","isPartOf":{"@id":"https:\/\/www.leprojecteurguinee.com\/index.php\/2024\/01\/27\/deux-cadres-du-sily-seront-indisponibles-face-a-la-guinee-equatoriale\/"},"author":{"name":"Leprojecteurguinee","@id":"https:\/\/www.leprojecteurguinee.com\/#\/schema\/person\/389671d1a3f0c66e6c91c4a765990c1b"},"headline":"Deux cadres du Sily seront indisponibles face \u00e0 la Guin\u00e9e \u00e9quatoriale","datePublished":"2024-01-27T15:02:58+00:00","dateModified":"2024-01-27T15:03:02+00:00","mainEntityOfPage":{"@id":"https:\/\/www.leprojecteurguinee.com\/index.php\/2024\/01\/27\/deux-cadres-du-sily-seront-indisponibles-face-a-la-guinee-equatoriale\/"},"wordCount":134,"commentCount":0,"image":{"@id":"https:\/\/www.leprojecteurguinee.com\/index.php\/2024\/01\/27\/deux-cadres-du-sily-seront-indisponibles-face-a-la-guinee-equatoriale\/#primaryimage"},"thumbnailUrl":"https:\/\/www.leprojecteurguinee.com\/wp-content\/uploads\/2024\/01\/WhatsApp-Image-2024-01-27-at-15.00.50.jpeg","keywords":["Can Total \u00c9nergie 2023","Sily"],"articleSection":["Sport"],"inLanguage":"fr-FR","potentialAction":[{"@type":"CommentAction","name":"Comment","target":["https:\/\/www.leprojecteurguinee.com\/index.php\/2024\/01\/27\/deux-cadres-du-sily-seront-indisponibles-face-a-la-guinee-equatoriale\/#respond"]}]},{"@type":"WebPage","@id":"https:\/\/www.leprojecteurguinee.com\/index.php\/2024\/01\/27\/deux-cadres-du-sily-seront-indisponibles-face-a-la-guinee-equatoriale\/","url":"https:\/\/www.leprojecteurguinee.com\/index.php\/2024\/01\/27\/deux-cadres-du-sily-seront-indisponibles-face-a-la-guinee-equatoriale\/","name":"Deux cadres du Sily seront indisponibles face \u00e0 la Guin\u00e9e \u00e9quatoriale - leprojecteurguinee","isPartOf":{"@id":"https:\/\/www.leprojecteurguinee.com\/#website"},"primaryImageOfPage":{"@id":"https:\/\/www.leprojecteurguinee.com\/index.php\/2024\/01\/27\/deux-cadres-du-sily-seront-indisponibles-face-a-la-guinee-equatoriale\/#primaryimage"},"image":{"@id":"https:\/\/www.leprojecteurguinee.com\/index.php\/2024\/01\/27\/deux-cadres-du-sily-seront-indisponibles-face-a-la-guinee-equatoriale\/#primaryimage"},"thumbnailUrl":"https:\/\/www.leprojecteurguinee.com\/wp-content\/uploads\/2024\/01\/WhatsApp-Image-2024-01-27-at-15.00.50.jpeg","datePublished":"2024-01-27T15:02:58+00:00","dateModified":"2024-01-27T15:03:02+00:00","author":{"@id":"https:\/\/www.leprojecteurguinee.com\/#\/schema\/person\/389671d1a3f0c66e6c91c4a765990c1b"},"breadcrumb":{"@id":"https:\/\/www.leprojecteurguinee.com\/index.php\/2024\/01\/27\/deux-cadres-du-sily-seront-indisponibles-face-a-la-guinee-equatoriale\/#breadcrumb"},"inLanguage":"fr-FR","potentialAction":[{"@type":"ReadAction","target":["https:\/\/www.leprojecteurguinee.com\/index.php\/2024\/01\/27\/deux-cadres-du-sily-seront-indisponibles-face-a-la-guinee-equatoriale\/"]}]},{"@type":"ImageObject","inLanguage":"fr-FR","@id":"https:\/\/www.leprojecteurguinee.com\/index.php\/2024\/01\/27\/deux-cadres-du-sily-seront-indisponibles-face-a-la-guinee-equatoriale\/#primaryimage","url":"https:\/\/www.leprojecteurguinee.com\/wp-content\/uploads\/2024\/01\/WhatsApp-Image-2024-01-27-at-15.00.50.jpeg","contentUrl":"https:\/\/www.leprojecteurguinee.com\/wp-content\/uploads\/2024\/01\/WhatsApp-Image-2024-01-27-at-15.00.50.jpeg","width":719,"height":359},{"@type":"BreadcrumbList","@id":"https:\/\/www.leprojecteurguinee.com\/index.php\/2024\/01\/27\/deux-cadres-du-sily-seront-indisponibles-face-a-la-guinee-equatoriale\/#breadcrumb","itemListElement":[{"@type":"ListItem","position":1,"name":"Accueil","item":"https:\/\/www.leprojecteurguinee.com\/"},{"@type":"ListItem","position":2,"name":"Deux cadres du Sily seront indisponibles face \u00e0 la Guin\u00e9e \u00e9quatoriale"}]},{"@type":"WebSite","@id":"https:\/\/www.leprojecteurguinee.com\/#website","url":"https:\/\/www.leprojecteurguinee.com\/","name":"leprojecteurguinee","description":"Nous luttons contre les pratiques obscures","potentialAction":[{"@type":"SearchAction","target":{"@type":"EntryPoint","urlTemplate":"https:\/\/www.leprojecteurguinee.com\/?s={search_term_string}"},"query-input":{"@type":"PropertyValueSpecification","valueRequired":true,"valueName":"search_term_string"}}],"inLanguage":"fr-FR"},{"@type":"Person","@id":"https:\/\/www.leprojecteurguinee.com\/#\/schema\/person\/389671d1a3f0c66e6c91c4a765990c1b","name":"Leprojecteurguinee","image":{"@type":"ImageObject","inLanguage":"fr-FR","@id":"https:\/\/www.leprojecteurguinee.com\/#\/schema\/person\/image\/","url":"https:\/\/secure.gravatar.com\/avatar\/c0faa0f472c43eff99fecb0bd2a1c6782e80a162c9fcb7ed2d48bb42ea619f30?s=96&d=mm&r=g","contentUrl":"https:\/\/secure.gravatar.com\/avatar\/c0faa0f472c43eff99fecb0bd2a1c6782e80a162c9fcb7ed2d48bb42ea619f30?s=96&d=mm&r=g","caption":"Leprojecteurguinee"},"sameAs":["https:\/\/www.leprojecteurguinee.com"],"url":"https:\/\/www.leprojecteurguinee.com\/index.php\/author\/madame\/"}]}},"_links":{"self":[{"href":"https:\/\/www.leprojecteurguinee.com\/index.php\/wp-json\/wp\/v2\/posts\/2439","targetHints":{"allow":["GET"]}}],"collection":[{"href":"https:\/\/www.leprojecteurguinee.com\/index.php\/wp-json\/wp\/v2\/posts"}],"about":[{"href":"https:\/\/www.leprojecteurguinee.com\/index.php\/wp-json\/wp\/v2\/types\/post"}],"author":[{"embeddable":true,"href":"https:\/\/www.leprojecteurguinee.com\/index.php\/wp-json\/wp\/v2\/users\/1"}],"replies":[{"embeddable":true,"href":"https:\/\/www.leprojecteurguinee.com\/index.php\/wp-json\/wp\/v2\/comments?post=2439"}],"version-history":[{"count":0,"href":"https:\/\/www.leprojecteurguinee.com\/index.php\/wp-json\/wp\/v2\/posts\/2439\/revisions"}],"wp:featuredmedia":[{"embeddable":true,"href":"https:\/\/www.leprojecteurguinee.com\/index.php\/wp-json\/wp\/v2\/media\/2440"}],"wp:attachment":[{"href":"https:\/\/www.leprojecteurguinee.com\/index.php\/wp-json\/wp\/v2\/media?parent=2439"}],"wp:term":[{"taxonomy":"category","embeddable":true,"href":"https:\/\/www.leprojecteurguinee.com\/index.php\/wp-json\/wp\/v2\/categories?post=2439"},{"taxonomy":"post_tag","embeddable":true,"href":"https:\/\/www.leprojecteurguinee.com\/index.php\/wp-json\/wp\/v2\/tags?post=2439"}],"curies":[{"name":"wp","href":"https:\/\/api.w.org\/{rel}","templated":true}]}}