{"id":2405,"date":"2024-01-25T11:40:28","date_gmt":"2024-01-25T10:40:28","guid":{"rendered":"https:\/\/www.leprojecteurguinee.com\/?p=2405"},"modified":"2024-01-25T11:40:31","modified_gmt":"2024-01-25T10:40:31","slug":"les-forces-vives-de-guinee-denoncent-la-mise-en-place-des-delegations-speciales","status":"publish","type":"post","link":"https:\/\/www.leprojecteurguinee.com\/index.php\/2024\/01\/25\/les-forces-vives-de-guinee-denoncent-la-mise-en-place-des-delegations-speciales\/","title":{"rendered":"Les Forces Vives de Guin\u00e9e d\u00e9noncent la mise en place des d\u00e9l\u00e9gations sp\u00e9ciales."},"content":{"rendered":"\n<p>DECLARATION DES FORCES VIVES DE GUIN\u00c9E (FVG)<\/p>\n\n\n\n<p>les Forces Vives de Guin\u00e9e (FVG) attirent l\u2019attention de l\u2019opinion nationale et internationale sur les man\u0153uvres du CNRD qui portent gravement atteinte au droit des citoyens de choisir librement les dirigeants de leurs collectivit\u00e9s.<\/p>\n\n\n\n<p>En effet, les d\u00e9cisions de la junte d\u2019installer des D\u00e9l\u00e9gations sp\u00e9ciales, en lieu et place des Conseils communaux d\u00e9mocratiquement \u00e9lus, dans toutes les communes, et de faire nommer tous les Chefs de districts et de quartiers par les gouverneurs, violent le Code des collectivit\u00e9s locales de notre pays qui reconna\u00eet \u00e0 celles-ci le droit de s\u2019administrer librement.<\/p>\n\n\n\n<p>Ces d\u00e9cisions inopportunes, les \u00e9lections locales \u00e9tant pr\u00e9vues cette ann\u00e9e, proc\u00e8dent de la volont\u00e9 de la junte de se substituer aux citoyens pour administrer directement les collectivit\u00e9s en violation des r\u00e8gles et principes de la d\u00e9centralisation consacr\u00e9s par nos textes de lois.<\/p>\n\n\n\n<p>Le Code des collectivit\u00e9s locales dispose en effet en son article 100 que le Conseil communal ne peut \u00eatre dissout qu\u2019en vertu de l\u2019article 80 de la m\u00eame loi. Or, cet article 80 est clair : \u00ab Le Conseil d\u2019une collectivit\u00e9 locale dont le tiers au moins des membres ont \u00e9t\u00e9 reconnus coupables par le Tribunal de premi\u00e8re instance d\u2019avoir commis des crimes ou d\u00e9lits peut \u00eatre dissout sur proposition du Ministre en charge des collectivit\u00e9s locales. La dissolution est prononc\u00e9e par D\u00e9cret du Pr\u00e9sident de la R\u00e9publique\u2026 \u00bb<\/p>\n\n\n\n<p>Les Forces Vives de Guin\u00e9e d\u00e9noncent et condamnent \u00e9nergiquement ces man\u0153uvres ill\u00e9gales qui violent une loi organique de la R\u00e9publique et qui portent gravement atteinte aux droits des \u00e9lus locaux et des citoyens Guin\u00e9ens. Une infamie de plus apr\u00e8s celles du mus\u00e8lement des libert\u00e9s d\u2019expression et d\u2019interdiction de manifester.<\/p>\n\n\n\n<p>La junte doit comprendre que le temps de l\u2019autoritarisme est un temps du pass\u00e9 que les Guin\u00e9ens n\u2019accepteront plus de revivre.<\/p>\n\n\n\n<p>Les Forces Vives de Guin\u00e9e invitent tous les citoyens \u00e9pris de d\u00e9mocratie et de justice \u00e0 se mobiliser pour combattre avec la plus grande fermet\u00e9 la dictature rampante qui est entrain de confisquer syst\u00e9matiquement nos droits et libert\u00e9s et de remettre en cause les acquis d\u00e9mocratiques de notre peuple.<\/p>\n\n\n\n<p>Ensemble unis et solidaires, nous vaincrons !<\/p>\n\n\n\n<p>Conakry, le 25 janvier 2024<\/p>\n","protected":false},"excerpt":{"rendered":"<p>DECLARATION DES FORCES VIVES DE GUIN\u00c9E (FVG) les Forces Vives de Guin\u00e9e (FVG) attirent l\u2019attention de l\u2019opinion nationale et internationale sur les man\u0153uvres du CNRD qui portent gravement atteinte au droit des citoyens de choisir librement les dirigeants de leurs collectivit\u00e9s. En effet, les d\u00e9cisions de la junte d\u2019installer des D\u00e9l\u00e9gations sp\u00e9ciales, en lieu et [&hellip;]<\/p>\n","protected":false},"author":1,"featured_media":2406,"comment_status":"open","ping_status":"open","sticky":true,"template":"","format":"standard","meta":{"footnotes":""},"categories":[80],"tags":[276,101],"class_list":["post-2405","post","type-post","status-publish","format-standard","has-post-thumbnail","hentry","category-politique","tag-rpg-arc-en-ciel","tag-ufdg"],"yoast_head":"<!-- This site is optimized with the Yoast SEO plugin v26.8 - https:\/\/yoast.com\/product\/yoast-seo-wordpress\/ -->\n<title>Les Forces Vives de Guin\u00e9e d\u00e9noncent la mise en place des d\u00e9l\u00e9gations sp\u00e9ciales. - leprojecteurguinee<\/title>\n<meta name=\"robots\" content=\"index, follow, max-snippet:-1, max-image-preview:large, max-video-preview:-1\" \/>\n<link rel=\"canonical\" href=\"https:\/\/www.leprojecteurguinee.com\/index.php\/2024\/01\/25\/les-forces-vives-de-guinee-denoncent-la-mise-en-place-des-delegations-speciales\/\" \/>\n<meta property=\"og:locale\" content=\"fr_FR\" \/>\n<meta property=\"og:type\" content=\"article\" \/>\n<meta property=\"og:title\" content=\"Les Forces Vives de Guin\u00e9e d\u00e9noncent la mise en place des d\u00e9l\u00e9gations sp\u00e9ciales. - leprojecteurguinee\" \/>\n<meta property=\"og:description\" content=\"DECLARATION DES FORCES VIVES DE GUIN\u00c9E (FVG) les Forces Vives de Guin\u00e9e (FVG) attirent l\u2019attention de l\u2019opinion nationale et internationale sur les man\u0153uvres du CNRD qui portent gravement atteinte au droit des citoyens de choisir librement les dirigeants de leurs collectivit\u00e9s. En effet, les d\u00e9cisions de la junte d\u2019installer des D\u00e9l\u00e9gations sp\u00e9ciales, en lieu et [&hellip;]\" \/>\n<meta property=\"og:url\" content=\"https:\/\/www.leprojecteurguinee.com\/index.php\/2024\/01\/25\/les-forces-vives-de-guinee-denoncent-la-mise-en-place-des-delegations-speciales\/\" \/>\n<meta property=\"og:site_name\" content=\"leprojecteurguinee\" \/>\n<meta property=\"article:published_time\" content=\"2024-01-25T10:40:28+00:00\" \/>\n<meta property=\"article:modified_time\" content=\"2024-01-25T10:40:31+00:00\" \/>\n<meta property=\"og:image\" content=\"https:\/\/www.leprojecteurguinee.com\/wp-content\/uploads\/2024\/01\/WhatsApp-Image-2024-01-25-at-10.38.42.jpeg\" \/>\n\t<meta property=\"og:image:width\" content=\"715\" \/>\n\t<meta property=\"og:image:height\" content=\"524\" \/>\n\t<meta property=\"og:image:type\" content=\"image\/jpeg\" \/>\n<meta name=\"author\" content=\"Leprojecteurguinee\" \/>\n<meta name=\"twitter:card\" content=\"summary_large_image\" \/>\n<meta name=\"twitter:label1\" content=\"\u00c9crit par\" \/>\n\t<meta name=\"twitter:data1\" content=\"Leprojecteurguinee\" \/>\n\t<meta name=\"twitter:label2\" content=\"Dur\u00e9e de lecture estim\u00e9e\" \/>\n\t<meta name=\"twitter:data2\" content=\"2 minutes\" \/>\n<script type=\"application\/ld+json\" class=\"yoast-schema-graph\">{\"@context\":\"https:\/\/schema.org\",\"@graph\":[{\"@type\":\"Article\",\"@id\":\"https:\/\/www.leprojecteurguinee.com\/index.php\/2024\/01\/25\/les-forces-vives-de-guinee-denoncent-la-mise-en-place-des-delegations-speciales\/#article\",\"isPartOf\":{\"@id\":\"https:\/\/www.leprojecteurguinee.com\/index.php\/2024\/01\/25\/les-forces-vives-de-guinee-denoncent-la-mise-en-place-des-delegations-speciales\/\"},\"author\":{\"name\":\"Leprojecteurguinee\",\"@id\":\"https:\/\/www.leprojecteurguinee.com\/#\/schema\/person\/389671d1a3f0c66e6c91c4a765990c1b\"},\"headline\":\"Les Forces Vives de Guin\u00e9e d\u00e9noncent la mise en place des d\u00e9l\u00e9gations sp\u00e9ciales.\",\"datePublished\":\"2024-01-25T10:40:28+00:00\",\"dateModified\":\"2024-01-25T10:40:31+00:00\",\"mainEntityOfPage\":{\"@id\":\"https:\/\/www.leprojecteurguinee.com\/index.php\/2024\/01\/25\/les-forces-vives-de-guinee-denoncent-la-mise-en-place-des-delegations-speciales\/\"},\"wordCount\":422,\"commentCount\":0,\"image\":{\"@id\":\"https:\/\/www.leprojecteurguinee.com\/index.php\/2024\/01\/25\/les-forces-vives-de-guinee-denoncent-la-mise-en-place-des-delegations-speciales\/#primaryimage\"},\"thumbnailUrl\":\"https:\/\/www.leprojecteurguinee.com\/wp-content\/uploads\/2024\/01\/WhatsApp-Image-2024-01-25-at-10.38.42.jpeg\",\"keywords\":[\"RPG arc-en-ciel\",\"UFDG\"],\"articleSection\":[\"Politique\"],\"inLanguage\":\"fr-FR\",\"potentialAction\":[{\"@type\":\"CommentAction\",\"name\":\"Comment\",\"target\":[\"https:\/\/www.leprojecteurguinee.com\/index.php\/2024\/01\/25\/les-forces-vives-de-guinee-denoncent-la-mise-en-place-des-delegations-speciales\/#respond\"]}]},{\"@type\":\"WebPage\",\"@id\":\"https:\/\/www.leprojecteurguinee.com\/index.php\/2024\/01\/25\/les-forces-vives-de-guinee-denoncent-la-mise-en-place-des-delegations-speciales\/\",\"url\":\"https:\/\/www.leprojecteurguinee.com\/index.php\/2024\/01\/25\/les-forces-vives-de-guinee-denoncent-la-mise-en-place-des-delegations-speciales\/\",\"name\":\"Les Forces Vives de Guin\u00e9e d\u00e9noncent la mise en place des d\u00e9l\u00e9gations sp\u00e9ciales. - leprojecteurguinee\",\"isPartOf\":{\"@id\":\"https:\/\/www.leprojecteurguinee.com\/#website\"},\"primaryImageOfPage\":{\"@id\":\"https:\/\/www.leprojecteurguinee.com\/index.php\/2024\/01\/25\/les-forces-vives-de-guinee-denoncent-la-mise-en-place-des-delegations-speciales\/#primaryimage\"},\"image\":{\"@id\":\"https:\/\/www.leprojecteurguinee.com\/index.php\/2024\/01\/25\/les-forces-vives-de-guinee-denoncent-la-mise-en-place-des-delegations-speciales\/#primaryimage\"},\"thumbnailUrl\":\"https:\/\/www.leprojecteurguinee.com\/wp-content\/uploads\/2024\/01\/WhatsApp-Image-2024-01-25-at-10.38.42.jpeg\",\"datePublished\":\"2024-01-25T10:40:28+00:00\",\"dateModified\":\"2024-01-25T10:40:31+00:00\",\"author\":{\"@id\":\"https:\/\/www.leprojecteurguinee.com\/#\/schema\/person\/389671d1a3f0c66e6c91c4a765990c1b\"},\"breadcrumb\":{\"@id\":\"https:\/\/www.leprojecteurguinee.com\/index.php\/2024\/01\/25\/les-forces-vives-de-guinee-denoncent-la-mise-en-place-des-delegations-speciales\/#breadcrumb\"},\"inLanguage\":\"fr-FR\",\"potentialAction\":[{\"@type\":\"ReadAction\",\"target\":[\"https:\/\/www.leprojecteurguinee.com\/index.php\/2024\/01\/25\/les-forces-vives-de-guinee-denoncent-la-mise-en-place-des-delegations-speciales\/\"]}]},{\"@type\":\"ImageObject\",\"inLanguage\":\"fr-FR\",\"@id\":\"https:\/\/www.leprojecteurguinee.com\/index.php\/2024\/01\/25\/les-forces-vives-de-guinee-denoncent-la-mise-en-place-des-delegations-speciales\/#primaryimage\",\"url\":\"https:\/\/www.leprojecteurguinee.com\/wp-content\/uploads\/2024\/01\/WhatsApp-Image-2024-01-25-at-10.38.42.jpeg\",\"contentUrl\":\"https:\/\/www.leprojecteurguinee.com\/wp-content\/uploads\/2024\/01\/WhatsApp-Image-2024-01-25-at-10.38.42.jpeg\",\"width\":715,\"height\":524},{\"@type\":\"BreadcrumbList\",\"@id\":\"https:\/\/www.leprojecteurguinee.com\/index.php\/2024\/01\/25\/les-forces-vives-de-guinee-denoncent-la-mise-en-place-des-delegations-speciales\/#breadcrumb\",\"itemListElement\":[{\"@type\":\"ListItem\",\"position\":1,\"name\":\"Accueil\",\"item\":\"https:\/\/www.leprojecteurguinee.com\/\"},{\"@type\":\"ListItem\",\"position\":2,\"name\":\"Les Forces Vives de Guin\u00e9e d\u00e9noncent la mise en place des d\u00e9l\u00e9gations sp\u00e9ciales.\"}]},{\"@type\":\"WebSite\",\"@id\":\"https:\/\/www.leprojecteurguinee.com\/#website\",\"url\":\"https:\/\/www.leprojecteurguinee.com\/\",\"name\":\"leprojecteurguinee\",\"description\":\"Nous luttons contre les pratiques obscures\",\"potentialAction\":[{\"@type\":\"SearchAction\",\"target\":{\"@type\":\"EntryPoint\",\"urlTemplate\":\"https:\/\/www.leprojecteurguinee.com\/?s={search_term_string}\"},\"query-input\":{\"@type\":\"PropertyValueSpecification\",\"valueRequired\":true,\"valueName\":\"search_term_string\"}}],\"inLanguage\":\"fr-FR\"},{\"@type\":\"Person\",\"@id\":\"https:\/\/www.leprojecteurguinee.com\/#\/schema\/person\/389671d1a3f0c66e6c91c4a765990c1b\",\"name\":\"Leprojecteurguinee\",\"image\":{\"@type\":\"ImageObject\",\"inLanguage\":\"fr-FR\",\"@id\":\"https:\/\/www.leprojecteurguinee.com\/#\/schema\/person\/image\/\",\"url\":\"https:\/\/secure.gravatar.com\/avatar\/c0faa0f472c43eff99fecb0bd2a1c6782e80a162c9fcb7ed2d48bb42ea619f30?s=96&d=mm&r=g\",\"contentUrl\":\"https:\/\/secure.gravatar.com\/avatar\/c0faa0f472c43eff99fecb0bd2a1c6782e80a162c9fcb7ed2d48bb42ea619f30?s=96&d=mm&r=g\",\"caption\":\"Leprojecteurguinee\"},\"sameAs\":[\"https:\/\/www.leprojecteurguinee.com\"],\"url\":\"https:\/\/www.leprojecteurguinee.com\/index.php\/author\/madame\/\"}]}<\/script>\n<!-- \/ Yoast SEO plugin. -->","yoast_head_json":{"title":"Les Forces Vives de Guin\u00e9e d\u00e9noncent la mise en place des d\u00e9l\u00e9gations sp\u00e9ciales. - leprojecteurguinee","robots":{"index":"index","follow":"follow","max-snippet":"max-snippet:-1","max-image-preview":"max-image-preview:large","max-video-preview":"max-video-preview:-1"},"canonical":"https:\/\/www.leprojecteurguinee.com\/index.php\/2024\/01\/25\/les-forces-vives-de-guinee-denoncent-la-mise-en-place-des-delegations-speciales\/","og_locale":"fr_FR","og_type":"article","og_title":"Les Forces Vives de Guin\u00e9e d\u00e9noncent la mise en place des d\u00e9l\u00e9gations sp\u00e9ciales. - leprojecteurguinee","og_description":"DECLARATION DES FORCES VIVES DE GUIN\u00c9E (FVG) les Forces Vives de Guin\u00e9e (FVG) attirent l\u2019attention de l\u2019opinion nationale et internationale sur les man\u0153uvres du CNRD qui portent gravement atteinte au droit des citoyens de choisir librement les dirigeants de leurs collectivit\u00e9s. En effet, les d\u00e9cisions de la junte d\u2019installer des D\u00e9l\u00e9gations sp\u00e9ciales, en lieu et [&hellip;]","og_url":"https:\/\/www.leprojecteurguinee.com\/index.php\/2024\/01\/25\/les-forces-vives-de-guinee-denoncent-la-mise-en-place-des-delegations-speciales\/","og_site_name":"leprojecteurguinee","article_published_time":"2024-01-25T10:40:28+00:00","article_modified_time":"2024-01-25T10:40:31+00:00","og_image":[{"width":715,"height":524,"url":"https:\/\/www.leprojecteurguinee.com\/wp-content\/uploads\/2024\/01\/WhatsApp-Image-2024-01-25-at-10.38.42.jpeg","type":"image\/jpeg"}],"author":"Leprojecteurguinee","twitter_card":"summary_large_image","twitter_misc":{"\u00c9crit par":"Leprojecteurguinee","Dur\u00e9e de lecture estim\u00e9e":"2 minutes"},"schema":{"@context":"https:\/\/schema.org","@graph":[{"@type":"Article","@id":"https:\/\/www.leprojecteurguinee.com\/index.php\/2024\/01\/25\/les-forces-vives-de-guinee-denoncent-la-mise-en-place-des-delegations-speciales\/#article","isPartOf":{"@id":"https:\/\/www.leprojecteurguinee.com\/index.php\/2024\/01\/25\/les-forces-vives-de-guinee-denoncent-la-mise-en-place-des-delegations-speciales\/"},"author":{"name":"Leprojecteurguinee","@id":"https:\/\/www.leprojecteurguinee.com\/#\/schema\/person\/389671d1a3f0c66e6c91c4a765990c1b"},"headline":"Les Forces Vives de Guin\u00e9e d\u00e9noncent la mise en place des d\u00e9l\u00e9gations sp\u00e9ciales.","datePublished":"2024-01-25T10:40:28+00:00","dateModified":"2024-01-25T10:40:31+00:00","mainEntityOfPage":{"@id":"https:\/\/www.leprojecteurguinee.com\/index.php\/2024\/01\/25\/les-forces-vives-de-guinee-denoncent-la-mise-en-place-des-delegations-speciales\/"},"wordCount":422,"commentCount":0,"image":{"@id":"https:\/\/www.leprojecteurguinee.com\/index.php\/2024\/01\/25\/les-forces-vives-de-guinee-denoncent-la-mise-en-place-des-delegations-speciales\/#primaryimage"},"thumbnailUrl":"https:\/\/www.leprojecteurguinee.com\/wp-content\/uploads\/2024\/01\/WhatsApp-Image-2024-01-25-at-10.38.42.jpeg","keywords":["RPG arc-en-ciel","UFDG"],"articleSection":["Politique"],"inLanguage":"fr-FR","potentialAction":[{"@type":"CommentAction","name":"Comment","target":["https:\/\/www.leprojecteurguinee.com\/index.php\/2024\/01\/25\/les-forces-vives-de-guinee-denoncent-la-mise-en-place-des-delegations-speciales\/#respond"]}]},{"@type":"WebPage","@id":"https:\/\/www.leprojecteurguinee.com\/index.php\/2024\/01\/25\/les-forces-vives-de-guinee-denoncent-la-mise-en-place-des-delegations-speciales\/","url":"https:\/\/www.leprojecteurguinee.com\/index.php\/2024\/01\/25\/les-forces-vives-de-guinee-denoncent-la-mise-en-place-des-delegations-speciales\/","name":"Les Forces Vives de Guin\u00e9e d\u00e9noncent la mise en place des d\u00e9l\u00e9gations sp\u00e9ciales. - leprojecteurguinee","isPartOf":{"@id":"https:\/\/www.leprojecteurguinee.com\/#website"},"primaryImageOfPage":{"@id":"https:\/\/www.leprojecteurguinee.com\/index.php\/2024\/01\/25\/les-forces-vives-de-guinee-denoncent-la-mise-en-place-des-delegations-speciales\/#primaryimage"},"image":{"@id":"https:\/\/www.leprojecteurguinee.com\/index.php\/2024\/01\/25\/les-forces-vives-de-guinee-denoncent-la-mise-en-place-des-delegations-speciales\/#primaryimage"},"thumbnailUrl":"https:\/\/www.leprojecteurguinee.com\/wp-content\/uploads\/2024\/01\/WhatsApp-Image-2024-01-25-at-10.38.42.jpeg","datePublished":"2024-01-25T10:40:28+00:00","dateModified":"2024-01-25T10:40:31+00:00","author":{"@id":"https:\/\/www.leprojecteurguinee.com\/#\/schema\/person\/389671d1a3f0c66e6c91c4a765990c1b"},"breadcrumb":{"@id":"https:\/\/www.leprojecteurguinee.com\/index.php\/2024\/01\/25\/les-forces-vives-de-guinee-denoncent-la-mise-en-place-des-delegations-speciales\/#breadcrumb"},"inLanguage":"fr-FR","potentialAction":[{"@type":"ReadAction","target":["https:\/\/www.leprojecteurguinee.com\/index.php\/2024\/01\/25\/les-forces-vives-de-guinee-denoncent-la-mise-en-place-des-delegations-speciales\/"]}]},{"@type":"ImageObject","inLanguage":"fr-FR","@id":"https:\/\/www.leprojecteurguinee.com\/index.php\/2024\/01\/25\/les-forces-vives-de-guinee-denoncent-la-mise-en-place-des-delegations-speciales\/#primaryimage","url":"https:\/\/www.leprojecteurguinee.com\/wp-content\/uploads\/2024\/01\/WhatsApp-Image-2024-01-25-at-10.38.42.jpeg","contentUrl":"https:\/\/www.leprojecteurguinee.com\/wp-content\/uploads\/2024\/01\/WhatsApp-Image-2024-01-25-at-10.38.42.jpeg","width":715,"height":524},{"@type":"BreadcrumbList","@id":"https:\/\/www.leprojecteurguinee.com\/index.php\/2024\/01\/25\/les-forces-vives-de-guinee-denoncent-la-mise-en-place-des-delegations-speciales\/#breadcrumb","itemListElement":[{"@type":"ListItem","position":1,"name":"Accueil","item":"https:\/\/www.leprojecteurguinee.com\/"},{"@type":"ListItem","position":2,"name":"Les Forces Vives de Guin\u00e9e d\u00e9noncent la mise en place des d\u00e9l\u00e9gations sp\u00e9ciales."}]},{"@type":"WebSite","@id":"https:\/\/www.leprojecteurguinee.com\/#website","url":"https:\/\/www.leprojecteurguinee.com\/","name":"leprojecteurguinee","description":"Nous luttons contre les pratiques obscures","potentialAction":[{"@type":"SearchAction","target":{"@type":"EntryPoint","urlTemplate":"https:\/\/www.leprojecteurguinee.com\/?s={search_term_string}"},"query-input":{"@type":"PropertyValueSpecification","valueRequired":true,"valueName":"search_term_string"}}],"inLanguage":"fr-FR"},{"@type":"Person","@id":"https:\/\/www.leprojecteurguinee.com\/#\/schema\/person\/389671d1a3f0c66e6c91c4a765990c1b","name":"Leprojecteurguinee","image":{"@type":"ImageObject","inLanguage":"fr-FR","@id":"https:\/\/www.leprojecteurguinee.com\/#\/schema\/person\/image\/","url":"https:\/\/secure.gravatar.com\/avatar\/c0faa0f472c43eff99fecb0bd2a1c6782e80a162c9fcb7ed2d48bb42ea619f30?s=96&d=mm&r=g","contentUrl":"https:\/\/secure.gravatar.com\/avatar\/c0faa0f472c43eff99fecb0bd2a1c6782e80a162c9fcb7ed2d48bb42ea619f30?s=96&d=mm&r=g","caption":"Leprojecteurguinee"},"sameAs":["https:\/\/www.leprojecteurguinee.com"],"url":"https:\/\/www.leprojecteurguinee.com\/index.php\/author\/madame\/"}]}},"_links":{"self":[{"href":"https:\/\/www.leprojecteurguinee.com\/index.php\/wp-json\/wp\/v2\/posts\/2405","targetHints":{"allow":["GET"]}}],"collection":[{"href":"https:\/\/www.leprojecteurguinee.com\/index.php\/wp-json\/wp\/v2\/posts"}],"about":[{"href":"https:\/\/www.leprojecteurguinee.com\/index.php\/wp-json\/wp\/v2\/types\/post"}],"author":[{"embeddable":true,"href":"https:\/\/www.leprojecteurguinee.com\/index.php\/wp-json\/wp\/v2\/users\/1"}],"replies":[{"embeddable":true,"href":"https:\/\/www.leprojecteurguinee.com\/index.php\/wp-json\/wp\/v2\/comments?post=2405"}],"version-history":[{"count":0,"href":"https:\/\/www.leprojecteurguinee.com\/index.php\/wp-json\/wp\/v2\/posts\/2405\/revisions"}],"wp:featuredmedia":[{"embeddable":true,"href":"https:\/\/www.leprojecteurguinee.com\/index.php\/wp-json\/wp\/v2\/media\/2406"}],"wp:attachment":[{"href":"https:\/\/www.leprojecteurguinee.com\/index.php\/wp-json\/wp\/v2\/media?parent=2405"}],"wp:term":[{"taxonomy":"category","embeddable":true,"href":"https:\/\/www.leprojecteurguinee.com\/index.php\/wp-json\/wp\/v2\/categories?post=2405"},{"taxonomy":"post_tag","embeddable":true,"href":"https:\/\/www.leprojecteurguinee.com\/index.php\/wp-json\/wp\/v2\/tags?post=2405"}],"curies":[{"name":"wp","href":"https:\/\/api.w.org\/{rel}","templated":true}]}}