{"id":2395,"date":"2024-01-24T14:55:22","date_gmt":"2024-01-24T13:55:22","guid":{"rendered":"https:\/\/www.leprojecteurguinee.com\/?p=2395"},"modified":"2024-01-24T14:55:25","modified_gmt":"2024-01-24T13:55:25","slug":"can-le-sectionneur-jean-louis-gasset-a-ete-demis-de-ses-fonctions","status":"publish","type":"post","link":"https:\/\/www.leprojecteurguinee.com\/index.php\/2024\/01\/24\/can-le-sectionneur-jean-louis-gasset-a-ete-demis-de-ses-fonctions\/","title":{"rendered":"Can: le sectionneur Jean-Louis Gasset a \u00e9t\u00e9 d\u00e9mis de ses fonctions"},"content":{"rendered":"\n<p>Le s\u00e9lectionneur fran\u00e7ais de la C\u00f4te d\u2019Ivoire, Jean-Louis Gasset a \u00e9t\u00e9 d\u00e9mis de ses fonctions ce mercredi 24 janvier, deux jours apr\u00e8s l\u2019humiliation de son \u00e9quipe face \u00e0 la Guin\u00e9e \u00e9quatoriale. Il est remplac\u00e9 par l\u2019ancien international Emerse Fae.\u00a0Tr\u00e8s critiqu\u00e9 pour ses choix tactiques et les difficult\u00e9s de son \u00e9quipe, Jean-Louis Gasset, a finalement \u00e9t\u00e9 limog\u00e9, avec son adjoint Ghislain Printant, \u00ab\u00a0<em>pour r\u00e9sultats insuffisants<\/em>\u00bb, a annonc\u00e9 le communiqu\u00e9 de la F\u00e9d\u00e9ration Ivoirienne de football. M\u00eame si l&rsquo;espoir d&rsquo;une qualification en huiti\u00e8mes de finale demeure encore avant les derniers matches de la phase de poules, les autorit\u00e9s ivoiriennes n&rsquo;ont pas voulu attendre au vu de la pression populaire certainement<\/p>\n","protected":false},"excerpt":{"rendered":"<p>Le s\u00e9lectionneur fran\u00e7ais de la C\u00f4te d\u2019Ivoire, Jean-Louis Gasset a \u00e9t\u00e9 d\u00e9mis de ses fonctions ce mercredi 24 janvier, deux jours apr\u00e8s l\u2019humiliation de son \u00e9quipe face \u00e0 la Guin\u00e9e \u00e9quatoriale. Il est remplac\u00e9 par l\u2019ancien international Emerse Fae.\u00a0Tr\u00e8s critiqu\u00e9 pour ses choix tactiques et les difficult\u00e9s de son \u00e9quipe, Jean-Louis Gasset, a finalement \u00e9t\u00e9 [&hellip;]<\/p>\n","protected":false},"author":1,"featured_media":2396,"comment_status":"open","ping_status":"open","sticky":true,"template":"","format":"standard","meta":{"footnotes":""},"categories":[6],"tags":[361],"class_list":["post-2395","post","type-post","status-publish","format-standard","has-post-thumbnail","hentry","category-sport","tag-can-total-energie-2023"],"yoast_head":"<!-- This site is optimized with the Yoast SEO plugin v26.8 - https:\/\/yoast.com\/product\/yoast-seo-wordpress\/ -->\n<title>Can: le sectionneur Jean-Louis Gasset a \u00e9t\u00e9 d\u00e9mis de ses fonctions - leprojecteurguinee<\/title>\n<meta name=\"robots\" content=\"index, follow, max-snippet:-1, max-image-preview:large, max-video-preview:-1\" \/>\n<link rel=\"canonical\" href=\"https:\/\/www.leprojecteurguinee.com\/index.php\/2024\/01\/24\/can-le-sectionneur-jean-louis-gasset-a-ete-demis-de-ses-fonctions\/\" \/>\n<meta property=\"og:locale\" content=\"fr_FR\" \/>\n<meta property=\"og:type\" content=\"article\" \/>\n<meta property=\"og:title\" content=\"Can: le sectionneur Jean-Louis Gasset a \u00e9t\u00e9 d\u00e9mis de ses fonctions - leprojecteurguinee\" \/>\n<meta property=\"og:description\" content=\"Le s\u00e9lectionneur fran\u00e7ais de la C\u00f4te d\u2019Ivoire, Jean-Louis Gasset a \u00e9t\u00e9 d\u00e9mis de ses fonctions ce mercredi 24 janvier, deux jours apr\u00e8s l\u2019humiliation de son \u00e9quipe face \u00e0 la Guin\u00e9e \u00e9quatoriale. Il est remplac\u00e9 par l\u2019ancien international Emerse Fae.\u00a0Tr\u00e8s critiqu\u00e9 pour ses choix tactiques et les difficult\u00e9s de son \u00e9quipe, Jean-Louis Gasset, a finalement \u00e9t\u00e9 [&hellip;]\" \/>\n<meta property=\"og:url\" content=\"https:\/\/www.leprojecteurguinee.com\/index.php\/2024\/01\/24\/can-le-sectionneur-jean-louis-gasset-a-ete-demis-de-ses-fonctions\/\" \/>\n<meta property=\"og:site_name\" content=\"leprojecteurguinee\" \/>\n<meta property=\"article:published_time\" content=\"2024-01-24T13:55:22+00:00\" \/>\n<meta property=\"article:modified_time\" content=\"2024-01-24T13:55:25+00:00\" \/>\n<meta property=\"og:image\" content=\"https:\/\/www.leprojecteurguinee.com\/wp-content\/uploads\/2024\/01\/jean-louis-gasset.webp\" \/>\n\t<meta property=\"og:image:width\" content=\"980\" \/>\n\t<meta property=\"og:image:height\" content=\"551\" \/>\n\t<meta property=\"og:image:type\" content=\"image\/webp\" \/>\n<meta name=\"author\" content=\"Leprojecteurguinee\" \/>\n<meta name=\"twitter:card\" content=\"summary_large_image\" \/>\n<meta name=\"twitter:label1\" content=\"\u00c9crit par\" \/>\n\t<meta name=\"twitter:data1\" content=\"Leprojecteurguinee\" \/>\n\t<meta name=\"twitter:label2\" content=\"Dur\u00e9e de lecture estim\u00e9e\" \/>\n\t<meta name=\"twitter:data2\" content=\"1 minute\" \/>\n<script type=\"application\/ld+json\" class=\"yoast-schema-graph\">{\"@context\":\"https:\/\/schema.org\",\"@graph\":[{\"@type\":\"Article\",\"@id\":\"https:\/\/www.leprojecteurguinee.com\/index.php\/2024\/01\/24\/can-le-sectionneur-jean-louis-gasset-a-ete-demis-de-ses-fonctions\/#article\",\"isPartOf\":{\"@id\":\"https:\/\/www.leprojecteurguinee.com\/index.php\/2024\/01\/24\/can-le-sectionneur-jean-louis-gasset-a-ete-demis-de-ses-fonctions\/\"},\"author\":{\"name\":\"Leprojecteurguinee\",\"@id\":\"https:\/\/www.leprojecteurguinee.com\/#\/schema\/person\/389671d1a3f0c66e6c91c4a765990c1b\"},\"headline\":\"Can: le sectionneur Jean-Louis Gasset a \u00e9t\u00e9 d\u00e9mis de ses fonctions\",\"datePublished\":\"2024-01-24T13:55:22+00:00\",\"dateModified\":\"2024-01-24T13:55:25+00:00\",\"mainEntityOfPage\":{\"@id\":\"https:\/\/www.leprojecteurguinee.com\/index.php\/2024\/01\/24\/can-le-sectionneur-jean-louis-gasset-a-ete-demis-de-ses-fonctions\/\"},\"wordCount\":139,\"commentCount\":0,\"image\":{\"@id\":\"https:\/\/www.leprojecteurguinee.com\/index.php\/2024\/01\/24\/can-le-sectionneur-jean-louis-gasset-a-ete-demis-de-ses-fonctions\/#primaryimage\"},\"thumbnailUrl\":\"https:\/\/www.leprojecteurguinee.com\/wp-content\/uploads\/2024\/01\/jean-louis-gasset.webp\",\"keywords\":[\"Can Total \u00c9nergie 2023\"],\"articleSection\":[\"Sport\"],\"inLanguage\":\"fr-FR\",\"potentialAction\":[{\"@type\":\"CommentAction\",\"name\":\"Comment\",\"target\":[\"https:\/\/www.leprojecteurguinee.com\/index.php\/2024\/01\/24\/can-le-sectionneur-jean-louis-gasset-a-ete-demis-de-ses-fonctions\/#respond\"]}]},{\"@type\":\"WebPage\",\"@id\":\"https:\/\/www.leprojecteurguinee.com\/index.php\/2024\/01\/24\/can-le-sectionneur-jean-louis-gasset-a-ete-demis-de-ses-fonctions\/\",\"url\":\"https:\/\/www.leprojecteurguinee.com\/index.php\/2024\/01\/24\/can-le-sectionneur-jean-louis-gasset-a-ete-demis-de-ses-fonctions\/\",\"name\":\"Can: le sectionneur Jean-Louis Gasset a \u00e9t\u00e9 d\u00e9mis de ses fonctions - leprojecteurguinee\",\"isPartOf\":{\"@id\":\"https:\/\/www.leprojecteurguinee.com\/#website\"},\"primaryImageOfPage\":{\"@id\":\"https:\/\/www.leprojecteurguinee.com\/index.php\/2024\/01\/24\/can-le-sectionneur-jean-louis-gasset-a-ete-demis-de-ses-fonctions\/#primaryimage\"},\"image\":{\"@id\":\"https:\/\/www.leprojecteurguinee.com\/index.php\/2024\/01\/24\/can-le-sectionneur-jean-louis-gasset-a-ete-demis-de-ses-fonctions\/#primaryimage\"},\"thumbnailUrl\":\"https:\/\/www.leprojecteurguinee.com\/wp-content\/uploads\/2024\/01\/jean-louis-gasset.webp\",\"datePublished\":\"2024-01-24T13:55:22+00:00\",\"dateModified\":\"2024-01-24T13:55:25+00:00\",\"author\":{\"@id\":\"https:\/\/www.leprojecteurguinee.com\/#\/schema\/person\/389671d1a3f0c66e6c91c4a765990c1b\"},\"breadcrumb\":{\"@id\":\"https:\/\/www.leprojecteurguinee.com\/index.php\/2024\/01\/24\/can-le-sectionneur-jean-louis-gasset-a-ete-demis-de-ses-fonctions\/#breadcrumb\"},\"inLanguage\":\"fr-FR\",\"potentialAction\":[{\"@type\":\"ReadAction\",\"target\":[\"https:\/\/www.leprojecteurguinee.com\/index.php\/2024\/01\/24\/can-le-sectionneur-jean-louis-gasset-a-ete-demis-de-ses-fonctions\/\"]}]},{\"@type\":\"ImageObject\",\"inLanguage\":\"fr-FR\",\"@id\":\"https:\/\/www.leprojecteurguinee.com\/index.php\/2024\/01\/24\/can-le-sectionneur-jean-louis-gasset-a-ete-demis-de-ses-fonctions\/#primaryimage\",\"url\":\"https:\/\/www.leprojecteurguinee.com\/wp-content\/uploads\/2024\/01\/jean-louis-gasset.webp\",\"contentUrl\":\"https:\/\/www.leprojecteurguinee.com\/wp-content\/uploads\/2024\/01\/jean-louis-gasset.webp\",\"width\":980,\"height\":551},{\"@type\":\"BreadcrumbList\",\"@id\":\"https:\/\/www.leprojecteurguinee.com\/index.php\/2024\/01\/24\/can-le-sectionneur-jean-louis-gasset-a-ete-demis-de-ses-fonctions\/#breadcrumb\",\"itemListElement\":[{\"@type\":\"ListItem\",\"position\":1,\"name\":\"Accueil\",\"item\":\"https:\/\/www.leprojecteurguinee.com\/\"},{\"@type\":\"ListItem\",\"position\":2,\"name\":\"Can: le sectionneur Jean-Louis Gasset a \u00e9t\u00e9 d\u00e9mis de ses fonctions\"}]},{\"@type\":\"WebSite\",\"@id\":\"https:\/\/www.leprojecteurguinee.com\/#website\",\"url\":\"https:\/\/www.leprojecteurguinee.com\/\",\"name\":\"leprojecteurguinee\",\"description\":\"Nous luttons contre les pratiques obscures\",\"potentialAction\":[{\"@type\":\"SearchAction\",\"target\":{\"@type\":\"EntryPoint\",\"urlTemplate\":\"https:\/\/www.leprojecteurguinee.com\/?s={search_term_string}\"},\"query-input\":{\"@type\":\"PropertyValueSpecification\",\"valueRequired\":true,\"valueName\":\"search_term_string\"}}],\"inLanguage\":\"fr-FR\"},{\"@type\":\"Person\",\"@id\":\"https:\/\/www.leprojecteurguinee.com\/#\/schema\/person\/389671d1a3f0c66e6c91c4a765990c1b\",\"name\":\"Leprojecteurguinee\",\"image\":{\"@type\":\"ImageObject\",\"inLanguage\":\"fr-FR\",\"@id\":\"https:\/\/www.leprojecteurguinee.com\/#\/schema\/person\/image\/\",\"url\":\"https:\/\/secure.gravatar.com\/avatar\/c0faa0f472c43eff99fecb0bd2a1c6782e80a162c9fcb7ed2d48bb42ea619f30?s=96&d=mm&r=g\",\"contentUrl\":\"https:\/\/secure.gravatar.com\/avatar\/c0faa0f472c43eff99fecb0bd2a1c6782e80a162c9fcb7ed2d48bb42ea619f30?s=96&d=mm&r=g\",\"caption\":\"Leprojecteurguinee\"},\"sameAs\":[\"https:\/\/www.leprojecteurguinee.com\"],\"url\":\"https:\/\/www.leprojecteurguinee.com\/index.php\/author\/madame\/\"}]}<\/script>\n<!-- \/ Yoast SEO plugin. -->","yoast_head_json":{"title":"Can: le sectionneur Jean-Louis Gasset a \u00e9t\u00e9 d\u00e9mis de ses fonctions - leprojecteurguinee","robots":{"index":"index","follow":"follow","max-snippet":"max-snippet:-1","max-image-preview":"max-image-preview:large","max-video-preview":"max-video-preview:-1"},"canonical":"https:\/\/www.leprojecteurguinee.com\/index.php\/2024\/01\/24\/can-le-sectionneur-jean-louis-gasset-a-ete-demis-de-ses-fonctions\/","og_locale":"fr_FR","og_type":"article","og_title":"Can: le sectionneur Jean-Louis Gasset a \u00e9t\u00e9 d\u00e9mis de ses fonctions - leprojecteurguinee","og_description":"Le s\u00e9lectionneur fran\u00e7ais de la C\u00f4te d\u2019Ivoire, Jean-Louis Gasset a \u00e9t\u00e9 d\u00e9mis de ses fonctions ce mercredi 24 janvier, deux jours apr\u00e8s l\u2019humiliation de son \u00e9quipe face \u00e0 la Guin\u00e9e \u00e9quatoriale. Il est remplac\u00e9 par l\u2019ancien international Emerse Fae.\u00a0Tr\u00e8s critiqu\u00e9 pour ses choix tactiques et les difficult\u00e9s de son \u00e9quipe, Jean-Louis Gasset, a finalement \u00e9t\u00e9 [&hellip;]","og_url":"https:\/\/www.leprojecteurguinee.com\/index.php\/2024\/01\/24\/can-le-sectionneur-jean-louis-gasset-a-ete-demis-de-ses-fonctions\/","og_site_name":"leprojecteurguinee","article_published_time":"2024-01-24T13:55:22+00:00","article_modified_time":"2024-01-24T13:55:25+00:00","og_image":[{"width":980,"height":551,"url":"https:\/\/www.leprojecteurguinee.com\/wp-content\/uploads\/2024\/01\/jean-louis-gasset.webp","type":"image\/webp"}],"author":"Leprojecteurguinee","twitter_card":"summary_large_image","twitter_misc":{"\u00c9crit par":"Leprojecteurguinee","Dur\u00e9e de lecture estim\u00e9e":"1 minute"},"schema":{"@context":"https:\/\/schema.org","@graph":[{"@type":"Article","@id":"https:\/\/www.leprojecteurguinee.com\/index.php\/2024\/01\/24\/can-le-sectionneur-jean-louis-gasset-a-ete-demis-de-ses-fonctions\/#article","isPartOf":{"@id":"https:\/\/www.leprojecteurguinee.com\/index.php\/2024\/01\/24\/can-le-sectionneur-jean-louis-gasset-a-ete-demis-de-ses-fonctions\/"},"author":{"name":"Leprojecteurguinee","@id":"https:\/\/www.leprojecteurguinee.com\/#\/schema\/person\/389671d1a3f0c66e6c91c4a765990c1b"},"headline":"Can: le sectionneur Jean-Louis Gasset a \u00e9t\u00e9 d\u00e9mis de ses fonctions","datePublished":"2024-01-24T13:55:22+00:00","dateModified":"2024-01-24T13:55:25+00:00","mainEntityOfPage":{"@id":"https:\/\/www.leprojecteurguinee.com\/index.php\/2024\/01\/24\/can-le-sectionneur-jean-louis-gasset-a-ete-demis-de-ses-fonctions\/"},"wordCount":139,"commentCount":0,"image":{"@id":"https:\/\/www.leprojecteurguinee.com\/index.php\/2024\/01\/24\/can-le-sectionneur-jean-louis-gasset-a-ete-demis-de-ses-fonctions\/#primaryimage"},"thumbnailUrl":"https:\/\/www.leprojecteurguinee.com\/wp-content\/uploads\/2024\/01\/jean-louis-gasset.webp","keywords":["Can Total \u00c9nergie 2023"],"articleSection":["Sport"],"inLanguage":"fr-FR","potentialAction":[{"@type":"CommentAction","name":"Comment","target":["https:\/\/www.leprojecteurguinee.com\/index.php\/2024\/01\/24\/can-le-sectionneur-jean-louis-gasset-a-ete-demis-de-ses-fonctions\/#respond"]}]},{"@type":"WebPage","@id":"https:\/\/www.leprojecteurguinee.com\/index.php\/2024\/01\/24\/can-le-sectionneur-jean-louis-gasset-a-ete-demis-de-ses-fonctions\/","url":"https:\/\/www.leprojecteurguinee.com\/index.php\/2024\/01\/24\/can-le-sectionneur-jean-louis-gasset-a-ete-demis-de-ses-fonctions\/","name":"Can: le sectionneur Jean-Louis Gasset a \u00e9t\u00e9 d\u00e9mis de ses fonctions - leprojecteurguinee","isPartOf":{"@id":"https:\/\/www.leprojecteurguinee.com\/#website"},"primaryImageOfPage":{"@id":"https:\/\/www.leprojecteurguinee.com\/index.php\/2024\/01\/24\/can-le-sectionneur-jean-louis-gasset-a-ete-demis-de-ses-fonctions\/#primaryimage"},"image":{"@id":"https:\/\/www.leprojecteurguinee.com\/index.php\/2024\/01\/24\/can-le-sectionneur-jean-louis-gasset-a-ete-demis-de-ses-fonctions\/#primaryimage"},"thumbnailUrl":"https:\/\/www.leprojecteurguinee.com\/wp-content\/uploads\/2024\/01\/jean-louis-gasset.webp","datePublished":"2024-01-24T13:55:22+00:00","dateModified":"2024-01-24T13:55:25+00:00","author":{"@id":"https:\/\/www.leprojecteurguinee.com\/#\/schema\/person\/389671d1a3f0c66e6c91c4a765990c1b"},"breadcrumb":{"@id":"https:\/\/www.leprojecteurguinee.com\/index.php\/2024\/01\/24\/can-le-sectionneur-jean-louis-gasset-a-ete-demis-de-ses-fonctions\/#breadcrumb"},"inLanguage":"fr-FR","potentialAction":[{"@type":"ReadAction","target":["https:\/\/www.leprojecteurguinee.com\/index.php\/2024\/01\/24\/can-le-sectionneur-jean-louis-gasset-a-ete-demis-de-ses-fonctions\/"]}]},{"@type":"ImageObject","inLanguage":"fr-FR","@id":"https:\/\/www.leprojecteurguinee.com\/index.php\/2024\/01\/24\/can-le-sectionneur-jean-louis-gasset-a-ete-demis-de-ses-fonctions\/#primaryimage","url":"https:\/\/www.leprojecteurguinee.com\/wp-content\/uploads\/2024\/01\/jean-louis-gasset.webp","contentUrl":"https:\/\/www.leprojecteurguinee.com\/wp-content\/uploads\/2024\/01\/jean-louis-gasset.webp","width":980,"height":551},{"@type":"BreadcrumbList","@id":"https:\/\/www.leprojecteurguinee.com\/index.php\/2024\/01\/24\/can-le-sectionneur-jean-louis-gasset-a-ete-demis-de-ses-fonctions\/#breadcrumb","itemListElement":[{"@type":"ListItem","position":1,"name":"Accueil","item":"https:\/\/www.leprojecteurguinee.com\/"},{"@type":"ListItem","position":2,"name":"Can: le sectionneur Jean-Louis Gasset a \u00e9t\u00e9 d\u00e9mis de ses fonctions"}]},{"@type":"WebSite","@id":"https:\/\/www.leprojecteurguinee.com\/#website","url":"https:\/\/www.leprojecteurguinee.com\/","name":"leprojecteurguinee","description":"Nous luttons contre les pratiques obscures","potentialAction":[{"@type":"SearchAction","target":{"@type":"EntryPoint","urlTemplate":"https:\/\/www.leprojecteurguinee.com\/?s={search_term_string}"},"query-input":{"@type":"PropertyValueSpecification","valueRequired":true,"valueName":"search_term_string"}}],"inLanguage":"fr-FR"},{"@type":"Person","@id":"https:\/\/www.leprojecteurguinee.com\/#\/schema\/person\/389671d1a3f0c66e6c91c4a765990c1b","name":"Leprojecteurguinee","image":{"@type":"ImageObject","inLanguage":"fr-FR","@id":"https:\/\/www.leprojecteurguinee.com\/#\/schema\/person\/image\/","url":"https:\/\/secure.gravatar.com\/avatar\/c0faa0f472c43eff99fecb0bd2a1c6782e80a162c9fcb7ed2d48bb42ea619f30?s=96&d=mm&r=g","contentUrl":"https:\/\/secure.gravatar.com\/avatar\/c0faa0f472c43eff99fecb0bd2a1c6782e80a162c9fcb7ed2d48bb42ea619f30?s=96&d=mm&r=g","caption":"Leprojecteurguinee"},"sameAs":["https:\/\/www.leprojecteurguinee.com"],"url":"https:\/\/www.leprojecteurguinee.com\/index.php\/author\/madame\/"}]}},"_links":{"self":[{"href":"https:\/\/www.leprojecteurguinee.com\/index.php\/wp-json\/wp\/v2\/posts\/2395","targetHints":{"allow":["GET"]}}],"collection":[{"href":"https:\/\/www.leprojecteurguinee.com\/index.php\/wp-json\/wp\/v2\/posts"}],"about":[{"href":"https:\/\/www.leprojecteurguinee.com\/index.php\/wp-json\/wp\/v2\/types\/post"}],"author":[{"embeddable":true,"href":"https:\/\/www.leprojecteurguinee.com\/index.php\/wp-json\/wp\/v2\/users\/1"}],"replies":[{"embeddable":true,"href":"https:\/\/www.leprojecteurguinee.com\/index.php\/wp-json\/wp\/v2\/comments?post=2395"}],"version-history":[{"count":0,"href":"https:\/\/www.leprojecteurguinee.com\/index.php\/wp-json\/wp\/v2\/posts\/2395\/revisions"}],"wp:featuredmedia":[{"embeddable":true,"href":"https:\/\/www.leprojecteurguinee.com\/index.php\/wp-json\/wp\/v2\/media\/2396"}],"wp:attachment":[{"href":"https:\/\/www.leprojecteurguinee.com\/index.php\/wp-json\/wp\/v2\/media?parent=2395"}],"wp:term":[{"taxonomy":"category","embeddable":true,"href":"https:\/\/www.leprojecteurguinee.com\/index.php\/wp-json\/wp\/v2\/categories?post=2395"},{"taxonomy":"post_tag","embeddable":true,"href":"https:\/\/www.leprojecteurguinee.com\/index.php\/wp-json\/wp\/v2\/tags?post=2395"}],"curies":[{"name":"wp","href":"https:\/\/api.w.org\/{rel}","templated":true}]}}