{"id":2280,"date":"2024-01-16T11:49:49","date_gmt":"2024-01-16T10:49:49","guid":{"rendered":"https:\/\/www.leprojecteurguinee.com\/?p=2280"},"modified":"2024-01-16T11:51:31","modified_gmt":"2024-01-16T10:51:31","slug":"jose-mourinho-est-limoge-a-las-roma","status":"publish","type":"post","link":"https:\/\/www.leprojecteurguinee.com\/index.php\/2024\/01\/16\/jose-mourinho-est-limoge-a-las-roma\/","title":{"rendered":"Jos\u00e9 Mourinho est limog\u00e9 \u00e0 l&rsquo;AS Roma"},"content":{"rendered":"\n<p>La fin de l&rsquo;histoire entre Jos\u00e9 Mourinho et l&rsquo;AS Roma.. Ce mardi 16 janvier, le club a annonc\u00e9 le licenciement de Jos\u00e9 Mourinho \u00e0 travers un communiqu\u00e9. L&rsquo;entra\u00eeneur portugais, nomm\u00e9 en 2021, a \u00e9t\u00e9 licenci\u00e9 deux jours apr\u00e8s la d\u00e9faite contre l&rsquo;AC Milan (3-1). Alors qu&rsquo;il avait men\u00e9 le club \u00e0 la victoire en Conference League d\u00e8s sa premi\u00e8re saison (2022) avant d&rsquo;\u00e9chouer en finale de la Ligue Europa en 2023, Mourinho \u00e9tait dans le dur cette saison avec son \u00e9quipe malgr\u00e9 un sacr\u00e9 recrutement l&rsquo;\u00e9t\u00e9 dernier. Dans le ventre mou du classement \u00e0 la 9\u00e8me place, la Roma est d\u00e9j\u00e0 loin de l&rsquo;Inter Milan dans la course au titre. Pire, une qualification europ\u00e9enne semble compromise pour la formation de la capitale.<\/p>\n","protected":false},"excerpt":{"rendered":"<p>La fin de l&rsquo;histoire entre Jos\u00e9 Mourinho et l&rsquo;AS Roma.. Ce mardi 16 janvier, le club a annonc\u00e9 le licenciement de Jos\u00e9 Mourinho \u00e0 travers un communiqu\u00e9. L&rsquo;entra\u00eeneur portugais, nomm\u00e9 en 2021, a \u00e9t\u00e9 licenci\u00e9 deux jours apr\u00e8s la d\u00e9faite contre l&rsquo;AC Milan (3-1). Alors qu&rsquo;il avait men\u00e9 le club \u00e0 la victoire en Conference [&hellip;]<\/p>\n","protected":false},"author":1,"featured_media":2279,"comment_status":"open","ping_status":"open","sticky":false,"template":"","format":"standard","meta":{"footnotes":""},"categories":[6],"tags":[534,535],"class_list":["post-2280","post","type-post","status-publish","format-standard","has-post-thumbnail","hentry","category-sport","tag-as-roma","tag-jose-mourinho"],"yoast_head":"<!-- This site is optimized with the Yoast SEO plugin v26.8 - https:\/\/yoast.com\/product\/yoast-seo-wordpress\/ -->\n<title>Jos\u00e9 Mourinho est limog\u00e9 \u00e0 l&#039;AS Roma - leprojecteurguinee<\/title>\n<meta name=\"robots\" content=\"index, follow, max-snippet:-1, max-image-preview:large, max-video-preview:-1\" \/>\n<link rel=\"canonical\" href=\"https:\/\/www.leprojecteurguinee.com\/index.php\/2024\/01\/16\/jose-mourinho-est-limoge-a-las-roma\/\" \/>\n<meta property=\"og:locale\" content=\"fr_FR\" \/>\n<meta property=\"og:type\" content=\"article\" \/>\n<meta property=\"og:title\" content=\"Jos\u00e9 Mourinho est limog\u00e9 \u00e0 l&#039;AS Roma - leprojecteurguinee\" \/>\n<meta property=\"og:description\" content=\"La fin de l&rsquo;histoire entre Jos\u00e9 Mourinho et l&rsquo;AS Roma.. Ce mardi 16 janvier, le club a annonc\u00e9 le licenciement de Jos\u00e9 Mourinho \u00e0 travers un communiqu\u00e9. L&rsquo;entra\u00eeneur portugais, nomm\u00e9 en 2021, a \u00e9t\u00e9 licenci\u00e9 deux jours apr\u00e8s la d\u00e9faite contre l&rsquo;AC Milan (3-1). Alors qu&rsquo;il avait men\u00e9 le club \u00e0 la victoire en Conference [&hellip;]\" \/>\n<meta property=\"og:url\" content=\"https:\/\/www.leprojecteurguinee.com\/index.php\/2024\/01\/16\/jose-mourinho-est-limoge-a-las-roma\/\" \/>\n<meta property=\"og:site_name\" content=\"leprojecteurguinee\" \/>\n<meta property=\"article:published_time\" content=\"2024-01-16T10:49:49+00:00\" \/>\n<meta property=\"article:modified_time\" content=\"2024-01-16T10:51:31+00:00\" \/>\n<meta property=\"og:image\" content=\"https:\/\/www.leprojecteurguinee.com\/wp-content\/uploads\/2024\/01\/FB_IMG_1705402250557.jpg\" \/>\n\t<meta property=\"og:image:width\" content=\"720\" \/>\n\t<meta property=\"og:image:height\" content=\"900\" \/>\n\t<meta property=\"og:image:type\" content=\"image\/jpeg\" \/>\n<meta name=\"author\" content=\"Leprojecteurguinee\" \/>\n<meta name=\"twitter:card\" content=\"summary_large_image\" \/>\n<meta name=\"twitter:label1\" content=\"\u00c9crit par\" \/>\n\t<meta name=\"twitter:data1\" content=\"Leprojecteurguinee\" \/>\n\t<meta name=\"twitter:label2\" content=\"Dur\u00e9e de lecture estim\u00e9e\" \/>\n\t<meta name=\"twitter:data2\" content=\"1 minute\" \/>\n<script type=\"application\/ld+json\" class=\"yoast-schema-graph\">{\"@context\":\"https:\/\/schema.org\",\"@graph\":[{\"@type\":\"Article\",\"@id\":\"https:\/\/www.leprojecteurguinee.com\/index.php\/2024\/01\/16\/jose-mourinho-est-limoge-a-las-roma\/#article\",\"isPartOf\":{\"@id\":\"https:\/\/www.leprojecteurguinee.com\/index.php\/2024\/01\/16\/jose-mourinho-est-limoge-a-las-roma\/\"},\"author\":{\"name\":\"Leprojecteurguinee\",\"@id\":\"https:\/\/www.leprojecteurguinee.com\/#\/schema\/person\/389671d1a3f0c66e6c91c4a765990c1b\"},\"headline\":\"Jos\u00e9 Mourinho est limog\u00e9 \u00e0 l&rsquo;AS Roma\",\"datePublished\":\"2024-01-16T10:49:49+00:00\",\"dateModified\":\"2024-01-16T10:51:31+00:00\",\"mainEntityOfPage\":{\"@id\":\"https:\/\/www.leprojecteurguinee.com\/index.php\/2024\/01\/16\/jose-mourinho-est-limoge-a-las-roma\/\"},\"wordCount\":137,\"commentCount\":0,\"image\":{\"@id\":\"https:\/\/www.leprojecteurguinee.com\/index.php\/2024\/01\/16\/jose-mourinho-est-limoge-a-las-roma\/#primaryimage\"},\"thumbnailUrl\":\"https:\/\/www.leprojecteurguinee.com\/wp-content\/uploads\/2024\/01\/FB_IMG_1705402250557.jpg\",\"keywords\":[\"As Roma\",\"Jos\u00e9 Mourinho\"],\"articleSection\":[\"Sport\"],\"inLanguage\":\"fr-FR\",\"potentialAction\":[{\"@type\":\"CommentAction\",\"name\":\"Comment\",\"target\":[\"https:\/\/www.leprojecteurguinee.com\/index.php\/2024\/01\/16\/jose-mourinho-est-limoge-a-las-roma\/#respond\"]}]},{\"@type\":\"WebPage\",\"@id\":\"https:\/\/www.leprojecteurguinee.com\/index.php\/2024\/01\/16\/jose-mourinho-est-limoge-a-las-roma\/\",\"url\":\"https:\/\/www.leprojecteurguinee.com\/index.php\/2024\/01\/16\/jose-mourinho-est-limoge-a-las-roma\/\",\"name\":\"Jos\u00e9 Mourinho est limog\u00e9 \u00e0 l'AS Roma - leprojecteurguinee\",\"isPartOf\":{\"@id\":\"https:\/\/www.leprojecteurguinee.com\/#website\"},\"primaryImageOfPage\":{\"@id\":\"https:\/\/www.leprojecteurguinee.com\/index.php\/2024\/01\/16\/jose-mourinho-est-limoge-a-las-roma\/#primaryimage\"},\"image\":{\"@id\":\"https:\/\/www.leprojecteurguinee.com\/index.php\/2024\/01\/16\/jose-mourinho-est-limoge-a-las-roma\/#primaryimage\"},\"thumbnailUrl\":\"https:\/\/www.leprojecteurguinee.com\/wp-content\/uploads\/2024\/01\/FB_IMG_1705402250557.jpg\",\"datePublished\":\"2024-01-16T10:49:49+00:00\",\"dateModified\":\"2024-01-16T10:51:31+00:00\",\"author\":{\"@id\":\"https:\/\/www.leprojecteurguinee.com\/#\/schema\/person\/389671d1a3f0c66e6c91c4a765990c1b\"},\"breadcrumb\":{\"@id\":\"https:\/\/www.leprojecteurguinee.com\/index.php\/2024\/01\/16\/jose-mourinho-est-limoge-a-las-roma\/#breadcrumb\"},\"inLanguage\":\"fr-FR\",\"potentialAction\":[{\"@type\":\"ReadAction\",\"target\":[\"https:\/\/www.leprojecteurguinee.com\/index.php\/2024\/01\/16\/jose-mourinho-est-limoge-a-las-roma\/\"]}]},{\"@type\":\"ImageObject\",\"inLanguage\":\"fr-FR\",\"@id\":\"https:\/\/www.leprojecteurguinee.com\/index.php\/2024\/01\/16\/jose-mourinho-est-limoge-a-las-roma\/#primaryimage\",\"url\":\"https:\/\/www.leprojecteurguinee.com\/wp-content\/uploads\/2024\/01\/FB_IMG_1705402250557.jpg\",\"contentUrl\":\"https:\/\/www.leprojecteurguinee.com\/wp-content\/uploads\/2024\/01\/FB_IMG_1705402250557.jpg\",\"width\":720,\"height\":900},{\"@type\":\"BreadcrumbList\",\"@id\":\"https:\/\/www.leprojecteurguinee.com\/index.php\/2024\/01\/16\/jose-mourinho-est-limoge-a-las-roma\/#breadcrumb\",\"itemListElement\":[{\"@type\":\"ListItem\",\"position\":1,\"name\":\"Accueil\",\"item\":\"https:\/\/www.leprojecteurguinee.com\/\"},{\"@type\":\"ListItem\",\"position\":2,\"name\":\"Jos\u00e9 Mourinho est limog\u00e9 \u00e0 l&rsquo;AS Roma\"}]},{\"@type\":\"WebSite\",\"@id\":\"https:\/\/www.leprojecteurguinee.com\/#website\",\"url\":\"https:\/\/www.leprojecteurguinee.com\/\",\"name\":\"leprojecteurguinee\",\"description\":\"Nous luttons contre les pratiques obscures\",\"potentialAction\":[{\"@type\":\"SearchAction\",\"target\":{\"@type\":\"EntryPoint\",\"urlTemplate\":\"https:\/\/www.leprojecteurguinee.com\/?s={search_term_string}\"},\"query-input\":{\"@type\":\"PropertyValueSpecification\",\"valueRequired\":true,\"valueName\":\"search_term_string\"}}],\"inLanguage\":\"fr-FR\"},{\"@type\":\"Person\",\"@id\":\"https:\/\/www.leprojecteurguinee.com\/#\/schema\/person\/389671d1a3f0c66e6c91c4a765990c1b\",\"name\":\"Leprojecteurguinee\",\"image\":{\"@type\":\"ImageObject\",\"inLanguage\":\"fr-FR\",\"@id\":\"https:\/\/www.leprojecteurguinee.com\/#\/schema\/person\/image\/\",\"url\":\"https:\/\/secure.gravatar.com\/avatar\/c0faa0f472c43eff99fecb0bd2a1c6782e80a162c9fcb7ed2d48bb42ea619f30?s=96&d=mm&r=g\",\"contentUrl\":\"https:\/\/secure.gravatar.com\/avatar\/c0faa0f472c43eff99fecb0bd2a1c6782e80a162c9fcb7ed2d48bb42ea619f30?s=96&d=mm&r=g\",\"caption\":\"Leprojecteurguinee\"},\"sameAs\":[\"https:\/\/www.leprojecteurguinee.com\"],\"url\":\"https:\/\/www.leprojecteurguinee.com\/index.php\/author\/madame\/\"}]}<\/script>\n<!-- \/ Yoast SEO plugin. -->","yoast_head_json":{"title":"Jos\u00e9 Mourinho est limog\u00e9 \u00e0 l'AS Roma - leprojecteurguinee","robots":{"index":"index","follow":"follow","max-snippet":"max-snippet:-1","max-image-preview":"max-image-preview:large","max-video-preview":"max-video-preview:-1"},"canonical":"https:\/\/www.leprojecteurguinee.com\/index.php\/2024\/01\/16\/jose-mourinho-est-limoge-a-las-roma\/","og_locale":"fr_FR","og_type":"article","og_title":"Jos\u00e9 Mourinho est limog\u00e9 \u00e0 l'AS Roma - leprojecteurguinee","og_description":"La fin de l&rsquo;histoire entre Jos\u00e9 Mourinho et l&rsquo;AS Roma.. Ce mardi 16 janvier, le club a annonc\u00e9 le licenciement de Jos\u00e9 Mourinho \u00e0 travers un communiqu\u00e9. L&rsquo;entra\u00eeneur portugais, nomm\u00e9 en 2021, a \u00e9t\u00e9 licenci\u00e9 deux jours apr\u00e8s la d\u00e9faite contre l&rsquo;AC Milan (3-1). Alors qu&rsquo;il avait men\u00e9 le club \u00e0 la victoire en Conference [&hellip;]","og_url":"https:\/\/www.leprojecteurguinee.com\/index.php\/2024\/01\/16\/jose-mourinho-est-limoge-a-las-roma\/","og_site_name":"leprojecteurguinee","article_published_time":"2024-01-16T10:49:49+00:00","article_modified_time":"2024-01-16T10:51:31+00:00","og_image":[{"width":720,"height":900,"url":"https:\/\/www.leprojecteurguinee.com\/wp-content\/uploads\/2024\/01\/FB_IMG_1705402250557.jpg","type":"image\/jpeg"}],"author":"Leprojecteurguinee","twitter_card":"summary_large_image","twitter_misc":{"\u00c9crit par":"Leprojecteurguinee","Dur\u00e9e de lecture estim\u00e9e":"1 minute"},"schema":{"@context":"https:\/\/schema.org","@graph":[{"@type":"Article","@id":"https:\/\/www.leprojecteurguinee.com\/index.php\/2024\/01\/16\/jose-mourinho-est-limoge-a-las-roma\/#article","isPartOf":{"@id":"https:\/\/www.leprojecteurguinee.com\/index.php\/2024\/01\/16\/jose-mourinho-est-limoge-a-las-roma\/"},"author":{"name":"Leprojecteurguinee","@id":"https:\/\/www.leprojecteurguinee.com\/#\/schema\/person\/389671d1a3f0c66e6c91c4a765990c1b"},"headline":"Jos\u00e9 Mourinho est limog\u00e9 \u00e0 l&rsquo;AS Roma","datePublished":"2024-01-16T10:49:49+00:00","dateModified":"2024-01-16T10:51:31+00:00","mainEntityOfPage":{"@id":"https:\/\/www.leprojecteurguinee.com\/index.php\/2024\/01\/16\/jose-mourinho-est-limoge-a-las-roma\/"},"wordCount":137,"commentCount":0,"image":{"@id":"https:\/\/www.leprojecteurguinee.com\/index.php\/2024\/01\/16\/jose-mourinho-est-limoge-a-las-roma\/#primaryimage"},"thumbnailUrl":"https:\/\/www.leprojecteurguinee.com\/wp-content\/uploads\/2024\/01\/FB_IMG_1705402250557.jpg","keywords":["As Roma","Jos\u00e9 Mourinho"],"articleSection":["Sport"],"inLanguage":"fr-FR","potentialAction":[{"@type":"CommentAction","name":"Comment","target":["https:\/\/www.leprojecteurguinee.com\/index.php\/2024\/01\/16\/jose-mourinho-est-limoge-a-las-roma\/#respond"]}]},{"@type":"WebPage","@id":"https:\/\/www.leprojecteurguinee.com\/index.php\/2024\/01\/16\/jose-mourinho-est-limoge-a-las-roma\/","url":"https:\/\/www.leprojecteurguinee.com\/index.php\/2024\/01\/16\/jose-mourinho-est-limoge-a-las-roma\/","name":"Jos\u00e9 Mourinho est limog\u00e9 \u00e0 l'AS Roma - leprojecteurguinee","isPartOf":{"@id":"https:\/\/www.leprojecteurguinee.com\/#website"},"primaryImageOfPage":{"@id":"https:\/\/www.leprojecteurguinee.com\/index.php\/2024\/01\/16\/jose-mourinho-est-limoge-a-las-roma\/#primaryimage"},"image":{"@id":"https:\/\/www.leprojecteurguinee.com\/index.php\/2024\/01\/16\/jose-mourinho-est-limoge-a-las-roma\/#primaryimage"},"thumbnailUrl":"https:\/\/www.leprojecteurguinee.com\/wp-content\/uploads\/2024\/01\/FB_IMG_1705402250557.jpg","datePublished":"2024-01-16T10:49:49+00:00","dateModified":"2024-01-16T10:51:31+00:00","author":{"@id":"https:\/\/www.leprojecteurguinee.com\/#\/schema\/person\/389671d1a3f0c66e6c91c4a765990c1b"},"breadcrumb":{"@id":"https:\/\/www.leprojecteurguinee.com\/index.php\/2024\/01\/16\/jose-mourinho-est-limoge-a-las-roma\/#breadcrumb"},"inLanguage":"fr-FR","potentialAction":[{"@type":"ReadAction","target":["https:\/\/www.leprojecteurguinee.com\/index.php\/2024\/01\/16\/jose-mourinho-est-limoge-a-las-roma\/"]}]},{"@type":"ImageObject","inLanguage":"fr-FR","@id":"https:\/\/www.leprojecteurguinee.com\/index.php\/2024\/01\/16\/jose-mourinho-est-limoge-a-las-roma\/#primaryimage","url":"https:\/\/www.leprojecteurguinee.com\/wp-content\/uploads\/2024\/01\/FB_IMG_1705402250557.jpg","contentUrl":"https:\/\/www.leprojecteurguinee.com\/wp-content\/uploads\/2024\/01\/FB_IMG_1705402250557.jpg","width":720,"height":900},{"@type":"BreadcrumbList","@id":"https:\/\/www.leprojecteurguinee.com\/index.php\/2024\/01\/16\/jose-mourinho-est-limoge-a-las-roma\/#breadcrumb","itemListElement":[{"@type":"ListItem","position":1,"name":"Accueil","item":"https:\/\/www.leprojecteurguinee.com\/"},{"@type":"ListItem","position":2,"name":"Jos\u00e9 Mourinho est limog\u00e9 \u00e0 l&rsquo;AS Roma"}]},{"@type":"WebSite","@id":"https:\/\/www.leprojecteurguinee.com\/#website","url":"https:\/\/www.leprojecteurguinee.com\/","name":"leprojecteurguinee","description":"Nous luttons contre les pratiques obscures","potentialAction":[{"@type":"SearchAction","target":{"@type":"EntryPoint","urlTemplate":"https:\/\/www.leprojecteurguinee.com\/?s={search_term_string}"},"query-input":{"@type":"PropertyValueSpecification","valueRequired":true,"valueName":"search_term_string"}}],"inLanguage":"fr-FR"},{"@type":"Person","@id":"https:\/\/www.leprojecteurguinee.com\/#\/schema\/person\/389671d1a3f0c66e6c91c4a765990c1b","name":"Leprojecteurguinee","image":{"@type":"ImageObject","inLanguage":"fr-FR","@id":"https:\/\/www.leprojecteurguinee.com\/#\/schema\/person\/image\/","url":"https:\/\/secure.gravatar.com\/avatar\/c0faa0f472c43eff99fecb0bd2a1c6782e80a162c9fcb7ed2d48bb42ea619f30?s=96&d=mm&r=g","contentUrl":"https:\/\/secure.gravatar.com\/avatar\/c0faa0f472c43eff99fecb0bd2a1c6782e80a162c9fcb7ed2d48bb42ea619f30?s=96&d=mm&r=g","caption":"Leprojecteurguinee"},"sameAs":["https:\/\/www.leprojecteurguinee.com"],"url":"https:\/\/www.leprojecteurguinee.com\/index.php\/author\/madame\/"}]}},"_links":{"self":[{"href":"https:\/\/www.leprojecteurguinee.com\/index.php\/wp-json\/wp\/v2\/posts\/2280","targetHints":{"allow":["GET"]}}],"collection":[{"href":"https:\/\/www.leprojecteurguinee.com\/index.php\/wp-json\/wp\/v2\/posts"}],"about":[{"href":"https:\/\/www.leprojecteurguinee.com\/index.php\/wp-json\/wp\/v2\/types\/post"}],"author":[{"embeddable":true,"href":"https:\/\/www.leprojecteurguinee.com\/index.php\/wp-json\/wp\/v2\/users\/1"}],"replies":[{"embeddable":true,"href":"https:\/\/www.leprojecteurguinee.com\/index.php\/wp-json\/wp\/v2\/comments?post=2280"}],"version-history":[{"count":0,"href":"https:\/\/www.leprojecteurguinee.com\/index.php\/wp-json\/wp\/v2\/posts\/2280\/revisions"}],"wp:featuredmedia":[{"embeddable":true,"href":"https:\/\/www.leprojecteurguinee.com\/index.php\/wp-json\/wp\/v2\/media\/2279"}],"wp:attachment":[{"href":"https:\/\/www.leprojecteurguinee.com\/index.php\/wp-json\/wp\/v2\/media?parent=2280"}],"wp:term":[{"taxonomy":"category","embeddable":true,"href":"https:\/\/www.leprojecteurguinee.com\/index.php\/wp-json\/wp\/v2\/categories?post=2280"},{"taxonomy":"post_tag","embeddable":true,"href":"https:\/\/www.leprojecteurguinee.com\/index.php\/wp-json\/wp\/v2\/tags?post=2280"}],"curies":[{"name":"wp","href":"https:\/\/api.w.org\/{rel}","templated":true}]}}