{"id":1913,"date":"2023-12-16T14:57:59","date_gmt":"2023-12-16T13:57:59","guid":{"rendered":"https:\/\/www.leprojecteurguinee.com\/?p=1913"},"modified":"2023-12-16T14:58:46","modified_gmt":"2023-12-16T13:58:46","slug":"kalemodou-yansane-le-pays-va-mal","status":"publish","type":"post","link":"https:\/\/www.leprojecteurguinee.com\/index.php\/2023\/12\/16\/kalemodou-yansane-le-pays-va-mal\/","title":{"rendered":"Kalemodou Yansan\u00e9\u00a0: \u00ab\u00a0Le pays va mal\u00a0\u00bb"},"content":{"rendered":"\n<p>L\u2019union des forces d\u00e9mocratiques de Guin\u00e9e a organis\u00e9 ce samedi 16 d\u00e9cembre 2023 son assembl\u00e9e g\u00e9n\u00e9rale ordinaire \u00e0 son si\u00e8ge de la mini\u00e8re. Devant les militants, Kalemoudou Yansan\u00e9 a largement comment\u00e9 l\u2019actualit\u00e9 sociopolitique du pays. Sur ce point, il affirme que la \u00ab\u00a0s<em>ituation s\u2019aggrave<\/em>\u00a0\u00bb. En plus de la situation sur le plan politique, \u00e9conomique et sociale, le vice-pr\u00e9sident de l\u2019UFDG affirme qu\u2019il y\u2019a des raisons de s\u2019inqui\u00e9ter. \u00ab\u00a0<em>La Hac annonce qu\u2019il y\u2019a des probl\u00e8mes s\u00e9curitaires, alors donc le pays est en danger. Si nous apprenons que les m\u00e9dias sont coup\u00e9s parce qu\u2019il y a des probl\u00e8mes s\u00e9curitaires qui viennent s\u2019ajouter \u00e0 la chert\u00e9 de vie, aux brouillages des radios, \u00e0 la coupure de l\u2019internet, alors nous avons le droit de nous inqui\u00e9ter<\/em>\u00a0\u00bb<\/p>\n\n\n\n<p>Plus loin, le vice-pr\u00e9sident de l\u2019UFDG a exprim\u00e9 sa d\u00e9ception vis-\u00e0-vis de la situation sociopolitique du pays.<\/p>\n","protected":false},"excerpt":{"rendered":"<p>L\u2019union des forces d\u00e9mocratiques de Guin\u00e9e a organis\u00e9 ce samedi 16 d\u00e9cembre 2023 son assembl\u00e9e g\u00e9n\u00e9rale ordinaire \u00e0 son si\u00e8ge de la mini\u00e8re. Devant les militants, Kalemoudou Yansan\u00e9 a largement comment\u00e9 l\u2019actualit\u00e9 sociopolitique du pays. Sur ce point, il affirme que la \u00ab\u00a0situation s\u2019aggrave\u00a0\u00bb. En plus de la situation sur le plan politique, \u00e9conomique et [&hellip;]<\/p>\n","protected":false},"author":1,"featured_media":1914,"comment_status":"open","ping_status":"open","sticky":true,"template":"","format":"standard","meta":{"footnotes":""},"categories":[80],"tags":[492,101],"class_list":["post-1913","post","type-post","status-publish","format-standard","has-post-thumbnail","hentry","category-politique","tag-politique","tag-ufdg"],"yoast_head":"<!-- This site is optimized with the Yoast SEO plugin v26.8 - https:\/\/yoast.com\/product\/yoast-seo-wordpress\/ -->\n<title>Kalemodou Yansan\u00e9\u00a0: \u00ab\u00a0Le pays va mal\u00a0\u00bb - leprojecteurguinee<\/title>\n<meta name=\"robots\" content=\"index, follow, max-snippet:-1, max-image-preview:large, max-video-preview:-1\" \/>\n<link rel=\"canonical\" href=\"https:\/\/www.leprojecteurguinee.com\/index.php\/2023\/12\/16\/kalemodou-yansane-le-pays-va-mal\/\" \/>\n<meta property=\"og:locale\" content=\"fr_FR\" \/>\n<meta property=\"og:type\" content=\"article\" \/>\n<meta property=\"og:title\" content=\"Kalemodou Yansan\u00e9\u00a0: \u00ab\u00a0Le pays va mal\u00a0\u00bb - leprojecteurguinee\" \/>\n<meta property=\"og:description\" content=\"L\u2019union des forces d\u00e9mocratiques de Guin\u00e9e a organis\u00e9 ce samedi 16 d\u00e9cembre 2023 son assembl\u00e9e g\u00e9n\u00e9rale ordinaire \u00e0 son si\u00e8ge de la mini\u00e8re. Devant les militants, Kalemoudou Yansan\u00e9 a largement comment\u00e9 l\u2019actualit\u00e9 sociopolitique du pays. Sur ce point, il affirme que la \u00ab\u00a0situation s\u2019aggrave\u00a0\u00bb. En plus de la situation sur le plan politique, \u00e9conomique et [&hellip;]\" \/>\n<meta property=\"og:url\" content=\"https:\/\/www.leprojecteurguinee.com\/index.php\/2023\/12\/16\/kalemodou-yansane-le-pays-va-mal\/\" \/>\n<meta property=\"og:site_name\" content=\"leprojecteurguinee\" \/>\n<meta property=\"article:published_time\" content=\"2023-12-16T13:57:59+00:00\" \/>\n<meta property=\"article:modified_time\" content=\"2023-12-16T13:58:46+00:00\" \/>\n<meta property=\"og:image\" content=\"https:\/\/www.leprojecteurguinee.com\/wp-content\/uploads\/2023\/12\/WhatsApp-Image-2023-12-16-at-13.52.12.jpeg\" \/>\n\t<meta property=\"og:image:width\" content=\"1008\" \/>\n\t<meta property=\"og:image:height\" content=\"567\" \/>\n\t<meta property=\"og:image:type\" content=\"image\/jpeg\" \/>\n<meta name=\"author\" content=\"Leprojecteurguinee\" \/>\n<meta name=\"twitter:card\" content=\"summary_large_image\" \/>\n<meta name=\"twitter:label1\" content=\"\u00c9crit par\" \/>\n\t<meta name=\"twitter:data1\" content=\"Leprojecteurguinee\" \/>\n\t<meta name=\"twitter:label2\" content=\"Dur\u00e9e de lecture estim\u00e9e\" \/>\n\t<meta name=\"twitter:data2\" content=\"1 minute\" \/>\n<script type=\"application\/ld+json\" class=\"yoast-schema-graph\">{\"@context\":\"https:\/\/schema.org\",\"@graph\":[{\"@type\":\"Article\",\"@id\":\"https:\/\/www.leprojecteurguinee.com\/index.php\/2023\/12\/16\/kalemodou-yansane-le-pays-va-mal\/#article\",\"isPartOf\":{\"@id\":\"https:\/\/www.leprojecteurguinee.com\/index.php\/2023\/12\/16\/kalemodou-yansane-le-pays-va-mal\/\"},\"author\":{\"name\":\"Leprojecteurguinee\",\"@id\":\"https:\/\/www.leprojecteurguinee.com\/#\/schema\/person\/389671d1a3f0c66e6c91c4a765990c1b\"},\"headline\":\"Kalemodou Yansan\u00e9\u00a0: \u00ab\u00a0Le pays va mal\u00a0\u00bb\",\"datePublished\":\"2023-12-16T13:57:59+00:00\",\"dateModified\":\"2023-12-16T13:58:46+00:00\",\"mainEntityOfPage\":{\"@id\":\"https:\/\/www.leprojecteurguinee.com\/index.php\/2023\/12\/16\/kalemodou-yansane-le-pays-va-mal\/\"},\"wordCount\":173,\"commentCount\":0,\"image\":{\"@id\":\"https:\/\/www.leprojecteurguinee.com\/index.php\/2023\/12\/16\/kalemodou-yansane-le-pays-va-mal\/#primaryimage\"},\"thumbnailUrl\":\"https:\/\/www.leprojecteurguinee.com\/wp-content\/uploads\/2023\/12\/WhatsApp-Image-2023-12-16-at-13.52.12.jpeg\",\"keywords\":[\"Politique\",\"UFDG\"],\"articleSection\":[\"Politique\"],\"inLanguage\":\"fr-FR\",\"potentialAction\":[{\"@type\":\"CommentAction\",\"name\":\"Comment\",\"target\":[\"https:\/\/www.leprojecteurguinee.com\/index.php\/2023\/12\/16\/kalemodou-yansane-le-pays-va-mal\/#respond\"]}]},{\"@type\":\"WebPage\",\"@id\":\"https:\/\/www.leprojecteurguinee.com\/index.php\/2023\/12\/16\/kalemodou-yansane-le-pays-va-mal\/\",\"url\":\"https:\/\/www.leprojecteurguinee.com\/index.php\/2023\/12\/16\/kalemodou-yansane-le-pays-va-mal\/\",\"name\":\"Kalemodou Yansan\u00e9\u00a0: \u00ab\u00a0Le pays va mal\u00a0\u00bb - leprojecteurguinee\",\"isPartOf\":{\"@id\":\"https:\/\/www.leprojecteurguinee.com\/#website\"},\"primaryImageOfPage\":{\"@id\":\"https:\/\/www.leprojecteurguinee.com\/index.php\/2023\/12\/16\/kalemodou-yansane-le-pays-va-mal\/#primaryimage\"},\"image\":{\"@id\":\"https:\/\/www.leprojecteurguinee.com\/index.php\/2023\/12\/16\/kalemodou-yansane-le-pays-va-mal\/#primaryimage\"},\"thumbnailUrl\":\"https:\/\/www.leprojecteurguinee.com\/wp-content\/uploads\/2023\/12\/WhatsApp-Image-2023-12-16-at-13.52.12.jpeg\",\"datePublished\":\"2023-12-16T13:57:59+00:00\",\"dateModified\":\"2023-12-16T13:58:46+00:00\",\"author\":{\"@id\":\"https:\/\/www.leprojecteurguinee.com\/#\/schema\/person\/389671d1a3f0c66e6c91c4a765990c1b\"},\"breadcrumb\":{\"@id\":\"https:\/\/www.leprojecteurguinee.com\/index.php\/2023\/12\/16\/kalemodou-yansane-le-pays-va-mal\/#breadcrumb\"},\"inLanguage\":\"fr-FR\",\"potentialAction\":[{\"@type\":\"ReadAction\",\"target\":[\"https:\/\/www.leprojecteurguinee.com\/index.php\/2023\/12\/16\/kalemodou-yansane-le-pays-va-mal\/\"]}]},{\"@type\":\"ImageObject\",\"inLanguage\":\"fr-FR\",\"@id\":\"https:\/\/www.leprojecteurguinee.com\/index.php\/2023\/12\/16\/kalemodou-yansane-le-pays-va-mal\/#primaryimage\",\"url\":\"https:\/\/www.leprojecteurguinee.com\/wp-content\/uploads\/2023\/12\/WhatsApp-Image-2023-12-16-at-13.52.12.jpeg\",\"contentUrl\":\"https:\/\/www.leprojecteurguinee.com\/wp-content\/uploads\/2023\/12\/WhatsApp-Image-2023-12-16-at-13.52.12.jpeg\",\"width\":1008,\"height\":567,\"caption\":\"Kalemodou yansan\u00e9 lors de l'assembl\u00e9e du samedi 16 dec\"},{\"@type\":\"BreadcrumbList\",\"@id\":\"https:\/\/www.leprojecteurguinee.com\/index.php\/2023\/12\/16\/kalemodou-yansane-le-pays-va-mal\/#breadcrumb\",\"itemListElement\":[{\"@type\":\"ListItem\",\"position\":1,\"name\":\"Accueil\",\"item\":\"https:\/\/www.leprojecteurguinee.com\/\"},{\"@type\":\"ListItem\",\"position\":2,\"name\":\"Kalemodou Yansan\u00e9\u00a0: \u00ab\u00a0Le pays va mal\u00a0\u00bb\"}]},{\"@type\":\"WebSite\",\"@id\":\"https:\/\/www.leprojecteurguinee.com\/#website\",\"url\":\"https:\/\/www.leprojecteurguinee.com\/\",\"name\":\"leprojecteurguinee\",\"description\":\"Nous luttons contre les pratiques obscures\",\"potentialAction\":[{\"@type\":\"SearchAction\",\"target\":{\"@type\":\"EntryPoint\",\"urlTemplate\":\"https:\/\/www.leprojecteurguinee.com\/?s={search_term_string}\"},\"query-input\":{\"@type\":\"PropertyValueSpecification\",\"valueRequired\":true,\"valueName\":\"search_term_string\"}}],\"inLanguage\":\"fr-FR\"},{\"@type\":\"Person\",\"@id\":\"https:\/\/www.leprojecteurguinee.com\/#\/schema\/person\/389671d1a3f0c66e6c91c4a765990c1b\",\"name\":\"Leprojecteurguinee\",\"image\":{\"@type\":\"ImageObject\",\"inLanguage\":\"fr-FR\",\"@id\":\"https:\/\/www.leprojecteurguinee.com\/#\/schema\/person\/image\/\",\"url\":\"https:\/\/secure.gravatar.com\/avatar\/c0faa0f472c43eff99fecb0bd2a1c6782e80a162c9fcb7ed2d48bb42ea619f30?s=96&d=mm&r=g\",\"contentUrl\":\"https:\/\/secure.gravatar.com\/avatar\/c0faa0f472c43eff99fecb0bd2a1c6782e80a162c9fcb7ed2d48bb42ea619f30?s=96&d=mm&r=g\",\"caption\":\"Leprojecteurguinee\"},\"sameAs\":[\"https:\/\/www.leprojecteurguinee.com\"],\"url\":\"https:\/\/www.leprojecteurguinee.com\/index.php\/author\/madame\/\"}]}<\/script>\n<!-- \/ Yoast SEO plugin. -->","yoast_head_json":{"title":"Kalemodou Yansan\u00e9\u00a0: \u00ab\u00a0Le pays va mal\u00a0\u00bb - leprojecteurguinee","robots":{"index":"index","follow":"follow","max-snippet":"max-snippet:-1","max-image-preview":"max-image-preview:large","max-video-preview":"max-video-preview:-1"},"canonical":"https:\/\/www.leprojecteurguinee.com\/index.php\/2023\/12\/16\/kalemodou-yansane-le-pays-va-mal\/","og_locale":"fr_FR","og_type":"article","og_title":"Kalemodou Yansan\u00e9\u00a0: \u00ab\u00a0Le pays va mal\u00a0\u00bb - leprojecteurguinee","og_description":"L\u2019union des forces d\u00e9mocratiques de Guin\u00e9e a organis\u00e9 ce samedi 16 d\u00e9cembre 2023 son assembl\u00e9e g\u00e9n\u00e9rale ordinaire \u00e0 son si\u00e8ge de la mini\u00e8re. Devant les militants, Kalemoudou Yansan\u00e9 a largement comment\u00e9 l\u2019actualit\u00e9 sociopolitique du pays. Sur ce point, il affirme que la \u00ab\u00a0situation s\u2019aggrave\u00a0\u00bb. En plus de la situation sur le plan politique, \u00e9conomique et [&hellip;]","og_url":"https:\/\/www.leprojecteurguinee.com\/index.php\/2023\/12\/16\/kalemodou-yansane-le-pays-va-mal\/","og_site_name":"leprojecteurguinee","article_published_time":"2023-12-16T13:57:59+00:00","article_modified_time":"2023-12-16T13:58:46+00:00","og_image":[{"width":1008,"height":567,"url":"https:\/\/www.leprojecteurguinee.com\/wp-content\/uploads\/2023\/12\/WhatsApp-Image-2023-12-16-at-13.52.12.jpeg","type":"image\/jpeg"}],"author":"Leprojecteurguinee","twitter_card":"summary_large_image","twitter_misc":{"\u00c9crit par":"Leprojecteurguinee","Dur\u00e9e de lecture estim\u00e9e":"1 minute"},"schema":{"@context":"https:\/\/schema.org","@graph":[{"@type":"Article","@id":"https:\/\/www.leprojecteurguinee.com\/index.php\/2023\/12\/16\/kalemodou-yansane-le-pays-va-mal\/#article","isPartOf":{"@id":"https:\/\/www.leprojecteurguinee.com\/index.php\/2023\/12\/16\/kalemodou-yansane-le-pays-va-mal\/"},"author":{"name":"Leprojecteurguinee","@id":"https:\/\/www.leprojecteurguinee.com\/#\/schema\/person\/389671d1a3f0c66e6c91c4a765990c1b"},"headline":"Kalemodou Yansan\u00e9\u00a0: \u00ab\u00a0Le pays va mal\u00a0\u00bb","datePublished":"2023-12-16T13:57:59+00:00","dateModified":"2023-12-16T13:58:46+00:00","mainEntityOfPage":{"@id":"https:\/\/www.leprojecteurguinee.com\/index.php\/2023\/12\/16\/kalemodou-yansane-le-pays-va-mal\/"},"wordCount":173,"commentCount":0,"image":{"@id":"https:\/\/www.leprojecteurguinee.com\/index.php\/2023\/12\/16\/kalemodou-yansane-le-pays-va-mal\/#primaryimage"},"thumbnailUrl":"https:\/\/www.leprojecteurguinee.com\/wp-content\/uploads\/2023\/12\/WhatsApp-Image-2023-12-16-at-13.52.12.jpeg","keywords":["Politique","UFDG"],"articleSection":["Politique"],"inLanguage":"fr-FR","potentialAction":[{"@type":"CommentAction","name":"Comment","target":["https:\/\/www.leprojecteurguinee.com\/index.php\/2023\/12\/16\/kalemodou-yansane-le-pays-va-mal\/#respond"]}]},{"@type":"WebPage","@id":"https:\/\/www.leprojecteurguinee.com\/index.php\/2023\/12\/16\/kalemodou-yansane-le-pays-va-mal\/","url":"https:\/\/www.leprojecteurguinee.com\/index.php\/2023\/12\/16\/kalemodou-yansane-le-pays-va-mal\/","name":"Kalemodou Yansan\u00e9\u00a0: \u00ab\u00a0Le pays va mal\u00a0\u00bb - leprojecteurguinee","isPartOf":{"@id":"https:\/\/www.leprojecteurguinee.com\/#website"},"primaryImageOfPage":{"@id":"https:\/\/www.leprojecteurguinee.com\/index.php\/2023\/12\/16\/kalemodou-yansane-le-pays-va-mal\/#primaryimage"},"image":{"@id":"https:\/\/www.leprojecteurguinee.com\/index.php\/2023\/12\/16\/kalemodou-yansane-le-pays-va-mal\/#primaryimage"},"thumbnailUrl":"https:\/\/www.leprojecteurguinee.com\/wp-content\/uploads\/2023\/12\/WhatsApp-Image-2023-12-16-at-13.52.12.jpeg","datePublished":"2023-12-16T13:57:59+00:00","dateModified":"2023-12-16T13:58:46+00:00","author":{"@id":"https:\/\/www.leprojecteurguinee.com\/#\/schema\/person\/389671d1a3f0c66e6c91c4a765990c1b"},"breadcrumb":{"@id":"https:\/\/www.leprojecteurguinee.com\/index.php\/2023\/12\/16\/kalemodou-yansane-le-pays-va-mal\/#breadcrumb"},"inLanguage":"fr-FR","potentialAction":[{"@type":"ReadAction","target":["https:\/\/www.leprojecteurguinee.com\/index.php\/2023\/12\/16\/kalemodou-yansane-le-pays-va-mal\/"]}]},{"@type":"ImageObject","inLanguage":"fr-FR","@id":"https:\/\/www.leprojecteurguinee.com\/index.php\/2023\/12\/16\/kalemodou-yansane-le-pays-va-mal\/#primaryimage","url":"https:\/\/www.leprojecteurguinee.com\/wp-content\/uploads\/2023\/12\/WhatsApp-Image-2023-12-16-at-13.52.12.jpeg","contentUrl":"https:\/\/www.leprojecteurguinee.com\/wp-content\/uploads\/2023\/12\/WhatsApp-Image-2023-12-16-at-13.52.12.jpeg","width":1008,"height":567,"caption":"Kalemodou yansan\u00e9 lors de l'assembl\u00e9e du samedi 16 dec"},{"@type":"BreadcrumbList","@id":"https:\/\/www.leprojecteurguinee.com\/index.php\/2023\/12\/16\/kalemodou-yansane-le-pays-va-mal\/#breadcrumb","itemListElement":[{"@type":"ListItem","position":1,"name":"Accueil","item":"https:\/\/www.leprojecteurguinee.com\/"},{"@type":"ListItem","position":2,"name":"Kalemodou Yansan\u00e9\u00a0: \u00ab\u00a0Le pays va mal\u00a0\u00bb"}]},{"@type":"WebSite","@id":"https:\/\/www.leprojecteurguinee.com\/#website","url":"https:\/\/www.leprojecteurguinee.com\/","name":"leprojecteurguinee","description":"Nous luttons contre les pratiques obscures","potentialAction":[{"@type":"SearchAction","target":{"@type":"EntryPoint","urlTemplate":"https:\/\/www.leprojecteurguinee.com\/?s={search_term_string}"},"query-input":{"@type":"PropertyValueSpecification","valueRequired":true,"valueName":"search_term_string"}}],"inLanguage":"fr-FR"},{"@type":"Person","@id":"https:\/\/www.leprojecteurguinee.com\/#\/schema\/person\/389671d1a3f0c66e6c91c4a765990c1b","name":"Leprojecteurguinee","image":{"@type":"ImageObject","inLanguage":"fr-FR","@id":"https:\/\/www.leprojecteurguinee.com\/#\/schema\/person\/image\/","url":"https:\/\/secure.gravatar.com\/avatar\/c0faa0f472c43eff99fecb0bd2a1c6782e80a162c9fcb7ed2d48bb42ea619f30?s=96&d=mm&r=g","contentUrl":"https:\/\/secure.gravatar.com\/avatar\/c0faa0f472c43eff99fecb0bd2a1c6782e80a162c9fcb7ed2d48bb42ea619f30?s=96&d=mm&r=g","caption":"Leprojecteurguinee"},"sameAs":["https:\/\/www.leprojecteurguinee.com"],"url":"https:\/\/www.leprojecteurguinee.com\/index.php\/author\/madame\/"}]}},"_links":{"self":[{"href":"https:\/\/www.leprojecteurguinee.com\/index.php\/wp-json\/wp\/v2\/posts\/1913","targetHints":{"allow":["GET"]}}],"collection":[{"href":"https:\/\/www.leprojecteurguinee.com\/index.php\/wp-json\/wp\/v2\/posts"}],"about":[{"href":"https:\/\/www.leprojecteurguinee.com\/index.php\/wp-json\/wp\/v2\/types\/post"}],"author":[{"embeddable":true,"href":"https:\/\/www.leprojecteurguinee.com\/index.php\/wp-json\/wp\/v2\/users\/1"}],"replies":[{"embeddable":true,"href":"https:\/\/www.leprojecteurguinee.com\/index.php\/wp-json\/wp\/v2\/comments?post=1913"}],"version-history":[{"count":0,"href":"https:\/\/www.leprojecteurguinee.com\/index.php\/wp-json\/wp\/v2\/posts\/1913\/revisions"}],"wp:featuredmedia":[{"embeddable":true,"href":"https:\/\/www.leprojecteurguinee.com\/index.php\/wp-json\/wp\/v2\/media\/1914"}],"wp:attachment":[{"href":"https:\/\/www.leprojecteurguinee.com\/index.php\/wp-json\/wp\/v2\/media?parent=1913"}],"wp:term":[{"taxonomy":"category","embeddable":true,"href":"https:\/\/www.leprojecteurguinee.com\/index.php\/wp-json\/wp\/v2\/categories?post=1913"},{"taxonomy":"post_tag","embeddable":true,"href":"https:\/\/www.leprojecteurguinee.com\/index.php\/wp-json\/wp\/v2\/tags?post=1913"}],"curies":[{"name":"wp","href":"https:\/\/api.w.org\/{rel}","templated":true}]}}