{"id":1840,"date":"2023-12-09T12:23:06","date_gmt":"2023-12-09T11:23:06","guid":{"rendered":"https:\/\/www.leprojecteurguinee.com\/?p=1840"},"modified":"2023-12-09T12:23:13","modified_gmt":"2023-12-09T11:23:13","slug":"le-ministre-de-la-culture-annonce-les-couleurs-du-fenac","status":"publish","type":"post","link":"https:\/\/www.leprojecteurguinee.com\/index.php\/2023\/12\/09\/le-ministre-de-la-culture-annonce-les-couleurs-du-fenac\/","title":{"rendered":"Le\u00a0ministre de la Culture\u00a0annonce les couleurs du FENAC"},"content":{"rendered":"\n<p><strong>Le minist\u00e8re de la Culture du tourisme et de l&rsquo;artisanat a anim\u00e9 un point de presse ce vendredi 08 d\u00e9cembre \u00e0 Conakry.\u00a0Il \u00e9tait question d\u2019annoncer les couleurs de la 19e \u00e9dition du festival des arts et de la culture\u00a0(FENAC), qui se tiendra du 12 au 16 d\u00e9cembre prochain.<\/strong><\/p>\n\n\n\n<p>Lors de sa prise de parole, le ministre de la Culture du tourisme et de l&rsquo;artisanat a annonc\u00e9 qu&rsquo;il aura des innovations cette ann\u00e9e.\u00a0\u00ab\u00a0<em>Apr\u00e8s la quinzaine en 2022, nous avons tenu \u00e0 innover ce festival.\u00a0Beaucoup\u00a0de pays ont pris le pas sur notre festival et\u00a0aujourd&rsquo;hui, nous\u00a0allons donner le ton donc il faut innover, et pourquoi innover, parce qu\u2019 en culture \u00e7a bouge tous les jours.\u00a0Il y a nouvelles expressions culturelles.\u00a0Beaucoup de pays ont pris le pas sur notre festival et aujourd&rsquo;hui, nous allons donner le ton donc il faut innover, et pourquoi innover, parce\u00a0qu\u2019en\u00a0culture \u00e7a bouge tous les jours.\u00a0Alors une autre innovation, on s&rsquo;est inspir\u00e9 ce qu&rsquo;on a vu dans d&rsquo;autres pays et on a tenu \u00e0 cr\u00e9er un village des communaut\u00e9s.\u00a0Il y a des arts de la rue, il y a le slam et puis on doit booster certains secteurs comme le th\u00e9\u00e2tre, parce qu&rsquo;on a l&rsquo;habitude de faire les danses et chants, cette fois-ci, il fallait aller au-del\u00e0 de \u00e7a.\u00a0Et comment mat\u00e9rialiser tout cela?\u00a0il\u00a0faut que toutes nos communaut\u00e9s se retrouvent dans un espace pour qu&rsquo;ils vivent ensemble pendant un certain temps et qu\u2019ils s&rsquo;expliquent les uns aux autres\u00a0comment ils\u00a0vivent ?\u00a0Et aussi, on a tenu \u00e0 inviter une dame tr\u00e8s connue \u00e0 travers le\u00a0monde, mais\u00a0d&rsquo;origine s\u00e9n\u00e9galaise madame\u00a0Sy\u00a0qui pratique un art, elle le fait \u00e0 travers le textile \u00e0 un d\u00e9fil\u00e9 \u00e0 travers un mode vestimentaire qui nous replonge dans le\u00a0pass\u00e9<\/em>.\u00a0\u00bb<\/p>\n\n\n\n<p>Selon Amine Tour\u00e9, pr\u00e9sident du comit\u00e9 d&rsquo;organisation du&nbsp;FENAC, cette&nbsp;comp\u00e9tition touchera toutes les r\u00e9gions de la Guin\u00e9e.<\/p>\n\n\n\n<p>\u00ab\u00a0<em>Depuis l&rsquo;ind\u00e9pendance, c&rsquo;est la premi\u00e8re fois qu&rsquo;on organise une c\u00e9r\u00e9monie d&rsquo;ouverture dans un stade.\u00a0Il\u00a0a \u00e9t\u00e9 cr\u00e9\u00e9 \u00e0 cette occasion un spectacle d&rsquo;ouverture.\u00a0Nous\u00a0avons travaill\u00e9 avec toutes les fa\u00eeti\u00e8res \u00e9voluant dans le domaine de la culture et des arts dans cette salle et ces fa\u00eeti\u00e8res ont indiqu\u00e9 des points d&rsquo;animation et de rencontre le 12 d\u00e9cembre pendant\u00a021 heure.\u00a0Il\u00a0y aura\u00a0l&rsquo;organisation d&rsquo;un concours de cin\u00e9ma, une minute pour une vid\u00e9o et un message, les concurrents vont produire des messages vid\u00e9o pour une minute.\u00a0Mais\u00a0aussi, on\u00a0a profit\u00e9 pour permettre aux populations qui n&rsquo;ont pas la chance d&rsquo;aller dans la salle de cin\u00e9ma de regarder, on leur offre des projections de ses films populaires et professionnels<\/em>\u00ab\u00a0.<\/p>\n\n\n\n<p class=\"has-text-align-right\"><strong>Fatoumata\u00a0Camara\u00a0<\/strong><\/p>\n","protected":false},"excerpt":{"rendered":"<p>Le minist\u00e8re de la Culture du tourisme et de l&rsquo;artisanat a anim\u00e9 un point de presse ce vendredi 08 d\u00e9cembre \u00e0 Conakry.\u00a0Il \u00e9tait question d\u2019annoncer les couleurs de la 19e \u00e9dition du festival des arts et de la culture\u00a0(FENAC), qui se tiendra du 12 au 16 d\u00e9cembre prochain. Lors de sa prise de parole, le [&hellip;]<\/p>\n","protected":false},"author":1,"featured_media":1841,"comment_status":"open","ping_status":"open","sticky":true,"template":"","format":"standard","meta":{"footnotes":""},"categories":[20],"tags":[477],"class_list":["post-1840","post","type-post","status-publish","format-standard","has-post-thumbnail","hentry","category-societe","tag-culture"],"yoast_head":"<!-- This site is optimized with the Yoast SEO plugin v26.8 - https:\/\/yoast.com\/product\/yoast-seo-wordpress\/ -->\n<title>Le\u00a0ministre de la Culture\u00a0annonce les couleurs du FENAC - leprojecteurguinee<\/title>\n<meta name=\"robots\" content=\"index, follow, max-snippet:-1, max-image-preview:large, max-video-preview:-1\" \/>\n<link rel=\"canonical\" href=\"https:\/\/www.leprojecteurguinee.com\/index.php\/2023\/12\/09\/le-ministre-de-la-culture-annonce-les-couleurs-du-fenac\/\" \/>\n<meta property=\"og:locale\" content=\"fr_FR\" \/>\n<meta property=\"og:type\" content=\"article\" \/>\n<meta property=\"og:title\" content=\"Le\u00a0ministre de la Culture\u00a0annonce les couleurs du FENAC - leprojecteurguinee\" \/>\n<meta property=\"og:description\" content=\"Le minist\u00e8re de la Culture du tourisme et de l&rsquo;artisanat a anim\u00e9 un point de presse ce vendredi 08 d\u00e9cembre \u00e0 Conakry.\u00a0Il \u00e9tait question d\u2019annoncer les couleurs de la 19e \u00e9dition du festival des arts et de la culture\u00a0(FENAC), qui se tiendra du 12 au 16 d\u00e9cembre prochain. Lors de sa prise de parole, le [&hellip;]\" \/>\n<meta property=\"og:url\" content=\"https:\/\/www.leprojecteurguinee.com\/index.php\/2023\/12\/09\/le-ministre-de-la-culture-annonce-les-couleurs-du-fenac\/\" \/>\n<meta property=\"og:site_name\" content=\"leprojecteurguinee\" \/>\n<meta property=\"article:published_time\" content=\"2023-12-09T11:23:06+00:00\" \/>\n<meta property=\"article:modified_time\" content=\"2023-12-09T11:23:13+00:00\" \/>\n<meta property=\"og:image\" content=\"https:\/\/www.leprojecteurguinee.com\/wp-content\/uploads\/2023\/12\/WhatsApp-Image-2023-12-08-at-22.13.01.jpeg\" \/>\n\t<meta property=\"og:image:width\" content=\"1008\" \/>\n\t<meta property=\"og:image:height\" content=\"756\" \/>\n\t<meta property=\"og:image:type\" content=\"image\/jpeg\" \/>\n<meta name=\"author\" content=\"Leprojecteurguinee\" \/>\n<meta name=\"twitter:card\" content=\"summary_large_image\" \/>\n<meta name=\"twitter:label1\" content=\"\u00c9crit par\" \/>\n\t<meta name=\"twitter:data1\" content=\"Leprojecteurguinee\" \/>\n\t<meta name=\"twitter:label2\" content=\"Dur\u00e9e de lecture estim\u00e9e\" \/>\n\t<meta name=\"twitter:data2\" content=\"3 minutes\" \/>\n<script type=\"application\/ld+json\" class=\"yoast-schema-graph\">{\"@context\":\"https:\/\/schema.org\",\"@graph\":[{\"@type\":\"Article\",\"@id\":\"https:\/\/www.leprojecteurguinee.com\/index.php\/2023\/12\/09\/le-ministre-de-la-culture-annonce-les-couleurs-du-fenac\/#article\",\"isPartOf\":{\"@id\":\"https:\/\/www.leprojecteurguinee.com\/index.php\/2023\/12\/09\/le-ministre-de-la-culture-annonce-les-couleurs-du-fenac\/\"},\"author\":{\"name\":\"Leprojecteurguinee\",\"@id\":\"https:\/\/www.leprojecteurguinee.com\/#\/schema\/person\/389671d1a3f0c66e6c91c4a765990c1b\"},\"headline\":\"Le\u00a0ministre de la Culture\u00a0annonce les couleurs du FENAC\",\"datePublished\":\"2023-12-09T11:23:06+00:00\",\"dateModified\":\"2023-12-09T11:23:13+00:00\",\"mainEntityOfPage\":{\"@id\":\"https:\/\/www.leprojecteurguinee.com\/index.php\/2023\/12\/09\/le-ministre-de-la-culture-annonce-les-couleurs-du-fenac\/\"},\"wordCount\":496,\"commentCount\":0,\"image\":{\"@id\":\"https:\/\/www.leprojecteurguinee.com\/index.php\/2023\/12\/09\/le-ministre-de-la-culture-annonce-les-couleurs-du-fenac\/#primaryimage\"},\"thumbnailUrl\":\"https:\/\/www.leprojecteurguinee.com\/wp-content\/uploads\/2023\/12\/WhatsApp-Image-2023-12-08-at-22.13.01.jpeg\",\"keywords\":[\"Culture\"],\"articleSection\":[\"Soci\u00e9t\u00e9\"],\"inLanguage\":\"fr-FR\",\"potentialAction\":[{\"@type\":\"CommentAction\",\"name\":\"Comment\",\"target\":[\"https:\/\/www.leprojecteurguinee.com\/index.php\/2023\/12\/09\/le-ministre-de-la-culture-annonce-les-couleurs-du-fenac\/#respond\"]}]},{\"@type\":\"WebPage\",\"@id\":\"https:\/\/www.leprojecteurguinee.com\/index.php\/2023\/12\/09\/le-ministre-de-la-culture-annonce-les-couleurs-du-fenac\/\",\"url\":\"https:\/\/www.leprojecteurguinee.com\/index.php\/2023\/12\/09\/le-ministre-de-la-culture-annonce-les-couleurs-du-fenac\/\",\"name\":\"Le\u00a0ministre de la Culture\u00a0annonce les couleurs du FENAC - leprojecteurguinee\",\"isPartOf\":{\"@id\":\"https:\/\/www.leprojecteurguinee.com\/#website\"},\"primaryImageOfPage\":{\"@id\":\"https:\/\/www.leprojecteurguinee.com\/index.php\/2023\/12\/09\/le-ministre-de-la-culture-annonce-les-couleurs-du-fenac\/#primaryimage\"},\"image\":{\"@id\":\"https:\/\/www.leprojecteurguinee.com\/index.php\/2023\/12\/09\/le-ministre-de-la-culture-annonce-les-couleurs-du-fenac\/#primaryimage\"},\"thumbnailUrl\":\"https:\/\/www.leprojecteurguinee.com\/wp-content\/uploads\/2023\/12\/WhatsApp-Image-2023-12-08-at-22.13.01.jpeg\",\"datePublished\":\"2023-12-09T11:23:06+00:00\",\"dateModified\":\"2023-12-09T11:23:13+00:00\",\"author\":{\"@id\":\"https:\/\/www.leprojecteurguinee.com\/#\/schema\/person\/389671d1a3f0c66e6c91c4a765990c1b\"},\"breadcrumb\":{\"@id\":\"https:\/\/www.leprojecteurguinee.com\/index.php\/2023\/12\/09\/le-ministre-de-la-culture-annonce-les-couleurs-du-fenac\/#breadcrumb\"},\"inLanguage\":\"fr-FR\",\"potentialAction\":[{\"@type\":\"ReadAction\",\"target\":[\"https:\/\/www.leprojecteurguinee.com\/index.php\/2023\/12\/09\/le-ministre-de-la-culture-annonce-les-couleurs-du-fenac\/\"]}]},{\"@type\":\"ImageObject\",\"inLanguage\":\"fr-FR\",\"@id\":\"https:\/\/www.leprojecteurguinee.com\/index.php\/2023\/12\/09\/le-ministre-de-la-culture-annonce-les-couleurs-du-fenac\/#primaryimage\",\"url\":\"https:\/\/www.leprojecteurguinee.com\/wp-content\/uploads\/2023\/12\/WhatsApp-Image-2023-12-08-at-22.13.01.jpeg\",\"contentUrl\":\"https:\/\/www.leprojecteurguinee.com\/wp-content\/uploads\/2023\/12\/WhatsApp-Image-2023-12-08-at-22.13.01.jpeg\",\"width\":1008,\"height\":756},{\"@type\":\"BreadcrumbList\",\"@id\":\"https:\/\/www.leprojecteurguinee.com\/index.php\/2023\/12\/09\/le-ministre-de-la-culture-annonce-les-couleurs-du-fenac\/#breadcrumb\",\"itemListElement\":[{\"@type\":\"ListItem\",\"position\":1,\"name\":\"Accueil\",\"item\":\"https:\/\/www.leprojecteurguinee.com\/\"},{\"@type\":\"ListItem\",\"position\":2,\"name\":\"Le\u00a0ministre de la Culture\u00a0annonce les couleurs du FENAC\"}]},{\"@type\":\"WebSite\",\"@id\":\"https:\/\/www.leprojecteurguinee.com\/#website\",\"url\":\"https:\/\/www.leprojecteurguinee.com\/\",\"name\":\"leprojecteurguinee\",\"description\":\"Nous luttons contre les pratiques obscures\",\"potentialAction\":[{\"@type\":\"SearchAction\",\"target\":{\"@type\":\"EntryPoint\",\"urlTemplate\":\"https:\/\/www.leprojecteurguinee.com\/?s={search_term_string}\"},\"query-input\":{\"@type\":\"PropertyValueSpecification\",\"valueRequired\":true,\"valueName\":\"search_term_string\"}}],\"inLanguage\":\"fr-FR\"},{\"@type\":\"Person\",\"@id\":\"https:\/\/www.leprojecteurguinee.com\/#\/schema\/person\/389671d1a3f0c66e6c91c4a765990c1b\",\"name\":\"Leprojecteurguinee\",\"image\":{\"@type\":\"ImageObject\",\"inLanguage\":\"fr-FR\",\"@id\":\"https:\/\/www.leprojecteurguinee.com\/#\/schema\/person\/image\/\",\"url\":\"https:\/\/secure.gravatar.com\/avatar\/c0faa0f472c43eff99fecb0bd2a1c6782e80a162c9fcb7ed2d48bb42ea619f30?s=96&d=mm&r=g\",\"contentUrl\":\"https:\/\/secure.gravatar.com\/avatar\/c0faa0f472c43eff99fecb0bd2a1c6782e80a162c9fcb7ed2d48bb42ea619f30?s=96&d=mm&r=g\",\"caption\":\"Leprojecteurguinee\"},\"sameAs\":[\"https:\/\/www.leprojecteurguinee.com\"],\"url\":\"https:\/\/www.leprojecteurguinee.com\/index.php\/author\/madame\/\"}]}<\/script>\n<!-- \/ Yoast SEO plugin. -->","yoast_head_json":{"title":"Le\u00a0ministre de la Culture\u00a0annonce les couleurs du FENAC - leprojecteurguinee","robots":{"index":"index","follow":"follow","max-snippet":"max-snippet:-1","max-image-preview":"max-image-preview:large","max-video-preview":"max-video-preview:-1"},"canonical":"https:\/\/www.leprojecteurguinee.com\/index.php\/2023\/12\/09\/le-ministre-de-la-culture-annonce-les-couleurs-du-fenac\/","og_locale":"fr_FR","og_type":"article","og_title":"Le\u00a0ministre de la Culture\u00a0annonce les couleurs du FENAC - leprojecteurguinee","og_description":"Le minist\u00e8re de la Culture du tourisme et de l&rsquo;artisanat a anim\u00e9 un point de presse ce vendredi 08 d\u00e9cembre \u00e0 Conakry.\u00a0Il \u00e9tait question d\u2019annoncer les couleurs de la 19e \u00e9dition du festival des arts et de la culture\u00a0(FENAC), qui se tiendra du 12 au 16 d\u00e9cembre prochain. Lors de sa prise de parole, le [&hellip;]","og_url":"https:\/\/www.leprojecteurguinee.com\/index.php\/2023\/12\/09\/le-ministre-de-la-culture-annonce-les-couleurs-du-fenac\/","og_site_name":"leprojecteurguinee","article_published_time":"2023-12-09T11:23:06+00:00","article_modified_time":"2023-12-09T11:23:13+00:00","og_image":[{"width":1008,"height":756,"url":"https:\/\/www.leprojecteurguinee.com\/wp-content\/uploads\/2023\/12\/WhatsApp-Image-2023-12-08-at-22.13.01.jpeg","type":"image\/jpeg"}],"author":"Leprojecteurguinee","twitter_card":"summary_large_image","twitter_misc":{"\u00c9crit par":"Leprojecteurguinee","Dur\u00e9e de lecture estim\u00e9e":"3 minutes"},"schema":{"@context":"https:\/\/schema.org","@graph":[{"@type":"Article","@id":"https:\/\/www.leprojecteurguinee.com\/index.php\/2023\/12\/09\/le-ministre-de-la-culture-annonce-les-couleurs-du-fenac\/#article","isPartOf":{"@id":"https:\/\/www.leprojecteurguinee.com\/index.php\/2023\/12\/09\/le-ministre-de-la-culture-annonce-les-couleurs-du-fenac\/"},"author":{"name":"Leprojecteurguinee","@id":"https:\/\/www.leprojecteurguinee.com\/#\/schema\/person\/389671d1a3f0c66e6c91c4a765990c1b"},"headline":"Le\u00a0ministre de la Culture\u00a0annonce les couleurs du FENAC","datePublished":"2023-12-09T11:23:06+00:00","dateModified":"2023-12-09T11:23:13+00:00","mainEntityOfPage":{"@id":"https:\/\/www.leprojecteurguinee.com\/index.php\/2023\/12\/09\/le-ministre-de-la-culture-annonce-les-couleurs-du-fenac\/"},"wordCount":496,"commentCount":0,"image":{"@id":"https:\/\/www.leprojecteurguinee.com\/index.php\/2023\/12\/09\/le-ministre-de-la-culture-annonce-les-couleurs-du-fenac\/#primaryimage"},"thumbnailUrl":"https:\/\/www.leprojecteurguinee.com\/wp-content\/uploads\/2023\/12\/WhatsApp-Image-2023-12-08-at-22.13.01.jpeg","keywords":["Culture"],"articleSection":["Soci\u00e9t\u00e9"],"inLanguage":"fr-FR","potentialAction":[{"@type":"CommentAction","name":"Comment","target":["https:\/\/www.leprojecteurguinee.com\/index.php\/2023\/12\/09\/le-ministre-de-la-culture-annonce-les-couleurs-du-fenac\/#respond"]}]},{"@type":"WebPage","@id":"https:\/\/www.leprojecteurguinee.com\/index.php\/2023\/12\/09\/le-ministre-de-la-culture-annonce-les-couleurs-du-fenac\/","url":"https:\/\/www.leprojecteurguinee.com\/index.php\/2023\/12\/09\/le-ministre-de-la-culture-annonce-les-couleurs-du-fenac\/","name":"Le\u00a0ministre de la Culture\u00a0annonce les couleurs du FENAC - leprojecteurguinee","isPartOf":{"@id":"https:\/\/www.leprojecteurguinee.com\/#website"},"primaryImageOfPage":{"@id":"https:\/\/www.leprojecteurguinee.com\/index.php\/2023\/12\/09\/le-ministre-de-la-culture-annonce-les-couleurs-du-fenac\/#primaryimage"},"image":{"@id":"https:\/\/www.leprojecteurguinee.com\/index.php\/2023\/12\/09\/le-ministre-de-la-culture-annonce-les-couleurs-du-fenac\/#primaryimage"},"thumbnailUrl":"https:\/\/www.leprojecteurguinee.com\/wp-content\/uploads\/2023\/12\/WhatsApp-Image-2023-12-08-at-22.13.01.jpeg","datePublished":"2023-12-09T11:23:06+00:00","dateModified":"2023-12-09T11:23:13+00:00","author":{"@id":"https:\/\/www.leprojecteurguinee.com\/#\/schema\/person\/389671d1a3f0c66e6c91c4a765990c1b"},"breadcrumb":{"@id":"https:\/\/www.leprojecteurguinee.com\/index.php\/2023\/12\/09\/le-ministre-de-la-culture-annonce-les-couleurs-du-fenac\/#breadcrumb"},"inLanguage":"fr-FR","potentialAction":[{"@type":"ReadAction","target":["https:\/\/www.leprojecteurguinee.com\/index.php\/2023\/12\/09\/le-ministre-de-la-culture-annonce-les-couleurs-du-fenac\/"]}]},{"@type":"ImageObject","inLanguage":"fr-FR","@id":"https:\/\/www.leprojecteurguinee.com\/index.php\/2023\/12\/09\/le-ministre-de-la-culture-annonce-les-couleurs-du-fenac\/#primaryimage","url":"https:\/\/www.leprojecteurguinee.com\/wp-content\/uploads\/2023\/12\/WhatsApp-Image-2023-12-08-at-22.13.01.jpeg","contentUrl":"https:\/\/www.leprojecteurguinee.com\/wp-content\/uploads\/2023\/12\/WhatsApp-Image-2023-12-08-at-22.13.01.jpeg","width":1008,"height":756},{"@type":"BreadcrumbList","@id":"https:\/\/www.leprojecteurguinee.com\/index.php\/2023\/12\/09\/le-ministre-de-la-culture-annonce-les-couleurs-du-fenac\/#breadcrumb","itemListElement":[{"@type":"ListItem","position":1,"name":"Accueil","item":"https:\/\/www.leprojecteurguinee.com\/"},{"@type":"ListItem","position":2,"name":"Le\u00a0ministre de la Culture\u00a0annonce les couleurs du FENAC"}]},{"@type":"WebSite","@id":"https:\/\/www.leprojecteurguinee.com\/#website","url":"https:\/\/www.leprojecteurguinee.com\/","name":"leprojecteurguinee","description":"Nous luttons contre les pratiques obscures","potentialAction":[{"@type":"SearchAction","target":{"@type":"EntryPoint","urlTemplate":"https:\/\/www.leprojecteurguinee.com\/?s={search_term_string}"},"query-input":{"@type":"PropertyValueSpecification","valueRequired":true,"valueName":"search_term_string"}}],"inLanguage":"fr-FR"},{"@type":"Person","@id":"https:\/\/www.leprojecteurguinee.com\/#\/schema\/person\/389671d1a3f0c66e6c91c4a765990c1b","name":"Leprojecteurguinee","image":{"@type":"ImageObject","inLanguage":"fr-FR","@id":"https:\/\/www.leprojecteurguinee.com\/#\/schema\/person\/image\/","url":"https:\/\/secure.gravatar.com\/avatar\/c0faa0f472c43eff99fecb0bd2a1c6782e80a162c9fcb7ed2d48bb42ea619f30?s=96&d=mm&r=g","contentUrl":"https:\/\/secure.gravatar.com\/avatar\/c0faa0f472c43eff99fecb0bd2a1c6782e80a162c9fcb7ed2d48bb42ea619f30?s=96&d=mm&r=g","caption":"Leprojecteurguinee"},"sameAs":["https:\/\/www.leprojecteurguinee.com"],"url":"https:\/\/www.leprojecteurguinee.com\/index.php\/author\/madame\/"}]}},"_links":{"self":[{"href":"https:\/\/www.leprojecteurguinee.com\/index.php\/wp-json\/wp\/v2\/posts\/1840","targetHints":{"allow":["GET"]}}],"collection":[{"href":"https:\/\/www.leprojecteurguinee.com\/index.php\/wp-json\/wp\/v2\/posts"}],"about":[{"href":"https:\/\/www.leprojecteurguinee.com\/index.php\/wp-json\/wp\/v2\/types\/post"}],"author":[{"embeddable":true,"href":"https:\/\/www.leprojecteurguinee.com\/index.php\/wp-json\/wp\/v2\/users\/1"}],"replies":[{"embeddable":true,"href":"https:\/\/www.leprojecteurguinee.com\/index.php\/wp-json\/wp\/v2\/comments?post=1840"}],"version-history":[{"count":0,"href":"https:\/\/www.leprojecteurguinee.com\/index.php\/wp-json\/wp\/v2\/posts\/1840\/revisions"}],"wp:featuredmedia":[{"embeddable":true,"href":"https:\/\/www.leprojecteurguinee.com\/index.php\/wp-json\/wp\/v2\/media\/1841"}],"wp:attachment":[{"href":"https:\/\/www.leprojecteurguinee.com\/index.php\/wp-json\/wp\/v2\/media?parent=1840"}],"wp:term":[{"taxonomy":"category","embeddable":true,"href":"https:\/\/www.leprojecteurguinee.com\/index.php\/wp-json\/wp\/v2\/categories?post=1840"},{"taxonomy":"post_tag","embeddable":true,"href":"https:\/\/www.leprojecteurguinee.com\/index.php\/wp-json\/wp\/v2\/tags?post=1840"}],"curies":[{"name":"wp","href":"https:\/\/api.w.org\/{rel}","templated":true}]}}