{"id":1797,"date":"2023-11-30T10:44:27","date_gmt":"2023-11-30T09:44:27","guid":{"rendered":"https:\/\/www.leprojecteurguinee.com\/?p=1797"},"modified":"2023-11-30T10:44:29","modified_gmt":"2023-11-30T09:44:29","slug":"cellou-balde-denonce-la-banalisation-de-la-vie-humaine-dans-notre-pays","status":"publish","type":"post","link":"https:\/\/www.leprojecteurguinee.com\/index.php\/2023\/11\/30\/cellou-balde-denonce-la-banalisation-de-la-vie-humaine-dans-notre-pays\/","title":{"rendered":"Cellou\u00a0Bald\u00e9\u00a0d\u00e9nonce la \u00ab\u00a0banalisation de la vie humaine dans notre pays\u00a0\u00bb"},"content":{"rendered":"\n<p>Lors de la conf\u00e9rence de presse organis\u00e9e par l\u2019ANAD\u00a0ce mercredi 29 novembre 2023, plusieurs\u00a0sujets ont \u00e9t\u00e9 \u00e9voqu\u00e9s par les responsables politiques.\u00a0Le coordinateur des f\u00e9d\u00e9rations de l&rsquo;UFDG\u00a0de l&rsquo;int\u00e9rieur est revenu sur la mort du jeune gar\u00e7on d\u00e9c\u00e9d\u00e9 sur l&rsquo;axe lors de la derni\u00e8re manifestation et qualifie cet acte de banalisation de la vie humaine.<br><br>Pour le cas du recensement \u00e0 vocation d\u2019\u00e9tat-civil (RAVEC)\u00a0Cellou\u00a0Bald\u00e9\u00a0dit que \u00ab <em>Nous souscrivons carr\u00e9ment, pour un fichier d&rsquo;\u00e9tat-civil\u00a0moderne, coh\u00e9rent et fiable, que nous puissions travailler sur le\u00a0RAVEC.\u00a0Mais ce que nous ne comprenons pas et ce que nous r\u00e9futons, c&rsquo;est que, nous ne pouvons pas, pour l&rsquo;agenda dynamique de 24 mois, dont l&rsquo;\u00e9ch\u00e9ance pour rendre le pouvoir \u00e0 des autorit\u00e9s civiles, l\u00e9galement et l\u00e9gitimement \u00e9tablies est fix\u00e9es au 31 d\u00e9cembre 2024, c&rsquo;est une utopie de penser qu&rsquo;on peut disposer d&rsquo;un fichier d&rsquo;\u00e9tat civil, duquel nous pourrions sortir un fichier \u00e9lectoral, quand on sait qu&rsquo;aujourd&rsquo;hui dans notre pays, m\u00eames les communes au niveau r\u00e9gional ne disposent pas de suffisamment de logistiques, de ressources humaines, de moyens \u00e0 m\u00eame de favoriser l&rsquo;\u00e9tablissement d&rsquo;une fichier d&rsquo;\u00e9tat civil <\/em>\u00bb.<br><br><strong>Forces de s\u00e9curit\u00e9<br><\/strong><br>Cellou Bald\u00e9\u00a0a\u00a0d\u00e9nonc\u00e9 \u00ab <em>la banalisation de la vie humaine dans notre pays.\u00a0Les forces des d\u00e9fenses et de s\u00e9curit\u00e9 dans notre pays, sont incapables de s\u00e9curiser une maison d&rsquo;arr\u00eat, sont incapables de s\u00e9curiser les paisibles citoyens.\u00a0Mais ils sont prompts \u00e0 loger une balle dans la t\u00eate d\u2019un citoyen qui revient d&rsquo;une activit\u00e9 laborieuse pendant toute une journ\u00e9e.\u00a0Il y a eu le jeune qui revenait de la ville, qui a \u00e9t\u00e9 r\u00e9cemment assassin\u00e9 du c\u00f4t\u00e9 de\u00a0Hamdallaye.\u00a0Pas longtemps plus qu&rsquo;avant hier, par rapport \u00e0 des altercations scolaires au niveau de l&rsquo;\u00e9cole\u00a0Solokour\u00e9, un autre jeune a \u00e9t\u00e9 \u00e9galement assassin\u00e9.\u00a0La banalisation de la vie humaine, doit cesser dans notre pays<\/em>.\u00a0\u00bb<\/p>\n\n\n\n<p class=\"has-text-align-right\"><strong>Fatoumata Camara<\/strong><\/p>\n\n\n\n<p class=\"has-text-align-right\">Loninfosgn@gmail.com<\/p>\n","protected":false},"excerpt":{"rendered":"<p>Lors de la conf\u00e9rence de presse organis\u00e9e par l\u2019ANAD\u00a0ce mercredi 29 novembre 2023, plusieurs\u00a0sujets ont \u00e9t\u00e9 \u00e9voqu\u00e9s par les responsables politiques.\u00a0Le coordinateur des f\u00e9d\u00e9rations de l&rsquo;UFDG\u00a0de l&rsquo;int\u00e9rieur est revenu sur la mort du jeune gar\u00e7on d\u00e9c\u00e9d\u00e9 sur l&rsquo;axe lors de la derni\u00e8re manifestation et qualifie cet acte de banalisation de la vie humaine. Pour le [&hellip;]<\/p>\n","protected":false},"author":1,"featured_media":1794,"comment_status":"open","ping_status":"open","sticky":true,"template":"","format":"standard","meta":{"footnotes":""},"categories":[80],"tags":[112,471],"class_list":["post-1797","post","type-post","status-publish","format-standard","has-post-thumbnail","hentry","category-politique","tag-anad","tag-cellou-balde"],"yoast_head":"<!-- This site is optimized with the Yoast SEO plugin v26.8 - https:\/\/yoast.com\/product\/yoast-seo-wordpress\/ -->\n<title>Cellou\u00a0Bald\u00e9\u00a0d\u00e9nonce la &quot;banalisation de la vie humaine dans notre pays&quot; - leprojecteurguinee<\/title>\n<meta name=\"robots\" content=\"index, follow, max-snippet:-1, max-image-preview:large, max-video-preview:-1\" \/>\n<link rel=\"canonical\" href=\"https:\/\/www.leprojecteurguinee.com\/index.php\/2023\/11\/30\/cellou-balde-denonce-la-banalisation-de-la-vie-humaine-dans-notre-pays\/\" \/>\n<meta property=\"og:locale\" content=\"fr_FR\" \/>\n<meta property=\"og:type\" content=\"article\" \/>\n<meta property=\"og:title\" content=\"Cellou\u00a0Bald\u00e9\u00a0d\u00e9nonce la &quot;banalisation de la vie humaine dans notre pays&quot; - leprojecteurguinee\" \/>\n<meta property=\"og:description\" content=\"Lors de la conf\u00e9rence de presse organis\u00e9e par l\u2019ANAD\u00a0ce mercredi 29 novembre 2023, plusieurs\u00a0sujets ont \u00e9t\u00e9 \u00e9voqu\u00e9s par les responsables politiques.\u00a0Le coordinateur des f\u00e9d\u00e9rations de l&rsquo;UFDG\u00a0de l&rsquo;int\u00e9rieur est revenu sur la mort du jeune gar\u00e7on d\u00e9c\u00e9d\u00e9 sur l&rsquo;axe lors de la derni\u00e8re manifestation et qualifie cet acte de banalisation de la vie humaine. Pour le [&hellip;]\" \/>\n<meta property=\"og:url\" content=\"https:\/\/www.leprojecteurguinee.com\/index.php\/2023\/11\/30\/cellou-balde-denonce-la-banalisation-de-la-vie-humaine-dans-notre-pays\/\" \/>\n<meta property=\"og:site_name\" content=\"leprojecteurguinee\" \/>\n<meta property=\"article:published_time\" content=\"2023-11-30T09:44:27+00:00\" \/>\n<meta property=\"article:modified_time\" content=\"2023-11-30T09:44:29+00:00\" \/>\n<meta property=\"og:image\" content=\"https:\/\/www.leprojecteurguinee.com\/wp-content\/uploads\/2023\/11\/WhatsApp-Image-2023-11-29-at-14.19.48-1.jpeg\" \/>\n\t<meta property=\"og:image:width\" content=\"1080\" \/>\n\t<meta property=\"og:image:height\" content=\"809\" \/>\n\t<meta property=\"og:image:type\" content=\"image\/jpeg\" \/>\n<meta name=\"author\" content=\"Leprojecteurguinee\" \/>\n<meta name=\"twitter:card\" content=\"summary_large_image\" \/>\n<meta name=\"twitter:label1\" content=\"\u00c9crit par\" \/>\n\t<meta name=\"twitter:data1\" content=\"Leprojecteurguinee\" \/>\n\t<meta name=\"twitter:label2\" content=\"Dur\u00e9e de lecture estim\u00e9e\" \/>\n\t<meta name=\"twitter:data2\" content=\"2 minutes\" \/>\n<script type=\"application\/ld+json\" class=\"yoast-schema-graph\">{\"@context\":\"https:\/\/schema.org\",\"@graph\":[{\"@type\":\"Article\",\"@id\":\"https:\/\/www.leprojecteurguinee.com\/index.php\/2023\/11\/30\/cellou-balde-denonce-la-banalisation-de-la-vie-humaine-dans-notre-pays\/#article\",\"isPartOf\":{\"@id\":\"https:\/\/www.leprojecteurguinee.com\/index.php\/2023\/11\/30\/cellou-balde-denonce-la-banalisation-de-la-vie-humaine-dans-notre-pays\/\"},\"author\":{\"name\":\"Leprojecteurguinee\",\"@id\":\"https:\/\/www.leprojecteurguinee.com\/#\/schema\/person\/389671d1a3f0c66e6c91c4a765990c1b\"},\"headline\":\"Cellou\u00a0Bald\u00e9\u00a0d\u00e9nonce la \u00ab\u00a0banalisation de la vie humaine dans notre pays\u00a0\u00bb\",\"datePublished\":\"2023-11-30T09:44:27+00:00\",\"dateModified\":\"2023-11-30T09:44:29+00:00\",\"mainEntityOfPage\":{\"@id\":\"https:\/\/www.leprojecteurguinee.com\/index.php\/2023\/11\/30\/cellou-balde-denonce-la-banalisation-de-la-vie-humaine-dans-notre-pays\/\"},\"wordCount\":365,\"commentCount\":0,\"image\":{\"@id\":\"https:\/\/www.leprojecteurguinee.com\/index.php\/2023\/11\/30\/cellou-balde-denonce-la-banalisation-de-la-vie-humaine-dans-notre-pays\/#primaryimage\"},\"thumbnailUrl\":\"https:\/\/www.leprojecteurguinee.com\/wp-content\/uploads\/2023\/11\/WhatsApp-Image-2023-11-29-at-14.19.48-1.jpeg\",\"keywords\":[\"Anad\",\"Cellou Bald\u00e9\"],\"articleSection\":[\"Politique\"],\"inLanguage\":\"fr-FR\",\"potentialAction\":[{\"@type\":\"CommentAction\",\"name\":\"Comment\",\"target\":[\"https:\/\/www.leprojecteurguinee.com\/index.php\/2023\/11\/30\/cellou-balde-denonce-la-banalisation-de-la-vie-humaine-dans-notre-pays\/#respond\"]}]},{\"@type\":\"WebPage\",\"@id\":\"https:\/\/www.leprojecteurguinee.com\/index.php\/2023\/11\/30\/cellou-balde-denonce-la-banalisation-de-la-vie-humaine-dans-notre-pays\/\",\"url\":\"https:\/\/www.leprojecteurguinee.com\/index.php\/2023\/11\/30\/cellou-balde-denonce-la-banalisation-de-la-vie-humaine-dans-notre-pays\/\",\"name\":\"Cellou\u00a0Bald\u00e9\u00a0d\u00e9nonce la \\\"banalisation de la vie humaine dans notre pays\\\" - leprojecteurguinee\",\"isPartOf\":{\"@id\":\"https:\/\/www.leprojecteurguinee.com\/#website\"},\"primaryImageOfPage\":{\"@id\":\"https:\/\/www.leprojecteurguinee.com\/index.php\/2023\/11\/30\/cellou-balde-denonce-la-banalisation-de-la-vie-humaine-dans-notre-pays\/#primaryimage\"},\"image\":{\"@id\":\"https:\/\/www.leprojecteurguinee.com\/index.php\/2023\/11\/30\/cellou-balde-denonce-la-banalisation-de-la-vie-humaine-dans-notre-pays\/#primaryimage\"},\"thumbnailUrl\":\"https:\/\/www.leprojecteurguinee.com\/wp-content\/uploads\/2023\/11\/WhatsApp-Image-2023-11-29-at-14.19.48-1.jpeg\",\"datePublished\":\"2023-11-30T09:44:27+00:00\",\"dateModified\":\"2023-11-30T09:44:29+00:00\",\"author\":{\"@id\":\"https:\/\/www.leprojecteurguinee.com\/#\/schema\/person\/389671d1a3f0c66e6c91c4a765990c1b\"},\"breadcrumb\":{\"@id\":\"https:\/\/www.leprojecteurguinee.com\/index.php\/2023\/11\/30\/cellou-balde-denonce-la-banalisation-de-la-vie-humaine-dans-notre-pays\/#breadcrumb\"},\"inLanguage\":\"fr-FR\",\"potentialAction\":[{\"@type\":\"ReadAction\",\"target\":[\"https:\/\/www.leprojecteurguinee.com\/index.php\/2023\/11\/30\/cellou-balde-denonce-la-banalisation-de-la-vie-humaine-dans-notre-pays\/\"]}]},{\"@type\":\"ImageObject\",\"inLanguage\":\"fr-FR\",\"@id\":\"https:\/\/www.leprojecteurguinee.com\/index.php\/2023\/11\/30\/cellou-balde-denonce-la-banalisation-de-la-vie-humaine-dans-notre-pays\/#primaryimage\",\"url\":\"https:\/\/www.leprojecteurguinee.com\/wp-content\/uploads\/2023\/11\/WhatsApp-Image-2023-11-29-at-14.19.48-1.jpeg\",\"contentUrl\":\"https:\/\/www.leprojecteurguinee.com\/wp-content\/uploads\/2023\/11\/WhatsApp-Image-2023-11-29-at-14.19.48-1.jpeg\",\"width\":1080,\"height\":809},{\"@type\":\"BreadcrumbList\",\"@id\":\"https:\/\/www.leprojecteurguinee.com\/index.php\/2023\/11\/30\/cellou-balde-denonce-la-banalisation-de-la-vie-humaine-dans-notre-pays\/#breadcrumb\",\"itemListElement\":[{\"@type\":\"ListItem\",\"position\":1,\"name\":\"Accueil\",\"item\":\"https:\/\/www.leprojecteurguinee.com\/\"},{\"@type\":\"ListItem\",\"position\":2,\"name\":\"Cellou\u00a0Bald\u00e9\u00a0d\u00e9nonce la \u00ab\u00a0banalisation de la vie humaine dans notre pays\u00a0\u00bb\"}]},{\"@type\":\"WebSite\",\"@id\":\"https:\/\/www.leprojecteurguinee.com\/#website\",\"url\":\"https:\/\/www.leprojecteurguinee.com\/\",\"name\":\"leprojecteurguinee\",\"description\":\"Nous luttons contre les pratiques obscures\",\"potentialAction\":[{\"@type\":\"SearchAction\",\"target\":{\"@type\":\"EntryPoint\",\"urlTemplate\":\"https:\/\/www.leprojecteurguinee.com\/?s={search_term_string}\"},\"query-input\":{\"@type\":\"PropertyValueSpecification\",\"valueRequired\":true,\"valueName\":\"search_term_string\"}}],\"inLanguage\":\"fr-FR\"},{\"@type\":\"Person\",\"@id\":\"https:\/\/www.leprojecteurguinee.com\/#\/schema\/person\/389671d1a3f0c66e6c91c4a765990c1b\",\"name\":\"Leprojecteurguinee\",\"image\":{\"@type\":\"ImageObject\",\"inLanguage\":\"fr-FR\",\"@id\":\"https:\/\/www.leprojecteurguinee.com\/#\/schema\/person\/image\/\",\"url\":\"https:\/\/secure.gravatar.com\/avatar\/c0faa0f472c43eff99fecb0bd2a1c6782e80a162c9fcb7ed2d48bb42ea619f30?s=96&d=mm&r=g\",\"contentUrl\":\"https:\/\/secure.gravatar.com\/avatar\/c0faa0f472c43eff99fecb0bd2a1c6782e80a162c9fcb7ed2d48bb42ea619f30?s=96&d=mm&r=g\",\"caption\":\"Leprojecteurguinee\"},\"sameAs\":[\"https:\/\/www.leprojecteurguinee.com\"],\"url\":\"https:\/\/www.leprojecteurguinee.com\/index.php\/author\/madame\/\"}]}<\/script>\n<!-- \/ Yoast SEO plugin. -->","yoast_head_json":{"title":"Cellou\u00a0Bald\u00e9\u00a0d\u00e9nonce la \"banalisation de la vie humaine dans notre pays\" - leprojecteurguinee","robots":{"index":"index","follow":"follow","max-snippet":"max-snippet:-1","max-image-preview":"max-image-preview:large","max-video-preview":"max-video-preview:-1"},"canonical":"https:\/\/www.leprojecteurguinee.com\/index.php\/2023\/11\/30\/cellou-balde-denonce-la-banalisation-de-la-vie-humaine-dans-notre-pays\/","og_locale":"fr_FR","og_type":"article","og_title":"Cellou\u00a0Bald\u00e9\u00a0d\u00e9nonce la \"banalisation de la vie humaine dans notre pays\" - leprojecteurguinee","og_description":"Lors de la conf\u00e9rence de presse organis\u00e9e par l\u2019ANAD\u00a0ce mercredi 29 novembre 2023, plusieurs\u00a0sujets ont \u00e9t\u00e9 \u00e9voqu\u00e9s par les responsables politiques.\u00a0Le coordinateur des f\u00e9d\u00e9rations de l&rsquo;UFDG\u00a0de l&rsquo;int\u00e9rieur est revenu sur la mort du jeune gar\u00e7on d\u00e9c\u00e9d\u00e9 sur l&rsquo;axe lors de la derni\u00e8re manifestation et qualifie cet acte de banalisation de la vie humaine. Pour le [&hellip;]","og_url":"https:\/\/www.leprojecteurguinee.com\/index.php\/2023\/11\/30\/cellou-balde-denonce-la-banalisation-de-la-vie-humaine-dans-notre-pays\/","og_site_name":"leprojecteurguinee","article_published_time":"2023-11-30T09:44:27+00:00","article_modified_time":"2023-11-30T09:44:29+00:00","og_image":[{"width":1080,"height":809,"url":"https:\/\/www.leprojecteurguinee.com\/wp-content\/uploads\/2023\/11\/WhatsApp-Image-2023-11-29-at-14.19.48-1.jpeg","type":"image\/jpeg"}],"author":"Leprojecteurguinee","twitter_card":"summary_large_image","twitter_misc":{"\u00c9crit par":"Leprojecteurguinee","Dur\u00e9e de lecture estim\u00e9e":"2 minutes"},"schema":{"@context":"https:\/\/schema.org","@graph":[{"@type":"Article","@id":"https:\/\/www.leprojecteurguinee.com\/index.php\/2023\/11\/30\/cellou-balde-denonce-la-banalisation-de-la-vie-humaine-dans-notre-pays\/#article","isPartOf":{"@id":"https:\/\/www.leprojecteurguinee.com\/index.php\/2023\/11\/30\/cellou-balde-denonce-la-banalisation-de-la-vie-humaine-dans-notre-pays\/"},"author":{"name":"Leprojecteurguinee","@id":"https:\/\/www.leprojecteurguinee.com\/#\/schema\/person\/389671d1a3f0c66e6c91c4a765990c1b"},"headline":"Cellou\u00a0Bald\u00e9\u00a0d\u00e9nonce la \u00ab\u00a0banalisation de la vie humaine dans notre pays\u00a0\u00bb","datePublished":"2023-11-30T09:44:27+00:00","dateModified":"2023-11-30T09:44:29+00:00","mainEntityOfPage":{"@id":"https:\/\/www.leprojecteurguinee.com\/index.php\/2023\/11\/30\/cellou-balde-denonce-la-banalisation-de-la-vie-humaine-dans-notre-pays\/"},"wordCount":365,"commentCount":0,"image":{"@id":"https:\/\/www.leprojecteurguinee.com\/index.php\/2023\/11\/30\/cellou-balde-denonce-la-banalisation-de-la-vie-humaine-dans-notre-pays\/#primaryimage"},"thumbnailUrl":"https:\/\/www.leprojecteurguinee.com\/wp-content\/uploads\/2023\/11\/WhatsApp-Image-2023-11-29-at-14.19.48-1.jpeg","keywords":["Anad","Cellou Bald\u00e9"],"articleSection":["Politique"],"inLanguage":"fr-FR","potentialAction":[{"@type":"CommentAction","name":"Comment","target":["https:\/\/www.leprojecteurguinee.com\/index.php\/2023\/11\/30\/cellou-balde-denonce-la-banalisation-de-la-vie-humaine-dans-notre-pays\/#respond"]}]},{"@type":"WebPage","@id":"https:\/\/www.leprojecteurguinee.com\/index.php\/2023\/11\/30\/cellou-balde-denonce-la-banalisation-de-la-vie-humaine-dans-notre-pays\/","url":"https:\/\/www.leprojecteurguinee.com\/index.php\/2023\/11\/30\/cellou-balde-denonce-la-banalisation-de-la-vie-humaine-dans-notre-pays\/","name":"Cellou\u00a0Bald\u00e9\u00a0d\u00e9nonce la \"banalisation de la vie humaine dans notre pays\" - leprojecteurguinee","isPartOf":{"@id":"https:\/\/www.leprojecteurguinee.com\/#website"},"primaryImageOfPage":{"@id":"https:\/\/www.leprojecteurguinee.com\/index.php\/2023\/11\/30\/cellou-balde-denonce-la-banalisation-de-la-vie-humaine-dans-notre-pays\/#primaryimage"},"image":{"@id":"https:\/\/www.leprojecteurguinee.com\/index.php\/2023\/11\/30\/cellou-balde-denonce-la-banalisation-de-la-vie-humaine-dans-notre-pays\/#primaryimage"},"thumbnailUrl":"https:\/\/www.leprojecteurguinee.com\/wp-content\/uploads\/2023\/11\/WhatsApp-Image-2023-11-29-at-14.19.48-1.jpeg","datePublished":"2023-11-30T09:44:27+00:00","dateModified":"2023-11-30T09:44:29+00:00","author":{"@id":"https:\/\/www.leprojecteurguinee.com\/#\/schema\/person\/389671d1a3f0c66e6c91c4a765990c1b"},"breadcrumb":{"@id":"https:\/\/www.leprojecteurguinee.com\/index.php\/2023\/11\/30\/cellou-balde-denonce-la-banalisation-de-la-vie-humaine-dans-notre-pays\/#breadcrumb"},"inLanguage":"fr-FR","potentialAction":[{"@type":"ReadAction","target":["https:\/\/www.leprojecteurguinee.com\/index.php\/2023\/11\/30\/cellou-balde-denonce-la-banalisation-de-la-vie-humaine-dans-notre-pays\/"]}]},{"@type":"ImageObject","inLanguage":"fr-FR","@id":"https:\/\/www.leprojecteurguinee.com\/index.php\/2023\/11\/30\/cellou-balde-denonce-la-banalisation-de-la-vie-humaine-dans-notre-pays\/#primaryimage","url":"https:\/\/www.leprojecteurguinee.com\/wp-content\/uploads\/2023\/11\/WhatsApp-Image-2023-11-29-at-14.19.48-1.jpeg","contentUrl":"https:\/\/www.leprojecteurguinee.com\/wp-content\/uploads\/2023\/11\/WhatsApp-Image-2023-11-29-at-14.19.48-1.jpeg","width":1080,"height":809},{"@type":"BreadcrumbList","@id":"https:\/\/www.leprojecteurguinee.com\/index.php\/2023\/11\/30\/cellou-balde-denonce-la-banalisation-de-la-vie-humaine-dans-notre-pays\/#breadcrumb","itemListElement":[{"@type":"ListItem","position":1,"name":"Accueil","item":"https:\/\/www.leprojecteurguinee.com\/"},{"@type":"ListItem","position":2,"name":"Cellou\u00a0Bald\u00e9\u00a0d\u00e9nonce la \u00ab\u00a0banalisation de la vie humaine dans notre pays\u00a0\u00bb"}]},{"@type":"WebSite","@id":"https:\/\/www.leprojecteurguinee.com\/#website","url":"https:\/\/www.leprojecteurguinee.com\/","name":"leprojecteurguinee","description":"Nous luttons contre les pratiques obscures","potentialAction":[{"@type":"SearchAction","target":{"@type":"EntryPoint","urlTemplate":"https:\/\/www.leprojecteurguinee.com\/?s={search_term_string}"},"query-input":{"@type":"PropertyValueSpecification","valueRequired":true,"valueName":"search_term_string"}}],"inLanguage":"fr-FR"},{"@type":"Person","@id":"https:\/\/www.leprojecteurguinee.com\/#\/schema\/person\/389671d1a3f0c66e6c91c4a765990c1b","name":"Leprojecteurguinee","image":{"@type":"ImageObject","inLanguage":"fr-FR","@id":"https:\/\/www.leprojecteurguinee.com\/#\/schema\/person\/image\/","url":"https:\/\/secure.gravatar.com\/avatar\/c0faa0f472c43eff99fecb0bd2a1c6782e80a162c9fcb7ed2d48bb42ea619f30?s=96&d=mm&r=g","contentUrl":"https:\/\/secure.gravatar.com\/avatar\/c0faa0f472c43eff99fecb0bd2a1c6782e80a162c9fcb7ed2d48bb42ea619f30?s=96&d=mm&r=g","caption":"Leprojecteurguinee"},"sameAs":["https:\/\/www.leprojecteurguinee.com"],"url":"https:\/\/www.leprojecteurguinee.com\/index.php\/author\/madame\/"}]}},"_links":{"self":[{"href":"https:\/\/www.leprojecteurguinee.com\/index.php\/wp-json\/wp\/v2\/posts\/1797","targetHints":{"allow":["GET"]}}],"collection":[{"href":"https:\/\/www.leprojecteurguinee.com\/index.php\/wp-json\/wp\/v2\/posts"}],"about":[{"href":"https:\/\/www.leprojecteurguinee.com\/index.php\/wp-json\/wp\/v2\/types\/post"}],"author":[{"embeddable":true,"href":"https:\/\/www.leprojecteurguinee.com\/index.php\/wp-json\/wp\/v2\/users\/1"}],"replies":[{"embeddable":true,"href":"https:\/\/www.leprojecteurguinee.com\/index.php\/wp-json\/wp\/v2\/comments?post=1797"}],"version-history":[{"count":0,"href":"https:\/\/www.leprojecteurguinee.com\/index.php\/wp-json\/wp\/v2\/posts\/1797\/revisions"}],"wp:featuredmedia":[{"embeddable":true,"href":"https:\/\/www.leprojecteurguinee.com\/index.php\/wp-json\/wp\/v2\/media\/1794"}],"wp:attachment":[{"href":"https:\/\/www.leprojecteurguinee.com\/index.php\/wp-json\/wp\/v2\/media?parent=1797"}],"wp:term":[{"taxonomy":"category","embeddable":true,"href":"https:\/\/www.leprojecteurguinee.com\/index.php\/wp-json\/wp\/v2\/categories?post=1797"},{"taxonomy":"post_tag","embeddable":true,"href":"https:\/\/www.leprojecteurguinee.com\/index.php\/wp-json\/wp\/v2\/tags?post=1797"}],"curies":[{"name":"wp","href":"https:\/\/api.w.org\/{rel}","templated":true}]}}