{"id":1785,"date":"2023-11-29T18:48:05","date_gmt":"2023-11-29T17:48:05","guid":{"rendered":"https:\/\/www.leprojecteurguinee.com\/?p=1785"},"modified":"2023-11-29T18:55:39","modified_gmt":"2023-11-29T17:55:39","slug":"ansoumane-camara-bafoe-temoigne-je-nai-pas-vu-de-femmes-violees","status":"publish","type":"post","link":"https:\/\/www.leprojecteurguinee.com\/index.php\/2023\/11\/29\/ansoumane-camara-bafoe-temoigne-je-nai-pas-vu-de-femmes-violees\/","title":{"rendered":"Ansoumane\u00a0Camara\u00a0(Bafo\u00e9)\u00a0t\u00e9moigne\u00a0:\u00a0\u00ab\u00a0je n&rsquo;ai pas vu de femmes viol\u00e9es.\u00a0\u00bb"},"content":{"rendered":"\n<p><strong>Apr\u00e8s plusieurs jours \u00e0 la barre, l\u2019interrogatoire du Chef d\u2019\u00c9tat-major\u00a0G\u00e9n\u00e9ral des arm\u00e9es lors des\u00a0\u00e9v\u00e9nements\u00a0du 28 septembre 2009, a pris fin ce mercredi 29 novembre 2023 devant le tribunal criminel de\u00a0Dixinn\u00a0d\u00e9localis\u00e9 dans l\u2019enceinte de la Cour d\u2019Appel de Conakry.\u00a0Ensuite, c&rsquo;\u00e9tait au tour du g\u00e9n\u00e9ral \u00e0 la retraite\u00a0Ansoumane\u00a0Camara\u00a0dit Baffo\u00e9 d&rsquo;expliquer les faits qu&rsquo;il a\u00a0v\u00e9cus.<\/strong><\/p>\n\n\n\n<p>Apr\u00e8s la comparution de l&rsquo;ancien ministre\u00a0Tibou\u00a0Kamara et du G\u00e9n\u00e9ral \u00e0 la retraite Oumar\u00a0Sanoh, c\u2019est au tour du G\u00e9n\u00e9ral\u00a0Ansoumane\u00a0Camara\u00a0dit\u00a0Bafo\u00e9\u00a0commandant de la\u00a0CMIS\u00a0de\u00a0camayenne\u00a0en 2009 d&rsquo;expliquer les faits qu&rsquo;il a v\u00e9cus le 28 septembre 2009.<\/p>\n\n\n\n<p>\u00c0 la barre, il affirme avoir vu ce jour au stade deux camionnettes de l&rsquo;arm\u00e9e et un v\u00e9hicule de commandement dont il ignore la personne en question.\u00a0Apr\u00e8s la descente des militaires des v\u00e9hicules, ils se sont dirig\u00e9s vers le stade.\u00a0Quelque temps apr\u00e8s, il dit avoir vu commandant\u00a0Toumba\u00a0Diakit\u00e9\u00a0venir seul, \u00e0 grand pas et puis rentrer dans le stade.\u00a0Et entre temps, ils ont entendu des coups de sommation.\u00a0Et vu que les gaz lacrymog\u00e8nes qu&rsquo;ils avaient \u00e9taient finis et qu&rsquo;ils se sentaient en danger, il dit avoir r\u00e9uni tous ses \u00e9l\u00e9ments.\u00a0Ils sont ensuite rentr\u00e9s dans le commissariat sp\u00e9cial du stade.<\/p>\n\n\n\n<p>Arr\u00eat\u00e9s\u00a0dans cet endroit, ils ont vu les militaires entrer et il\u00a0y a\u00a0eu des tires.\u00a0Et c\u2019est apr\u00e8s qu&rsquo;il a vu le commandant Toumba Diakit\u00e9 venir avec les leaders qu\u2019il\u00a0prot\u00e9geait.\u00a0Ensuite, il a vu le ministre\u00a0Thi\u00e9gboro\u00a0qui est aussi sorti avec d&rsquo;autres leaders.\u00a0Dans sa d\u00e9claration, G\u00e9n\u00e9ral\u00a0Bafou\u00e9\u00a0a \u00e9galement affirm\u00e9 avoir vu des\u00a0bless\u00e9s, mais\u00a0pas de femmes viol\u00e9es.<\/p>\n","protected":false},"excerpt":{"rendered":"<p>Apr\u00e8s plusieurs jours \u00e0 la barre, l\u2019interrogatoire du Chef d\u2019\u00c9tat-major\u00a0G\u00e9n\u00e9ral des arm\u00e9es lors des\u00a0\u00e9v\u00e9nements\u00a0du 28 septembre 2009, a pris fin ce mercredi 29 novembre 2023 devant le tribunal criminel de\u00a0Dixinn\u00a0d\u00e9localis\u00e9 dans l\u2019enceinte de la Cour d\u2019Appel de Conakry.\u00a0Ensuite, c&rsquo;\u00e9tait au tour du g\u00e9n\u00e9ral \u00e0 la retraite\u00a0Ansoumane\u00a0Camara\u00a0dit Baffo\u00e9 d&rsquo;expliquer les faits qu&rsquo;il a\u00a0v\u00e9cus. Apr\u00e8s la comparution [&hellip;]<\/p>\n","protected":false},"author":1,"featured_media":1786,"comment_status":"open","ping_status":"open","sticky":true,"template":"","format":"standard","meta":{"footnotes":""},"categories":[20],"tags":[252,88],"class_list":["post-1785","post","type-post","status-publish","format-standard","has-post-thumbnail","hentry","category-societe","tag-justice","tag-proces-du-massacre-du-28-septembre"],"yoast_head":"<!-- This site is optimized with the Yoast SEO plugin v26.8 - https:\/\/yoast.com\/product\/yoast-seo-wordpress\/ -->\n<title>Ansoumane\u00a0Camara\u00a0(Bafo\u00e9)\u00a0t\u00e9moigne\u00a0:\u00a0&quot;je n&#039;ai pas vu de femmes viol\u00e9es.&quot; - leprojecteurguinee<\/title>\n<meta name=\"robots\" content=\"index, follow, max-snippet:-1, max-image-preview:large, max-video-preview:-1\" \/>\n<link rel=\"canonical\" href=\"https:\/\/www.leprojecteurguinee.com\/index.php\/2023\/11\/29\/ansoumane-camara-bafoe-temoigne-je-nai-pas-vu-de-femmes-violees\/\" \/>\n<meta property=\"og:locale\" content=\"fr_FR\" \/>\n<meta property=\"og:type\" content=\"article\" \/>\n<meta property=\"og:title\" content=\"Ansoumane\u00a0Camara\u00a0(Bafo\u00e9)\u00a0t\u00e9moigne\u00a0:\u00a0&quot;je n&#039;ai pas vu de femmes viol\u00e9es.&quot; - leprojecteurguinee\" \/>\n<meta property=\"og:description\" content=\"Apr\u00e8s plusieurs jours \u00e0 la barre, l\u2019interrogatoire du Chef d\u2019\u00c9tat-major\u00a0G\u00e9n\u00e9ral des arm\u00e9es lors des\u00a0\u00e9v\u00e9nements\u00a0du 28 septembre 2009, a pris fin ce mercredi 29 novembre 2023 devant le tribunal criminel de\u00a0Dixinn\u00a0d\u00e9localis\u00e9 dans l\u2019enceinte de la Cour d\u2019Appel de Conakry.\u00a0Ensuite, c&rsquo;\u00e9tait au tour du g\u00e9n\u00e9ral \u00e0 la retraite\u00a0Ansoumane\u00a0Camara\u00a0dit Baffo\u00e9 d&rsquo;expliquer les faits qu&rsquo;il a\u00a0v\u00e9cus. Apr\u00e8s la comparution [&hellip;]\" \/>\n<meta property=\"og:url\" content=\"https:\/\/www.leprojecteurguinee.com\/index.php\/2023\/11\/29\/ansoumane-camara-bafoe-temoigne-je-nai-pas-vu-de-femmes-violees\/\" \/>\n<meta property=\"og:site_name\" content=\"leprojecteurguinee\" \/>\n<meta property=\"article:published_time\" content=\"2023-11-29T17:48:05+00:00\" \/>\n<meta property=\"article:modified_time\" content=\"2023-11-29T17:55:39+00:00\" \/>\n<meta property=\"og:image\" content=\"https:\/\/www.leprojecteurguinee.com\/wp-content\/uploads\/2023\/11\/WhatsApp-Image-2023-11-29-at-17.39.01.jpeg\" \/>\n\t<meta property=\"og:image:width\" content=\"720\" \/>\n\t<meta property=\"og:image:height\" content=\"480\" \/>\n\t<meta property=\"og:image:type\" content=\"image\/jpeg\" \/>\n<meta name=\"author\" content=\"Leprojecteurguinee\" \/>\n<meta name=\"twitter:card\" content=\"summary_large_image\" \/>\n<meta name=\"twitter:label1\" content=\"\u00c9crit par\" \/>\n\t<meta name=\"twitter:data1\" content=\"Leprojecteurguinee\" \/>\n\t<meta name=\"twitter:label2\" content=\"Dur\u00e9e de lecture estim\u00e9e\" \/>\n\t<meta name=\"twitter:data2\" content=\"2 minutes\" \/>\n<script type=\"application\/ld+json\" class=\"yoast-schema-graph\">{\"@context\":\"https:\/\/schema.org\",\"@graph\":[{\"@type\":\"Article\",\"@id\":\"https:\/\/www.leprojecteurguinee.com\/index.php\/2023\/11\/29\/ansoumane-camara-bafoe-temoigne-je-nai-pas-vu-de-femmes-violees\/#article\",\"isPartOf\":{\"@id\":\"https:\/\/www.leprojecteurguinee.com\/index.php\/2023\/11\/29\/ansoumane-camara-bafoe-temoigne-je-nai-pas-vu-de-femmes-violees\/\"},\"author\":{\"name\":\"Leprojecteurguinee\",\"@id\":\"https:\/\/www.leprojecteurguinee.com\/#\/schema\/person\/389671d1a3f0c66e6c91c4a765990c1b\"},\"headline\":\"Ansoumane\u00a0Camara\u00a0(Bafo\u00e9)\u00a0t\u00e9moigne\u00a0:\u00a0\u00ab\u00a0je n&rsquo;ai pas vu de femmes viol\u00e9es.\u00a0\u00bb\",\"datePublished\":\"2023-11-29T17:48:05+00:00\",\"dateModified\":\"2023-11-29T17:55:39+00:00\",\"mainEntityOfPage\":{\"@id\":\"https:\/\/www.leprojecteurguinee.com\/index.php\/2023\/11\/29\/ansoumane-camara-bafoe-temoigne-je-nai-pas-vu-de-femmes-violees\/\"},\"wordCount\":330,\"commentCount\":0,\"image\":{\"@id\":\"https:\/\/www.leprojecteurguinee.com\/index.php\/2023\/11\/29\/ansoumane-camara-bafoe-temoigne-je-nai-pas-vu-de-femmes-violees\/#primaryimage\"},\"thumbnailUrl\":\"https:\/\/www.leprojecteurguinee.com\/wp-content\/uploads\/2023\/11\/WhatsApp-Image-2023-11-29-at-17.39.01.jpeg\",\"keywords\":[\"Justice\",\"Proc\u00e8s du massacre du 28-Septembre\"],\"articleSection\":[\"Soci\u00e9t\u00e9\"],\"inLanguage\":\"fr-FR\",\"potentialAction\":[{\"@type\":\"CommentAction\",\"name\":\"Comment\",\"target\":[\"https:\/\/www.leprojecteurguinee.com\/index.php\/2023\/11\/29\/ansoumane-camara-bafoe-temoigne-je-nai-pas-vu-de-femmes-violees\/#respond\"]}]},{\"@type\":\"WebPage\",\"@id\":\"https:\/\/www.leprojecteurguinee.com\/index.php\/2023\/11\/29\/ansoumane-camara-bafoe-temoigne-je-nai-pas-vu-de-femmes-violees\/\",\"url\":\"https:\/\/www.leprojecteurguinee.com\/index.php\/2023\/11\/29\/ansoumane-camara-bafoe-temoigne-je-nai-pas-vu-de-femmes-violees\/\",\"name\":\"Ansoumane\u00a0Camara\u00a0(Bafo\u00e9)\u00a0t\u00e9moigne\u00a0:\u00a0\\\"je n'ai pas vu de femmes viol\u00e9es.\\\" - leprojecteurguinee\",\"isPartOf\":{\"@id\":\"https:\/\/www.leprojecteurguinee.com\/#website\"},\"primaryImageOfPage\":{\"@id\":\"https:\/\/www.leprojecteurguinee.com\/index.php\/2023\/11\/29\/ansoumane-camara-bafoe-temoigne-je-nai-pas-vu-de-femmes-violees\/#primaryimage\"},\"image\":{\"@id\":\"https:\/\/www.leprojecteurguinee.com\/index.php\/2023\/11\/29\/ansoumane-camara-bafoe-temoigne-je-nai-pas-vu-de-femmes-violees\/#primaryimage\"},\"thumbnailUrl\":\"https:\/\/www.leprojecteurguinee.com\/wp-content\/uploads\/2023\/11\/WhatsApp-Image-2023-11-29-at-17.39.01.jpeg\",\"datePublished\":\"2023-11-29T17:48:05+00:00\",\"dateModified\":\"2023-11-29T17:55:39+00:00\",\"author\":{\"@id\":\"https:\/\/www.leprojecteurguinee.com\/#\/schema\/person\/389671d1a3f0c66e6c91c4a765990c1b\"},\"breadcrumb\":{\"@id\":\"https:\/\/www.leprojecteurguinee.com\/index.php\/2023\/11\/29\/ansoumane-camara-bafoe-temoigne-je-nai-pas-vu-de-femmes-violees\/#breadcrumb\"},\"inLanguage\":\"fr-FR\",\"potentialAction\":[{\"@type\":\"ReadAction\",\"target\":[\"https:\/\/www.leprojecteurguinee.com\/index.php\/2023\/11\/29\/ansoumane-camara-bafoe-temoigne-je-nai-pas-vu-de-femmes-violees\/\"]}]},{\"@type\":\"ImageObject\",\"inLanguage\":\"fr-FR\",\"@id\":\"https:\/\/www.leprojecteurguinee.com\/index.php\/2023\/11\/29\/ansoumane-camara-bafoe-temoigne-je-nai-pas-vu-de-femmes-violees\/#primaryimage\",\"url\":\"https:\/\/www.leprojecteurguinee.com\/wp-content\/uploads\/2023\/11\/WhatsApp-Image-2023-11-29-at-17.39.01.jpeg\",\"contentUrl\":\"https:\/\/www.leprojecteurguinee.com\/wp-content\/uploads\/2023\/11\/WhatsApp-Image-2023-11-29-at-17.39.01.jpeg\",\"width\":720,\"height\":480},{\"@type\":\"BreadcrumbList\",\"@id\":\"https:\/\/www.leprojecteurguinee.com\/index.php\/2023\/11\/29\/ansoumane-camara-bafoe-temoigne-je-nai-pas-vu-de-femmes-violees\/#breadcrumb\",\"itemListElement\":[{\"@type\":\"ListItem\",\"position\":1,\"name\":\"Accueil\",\"item\":\"https:\/\/www.leprojecteurguinee.com\/\"},{\"@type\":\"ListItem\",\"position\":2,\"name\":\"Ansoumane\u00a0Camara\u00a0(Bafo\u00e9)\u00a0t\u00e9moigne\u00a0:\u00a0\u00ab\u00a0je n&rsquo;ai pas vu de femmes viol\u00e9es.\u00a0\u00bb\"}]},{\"@type\":\"WebSite\",\"@id\":\"https:\/\/www.leprojecteurguinee.com\/#website\",\"url\":\"https:\/\/www.leprojecteurguinee.com\/\",\"name\":\"leprojecteurguinee\",\"description\":\"Nous luttons contre les pratiques obscures\",\"potentialAction\":[{\"@type\":\"SearchAction\",\"target\":{\"@type\":\"EntryPoint\",\"urlTemplate\":\"https:\/\/www.leprojecteurguinee.com\/?s={search_term_string}\"},\"query-input\":{\"@type\":\"PropertyValueSpecification\",\"valueRequired\":true,\"valueName\":\"search_term_string\"}}],\"inLanguage\":\"fr-FR\"},{\"@type\":\"Person\",\"@id\":\"https:\/\/www.leprojecteurguinee.com\/#\/schema\/person\/389671d1a3f0c66e6c91c4a765990c1b\",\"name\":\"Leprojecteurguinee\",\"image\":{\"@type\":\"ImageObject\",\"inLanguage\":\"fr-FR\",\"@id\":\"https:\/\/www.leprojecteurguinee.com\/#\/schema\/person\/image\/\",\"url\":\"https:\/\/secure.gravatar.com\/avatar\/c0faa0f472c43eff99fecb0bd2a1c6782e80a162c9fcb7ed2d48bb42ea619f30?s=96&d=mm&r=g\",\"contentUrl\":\"https:\/\/secure.gravatar.com\/avatar\/c0faa0f472c43eff99fecb0bd2a1c6782e80a162c9fcb7ed2d48bb42ea619f30?s=96&d=mm&r=g\",\"caption\":\"Leprojecteurguinee\"},\"sameAs\":[\"https:\/\/www.leprojecteurguinee.com\"],\"url\":\"https:\/\/www.leprojecteurguinee.com\/index.php\/author\/madame\/\"}]}<\/script>\n<!-- \/ Yoast SEO plugin. -->","yoast_head_json":{"title":"Ansoumane\u00a0Camara\u00a0(Bafo\u00e9)\u00a0t\u00e9moigne\u00a0:\u00a0\"je n'ai pas vu de femmes viol\u00e9es.\" - leprojecteurguinee","robots":{"index":"index","follow":"follow","max-snippet":"max-snippet:-1","max-image-preview":"max-image-preview:large","max-video-preview":"max-video-preview:-1"},"canonical":"https:\/\/www.leprojecteurguinee.com\/index.php\/2023\/11\/29\/ansoumane-camara-bafoe-temoigne-je-nai-pas-vu-de-femmes-violees\/","og_locale":"fr_FR","og_type":"article","og_title":"Ansoumane\u00a0Camara\u00a0(Bafo\u00e9)\u00a0t\u00e9moigne\u00a0:\u00a0\"je n'ai pas vu de femmes viol\u00e9es.\" - leprojecteurguinee","og_description":"Apr\u00e8s plusieurs jours \u00e0 la barre, l\u2019interrogatoire du Chef d\u2019\u00c9tat-major\u00a0G\u00e9n\u00e9ral des arm\u00e9es lors des\u00a0\u00e9v\u00e9nements\u00a0du 28 septembre 2009, a pris fin ce mercredi 29 novembre 2023 devant le tribunal criminel de\u00a0Dixinn\u00a0d\u00e9localis\u00e9 dans l\u2019enceinte de la Cour d\u2019Appel de Conakry.\u00a0Ensuite, c&rsquo;\u00e9tait au tour du g\u00e9n\u00e9ral \u00e0 la retraite\u00a0Ansoumane\u00a0Camara\u00a0dit Baffo\u00e9 d&rsquo;expliquer les faits qu&rsquo;il a\u00a0v\u00e9cus. Apr\u00e8s la comparution [&hellip;]","og_url":"https:\/\/www.leprojecteurguinee.com\/index.php\/2023\/11\/29\/ansoumane-camara-bafoe-temoigne-je-nai-pas-vu-de-femmes-violees\/","og_site_name":"leprojecteurguinee","article_published_time":"2023-11-29T17:48:05+00:00","article_modified_time":"2023-11-29T17:55:39+00:00","og_image":[{"width":720,"height":480,"url":"https:\/\/www.leprojecteurguinee.com\/wp-content\/uploads\/2023\/11\/WhatsApp-Image-2023-11-29-at-17.39.01.jpeg","type":"image\/jpeg"}],"author":"Leprojecteurguinee","twitter_card":"summary_large_image","twitter_misc":{"\u00c9crit par":"Leprojecteurguinee","Dur\u00e9e de lecture estim\u00e9e":"2 minutes"},"schema":{"@context":"https:\/\/schema.org","@graph":[{"@type":"Article","@id":"https:\/\/www.leprojecteurguinee.com\/index.php\/2023\/11\/29\/ansoumane-camara-bafoe-temoigne-je-nai-pas-vu-de-femmes-violees\/#article","isPartOf":{"@id":"https:\/\/www.leprojecteurguinee.com\/index.php\/2023\/11\/29\/ansoumane-camara-bafoe-temoigne-je-nai-pas-vu-de-femmes-violees\/"},"author":{"name":"Leprojecteurguinee","@id":"https:\/\/www.leprojecteurguinee.com\/#\/schema\/person\/389671d1a3f0c66e6c91c4a765990c1b"},"headline":"Ansoumane\u00a0Camara\u00a0(Bafo\u00e9)\u00a0t\u00e9moigne\u00a0:\u00a0\u00ab\u00a0je n&rsquo;ai pas vu de femmes viol\u00e9es.\u00a0\u00bb","datePublished":"2023-11-29T17:48:05+00:00","dateModified":"2023-11-29T17:55:39+00:00","mainEntityOfPage":{"@id":"https:\/\/www.leprojecteurguinee.com\/index.php\/2023\/11\/29\/ansoumane-camara-bafoe-temoigne-je-nai-pas-vu-de-femmes-violees\/"},"wordCount":330,"commentCount":0,"image":{"@id":"https:\/\/www.leprojecteurguinee.com\/index.php\/2023\/11\/29\/ansoumane-camara-bafoe-temoigne-je-nai-pas-vu-de-femmes-violees\/#primaryimage"},"thumbnailUrl":"https:\/\/www.leprojecteurguinee.com\/wp-content\/uploads\/2023\/11\/WhatsApp-Image-2023-11-29-at-17.39.01.jpeg","keywords":["Justice","Proc\u00e8s du massacre du 28-Septembre"],"articleSection":["Soci\u00e9t\u00e9"],"inLanguage":"fr-FR","potentialAction":[{"@type":"CommentAction","name":"Comment","target":["https:\/\/www.leprojecteurguinee.com\/index.php\/2023\/11\/29\/ansoumane-camara-bafoe-temoigne-je-nai-pas-vu-de-femmes-violees\/#respond"]}]},{"@type":"WebPage","@id":"https:\/\/www.leprojecteurguinee.com\/index.php\/2023\/11\/29\/ansoumane-camara-bafoe-temoigne-je-nai-pas-vu-de-femmes-violees\/","url":"https:\/\/www.leprojecteurguinee.com\/index.php\/2023\/11\/29\/ansoumane-camara-bafoe-temoigne-je-nai-pas-vu-de-femmes-violees\/","name":"Ansoumane\u00a0Camara\u00a0(Bafo\u00e9)\u00a0t\u00e9moigne\u00a0:\u00a0\"je n'ai pas vu de femmes viol\u00e9es.\" - leprojecteurguinee","isPartOf":{"@id":"https:\/\/www.leprojecteurguinee.com\/#website"},"primaryImageOfPage":{"@id":"https:\/\/www.leprojecteurguinee.com\/index.php\/2023\/11\/29\/ansoumane-camara-bafoe-temoigne-je-nai-pas-vu-de-femmes-violees\/#primaryimage"},"image":{"@id":"https:\/\/www.leprojecteurguinee.com\/index.php\/2023\/11\/29\/ansoumane-camara-bafoe-temoigne-je-nai-pas-vu-de-femmes-violees\/#primaryimage"},"thumbnailUrl":"https:\/\/www.leprojecteurguinee.com\/wp-content\/uploads\/2023\/11\/WhatsApp-Image-2023-11-29-at-17.39.01.jpeg","datePublished":"2023-11-29T17:48:05+00:00","dateModified":"2023-11-29T17:55:39+00:00","author":{"@id":"https:\/\/www.leprojecteurguinee.com\/#\/schema\/person\/389671d1a3f0c66e6c91c4a765990c1b"},"breadcrumb":{"@id":"https:\/\/www.leprojecteurguinee.com\/index.php\/2023\/11\/29\/ansoumane-camara-bafoe-temoigne-je-nai-pas-vu-de-femmes-violees\/#breadcrumb"},"inLanguage":"fr-FR","potentialAction":[{"@type":"ReadAction","target":["https:\/\/www.leprojecteurguinee.com\/index.php\/2023\/11\/29\/ansoumane-camara-bafoe-temoigne-je-nai-pas-vu-de-femmes-violees\/"]}]},{"@type":"ImageObject","inLanguage":"fr-FR","@id":"https:\/\/www.leprojecteurguinee.com\/index.php\/2023\/11\/29\/ansoumane-camara-bafoe-temoigne-je-nai-pas-vu-de-femmes-violees\/#primaryimage","url":"https:\/\/www.leprojecteurguinee.com\/wp-content\/uploads\/2023\/11\/WhatsApp-Image-2023-11-29-at-17.39.01.jpeg","contentUrl":"https:\/\/www.leprojecteurguinee.com\/wp-content\/uploads\/2023\/11\/WhatsApp-Image-2023-11-29-at-17.39.01.jpeg","width":720,"height":480},{"@type":"BreadcrumbList","@id":"https:\/\/www.leprojecteurguinee.com\/index.php\/2023\/11\/29\/ansoumane-camara-bafoe-temoigne-je-nai-pas-vu-de-femmes-violees\/#breadcrumb","itemListElement":[{"@type":"ListItem","position":1,"name":"Accueil","item":"https:\/\/www.leprojecteurguinee.com\/"},{"@type":"ListItem","position":2,"name":"Ansoumane\u00a0Camara\u00a0(Bafo\u00e9)\u00a0t\u00e9moigne\u00a0:\u00a0\u00ab\u00a0je n&rsquo;ai pas vu de femmes viol\u00e9es.\u00a0\u00bb"}]},{"@type":"WebSite","@id":"https:\/\/www.leprojecteurguinee.com\/#website","url":"https:\/\/www.leprojecteurguinee.com\/","name":"leprojecteurguinee","description":"Nous luttons contre les pratiques obscures","potentialAction":[{"@type":"SearchAction","target":{"@type":"EntryPoint","urlTemplate":"https:\/\/www.leprojecteurguinee.com\/?s={search_term_string}"},"query-input":{"@type":"PropertyValueSpecification","valueRequired":true,"valueName":"search_term_string"}}],"inLanguage":"fr-FR"},{"@type":"Person","@id":"https:\/\/www.leprojecteurguinee.com\/#\/schema\/person\/389671d1a3f0c66e6c91c4a765990c1b","name":"Leprojecteurguinee","image":{"@type":"ImageObject","inLanguage":"fr-FR","@id":"https:\/\/www.leprojecteurguinee.com\/#\/schema\/person\/image\/","url":"https:\/\/secure.gravatar.com\/avatar\/c0faa0f472c43eff99fecb0bd2a1c6782e80a162c9fcb7ed2d48bb42ea619f30?s=96&d=mm&r=g","contentUrl":"https:\/\/secure.gravatar.com\/avatar\/c0faa0f472c43eff99fecb0bd2a1c6782e80a162c9fcb7ed2d48bb42ea619f30?s=96&d=mm&r=g","caption":"Leprojecteurguinee"},"sameAs":["https:\/\/www.leprojecteurguinee.com"],"url":"https:\/\/www.leprojecteurguinee.com\/index.php\/author\/madame\/"}]}},"_links":{"self":[{"href":"https:\/\/www.leprojecteurguinee.com\/index.php\/wp-json\/wp\/v2\/posts\/1785","targetHints":{"allow":["GET"]}}],"collection":[{"href":"https:\/\/www.leprojecteurguinee.com\/index.php\/wp-json\/wp\/v2\/posts"}],"about":[{"href":"https:\/\/www.leprojecteurguinee.com\/index.php\/wp-json\/wp\/v2\/types\/post"}],"author":[{"embeddable":true,"href":"https:\/\/www.leprojecteurguinee.com\/index.php\/wp-json\/wp\/v2\/users\/1"}],"replies":[{"embeddable":true,"href":"https:\/\/www.leprojecteurguinee.com\/index.php\/wp-json\/wp\/v2\/comments?post=1785"}],"version-history":[{"count":0,"href":"https:\/\/www.leprojecteurguinee.com\/index.php\/wp-json\/wp\/v2\/posts\/1785\/revisions"}],"wp:featuredmedia":[{"embeddable":true,"href":"https:\/\/www.leprojecteurguinee.com\/index.php\/wp-json\/wp\/v2\/media\/1786"}],"wp:attachment":[{"href":"https:\/\/www.leprojecteurguinee.com\/index.php\/wp-json\/wp\/v2\/media?parent=1785"}],"wp:term":[{"taxonomy":"category","embeddable":true,"href":"https:\/\/www.leprojecteurguinee.com\/index.php\/wp-json\/wp\/v2\/categories?post=1785"},{"taxonomy":"post_tag","embeddable":true,"href":"https:\/\/www.leprojecteurguinee.com\/index.php\/wp-json\/wp\/v2\/tags?post=1785"}],"curies":[{"name":"wp","href":"https:\/\/api.w.org\/{rel}","templated":true}]}}