{"id":165,"date":"2024-03-14T17:00:56","date_gmt":"2024-03-14T17:00:56","guid":{"rendered":"https:\/\/www.leprojecteurguinee.com\/?p=165"},"modified":"2024-03-14T17:00:56","modified_gmt":"2024-03-14T17:00:56","slug":"primature-le-mouvement-syndical-guineen-recu-par-le-pm-bah-oury","status":"publish","type":"post","link":"https:\/\/www.leprojecteurguinee.com\/index.php\/2024\/03\/14\/primature-le-mouvement-syndical-guineen-recu-par-le-pm-bah-oury\/","title":{"rendered":"Primature: Le mouvement syndical guin\u00e9en re\u00e7u par le PM Bah Oury"},"content":{"rendered":"\n<p><em><strong>Le Premier ministre, Amadou Oury Bah dans la dynamique des feuilles de route qui lui sont soumises, a re\u00e7u ce jeudi 13 mars 2024 \u00e0 la primature, le mouvement syndical guin\u00e9en pour non seulement une prise de contact, mais \u00e9galement prendre connaissance de l&rsquo;\u00e9volution des n\u00e9gociations pour la d\u00e9crispation de la crise qui a engendr\u00e9 une gr\u00e8ve g\u00e9n\u00e9rale et illimit\u00e9e il y a plus d&rsquo;un mois.<\/strong><\/em><\/p>\n\n\n\n<p>Au sortir donc de cette rencontre avec le patron du palais de la colombe, Amadou Diallo, coordinateur du mouvement syndical guin\u00e9en, est revenu sur les dessous de ces discussions.<\/p>\n\n\n\n<p>\u00abComme la lettre l\u2019indiquait, c\u2019est une r\u00e9union de prise en contact. Nous n\u2019avons pas voulu aller dans les plus petits d\u00e9tails, mais les probl\u00e8mes qui assaillent d\u2019une fa\u00e7on g\u00e9n\u00e9rale le mouvement syndical guin\u00e9en, c\u2019est ce que nous avons d\u00e9taill\u00e9, notamment la poursuite des n\u00e9gociations du mouvement syndical guin\u00e9en. A quel niveau nous devons nous situer ? Alors il nous a r\u00e9pondu qu\u2019il a appel\u00e9 le nouveau ministre du travail et de la fonction publique, quand bien m\u00eame qu\u2019il n\u2019a pas fait de passation de service pour qu\u2019ils soit pr\u00e9sent autour de ce qui se passera. Donc, on l\u2019a fait d\u00e9tail par d\u00e9tail nos diff\u00e9rentes pr\u00e9occupations pour qu\u2019il prenne note\u00a0\u00bb, a-t-il fait savoir.  Et r\u00e9it\u00e9rer le souhait du MSG:<\/p>\n\n\n\n<p>\u00ab\u00a0Et, notre souhait \u00e9tait que les n\u00e9gociations les n\u00e9gociations se poursuivent au niveau du conseil national du dialogue social. C\u2019est ce qui a beaucoup retenu son attention, et c\u2019est ce que nous avons \u00e9tal\u00e9 l\u00e0-bas. Je pense qu\u2019il a instruit le ministre du travail, d\u00e8s apr\u00e8s sa prise de fonction pour nous recevoir pour que nous en d\u00e9battions de tous les probl\u00e8mes qui concernent le mouvement syndical guin\u00e9en.<\/p>\n\n\n\n<p>Et mieux, le premier ministre est all\u00e9 dans le plus d\u00e9tail \u00e9galement en nous demandant de faire un m\u00e9mo le plus rapidement possible pour que lui disions tous nos probl\u00e8mes afin que son cabinet lui donne un calendrier qu\u2019il pourra utiliser pour pouvoir nous recevoir. Voil\u00e0 ce qui a \u00e9t\u00e9 dit d\u2019une fa\u00e7on grosso modo\u00bb a martel\u00e9 Amadou Diallo, coordinateur du mouvement syndical guin\u00e9en.<\/p>\n\n\n\n<p><em><strong>Leprojecteurguinee.com<\/strong><\/em><\/p>\n","protected":false},"excerpt":{"rendered":"<p>Le Premier ministre, Amadou Oury Bah dans la dynamique des feuilles de route qui lui sont soumises, a re\u00e7u ce jeudi 13 mars 2024 \u00e0 la primature, le mouvement syndical guin\u00e9en pour non seulement une prise de contact, mais \u00e9galement prendre connaissance de l&rsquo;\u00e9volution des n\u00e9gociations pour la d\u00e9crispation de la crise qui a engendr\u00e9 [&hellip;]<\/p>\n","protected":false},"author":1,"featured_media":166,"comment_status":"open","ping_status":"open","sticky":false,"template":"","format":"standard","meta":{"footnotes":""},"categories":[20],"tags":[],"class_list":["post-165","post","type-post","status-publish","format-standard","has-post-thumbnail","hentry","category-societe"],"yoast_head":"<!-- This site is optimized with the Yoast SEO plugin v26.8 - https:\/\/yoast.com\/product\/yoast-seo-wordpress\/ -->\n<title>Primature: Le mouvement syndical guin\u00e9en re\u00e7u par le PM Bah Oury - leprojecteurguinee<\/title>\n<meta name=\"robots\" content=\"index, follow, max-snippet:-1, max-image-preview:large, max-video-preview:-1\" \/>\n<link rel=\"canonical\" href=\"https:\/\/www.leprojecteurguinee.com\/index.php\/2024\/03\/14\/primature-le-mouvement-syndical-guineen-recu-par-le-pm-bah-oury\/\" \/>\n<meta property=\"og:locale\" content=\"fr_FR\" \/>\n<meta property=\"og:type\" content=\"article\" \/>\n<meta property=\"og:title\" content=\"Primature: Le mouvement syndical guin\u00e9en re\u00e7u par le PM Bah Oury - leprojecteurguinee\" \/>\n<meta property=\"og:description\" content=\"Le Premier ministre, Amadou Oury Bah dans la dynamique des feuilles de route qui lui sont soumises, a re\u00e7u ce jeudi 13 mars 2024 \u00e0 la primature, le mouvement syndical guin\u00e9en pour non seulement une prise de contact, mais \u00e9galement prendre connaissance de l&rsquo;\u00e9volution des n\u00e9gociations pour la d\u00e9crispation de la crise qui a engendr\u00e9 [&hellip;]\" \/>\n<meta property=\"og:url\" content=\"https:\/\/www.leprojecteurguinee.com\/index.php\/2024\/03\/14\/primature-le-mouvement-syndical-guineen-recu-par-le-pm-bah-oury\/\" \/>\n<meta property=\"og:site_name\" content=\"leprojecteurguinee\" \/>\n<meta property=\"article:published_time\" content=\"2024-03-14T17:00:56+00:00\" \/>\n<meta name=\"author\" content=\"Leprojecteurguinee\" \/>\n<meta name=\"twitter:card\" content=\"summary_large_image\" \/>\n<meta name=\"twitter:label1\" content=\"\u00c9crit par\" \/>\n\t<meta name=\"twitter:data1\" content=\"Leprojecteurguinee\" \/>\n\t<meta name=\"twitter:label2\" content=\"Dur\u00e9e de lecture estim\u00e9e\" \/>\n\t<meta name=\"twitter:data2\" content=\"2 minutes\" \/>\n<script type=\"application\/ld+json\" class=\"yoast-schema-graph\">{\"@context\":\"https:\/\/schema.org\",\"@graph\":[{\"@type\":\"Article\",\"@id\":\"https:\/\/www.leprojecteurguinee.com\/index.php\/2024\/03\/14\/primature-le-mouvement-syndical-guineen-recu-par-le-pm-bah-oury\/#article\",\"isPartOf\":{\"@id\":\"https:\/\/www.leprojecteurguinee.com\/index.php\/2024\/03\/14\/primature-le-mouvement-syndical-guineen-recu-par-le-pm-bah-oury\/\"},\"author\":{\"name\":\"Leprojecteurguinee\",\"@id\":\"https:\/\/www.leprojecteurguinee.com\/#\/schema\/person\/389671d1a3f0c66e6c91c4a765990c1b\"},\"headline\":\"Primature: Le mouvement syndical guin\u00e9en re\u00e7u par le PM Bah Oury\",\"datePublished\":\"2024-03-14T17:00:56+00:00\",\"mainEntityOfPage\":{\"@id\":\"https:\/\/www.leprojecteurguinee.com\/index.php\/2024\/03\/14\/primature-le-mouvement-syndical-guineen-recu-par-le-pm-bah-oury\/\"},\"wordCount\":415,\"commentCount\":0,\"image\":{\"@id\":\"https:\/\/www.leprojecteurguinee.com\/index.php\/2024\/03\/14\/primature-le-mouvement-syndical-guineen-recu-par-le-pm-bah-oury\/#primaryimage\"},\"thumbnailUrl\":\"https:\/\/www.leprojecteurguinee.com\/wp-content\/uploads\/2024\/03\/8051657d-c9ed-4ba2-8bf6-103ea304eb77-750x375-1-1.jpeg\",\"articleSection\":[\"Soci\u00e9t\u00e9\"],\"inLanguage\":\"fr-FR\",\"potentialAction\":[{\"@type\":\"CommentAction\",\"name\":\"Comment\",\"target\":[\"https:\/\/www.leprojecteurguinee.com\/index.php\/2024\/03\/14\/primature-le-mouvement-syndical-guineen-recu-par-le-pm-bah-oury\/#respond\"]}]},{\"@type\":\"WebPage\",\"@id\":\"https:\/\/www.leprojecteurguinee.com\/index.php\/2024\/03\/14\/primature-le-mouvement-syndical-guineen-recu-par-le-pm-bah-oury\/\",\"url\":\"https:\/\/www.leprojecteurguinee.com\/index.php\/2024\/03\/14\/primature-le-mouvement-syndical-guineen-recu-par-le-pm-bah-oury\/\",\"name\":\"Primature: Le mouvement syndical guin\u00e9en re\u00e7u par le PM Bah Oury - leprojecteurguinee\",\"isPartOf\":{\"@id\":\"https:\/\/www.leprojecteurguinee.com\/#website\"},\"primaryImageOfPage\":{\"@id\":\"https:\/\/www.leprojecteurguinee.com\/index.php\/2024\/03\/14\/primature-le-mouvement-syndical-guineen-recu-par-le-pm-bah-oury\/#primaryimage\"},\"image\":{\"@id\":\"https:\/\/www.leprojecteurguinee.com\/index.php\/2024\/03\/14\/primature-le-mouvement-syndical-guineen-recu-par-le-pm-bah-oury\/#primaryimage\"},\"thumbnailUrl\":\"https:\/\/www.leprojecteurguinee.com\/wp-content\/uploads\/2024\/03\/8051657d-c9ed-4ba2-8bf6-103ea304eb77-750x375-1-1.jpeg\",\"datePublished\":\"2024-03-14T17:00:56+00:00\",\"author\":{\"@id\":\"https:\/\/www.leprojecteurguinee.com\/#\/schema\/person\/389671d1a3f0c66e6c91c4a765990c1b\"},\"breadcrumb\":{\"@id\":\"https:\/\/www.leprojecteurguinee.com\/index.php\/2024\/03\/14\/primature-le-mouvement-syndical-guineen-recu-par-le-pm-bah-oury\/#breadcrumb\"},\"inLanguage\":\"fr-FR\",\"potentialAction\":[{\"@type\":\"ReadAction\",\"target\":[\"https:\/\/www.leprojecteurguinee.com\/index.php\/2024\/03\/14\/primature-le-mouvement-syndical-guineen-recu-par-le-pm-bah-oury\/\"]}]},{\"@type\":\"ImageObject\",\"inLanguage\":\"fr-FR\",\"@id\":\"https:\/\/www.leprojecteurguinee.com\/index.php\/2024\/03\/14\/primature-le-mouvement-syndical-guineen-recu-par-le-pm-bah-oury\/#primaryimage\",\"url\":\"https:\/\/www.leprojecteurguinee.com\/wp-content\/uploads\/2024\/03\/8051657d-c9ed-4ba2-8bf6-103ea304eb77-750x375-1-1.jpeg\",\"contentUrl\":\"https:\/\/www.leprojecteurguinee.com\/wp-content\/uploads\/2024\/03\/8051657d-c9ed-4ba2-8bf6-103ea304eb77-750x375-1-1.jpeg\",\"width\":750,\"height\":375},{\"@type\":\"BreadcrumbList\",\"@id\":\"https:\/\/www.leprojecteurguinee.com\/index.php\/2024\/03\/14\/primature-le-mouvement-syndical-guineen-recu-par-le-pm-bah-oury\/#breadcrumb\",\"itemListElement\":[{\"@type\":\"ListItem\",\"position\":1,\"name\":\"Accueil\",\"item\":\"https:\/\/www.leprojecteurguinee.com\/\"},{\"@type\":\"ListItem\",\"position\":2,\"name\":\"Primature: Le mouvement syndical guin\u00e9en re\u00e7u par le PM Bah Oury\"}]},{\"@type\":\"WebSite\",\"@id\":\"https:\/\/www.leprojecteurguinee.com\/#website\",\"url\":\"https:\/\/www.leprojecteurguinee.com\/\",\"name\":\"leprojecteurguinee\",\"description\":\"Nous luttons contre les pratiques obscures\",\"potentialAction\":[{\"@type\":\"SearchAction\",\"target\":{\"@type\":\"EntryPoint\",\"urlTemplate\":\"https:\/\/www.leprojecteurguinee.com\/?s={search_term_string}\"},\"query-input\":{\"@type\":\"PropertyValueSpecification\",\"valueRequired\":true,\"valueName\":\"search_term_string\"}}],\"inLanguage\":\"fr-FR\"},{\"@type\":\"Person\",\"@id\":\"https:\/\/www.leprojecteurguinee.com\/#\/schema\/person\/389671d1a3f0c66e6c91c4a765990c1b\",\"name\":\"Leprojecteurguinee\",\"image\":{\"@type\":\"ImageObject\",\"inLanguage\":\"fr-FR\",\"@id\":\"https:\/\/www.leprojecteurguinee.com\/#\/schema\/person\/image\/\",\"url\":\"https:\/\/secure.gravatar.com\/avatar\/c0faa0f472c43eff99fecb0bd2a1c6782e80a162c9fcb7ed2d48bb42ea619f30?s=96&d=mm&r=g\",\"contentUrl\":\"https:\/\/secure.gravatar.com\/avatar\/c0faa0f472c43eff99fecb0bd2a1c6782e80a162c9fcb7ed2d48bb42ea619f30?s=96&d=mm&r=g\",\"caption\":\"Leprojecteurguinee\"},\"sameAs\":[\"https:\/\/www.leprojecteurguinee.com\"],\"url\":\"https:\/\/www.leprojecteurguinee.com\/index.php\/author\/madame\/\"}]}<\/script>\n<!-- \/ Yoast SEO plugin. -->","yoast_head_json":{"title":"Primature: Le mouvement syndical guin\u00e9en re\u00e7u par le PM Bah Oury - leprojecteurguinee","robots":{"index":"index","follow":"follow","max-snippet":"max-snippet:-1","max-image-preview":"max-image-preview:large","max-video-preview":"max-video-preview:-1"},"canonical":"https:\/\/www.leprojecteurguinee.com\/index.php\/2024\/03\/14\/primature-le-mouvement-syndical-guineen-recu-par-le-pm-bah-oury\/","og_locale":"fr_FR","og_type":"article","og_title":"Primature: Le mouvement syndical guin\u00e9en re\u00e7u par le PM Bah Oury - leprojecteurguinee","og_description":"Le Premier ministre, Amadou Oury Bah dans la dynamique des feuilles de route qui lui sont soumises, a re\u00e7u ce jeudi 13 mars 2024 \u00e0 la primature, le mouvement syndical guin\u00e9en pour non seulement une prise de contact, mais \u00e9galement prendre connaissance de l&rsquo;\u00e9volution des n\u00e9gociations pour la d\u00e9crispation de la crise qui a engendr\u00e9 [&hellip;]","og_url":"https:\/\/www.leprojecteurguinee.com\/index.php\/2024\/03\/14\/primature-le-mouvement-syndical-guineen-recu-par-le-pm-bah-oury\/","og_site_name":"leprojecteurguinee","article_published_time":"2024-03-14T17:00:56+00:00","author":"Leprojecteurguinee","twitter_card":"summary_large_image","twitter_misc":{"\u00c9crit par":"Leprojecteurguinee","Dur\u00e9e de lecture estim\u00e9e":"2 minutes"},"schema":{"@context":"https:\/\/schema.org","@graph":[{"@type":"Article","@id":"https:\/\/www.leprojecteurguinee.com\/index.php\/2024\/03\/14\/primature-le-mouvement-syndical-guineen-recu-par-le-pm-bah-oury\/#article","isPartOf":{"@id":"https:\/\/www.leprojecteurguinee.com\/index.php\/2024\/03\/14\/primature-le-mouvement-syndical-guineen-recu-par-le-pm-bah-oury\/"},"author":{"name":"Leprojecteurguinee","@id":"https:\/\/www.leprojecteurguinee.com\/#\/schema\/person\/389671d1a3f0c66e6c91c4a765990c1b"},"headline":"Primature: Le mouvement syndical guin\u00e9en re\u00e7u par le PM Bah Oury","datePublished":"2024-03-14T17:00:56+00:00","mainEntityOfPage":{"@id":"https:\/\/www.leprojecteurguinee.com\/index.php\/2024\/03\/14\/primature-le-mouvement-syndical-guineen-recu-par-le-pm-bah-oury\/"},"wordCount":415,"commentCount":0,"image":{"@id":"https:\/\/www.leprojecteurguinee.com\/index.php\/2024\/03\/14\/primature-le-mouvement-syndical-guineen-recu-par-le-pm-bah-oury\/#primaryimage"},"thumbnailUrl":"https:\/\/www.leprojecteurguinee.com\/wp-content\/uploads\/2024\/03\/8051657d-c9ed-4ba2-8bf6-103ea304eb77-750x375-1-1.jpeg","articleSection":["Soci\u00e9t\u00e9"],"inLanguage":"fr-FR","potentialAction":[{"@type":"CommentAction","name":"Comment","target":["https:\/\/www.leprojecteurguinee.com\/index.php\/2024\/03\/14\/primature-le-mouvement-syndical-guineen-recu-par-le-pm-bah-oury\/#respond"]}]},{"@type":"WebPage","@id":"https:\/\/www.leprojecteurguinee.com\/index.php\/2024\/03\/14\/primature-le-mouvement-syndical-guineen-recu-par-le-pm-bah-oury\/","url":"https:\/\/www.leprojecteurguinee.com\/index.php\/2024\/03\/14\/primature-le-mouvement-syndical-guineen-recu-par-le-pm-bah-oury\/","name":"Primature: Le mouvement syndical guin\u00e9en re\u00e7u par le PM Bah Oury - leprojecteurguinee","isPartOf":{"@id":"https:\/\/www.leprojecteurguinee.com\/#website"},"primaryImageOfPage":{"@id":"https:\/\/www.leprojecteurguinee.com\/index.php\/2024\/03\/14\/primature-le-mouvement-syndical-guineen-recu-par-le-pm-bah-oury\/#primaryimage"},"image":{"@id":"https:\/\/www.leprojecteurguinee.com\/index.php\/2024\/03\/14\/primature-le-mouvement-syndical-guineen-recu-par-le-pm-bah-oury\/#primaryimage"},"thumbnailUrl":"https:\/\/www.leprojecteurguinee.com\/wp-content\/uploads\/2024\/03\/8051657d-c9ed-4ba2-8bf6-103ea304eb77-750x375-1-1.jpeg","datePublished":"2024-03-14T17:00:56+00:00","author":{"@id":"https:\/\/www.leprojecteurguinee.com\/#\/schema\/person\/389671d1a3f0c66e6c91c4a765990c1b"},"breadcrumb":{"@id":"https:\/\/www.leprojecteurguinee.com\/index.php\/2024\/03\/14\/primature-le-mouvement-syndical-guineen-recu-par-le-pm-bah-oury\/#breadcrumb"},"inLanguage":"fr-FR","potentialAction":[{"@type":"ReadAction","target":["https:\/\/www.leprojecteurguinee.com\/index.php\/2024\/03\/14\/primature-le-mouvement-syndical-guineen-recu-par-le-pm-bah-oury\/"]}]},{"@type":"ImageObject","inLanguage":"fr-FR","@id":"https:\/\/www.leprojecteurguinee.com\/index.php\/2024\/03\/14\/primature-le-mouvement-syndical-guineen-recu-par-le-pm-bah-oury\/#primaryimage","url":"https:\/\/www.leprojecteurguinee.com\/wp-content\/uploads\/2024\/03\/8051657d-c9ed-4ba2-8bf6-103ea304eb77-750x375-1-1.jpeg","contentUrl":"https:\/\/www.leprojecteurguinee.com\/wp-content\/uploads\/2024\/03\/8051657d-c9ed-4ba2-8bf6-103ea304eb77-750x375-1-1.jpeg","width":750,"height":375},{"@type":"BreadcrumbList","@id":"https:\/\/www.leprojecteurguinee.com\/index.php\/2024\/03\/14\/primature-le-mouvement-syndical-guineen-recu-par-le-pm-bah-oury\/#breadcrumb","itemListElement":[{"@type":"ListItem","position":1,"name":"Accueil","item":"https:\/\/www.leprojecteurguinee.com\/"},{"@type":"ListItem","position":2,"name":"Primature: Le mouvement syndical guin\u00e9en re\u00e7u par le PM Bah Oury"}]},{"@type":"WebSite","@id":"https:\/\/www.leprojecteurguinee.com\/#website","url":"https:\/\/www.leprojecteurguinee.com\/","name":"leprojecteurguinee","description":"Nous luttons contre les pratiques obscures","potentialAction":[{"@type":"SearchAction","target":{"@type":"EntryPoint","urlTemplate":"https:\/\/www.leprojecteurguinee.com\/?s={search_term_string}"},"query-input":{"@type":"PropertyValueSpecification","valueRequired":true,"valueName":"search_term_string"}}],"inLanguage":"fr-FR"},{"@type":"Person","@id":"https:\/\/www.leprojecteurguinee.com\/#\/schema\/person\/389671d1a3f0c66e6c91c4a765990c1b","name":"Leprojecteurguinee","image":{"@type":"ImageObject","inLanguage":"fr-FR","@id":"https:\/\/www.leprojecteurguinee.com\/#\/schema\/person\/image\/","url":"https:\/\/secure.gravatar.com\/avatar\/c0faa0f472c43eff99fecb0bd2a1c6782e80a162c9fcb7ed2d48bb42ea619f30?s=96&d=mm&r=g","contentUrl":"https:\/\/secure.gravatar.com\/avatar\/c0faa0f472c43eff99fecb0bd2a1c6782e80a162c9fcb7ed2d48bb42ea619f30?s=96&d=mm&r=g","caption":"Leprojecteurguinee"},"sameAs":["https:\/\/www.leprojecteurguinee.com"],"url":"https:\/\/www.leprojecteurguinee.com\/index.php\/author\/madame\/"}]}},"_links":{"self":[{"href":"https:\/\/www.leprojecteurguinee.com\/index.php\/wp-json\/wp\/v2\/posts\/165","targetHints":{"allow":["GET"]}}],"collection":[{"href":"https:\/\/www.leprojecteurguinee.com\/index.php\/wp-json\/wp\/v2\/posts"}],"about":[{"href":"https:\/\/www.leprojecteurguinee.com\/index.php\/wp-json\/wp\/v2\/types\/post"}],"author":[{"embeddable":true,"href":"https:\/\/www.leprojecteurguinee.com\/index.php\/wp-json\/wp\/v2\/users\/1"}],"replies":[{"embeddable":true,"href":"https:\/\/www.leprojecteurguinee.com\/index.php\/wp-json\/wp\/v2\/comments?post=165"}],"version-history":[{"count":0,"href":"https:\/\/www.leprojecteurguinee.com\/index.php\/wp-json\/wp\/v2\/posts\/165\/revisions"}],"wp:featuredmedia":[{"embeddable":true,"href":"https:\/\/www.leprojecteurguinee.com\/index.php\/wp-json\/wp\/v2\/media\/166"}],"wp:attachment":[{"href":"https:\/\/www.leprojecteurguinee.com\/index.php\/wp-json\/wp\/v2\/media?parent=165"}],"wp:term":[{"taxonomy":"category","embeddable":true,"href":"https:\/\/www.leprojecteurguinee.com\/index.php\/wp-json\/wp\/v2\/categories?post=165"},{"taxonomy":"post_tag","embeddable":true,"href":"https:\/\/www.leprojecteurguinee.com\/index.php\/wp-json\/wp\/v2\/tags?post=165"}],"curies":[{"name":"wp","href":"https:\/\/api.w.org\/{rel}","templated":true}]}}