{"id":1601,"date":"2023-11-18T18:46:00","date_gmt":"2023-11-18T17:46:00","guid":{"rendered":"https:\/\/www.leprojecteurguinee.com\/?p=1601"},"modified":"2023-11-18T18:46:35","modified_gmt":"2023-11-18T17:46:35","slug":"lufdg-et-ses-allies-celebrent-le-16xieme-anniversaire-de-cellou-dalein-diallo-a-la-tete-du-parti","status":"publish","type":"post","link":"https:\/\/www.leprojecteurguinee.com\/index.php\/2023\/11\/18\/lufdg-et-ses-allies-celebrent-le-16xieme-anniversaire-de-cellou-dalein-diallo-a-la-tete-du-parti\/","title":{"rendered":"L&rsquo;UFDG et ses alli\u00e9s c\u00e9l\u00e8brent le 16xi\u00e8me anniversaire de Cellou Dalein Diallo \u00e0 la t\u00eate du parti."},"content":{"rendered":"\n<p>Le parti de l&rsquo;union d\u00e9mocratique de Guin\u00e9e a c\u00e9l\u00e9br\u00e9 le 16xi\u00e8me anniversaire de Cellou Dalein Diallo \u00e0 la t\u00eate de L&rsquo;UFDG ce samedi 18 novembre au QG du dit parti. C&rsquo;\u00e9tait en pr\u00e9sence des responsables, membres sympathisants du parti, des leaders des partis politiques : le RPG arc-en-ciel, L&rsquo;ANAD et de L&rsquo;UFR pour ne citer que ceux-ci.<br><br> \u00c0 cette occasion, les diff\u00e9rentes sections du parti sont pass\u00e9es \u00e0 tour de r\u00f4le pour rendre un hommage au pr\u00e9sident cellou Dalein Diallo, et profiter de cette occasion pour r\u00e9it\u00e9rer leurs d\u00e9terminations \u00e0 suivre le pr\u00e9sident Cellou Dalein Diallo pour la bonne marche de la d\u00e9mocratie en Guin\u00e9e. <br><br>C&rsquo;est le cas de Lansana komara repr\u00e9sentant du RPG arc-en-ciel. <br><br>\u00ab\u00a0Je voudrais vous exprimer notre attachement aux valeurs cardinales de notre parti de rassemblement du peuple de Guin\u00e9e fond\u00e9 sur l&rsquo;indivisibilit\u00e9 toutes les fois que la nation est menac\u00e9e. Nous sommes convaincus que les forces du changement d\u00e9mocratique se r\u00e9sument au sein des forces vives et arriverons ensemble avec courage et d\u00e9termination. Pour nous, tout le reste n&rsquo;est que de la d\u00e9magogie. L&rsquo;union fait la force, c&rsquo;est le slogan \u00e0 travers lequel nous sommes devant vous ce matin\u00a0\u00bb<br><br>De son c\u00f4t\u00e9 Aliou Bah, pr\u00e9sident du parti Model a \u00e9galement r\u00e9affirm\u00e9 son engagement pour accompagner le pr\u00e9sident Cellou Dalein dans son combat de d\u00e9mocratie. <br><br>\u00ab\u00a0Actuellement, puisqu&rsquo;on parle de lui,Cellou Dalein Diallo traverse des moments difficiles, mais qui font partis du destin, l&rsquo;exil par la contrainte,il ya pas de honte \u00e0 \u00eatre en exil mais il ya plut\u00f4t de honte \u00e0 contraindre les gens \u00e0 \u00eatre en exil. Il faut que chacun de nous sache, que la justice en Guin\u00e9e est insurmentalis\u00e9e,elle est politiquement motiv\u00e9e, parce que nous avons entendu tous les discours. . Lorsqu&rsquo;une junte arrive au pouvoir, la premi\u00e8re des choses qu&rsquo;elle raconte, c&rsquo;est qu&rsquo;elle n&rsquo;est \u00e9lue de personne. On ne pr\u00e9tend rendre justice, on met en place une dispositif qui garantie la sinc\u00e9rit\u00e9 de la justice. Soyez fi\u00e8res de votre pr\u00e9sident. Le model que je dirige qui s&rsquo;est illustr\u00e9 par sa constance, par sa stabilit\u00e9 pour les valeurs que nous avons en partage restera d\u00e9terminer \u00e0 poursuivre son combat jusqu&rsquo;\u00e0 ce que la R\u00e9publique de Guin\u00e9e soit une d\u00e9mocratie et que le gouvernement soit au service de tous\u00a0\u00bb.<br><br>Cette c\u00e9r\u00e9monie a \u00e9t\u00e9 cl\u00f4tur\u00e9e par la remise des satisfecits de reconnaissance \u00e0 certaines familles qui se sont sacrifi\u00e9es pour la bonne marche du parti UFDG.<\/p>\n\n\n\n<figure class=\"wp-block-image size-large\"><img loading=\"lazy\" decoding=\"async\" width=\"1024\" height=\"768\" src=\"https:\/\/www.leprojecteurguinee.com\/wp-content\/uploads\/2023\/11\/IMG-20231118-WA0075-1024x768.jpg\" alt=\"\" class=\"wp-image-1600\" srcset=\"https:\/\/www.leprojecteurguinee.com\/wp-content\/uploads\/2023\/11\/IMG-20231118-WA0075-1024x768.jpg 1024w, https:\/\/www.leprojecteurguinee.com\/wp-content\/uploads\/2023\/11\/IMG-20231118-WA0075-300x225.jpg 300w, https:\/\/www.leprojecteurguinee.com\/wp-content\/uploads\/2023\/11\/IMG-20231118-WA0075-768x576.jpg 768w, https:\/\/www.leprojecteurguinee.com\/wp-content\/uploads\/2023\/11\/IMG-20231118-WA0075-86x64.jpg 86w, https:\/\/www.leprojecteurguinee.com\/wp-content\/uploads\/2023\/11\/IMG-20231118-WA0075.jpg 1040w\" sizes=\"auto, (max-width: 1024px) 100vw, 1024px\" \/><figcaption class=\"wp-element-caption\">Aliou Bah pr\u00e9sident du model <\/figcaption><\/figure>\n","protected":false},"excerpt":{"rendered":"<p>Le parti de l&rsquo;union d\u00e9mocratique de Guin\u00e9e a c\u00e9l\u00e9br\u00e9 le 16xi\u00e8me anniversaire de Cellou Dalein Diallo \u00e0 la t\u00eate de L&rsquo;UFDG ce samedi 18 novembre au QG du dit parti. C&rsquo;\u00e9tait en pr\u00e9sence des responsables, membres sympathisants du parti, des leaders des partis politiques : le RPG arc-en-ciel, L&rsquo;ANAD et de L&rsquo;UFR pour ne citer [&hellip;]<\/p>\n","protected":false},"author":1,"featured_media":1599,"comment_status":"open","ping_status":"open","sticky":false,"template":"","format":"standard","meta":{"footnotes":""},"categories":[80],"tags":[431,276,101],"class_list":["post-1601","post","type-post","status-publish","format-standard","has-post-thumbnail","hentry","category-politique","tag-model","tag-rpg-arc-en-ciel","tag-ufdg"],"yoast_head":"<!-- This site is optimized with the Yoast SEO plugin v26.8 - https:\/\/yoast.com\/product\/yoast-seo-wordpress\/ -->\n<title>L&#039;UFDG et ses alli\u00e9s c\u00e9l\u00e8brent le 16xi\u00e8me anniversaire de Cellou Dalein Diallo \u00e0 la t\u00eate du parti. - leprojecteurguinee<\/title>\n<meta name=\"robots\" content=\"index, follow, max-snippet:-1, max-image-preview:large, max-video-preview:-1\" \/>\n<link rel=\"canonical\" href=\"https:\/\/www.leprojecteurguinee.com\/index.php\/2023\/11\/18\/lufdg-et-ses-allies-celebrent-le-16xieme-anniversaire-de-cellou-dalein-diallo-a-la-tete-du-parti\/\" \/>\n<meta property=\"og:locale\" content=\"fr_FR\" \/>\n<meta property=\"og:type\" content=\"article\" \/>\n<meta property=\"og:title\" content=\"L&#039;UFDG et ses alli\u00e9s c\u00e9l\u00e8brent le 16xi\u00e8me anniversaire de Cellou Dalein Diallo \u00e0 la t\u00eate du parti. - leprojecteurguinee\" \/>\n<meta property=\"og:description\" content=\"Le parti de l&rsquo;union d\u00e9mocratique de Guin\u00e9e a c\u00e9l\u00e9br\u00e9 le 16xi\u00e8me anniversaire de Cellou Dalein Diallo \u00e0 la t\u00eate de L&rsquo;UFDG ce samedi 18 novembre au QG du dit parti. C&rsquo;\u00e9tait en pr\u00e9sence des responsables, membres sympathisants du parti, des leaders des partis politiques : le RPG arc-en-ciel, L&rsquo;ANAD et de L&rsquo;UFR pour ne citer [&hellip;]\" \/>\n<meta property=\"og:url\" content=\"https:\/\/www.leprojecteurguinee.com\/index.php\/2023\/11\/18\/lufdg-et-ses-allies-celebrent-le-16xieme-anniversaire-de-cellou-dalein-diallo-a-la-tete-du-parti\/\" \/>\n<meta property=\"og:site_name\" content=\"leprojecteurguinee\" \/>\n<meta property=\"article:published_time\" content=\"2023-11-18T17:46:00+00:00\" \/>\n<meta property=\"article:modified_time\" content=\"2023-11-18T17:46:35+00:00\" \/>\n<meta property=\"og:image\" content=\"https:\/\/www.leprojecteurguinee.com\/wp-content\/uploads\/2023\/11\/IMG-20231118-WA0073.jpg\" \/>\n\t<meta property=\"og:image:width\" content=\"1040\" \/>\n\t<meta property=\"og:image:height\" content=\"780\" \/>\n\t<meta property=\"og:image:type\" content=\"image\/jpeg\" \/>\n<meta name=\"author\" content=\"Leprojecteurguinee\" \/>\n<meta name=\"twitter:card\" content=\"summary_large_image\" \/>\n<meta name=\"twitter:label1\" content=\"\u00c9crit par\" \/>\n\t<meta name=\"twitter:data1\" content=\"Leprojecteurguinee\" \/>\n\t<meta name=\"twitter:label2\" content=\"Dur\u00e9e de lecture estim\u00e9e\" \/>\n\t<meta name=\"twitter:data2\" content=\"2 minutes\" \/>\n<script type=\"application\/ld+json\" class=\"yoast-schema-graph\">{\"@context\":\"https:\/\/schema.org\",\"@graph\":[{\"@type\":\"Article\",\"@id\":\"https:\/\/www.leprojecteurguinee.com\/index.php\/2023\/11\/18\/lufdg-et-ses-allies-celebrent-le-16xieme-anniversaire-de-cellou-dalein-diallo-a-la-tete-du-parti\/#article\",\"isPartOf\":{\"@id\":\"https:\/\/www.leprojecteurguinee.com\/index.php\/2023\/11\/18\/lufdg-et-ses-allies-celebrent-le-16xieme-anniversaire-de-cellou-dalein-diallo-a-la-tete-du-parti\/\"},\"author\":{\"name\":\"Leprojecteurguinee\",\"@id\":\"https:\/\/www.leprojecteurguinee.com\/#\/schema\/person\/389671d1a3f0c66e6c91c4a765990c1b\"},\"headline\":\"L&rsquo;UFDG et ses alli\u00e9s c\u00e9l\u00e8brent le 16xi\u00e8me anniversaire de Cellou Dalein Diallo \u00e0 la t\u00eate du parti.\",\"datePublished\":\"2023-11-18T17:46:00+00:00\",\"dateModified\":\"2023-11-18T17:46:35+00:00\",\"mainEntityOfPage\":{\"@id\":\"https:\/\/www.leprojecteurguinee.com\/index.php\/2023\/11\/18\/lufdg-et-ses-allies-celebrent-le-16xieme-anniversaire-de-cellou-dalein-diallo-a-la-tete-du-parti\/\"},\"wordCount\":483,\"commentCount\":0,\"image\":{\"@id\":\"https:\/\/www.leprojecteurguinee.com\/index.php\/2023\/11\/18\/lufdg-et-ses-allies-celebrent-le-16xieme-anniversaire-de-cellou-dalein-diallo-a-la-tete-du-parti\/#primaryimage\"},\"thumbnailUrl\":\"https:\/\/www.leprojecteurguinee.com\/wp-content\/uploads\/2023\/11\/IMG-20231118-WA0073.jpg\",\"keywords\":[\"Model\",\"RPG arc-en-ciel\",\"UFDG\"],\"articleSection\":[\"Politique\"],\"inLanguage\":\"fr-FR\",\"potentialAction\":[{\"@type\":\"CommentAction\",\"name\":\"Comment\",\"target\":[\"https:\/\/www.leprojecteurguinee.com\/index.php\/2023\/11\/18\/lufdg-et-ses-allies-celebrent-le-16xieme-anniversaire-de-cellou-dalein-diallo-a-la-tete-du-parti\/#respond\"]}]},{\"@type\":\"WebPage\",\"@id\":\"https:\/\/www.leprojecteurguinee.com\/index.php\/2023\/11\/18\/lufdg-et-ses-allies-celebrent-le-16xieme-anniversaire-de-cellou-dalein-diallo-a-la-tete-du-parti\/\",\"url\":\"https:\/\/www.leprojecteurguinee.com\/index.php\/2023\/11\/18\/lufdg-et-ses-allies-celebrent-le-16xieme-anniversaire-de-cellou-dalein-diallo-a-la-tete-du-parti\/\",\"name\":\"L'UFDG et ses alli\u00e9s c\u00e9l\u00e8brent le 16xi\u00e8me anniversaire de Cellou Dalein Diallo \u00e0 la t\u00eate du parti. - leprojecteurguinee\",\"isPartOf\":{\"@id\":\"https:\/\/www.leprojecteurguinee.com\/#website\"},\"primaryImageOfPage\":{\"@id\":\"https:\/\/www.leprojecteurguinee.com\/index.php\/2023\/11\/18\/lufdg-et-ses-allies-celebrent-le-16xieme-anniversaire-de-cellou-dalein-diallo-a-la-tete-du-parti\/#primaryimage\"},\"image\":{\"@id\":\"https:\/\/www.leprojecteurguinee.com\/index.php\/2023\/11\/18\/lufdg-et-ses-allies-celebrent-le-16xieme-anniversaire-de-cellou-dalein-diallo-a-la-tete-du-parti\/#primaryimage\"},\"thumbnailUrl\":\"https:\/\/www.leprojecteurguinee.com\/wp-content\/uploads\/2023\/11\/IMG-20231118-WA0073.jpg\",\"datePublished\":\"2023-11-18T17:46:00+00:00\",\"dateModified\":\"2023-11-18T17:46:35+00:00\",\"author\":{\"@id\":\"https:\/\/www.leprojecteurguinee.com\/#\/schema\/person\/389671d1a3f0c66e6c91c4a765990c1b\"},\"breadcrumb\":{\"@id\":\"https:\/\/www.leprojecteurguinee.com\/index.php\/2023\/11\/18\/lufdg-et-ses-allies-celebrent-le-16xieme-anniversaire-de-cellou-dalein-diallo-a-la-tete-du-parti\/#breadcrumb\"},\"inLanguage\":\"fr-FR\",\"potentialAction\":[{\"@type\":\"ReadAction\",\"target\":[\"https:\/\/www.leprojecteurguinee.com\/index.php\/2023\/11\/18\/lufdg-et-ses-allies-celebrent-le-16xieme-anniversaire-de-cellou-dalein-diallo-a-la-tete-du-parti\/\"]}]},{\"@type\":\"ImageObject\",\"inLanguage\":\"fr-FR\",\"@id\":\"https:\/\/www.leprojecteurguinee.com\/index.php\/2023\/11\/18\/lufdg-et-ses-allies-celebrent-le-16xieme-anniversaire-de-cellou-dalein-diallo-a-la-tete-du-parti\/#primaryimage\",\"url\":\"https:\/\/www.leprojecteurguinee.com\/wp-content\/uploads\/2023\/11\/IMG-20231118-WA0073.jpg\",\"contentUrl\":\"https:\/\/www.leprojecteurguinee.com\/wp-content\/uploads\/2023\/11\/IMG-20231118-WA0073.jpg\",\"width\":1040,\"height\":780},{\"@type\":\"BreadcrumbList\",\"@id\":\"https:\/\/www.leprojecteurguinee.com\/index.php\/2023\/11\/18\/lufdg-et-ses-allies-celebrent-le-16xieme-anniversaire-de-cellou-dalein-diallo-a-la-tete-du-parti\/#breadcrumb\",\"itemListElement\":[{\"@type\":\"ListItem\",\"position\":1,\"name\":\"Accueil\",\"item\":\"https:\/\/www.leprojecteurguinee.com\/\"},{\"@type\":\"ListItem\",\"position\":2,\"name\":\"L&rsquo;UFDG et ses alli\u00e9s c\u00e9l\u00e8brent le 16xi\u00e8me anniversaire de Cellou Dalein Diallo \u00e0 la t\u00eate du parti.\"}]},{\"@type\":\"WebSite\",\"@id\":\"https:\/\/www.leprojecteurguinee.com\/#website\",\"url\":\"https:\/\/www.leprojecteurguinee.com\/\",\"name\":\"leprojecteurguinee\",\"description\":\"Nous luttons contre les pratiques obscures\",\"potentialAction\":[{\"@type\":\"SearchAction\",\"target\":{\"@type\":\"EntryPoint\",\"urlTemplate\":\"https:\/\/www.leprojecteurguinee.com\/?s={search_term_string}\"},\"query-input\":{\"@type\":\"PropertyValueSpecification\",\"valueRequired\":true,\"valueName\":\"search_term_string\"}}],\"inLanguage\":\"fr-FR\"},{\"@type\":\"Person\",\"@id\":\"https:\/\/www.leprojecteurguinee.com\/#\/schema\/person\/389671d1a3f0c66e6c91c4a765990c1b\",\"name\":\"Leprojecteurguinee\",\"image\":{\"@type\":\"ImageObject\",\"inLanguage\":\"fr-FR\",\"@id\":\"https:\/\/www.leprojecteurguinee.com\/#\/schema\/person\/image\/\",\"url\":\"https:\/\/secure.gravatar.com\/avatar\/c0faa0f472c43eff99fecb0bd2a1c6782e80a162c9fcb7ed2d48bb42ea619f30?s=96&d=mm&r=g\",\"contentUrl\":\"https:\/\/secure.gravatar.com\/avatar\/c0faa0f472c43eff99fecb0bd2a1c6782e80a162c9fcb7ed2d48bb42ea619f30?s=96&d=mm&r=g\",\"caption\":\"Leprojecteurguinee\"},\"sameAs\":[\"https:\/\/www.leprojecteurguinee.com\"],\"url\":\"https:\/\/www.leprojecteurguinee.com\/index.php\/author\/madame\/\"}]}<\/script>\n<!-- \/ Yoast SEO plugin. -->","yoast_head_json":{"title":"L'UFDG et ses alli\u00e9s c\u00e9l\u00e8brent le 16xi\u00e8me anniversaire de Cellou Dalein Diallo \u00e0 la t\u00eate du parti. - leprojecteurguinee","robots":{"index":"index","follow":"follow","max-snippet":"max-snippet:-1","max-image-preview":"max-image-preview:large","max-video-preview":"max-video-preview:-1"},"canonical":"https:\/\/www.leprojecteurguinee.com\/index.php\/2023\/11\/18\/lufdg-et-ses-allies-celebrent-le-16xieme-anniversaire-de-cellou-dalein-diallo-a-la-tete-du-parti\/","og_locale":"fr_FR","og_type":"article","og_title":"L'UFDG et ses alli\u00e9s c\u00e9l\u00e8brent le 16xi\u00e8me anniversaire de Cellou Dalein Diallo \u00e0 la t\u00eate du parti. - leprojecteurguinee","og_description":"Le parti de l&rsquo;union d\u00e9mocratique de Guin\u00e9e a c\u00e9l\u00e9br\u00e9 le 16xi\u00e8me anniversaire de Cellou Dalein Diallo \u00e0 la t\u00eate de L&rsquo;UFDG ce samedi 18 novembre au QG du dit parti. C&rsquo;\u00e9tait en pr\u00e9sence des responsables, membres sympathisants du parti, des leaders des partis politiques : le RPG arc-en-ciel, L&rsquo;ANAD et de L&rsquo;UFR pour ne citer [&hellip;]","og_url":"https:\/\/www.leprojecteurguinee.com\/index.php\/2023\/11\/18\/lufdg-et-ses-allies-celebrent-le-16xieme-anniversaire-de-cellou-dalein-diallo-a-la-tete-du-parti\/","og_site_name":"leprojecteurguinee","article_published_time":"2023-11-18T17:46:00+00:00","article_modified_time":"2023-11-18T17:46:35+00:00","og_image":[{"width":1040,"height":780,"url":"https:\/\/www.leprojecteurguinee.com\/wp-content\/uploads\/2023\/11\/IMG-20231118-WA0073.jpg","type":"image\/jpeg"}],"author":"Leprojecteurguinee","twitter_card":"summary_large_image","twitter_misc":{"\u00c9crit par":"Leprojecteurguinee","Dur\u00e9e de lecture estim\u00e9e":"2 minutes"},"schema":{"@context":"https:\/\/schema.org","@graph":[{"@type":"Article","@id":"https:\/\/www.leprojecteurguinee.com\/index.php\/2023\/11\/18\/lufdg-et-ses-allies-celebrent-le-16xieme-anniversaire-de-cellou-dalein-diallo-a-la-tete-du-parti\/#article","isPartOf":{"@id":"https:\/\/www.leprojecteurguinee.com\/index.php\/2023\/11\/18\/lufdg-et-ses-allies-celebrent-le-16xieme-anniversaire-de-cellou-dalein-diallo-a-la-tete-du-parti\/"},"author":{"name":"Leprojecteurguinee","@id":"https:\/\/www.leprojecteurguinee.com\/#\/schema\/person\/389671d1a3f0c66e6c91c4a765990c1b"},"headline":"L&rsquo;UFDG et ses alli\u00e9s c\u00e9l\u00e8brent le 16xi\u00e8me anniversaire de Cellou Dalein Diallo \u00e0 la t\u00eate du parti.","datePublished":"2023-11-18T17:46:00+00:00","dateModified":"2023-11-18T17:46:35+00:00","mainEntityOfPage":{"@id":"https:\/\/www.leprojecteurguinee.com\/index.php\/2023\/11\/18\/lufdg-et-ses-allies-celebrent-le-16xieme-anniversaire-de-cellou-dalein-diallo-a-la-tete-du-parti\/"},"wordCount":483,"commentCount":0,"image":{"@id":"https:\/\/www.leprojecteurguinee.com\/index.php\/2023\/11\/18\/lufdg-et-ses-allies-celebrent-le-16xieme-anniversaire-de-cellou-dalein-diallo-a-la-tete-du-parti\/#primaryimage"},"thumbnailUrl":"https:\/\/www.leprojecteurguinee.com\/wp-content\/uploads\/2023\/11\/IMG-20231118-WA0073.jpg","keywords":["Model","RPG arc-en-ciel","UFDG"],"articleSection":["Politique"],"inLanguage":"fr-FR","potentialAction":[{"@type":"CommentAction","name":"Comment","target":["https:\/\/www.leprojecteurguinee.com\/index.php\/2023\/11\/18\/lufdg-et-ses-allies-celebrent-le-16xieme-anniversaire-de-cellou-dalein-diallo-a-la-tete-du-parti\/#respond"]}]},{"@type":"WebPage","@id":"https:\/\/www.leprojecteurguinee.com\/index.php\/2023\/11\/18\/lufdg-et-ses-allies-celebrent-le-16xieme-anniversaire-de-cellou-dalein-diallo-a-la-tete-du-parti\/","url":"https:\/\/www.leprojecteurguinee.com\/index.php\/2023\/11\/18\/lufdg-et-ses-allies-celebrent-le-16xieme-anniversaire-de-cellou-dalein-diallo-a-la-tete-du-parti\/","name":"L'UFDG et ses alli\u00e9s c\u00e9l\u00e8brent le 16xi\u00e8me anniversaire de Cellou Dalein Diallo \u00e0 la t\u00eate du parti. - leprojecteurguinee","isPartOf":{"@id":"https:\/\/www.leprojecteurguinee.com\/#website"},"primaryImageOfPage":{"@id":"https:\/\/www.leprojecteurguinee.com\/index.php\/2023\/11\/18\/lufdg-et-ses-allies-celebrent-le-16xieme-anniversaire-de-cellou-dalein-diallo-a-la-tete-du-parti\/#primaryimage"},"image":{"@id":"https:\/\/www.leprojecteurguinee.com\/index.php\/2023\/11\/18\/lufdg-et-ses-allies-celebrent-le-16xieme-anniversaire-de-cellou-dalein-diallo-a-la-tete-du-parti\/#primaryimage"},"thumbnailUrl":"https:\/\/www.leprojecteurguinee.com\/wp-content\/uploads\/2023\/11\/IMG-20231118-WA0073.jpg","datePublished":"2023-11-18T17:46:00+00:00","dateModified":"2023-11-18T17:46:35+00:00","author":{"@id":"https:\/\/www.leprojecteurguinee.com\/#\/schema\/person\/389671d1a3f0c66e6c91c4a765990c1b"},"breadcrumb":{"@id":"https:\/\/www.leprojecteurguinee.com\/index.php\/2023\/11\/18\/lufdg-et-ses-allies-celebrent-le-16xieme-anniversaire-de-cellou-dalein-diallo-a-la-tete-du-parti\/#breadcrumb"},"inLanguage":"fr-FR","potentialAction":[{"@type":"ReadAction","target":["https:\/\/www.leprojecteurguinee.com\/index.php\/2023\/11\/18\/lufdg-et-ses-allies-celebrent-le-16xieme-anniversaire-de-cellou-dalein-diallo-a-la-tete-du-parti\/"]}]},{"@type":"ImageObject","inLanguage":"fr-FR","@id":"https:\/\/www.leprojecteurguinee.com\/index.php\/2023\/11\/18\/lufdg-et-ses-allies-celebrent-le-16xieme-anniversaire-de-cellou-dalein-diallo-a-la-tete-du-parti\/#primaryimage","url":"https:\/\/www.leprojecteurguinee.com\/wp-content\/uploads\/2023\/11\/IMG-20231118-WA0073.jpg","contentUrl":"https:\/\/www.leprojecteurguinee.com\/wp-content\/uploads\/2023\/11\/IMG-20231118-WA0073.jpg","width":1040,"height":780},{"@type":"BreadcrumbList","@id":"https:\/\/www.leprojecteurguinee.com\/index.php\/2023\/11\/18\/lufdg-et-ses-allies-celebrent-le-16xieme-anniversaire-de-cellou-dalein-diallo-a-la-tete-du-parti\/#breadcrumb","itemListElement":[{"@type":"ListItem","position":1,"name":"Accueil","item":"https:\/\/www.leprojecteurguinee.com\/"},{"@type":"ListItem","position":2,"name":"L&rsquo;UFDG et ses alli\u00e9s c\u00e9l\u00e8brent le 16xi\u00e8me anniversaire de Cellou Dalein Diallo \u00e0 la t\u00eate du parti."}]},{"@type":"WebSite","@id":"https:\/\/www.leprojecteurguinee.com\/#website","url":"https:\/\/www.leprojecteurguinee.com\/","name":"leprojecteurguinee","description":"Nous luttons contre les pratiques obscures","potentialAction":[{"@type":"SearchAction","target":{"@type":"EntryPoint","urlTemplate":"https:\/\/www.leprojecteurguinee.com\/?s={search_term_string}"},"query-input":{"@type":"PropertyValueSpecification","valueRequired":true,"valueName":"search_term_string"}}],"inLanguage":"fr-FR"},{"@type":"Person","@id":"https:\/\/www.leprojecteurguinee.com\/#\/schema\/person\/389671d1a3f0c66e6c91c4a765990c1b","name":"Leprojecteurguinee","image":{"@type":"ImageObject","inLanguage":"fr-FR","@id":"https:\/\/www.leprojecteurguinee.com\/#\/schema\/person\/image\/","url":"https:\/\/secure.gravatar.com\/avatar\/c0faa0f472c43eff99fecb0bd2a1c6782e80a162c9fcb7ed2d48bb42ea619f30?s=96&d=mm&r=g","contentUrl":"https:\/\/secure.gravatar.com\/avatar\/c0faa0f472c43eff99fecb0bd2a1c6782e80a162c9fcb7ed2d48bb42ea619f30?s=96&d=mm&r=g","caption":"Leprojecteurguinee"},"sameAs":["https:\/\/www.leprojecteurguinee.com"],"url":"https:\/\/www.leprojecteurguinee.com\/index.php\/author\/madame\/"}]}},"_links":{"self":[{"href":"https:\/\/www.leprojecteurguinee.com\/index.php\/wp-json\/wp\/v2\/posts\/1601","targetHints":{"allow":["GET"]}}],"collection":[{"href":"https:\/\/www.leprojecteurguinee.com\/index.php\/wp-json\/wp\/v2\/posts"}],"about":[{"href":"https:\/\/www.leprojecteurguinee.com\/index.php\/wp-json\/wp\/v2\/types\/post"}],"author":[{"embeddable":true,"href":"https:\/\/www.leprojecteurguinee.com\/index.php\/wp-json\/wp\/v2\/users\/1"}],"replies":[{"embeddable":true,"href":"https:\/\/www.leprojecteurguinee.com\/index.php\/wp-json\/wp\/v2\/comments?post=1601"}],"version-history":[{"count":0,"href":"https:\/\/www.leprojecteurguinee.com\/index.php\/wp-json\/wp\/v2\/posts\/1601\/revisions"}],"wp:featuredmedia":[{"embeddable":true,"href":"https:\/\/www.leprojecteurguinee.com\/index.php\/wp-json\/wp\/v2\/media\/1599"}],"wp:attachment":[{"href":"https:\/\/www.leprojecteurguinee.com\/index.php\/wp-json\/wp\/v2\/media?parent=1601"}],"wp:term":[{"taxonomy":"category","embeddable":true,"href":"https:\/\/www.leprojecteurguinee.com\/index.php\/wp-json\/wp\/v2\/categories?post=1601"},{"taxonomy":"post_tag","embeddable":true,"href":"https:\/\/www.leprojecteurguinee.com\/index.php\/wp-json\/wp\/v2\/tags?post=1601"}],"curies":[{"name":"wp","href":"https:\/\/api.w.org\/{rel}","templated":true}]}}