{"id":16,"date":"2023-07-14T12:08:42","date_gmt":"2023-07-14T10:08:42","guid":{"rendered":"https:\/\/www.leprojecteurguinee.com\/?p=16"},"modified":"2023-07-14T12:08:42","modified_gmt":"2023-07-14T10:08:42","slug":"guinee-radiation-de-deux-elements-de-larmee","status":"publish","type":"post","link":"https:\/\/www.leprojecteurguinee.com\/index.php\/2023\/07\/14\/guinee-radiation-de-deux-elements-de-larmee\/","title":{"rendered":"Guin\u00e9e: Radiation de deux \u00e9l\u00e9ments de l&rsquo;arm\u00e9e"},"content":{"rendered":"<p>A travers un d\u00e9cret, le pr\u00e9sident de la transition a radi\u00e9 deux \u00e9l\u00e9ments des effectifs des forces arm\u00e9es guin\u00e9ennes. La d\u00e9cision a \u00e9t\u00e9 prise ce jeudi 13 juillet 23. Il s\u2019agit du Sous-lieutenant Thierno Boubacar Diallo et de l\u2019Adjudant Mamadou Aliou Diallo.<\/p>\n<p>Selon la d\u00e9cision, le Sous-lieutenant Thierno Boubacar Diallo\u00a0du groupement des forces sp\u00e9ciales, Matricule :\u00a0280 65 G a \u00e9t\u00e9 radi\u00e9 pour d\u00e9sertion. Et l\u2019Adjudant Mamadou Aliou Diallo\u00a0du groupement des forces sp\u00e9ciales, Matricule :\u00a0362 73 G, pour vol d\u2019argent.<\/p>\n","protected":false},"excerpt":{"rendered":"<p>A travers un d\u00e9cret, le pr\u00e9sident de la transition a radi\u00e9 deux \u00e9l\u00e9ments des effectifs des forces arm\u00e9es guin\u00e9ennes. La d\u00e9cision a \u00e9t\u00e9 prise ce jeudi 13 juillet 23. Il s\u2019agit du Sous-lieutenant Thierno Boubacar Diallo et de l\u2019Adjudant Mamadou Aliou Diallo. Selon la d\u00e9cision, le Sous-lieutenant Thierno Boubacar Diallo\u00a0du groupement des forces sp\u00e9ciales, Matricule [&hellip;]<\/p>\n","protected":false},"author":1,"featured_media":17,"comment_status":"open","ping_status":"open","sticky":false,"template":"","format":"standard","meta":{"footnotes":""},"categories":[16],"tags":[19,18,17],"class_list":["post-16","post","type-post","status-publish","format-standard","has-post-thumbnail","hentry","category-actualites","tag-cnrd","tag-doumbouya","tag-guinee"],"yoast_head":"<!-- This site is optimized with the Yoast SEO plugin v26.8 - https:\/\/yoast.com\/product\/yoast-seo-wordpress\/ -->\n<title>Guin\u00e9e: Radiation de deux \u00e9l\u00e9ments de l&#039;arm\u00e9e - leprojecteurguinee<\/title>\n<meta name=\"robots\" content=\"index, follow, max-snippet:-1, max-image-preview:large, max-video-preview:-1\" \/>\n<link rel=\"canonical\" href=\"https:\/\/www.leprojecteurguinee.com\/index.php\/2023\/07\/14\/guinee-radiation-de-deux-elements-de-larmee\/\" \/>\n<meta property=\"og:locale\" content=\"fr_FR\" \/>\n<meta property=\"og:type\" content=\"article\" \/>\n<meta property=\"og:title\" content=\"Guin\u00e9e: Radiation de deux \u00e9l\u00e9ments de l&#039;arm\u00e9e - leprojecteurguinee\" \/>\n<meta property=\"og:description\" content=\"A travers un d\u00e9cret, le pr\u00e9sident de la transition a radi\u00e9 deux \u00e9l\u00e9ments des effectifs des forces arm\u00e9es guin\u00e9ennes. La d\u00e9cision a \u00e9t\u00e9 prise ce jeudi 13 juillet 23. Il s\u2019agit du Sous-lieutenant Thierno Boubacar Diallo et de l\u2019Adjudant Mamadou Aliou Diallo. Selon la d\u00e9cision, le Sous-lieutenant Thierno Boubacar Diallo\u00a0du groupement des forces sp\u00e9ciales, Matricule [&hellip;]\" \/>\n<meta property=\"og:url\" content=\"https:\/\/www.leprojecteurguinee.com\/index.php\/2023\/07\/14\/guinee-radiation-de-deux-elements-de-larmee\/\" \/>\n<meta property=\"og:site_name\" content=\"leprojecteurguinee\" \/>\n<meta property=\"article:published_time\" content=\"2023-07-14T10:08:42+00:00\" \/>\n<meta property=\"og:image\" content=\"https:\/\/www.leprojecteurguinee.com\/wp-content\/uploads\/2023\/07\/forces-speciale-de-guinee.jpg\" \/>\n\t<meta property=\"og:image:width\" content=\"275\" \/>\n\t<meta property=\"og:image:height\" content=\"183\" \/>\n\t<meta property=\"og:image:type\" content=\"image\/jpeg\" \/>\n<meta name=\"author\" content=\"Leprojecteurguinee\" \/>\n<meta name=\"twitter:card\" content=\"summary_large_image\" \/>\n<meta name=\"twitter:label1\" content=\"\u00c9crit par\" \/>\n\t<meta name=\"twitter:data1\" content=\"Leprojecteurguinee\" \/>\n<script type=\"application\/ld+json\" class=\"yoast-schema-graph\">{\"@context\":\"https:\/\/schema.org\",\"@graph\":[{\"@type\":\"Article\",\"@id\":\"https:\/\/www.leprojecteurguinee.com\/index.php\/2023\/07\/14\/guinee-radiation-de-deux-elements-de-larmee\/#article\",\"isPartOf\":{\"@id\":\"https:\/\/www.leprojecteurguinee.com\/index.php\/2023\/07\/14\/guinee-radiation-de-deux-elements-de-larmee\/\"},\"author\":{\"name\":\"Leprojecteurguinee\",\"@id\":\"https:\/\/www.leprojecteurguinee.com\/#\/schema\/person\/389671d1a3f0c66e6c91c4a765990c1b\"},\"headline\":\"Guin\u00e9e: Radiation de deux \u00e9l\u00e9ments de l&rsquo;arm\u00e9e\",\"datePublished\":\"2023-07-14T10:08:42+00:00\",\"mainEntityOfPage\":{\"@id\":\"https:\/\/www.leprojecteurguinee.com\/index.php\/2023\/07\/14\/guinee-radiation-de-deux-elements-de-larmee\/\"},\"wordCount\":100,\"commentCount\":0,\"image\":{\"@id\":\"https:\/\/www.leprojecteurguinee.com\/index.php\/2023\/07\/14\/guinee-radiation-de-deux-elements-de-larmee\/#primaryimage\"},\"thumbnailUrl\":\"https:\/\/www.leprojecteurguinee.com\/wp-content\/uploads\/2023\/07\/forces-speciale-de-guinee.jpg\",\"keywords\":[\"CNRD\",\"Doumbouya\",\"Guin\u00e9e\"],\"articleSection\":[\"Actualit\u00e9s\"],\"inLanguage\":\"fr-FR\",\"potentialAction\":[{\"@type\":\"CommentAction\",\"name\":\"Comment\",\"target\":[\"https:\/\/www.leprojecteurguinee.com\/index.php\/2023\/07\/14\/guinee-radiation-de-deux-elements-de-larmee\/#respond\"]}]},{\"@type\":\"WebPage\",\"@id\":\"https:\/\/www.leprojecteurguinee.com\/index.php\/2023\/07\/14\/guinee-radiation-de-deux-elements-de-larmee\/\",\"url\":\"https:\/\/www.leprojecteurguinee.com\/index.php\/2023\/07\/14\/guinee-radiation-de-deux-elements-de-larmee\/\",\"name\":\"Guin\u00e9e: Radiation de deux \u00e9l\u00e9ments de l'arm\u00e9e - leprojecteurguinee\",\"isPartOf\":{\"@id\":\"https:\/\/www.leprojecteurguinee.com\/#website\"},\"primaryImageOfPage\":{\"@id\":\"https:\/\/www.leprojecteurguinee.com\/index.php\/2023\/07\/14\/guinee-radiation-de-deux-elements-de-larmee\/#primaryimage\"},\"image\":{\"@id\":\"https:\/\/www.leprojecteurguinee.com\/index.php\/2023\/07\/14\/guinee-radiation-de-deux-elements-de-larmee\/#primaryimage\"},\"thumbnailUrl\":\"https:\/\/www.leprojecteurguinee.com\/wp-content\/uploads\/2023\/07\/forces-speciale-de-guinee.jpg\",\"datePublished\":\"2023-07-14T10:08:42+00:00\",\"author\":{\"@id\":\"https:\/\/www.leprojecteurguinee.com\/#\/schema\/person\/389671d1a3f0c66e6c91c4a765990c1b\"},\"breadcrumb\":{\"@id\":\"https:\/\/www.leprojecteurguinee.com\/index.php\/2023\/07\/14\/guinee-radiation-de-deux-elements-de-larmee\/#breadcrumb\"},\"inLanguage\":\"fr-FR\",\"potentialAction\":[{\"@type\":\"ReadAction\",\"target\":[\"https:\/\/www.leprojecteurguinee.com\/index.php\/2023\/07\/14\/guinee-radiation-de-deux-elements-de-larmee\/\"]}]},{\"@type\":\"ImageObject\",\"inLanguage\":\"fr-FR\",\"@id\":\"https:\/\/www.leprojecteurguinee.com\/index.php\/2023\/07\/14\/guinee-radiation-de-deux-elements-de-larmee\/#primaryimage\",\"url\":\"https:\/\/www.leprojecteurguinee.com\/wp-content\/uploads\/2023\/07\/forces-speciale-de-guinee.jpg\",\"contentUrl\":\"https:\/\/www.leprojecteurguinee.com\/wp-content\/uploads\/2023\/07\/forces-speciale-de-guinee.jpg\",\"width\":275,\"height\":183,\"caption\":\"images d'archives\"},{\"@type\":\"BreadcrumbList\",\"@id\":\"https:\/\/www.leprojecteurguinee.com\/index.php\/2023\/07\/14\/guinee-radiation-de-deux-elements-de-larmee\/#breadcrumb\",\"itemListElement\":[{\"@type\":\"ListItem\",\"position\":1,\"name\":\"Accueil\",\"item\":\"https:\/\/www.leprojecteurguinee.com\/\"},{\"@type\":\"ListItem\",\"position\":2,\"name\":\"Guin\u00e9e: Radiation de deux \u00e9l\u00e9ments de l&rsquo;arm\u00e9e\"}]},{\"@type\":\"WebSite\",\"@id\":\"https:\/\/www.leprojecteurguinee.com\/#website\",\"url\":\"https:\/\/www.leprojecteurguinee.com\/\",\"name\":\"leprojecteurguinee\",\"description\":\"Nous luttons contre les pratiques obscures\",\"potentialAction\":[{\"@type\":\"SearchAction\",\"target\":{\"@type\":\"EntryPoint\",\"urlTemplate\":\"https:\/\/www.leprojecteurguinee.com\/?s={search_term_string}\"},\"query-input\":{\"@type\":\"PropertyValueSpecification\",\"valueRequired\":true,\"valueName\":\"search_term_string\"}}],\"inLanguage\":\"fr-FR\"},{\"@type\":\"Person\",\"@id\":\"https:\/\/www.leprojecteurguinee.com\/#\/schema\/person\/389671d1a3f0c66e6c91c4a765990c1b\",\"name\":\"Leprojecteurguinee\",\"image\":{\"@type\":\"ImageObject\",\"inLanguage\":\"fr-FR\",\"@id\":\"https:\/\/www.leprojecteurguinee.com\/#\/schema\/person\/image\/\",\"url\":\"https:\/\/secure.gravatar.com\/avatar\/c0faa0f472c43eff99fecb0bd2a1c6782e80a162c9fcb7ed2d48bb42ea619f30?s=96&d=mm&r=g\",\"contentUrl\":\"https:\/\/secure.gravatar.com\/avatar\/c0faa0f472c43eff99fecb0bd2a1c6782e80a162c9fcb7ed2d48bb42ea619f30?s=96&d=mm&r=g\",\"caption\":\"Leprojecteurguinee\"},\"sameAs\":[\"https:\/\/www.leprojecteurguinee.com\"],\"url\":\"https:\/\/www.leprojecteurguinee.com\/index.php\/author\/madame\/\"}]}<\/script>\n<!-- \/ Yoast SEO plugin. -->","yoast_head_json":{"title":"Guin\u00e9e: Radiation de deux \u00e9l\u00e9ments de l'arm\u00e9e - leprojecteurguinee","robots":{"index":"index","follow":"follow","max-snippet":"max-snippet:-1","max-image-preview":"max-image-preview:large","max-video-preview":"max-video-preview:-1"},"canonical":"https:\/\/www.leprojecteurguinee.com\/index.php\/2023\/07\/14\/guinee-radiation-de-deux-elements-de-larmee\/","og_locale":"fr_FR","og_type":"article","og_title":"Guin\u00e9e: Radiation de deux \u00e9l\u00e9ments de l'arm\u00e9e - leprojecteurguinee","og_description":"A travers un d\u00e9cret, le pr\u00e9sident de la transition a radi\u00e9 deux \u00e9l\u00e9ments des effectifs des forces arm\u00e9es guin\u00e9ennes. La d\u00e9cision a \u00e9t\u00e9 prise ce jeudi 13 juillet 23. Il s\u2019agit du Sous-lieutenant Thierno Boubacar Diallo et de l\u2019Adjudant Mamadou Aliou Diallo. Selon la d\u00e9cision, le Sous-lieutenant Thierno Boubacar Diallo\u00a0du groupement des forces sp\u00e9ciales, Matricule [&hellip;]","og_url":"https:\/\/www.leprojecteurguinee.com\/index.php\/2023\/07\/14\/guinee-radiation-de-deux-elements-de-larmee\/","og_site_name":"leprojecteurguinee","article_published_time":"2023-07-14T10:08:42+00:00","og_image":[{"width":275,"height":183,"url":"https:\/\/www.leprojecteurguinee.com\/wp-content\/uploads\/2023\/07\/forces-speciale-de-guinee.jpg","type":"image\/jpeg"}],"author":"Leprojecteurguinee","twitter_card":"summary_large_image","twitter_misc":{"\u00c9crit par":"Leprojecteurguinee"},"schema":{"@context":"https:\/\/schema.org","@graph":[{"@type":"Article","@id":"https:\/\/www.leprojecteurguinee.com\/index.php\/2023\/07\/14\/guinee-radiation-de-deux-elements-de-larmee\/#article","isPartOf":{"@id":"https:\/\/www.leprojecteurguinee.com\/index.php\/2023\/07\/14\/guinee-radiation-de-deux-elements-de-larmee\/"},"author":{"name":"Leprojecteurguinee","@id":"https:\/\/www.leprojecteurguinee.com\/#\/schema\/person\/389671d1a3f0c66e6c91c4a765990c1b"},"headline":"Guin\u00e9e: Radiation de deux \u00e9l\u00e9ments de l&rsquo;arm\u00e9e","datePublished":"2023-07-14T10:08:42+00:00","mainEntityOfPage":{"@id":"https:\/\/www.leprojecteurguinee.com\/index.php\/2023\/07\/14\/guinee-radiation-de-deux-elements-de-larmee\/"},"wordCount":100,"commentCount":0,"image":{"@id":"https:\/\/www.leprojecteurguinee.com\/index.php\/2023\/07\/14\/guinee-radiation-de-deux-elements-de-larmee\/#primaryimage"},"thumbnailUrl":"https:\/\/www.leprojecteurguinee.com\/wp-content\/uploads\/2023\/07\/forces-speciale-de-guinee.jpg","keywords":["CNRD","Doumbouya","Guin\u00e9e"],"articleSection":["Actualit\u00e9s"],"inLanguage":"fr-FR","potentialAction":[{"@type":"CommentAction","name":"Comment","target":["https:\/\/www.leprojecteurguinee.com\/index.php\/2023\/07\/14\/guinee-radiation-de-deux-elements-de-larmee\/#respond"]}]},{"@type":"WebPage","@id":"https:\/\/www.leprojecteurguinee.com\/index.php\/2023\/07\/14\/guinee-radiation-de-deux-elements-de-larmee\/","url":"https:\/\/www.leprojecteurguinee.com\/index.php\/2023\/07\/14\/guinee-radiation-de-deux-elements-de-larmee\/","name":"Guin\u00e9e: Radiation de deux \u00e9l\u00e9ments de l'arm\u00e9e - leprojecteurguinee","isPartOf":{"@id":"https:\/\/www.leprojecteurguinee.com\/#website"},"primaryImageOfPage":{"@id":"https:\/\/www.leprojecteurguinee.com\/index.php\/2023\/07\/14\/guinee-radiation-de-deux-elements-de-larmee\/#primaryimage"},"image":{"@id":"https:\/\/www.leprojecteurguinee.com\/index.php\/2023\/07\/14\/guinee-radiation-de-deux-elements-de-larmee\/#primaryimage"},"thumbnailUrl":"https:\/\/www.leprojecteurguinee.com\/wp-content\/uploads\/2023\/07\/forces-speciale-de-guinee.jpg","datePublished":"2023-07-14T10:08:42+00:00","author":{"@id":"https:\/\/www.leprojecteurguinee.com\/#\/schema\/person\/389671d1a3f0c66e6c91c4a765990c1b"},"breadcrumb":{"@id":"https:\/\/www.leprojecteurguinee.com\/index.php\/2023\/07\/14\/guinee-radiation-de-deux-elements-de-larmee\/#breadcrumb"},"inLanguage":"fr-FR","potentialAction":[{"@type":"ReadAction","target":["https:\/\/www.leprojecteurguinee.com\/index.php\/2023\/07\/14\/guinee-radiation-de-deux-elements-de-larmee\/"]}]},{"@type":"ImageObject","inLanguage":"fr-FR","@id":"https:\/\/www.leprojecteurguinee.com\/index.php\/2023\/07\/14\/guinee-radiation-de-deux-elements-de-larmee\/#primaryimage","url":"https:\/\/www.leprojecteurguinee.com\/wp-content\/uploads\/2023\/07\/forces-speciale-de-guinee.jpg","contentUrl":"https:\/\/www.leprojecteurguinee.com\/wp-content\/uploads\/2023\/07\/forces-speciale-de-guinee.jpg","width":275,"height":183,"caption":"images d'archives"},{"@type":"BreadcrumbList","@id":"https:\/\/www.leprojecteurguinee.com\/index.php\/2023\/07\/14\/guinee-radiation-de-deux-elements-de-larmee\/#breadcrumb","itemListElement":[{"@type":"ListItem","position":1,"name":"Accueil","item":"https:\/\/www.leprojecteurguinee.com\/"},{"@type":"ListItem","position":2,"name":"Guin\u00e9e: Radiation de deux \u00e9l\u00e9ments de l&rsquo;arm\u00e9e"}]},{"@type":"WebSite","@id":"https:\/\/www.leprojecteurguinee.com\/#website","url":"https:\/\/www.leprojecteurguinee.com\/","name":"leprojecteurguinee","description":"Nous luttons contre les pratiques obscures","potentialAction":[{"@type":"SearchAction","target":{"@type":"EntryPoint","urlTemplate":"https:\/\/www.leprojecteurguinee.com\/?s={search_term_string}"},"query-input":{"@type":"PropertyValueSpecification","valueRequired":true,"valueName":"search_term_string"}}],"inLanguage":"fr-FR"},{"@type":"Person","@id":"https:\/\/www.leprojecteurguinee.com\/#\/schema\/person\/389671d1a3f0c66e6c91c4a765990c1b","name":"Leprojecteurguinee","image":{"@type":"ImageObject","inLanguage":"fr-FR","@id":"https:\/\/www.leprojecteurguinee.com\/#\/schema\/person\/image\/","url":"https:\/\/secure.gravatar.com\/avatar\/c0faa0f472c43eff99fecb0bd2a1c6782e80a162c9fcb7ed2d48bb42ea619f30?s=96&d=mm&r=g","contentUrl":"https:\/\/secure.gravatar.com\/avatar\/c0faa0f472c43eff99fecb0bd2a1c6782e80a162c9fcb7ed2d48bb42ea619f30?s=96&d=mm&r=g","caption":"Leprojecteurguinee"},"sameAs":["https:\/\/www.leprojecteurguinee.com"],"url":"https:\/\/www.leprojecteurguinee.com\/index.php\/author\/madame\/"}]}},"_links":{"self":[{"href":"https:\/\/www.leprojecteurguinee.com\/index.php\/wp-json\/wp\/v2\/posts\/16","targetHints":{"allow":["GET"]}}],"collection":[{"href":"https:\/\/www.leprojecteurguinee.com\/index.php\/wp-json\/wp\/v2\/posts"}],"about":[{"href":"https:\/\/www.leprojecteurguinee.com\/index.php\/wp-json\/wp\/v2\/types\/post"}],"author":[{"embeddable":true,"href":"https:\/\/www.leprojecteurguinee.com\/index.php\/wp-json\/wp\/v2\/users\/1"}],"replies":[{"embeddable":true,"href":"https:\/\/www.leprojecteurguinee.com\/index.php\/wp-json\/wp\/v2\/comments?post=16"}],"version-history":[{"count":0,"href":"https:\/\/www.leprojecteurguinee.com\/index.php\/wp-json\/wp\/v2\/posts\/16\/revisions"}],"wp:featuredmedia":[{"embeddable":true,"href":"https:\/\/www.leprojecteurguinee.com\/index.php\/wp-json\/wp\/v2\/media\/17"}],"wp:attachment":[{"href":"https:\/\/www.leprojecteurguinee.com\/index.php\/wp-json\/wp\/v2\/media?parent=16"}],"wp:term":[{"taxonomy":"category","embeddable":true,"href":"https:\/\/www.leprojecteurguinee.com\/index.php\/wp-json\/wp\/v2\/categories?post=16"},{"taxonomy":"post_tag","embeddable":true,"href":"https:\/\/www.leprojecteurguinee.com\/index.php\/wp-json\/wp\/v2\/tags?post=16"}],"curies":[{"name":"wp","href":"https:\/\/api.w.org\/{rel}","templated":true}]}}