{"id":1577,"date":"2023-11-16T13:16:29","date_gmt":"2023-11-16T12:16:29","guid":{"rendered":"https:\/\/www.leprojecteurguinee.com\/?p=1577"},"modified":"2023-11-16T13:16:34","modified_gmt":"2023-11-16T12:16:34","slug":"matam-badara-kone-quitte-son-poste-vice-maire-de-la-commune","status":"publish","type":"post","link":"https:\/\/www.leprojecteurguinee.com\/index.php\/2023\/11\/16\/matam-badara-kone-quitte-son-poste-vice-maire-de-la-commune\/","title":{"rendered":"Matam : Badara Kon\u00e9 quitte son poste vice maire de la commune."},"content":{"rendered":"\n<p>La c\u00e9r\u00e9monie de cl\u00f4ture du mandat du premier adjoint du maire de la commune de matam a \u00e9t\u00e9 c\u00e9l\u00e9br\u00e9e ce jeudi 16 novembre dans l&rsquo;enceinte de la commune. Occupant ce poste pendant 5 ans Badara Kon\u00e9 a d\u00e9cid\u00e9 de d\u00e9missionner pour retourner vers la population lors des prochaines \u00e9lections l\u00e9gislatives, en tant que candidat dans la commune ,comme le pr\u00e9cise t&rsquo;il.<br><br>\u00ab\u00a0Je tiens \u00e0 exprimer ma profonde gratitude envers les citoyens de Matam, les travailleurs d\u00e9vou\u00e9s de la mairie, mes parents, amis, et collaborateurs. Votre soutien ind\u00e9fectible a \u00e9t\u00e9 le pilier de nos actions et la force qui a anim\u00e9 notre engagement au service de notre communaut\u00e9. En f\u00e9vrier 2018, nous avons port\u00e9 les espoirs et les ambitions de notre communaut\u00e9 lors des \u00e9lections communales. La concr\u00e9tisation de cette \u00e9lection, retard\u00e9e par des consid\u00e9rations politiques, a finalement marqu\u00e9 le d\u00e9but de notre service le 16 novembre de la m\u00eame ann\u00e9e.<br><br>Notre parcours en tant qu&rsquo;\u00e9lus n&rsquo;a pas faibli, m\u00eame au cours de cette p\u00e9riode de transition militaire depuis septembre 2021. Nous avons pers\u00e9v\u00e9r\u00e9 dans notre mission au service de la collectivit\u00e9, conscients du devoir qui nous lie \u00e0 nos concitoyens. Aujourd&rsquo;hui, nous atteignons un moment crucial. Les cinq ann\u00e9es de notre mandat, de novembre 2018 \u00e0 novembre 2023, tirent \u00e0 leur fin. C&rsquo;est un moment propice \u00e0 la r\u00e9flexion, \u00e0 la prise de conscience de la responsabilit\u00e9 qui incombe \u00e0 tout \u00e9lu local. Nous devons questionner notre l\u00e9gitimit\u00e9 \u00e0 repr\u00e9senter les citoyens de cette circonscription.\u00a0\u00bb<br><br><br><br>Plus loin, l&rsquo;ancien vice maire de matam explique les raisons qui l&rsquo;ont pouss\u00e9 \u00e0 prendre cette d\u00e9cision. <br><br>\u00ab\u00a0J&rsquo;ai pris la d\u00e9cision de retourner vers les populations lors des prochaines \u00e9lections, avec l&rsquo;objectif de me repr\u00e9senter et de briguer la fonction de maire principal. Ce choix s&rsquo;inscrit dans une d\u00e9marche de renouvellement et d&rsquo;engagement envers vous, Ch\u00e8res Citoyennes et chers citoyens.<br><br>Anim\u00e9 par une qu\u00eate absolue de redevabilit\u00e9 envers vous, et guid\u00e9 par l&rsquo;honn\u00eatet\u00e9, la sinc\u00e9rit\u00e9, la personnalit\u00e9, et la dignit\u00e9, j&rsquo;ai pris cette d\u00e9cision difficile mais n\u00e9cessaire. Je ne peux plus pr\u00e9tendre \u00e0 la fonction d&rsquo;adjoint au maire. Il est temps pour de nouvelles perspectives, de nouvelles \u00e9nergies, et de nouvelles id\u00e9es de prendre le relais.<br>Ce d\u00e9part en tant que premier adjoint au maire prend effet aujourd&rsquo;hui, le 16 novembre 2023, date anniversaire de notre installation. Mes remerciements les plus sinc\u00e8res \u00e0 chacun d&rsquo;entre vous pour votre soutien, votre confiance, et votre collaboration tout au long de cette p\u00e9riode. Ensemble, nous avons \u0153uvr\u00e9 pour le bien-\u00eatre de notre communaut\u00e9, et je garde en moi la fiert\u00e9 d&rsquo;avoir \u00e9t\u00e9 \u00e0 vos c\u00f4t\u00e9s dans cette mission.<br><br>Je souhaite \u00e0 notre commune de Matam et \u00e0 tous ses habitants une continuation prosp\u00e8re et harmonieuse. J&rsquo;ai une confiance in\u00e9branlable que de nouvelles personnes comp\u00e9tentes et d\u00e9vou\u00e9es sauront relever les d\u00e9fis \u00e0 venir et construire un avenir meilleur pour notre belle cit\u00e9.\u00a0\u00bb<br><br><br><br>Cette c\u00e9r\u00e9monie de cl\u00f4ture de mandat a \u00e9t\u00e9 marqu\u00e9e par l&rsquo;absence du maire de la commune<\/p>\n","protected":false},"excerpt":{"rendered":"<p>La c\u00e9r\u00e9monie de cl\u00f4ture du mandat du premier adjoint du maire de la commune de matam a \u00e9t\u00e9 c\u00e9l\u00e9br\u00e9e ce jeudi 16 novembre dans l&rsquo;enceinte de la commune. Occupant ce poste pendant 5 ans Badara Kon\u00e9 a d\u00e9cid\u00e9 de d\u00e9missionner pour retourner vers la population lors des prochaines \u00e9lections l\u00e9gislatives, en tant que candidat dans [&hellip;]<\/p>\n","protected":false},"author":1,"featured_media":1576,"comment_status":"open","ping_status":"open","sticky":false,"template":"","format":"standard","meta":{"footnotes":""},"categories":[80],"tags":[425,424],"class_list":["post-1577","post","type-post","status-publish","format-standard","has-post-thumbnail","hentry","category-politique","tag-mairie","tag-matam"],"yoast_head":"<!-- This site is optimized with the Yoast SEO plugin v26.8 - https:\/\/yoast.com\/product\/yoast-seo-wordpress\/ -->\n<title>Matam : Badara Kon\u00e9 quitte son poste vice maire de la commune. - leprojecteurguinee<\/title>\n<meta name=\"robots\" content=\"index, follow, max-snippet:-1, max-image-preview:large, max-video-preview:-1\" \/>\n<link rel=\"canonical\" href=\"https:\/\/www.leprojecteurguinee.com\/index.php\/2023\/11\/16\/matam-badara-kone-quitte-son-poste-vice-maire-de-la-commune\/\" \/>\n<meta property=\"og:locale\" content=\"fr_FR\" \/>\n<meta property=\"og:type\" content=\"article\" \/>\n<meta property=\"og:title\" content=\"Matam : Badara Kon\u00e9 quitte son poste vice maire de la commune. - leprojecteurguinee\" \/>\n<meta property=\"og:description\" content=\"La c\u00e9r\u00e9monie de cl\u00f4ture du mandat du premier adjoint du maire de la commune de matam a \u00e9t\u00e9 c\u00e9l\u00e9br\u00e9e ce jeudi 16 novembre dans l&rsquo;enceinte de la commune. Occupant ce poste pendant 5 ans Badara Kon\u00e9 a d\u00e9cid\u00e9 de d\u00e9missionner pour retourner vers la population lors des prochaines \u00e9lections l\u00e9gislatives, en tant que candidat dans [&hellip;]\" \/>\n<meta property=\"og:url\" content=\"https:\/\/www.leprojecteurguinee.com\/index.php\/2023\/11\/16\/matam-badara-kone-quitte-son-poste-vice-maire-de-la-commune\/\" \/>\n<meta property=\"og:site_name\" content=\"leprojecteurguinee\" \/>\n<meta property=\"article:published_time\" content=\"2023-11-16T12:16:29+00:00\" \/>\n<meta property=\"article:modified_time\" content=\"2023-11-16T12:16:34+00:00\" \/>\n<meta property=\"og:image\" content=\"https:\/\/www.leprojecteurguinee.com\/wp-content\/uploads\/2023\/11\/IMG-20231116-WA0018.jpg\" \/>\n\t<meta property=\"og:image:width\" content=\"1000\" \/>\n\t<meta property=\"og:image:height\" content=\"750\" \/>\n\t<meta property=\"og:image:type\" content=\"image\/jpeg\" \/>\n<meta name=\"author\" content=\"Leprojecteurguinee\" \/>\n<meta name=\"twitter:card\" content=\"summary_large_image\" \/>\n<meta name=\"twitter:label1\" content=\"\u00c9crit par\" \/>\n\t<meta name=\"twitter:data1\" content=\"Leprojecteurguinee\" \/>\n\t<meta name=\"twitter:label2\" content=\"Dur\u00e9e de lecture estim\u00e9e\" \/>\n\t<meta name=\"twitter:data2\" content=\"3 minutes\" \/>\n<script type=\"application\/ld+json\" class=\"yoast-schema-graph\">{\"@context\":\"https:\/\/schema.org\",\"@graph\":[{\"@type\":\"Article\",\"@id\":\"https:\/\/www.leprojecteurguinee.com\/index.php\/2023\/11\/16\/matam-badara-kone-quitte-son-poste-vice-maire-de-la-commune\/#article\",\"isPartOf\":{\"@id\":\"https:\/\/www.leprojecteurguinee.com\/index.php\/2023\/11\/16\/matam-badara-kone-quitte-son-poste-vice-maire-de-la-commune\/\"},\"author\":{\"name\":\"Leprojecteurguinee\",\"@id\":\"https:\/\/www.leprojecteurguinee.com\/#\/schema\/person\/389671d1a3f0c66e6c91c4a765990c1b\"},\"headline\":\"Matam : Badara Kon\u00e9 quitte son poste vice maire de la commune.\",\"datePublished\":\"2023-11-16T12:16:29+00:00\",\"dateModified\":\"2023-11-16T12:16:34+00:00\",\"mainEntityOfPage\":{\"@id\":\"https:\/\/www.leprojecteurguinee.com\/index.php\/2023\/11\/16\/matam-badara-kone-quitte-son-poste-vice-maire-de-la-commune\/\"},\"wordCount\":552,\"commentCount\":0,\"image\":{\"@id\":\"https:\/\/www.leprojecteurguinee.com\/index.php\/2023\/11\/16\/matam-badara-kone-quitte-son-poste-vice-maire-de-la-commune\/#primaryimage\"},\"thumbnailUrl\":\"https:\/\/www.leprojecteurguinee.com\/wp-content\/uploads\/2023\/11\/IMG-20231116-WA0018.jpg\",\"keywords\":[\"Mairie\",\"Matam\"],\"articleSection\":[\"Politique\"],\"inLanguage\":\"fr-FR\",\"potentialAction\":[{\"@type\":\"CommentAction\",\"name\":\"Comment\",\"target\":[\"https:\/\/www.leprojecteurguinee.com\/index.php\/2023\/11\/16\/matam-badara-kone-quitte-son-poste-vice-maire-de-la-commune\/#respond\"]}]},{\"@type\":\"WebPage\",\"@id\":\"https:\/\/www.leprojecteurguinee.com\/index.php\/2023\/11\/16\/matam-badara-kone-quitte-son-poste-vice-maire-de-la-commune\/\",\"url\":\"https:\/\/www.leprojecteurguinee.com\/index.php\/2023\/11\/16\/matam-badara-kone-quitte-son-poste-vice-maire-de-la-commune\/\",\"name\":\"Matam : Badara Kon\u00e9 quitte son poste vice maire de la commune. - leprojecteurguinee\",\"isPartOf\":{\"@id\":\"https:\/\/www.leprojecteurguinee.com\/#website\"},\"primaryImageOfPage\":{\"@id\":\"https:\/\/www.leprojecteurguinee.com\/index.php\/2023\/11\/16\/matam-badara-kone-quitte-son-poste-vice-maire-de-la-commune\/#primaryimage\"},\"image\":{\"@id\":\"https:\/\/www.leprojecteurguinee.com\/index.php\/2023\/11\/16\/matam-badara-kone-quitte-son-poste-vice-maire-de-la-commune\/#primaryimage\"},\"thumbnailUrl\":\"https:\/\/www.leprojecteurguinee.com\/wp-content\/uploads\/2023\/11\/IMG-20231116-WA0018.jpg\",\"datePublished\":\"2023-11-16T12:16:29+00:00\",\"dateModified\":\"2023-11-16T12:16:34+00:00\",\"author\":{\"@id\":\"https:\/\/www.leprojecteurguinee.com\/#\/schema\/person\/389671d1a3f0c66e6c91c4a765990c1b\"},\"breadcrumb\":{\"@id\":\"https:\/\/www.leprojecteurguinee.com\/index.php\/2023\/11\/16\/matam-badara-kone-quitte-son-poste-vice-maire-de-la-commune\/#breadcrumb\"},\"inLanguage\":\"fr-FR\",\"potentialAction\":[{\"@type\":\"ReadAction\",\"target\":[\"https:\/\/www.leprojecteurguinee.com\/index.php\/2023\/11\/16\/matam-badara-kone-quitte-son-poste-vice-maire-de-la-commune\/\"]}]},{\"@type\":\"ImageObject\",\"inLanguage\":\"fr-FR\",\"@id\":\"https:\/\/www.leprojecteurguinee.com\/index.php\/2023\/11\/16\/matam-badara-kone-quitte-son-poste-vice-maire-de-la-commune\/#primaryimage\",\"url\":\"https:\/\/www.leprojecteurguinee.com\/wp-content\/uploads\/2023\/11\/IMG-20231116-WA0018.jpg\",\"contentUrl\":\"https:\/\/www.leprojecteurguinee.com\/wp-content\/uploads\/2023\/11\/IMG-20231116-WA0018.jpg\",\"width\":1000,\"height\":750},{\"@type\":\"BreadcrumbList\",\"@id\":\"https:\/\/www.leprojecteurguinee.com\/index.php\/2023\/11\/16\/matam-badara-kone-quitte-son-poste-vice-maire-de-la-commune\/#breadcrumb\",\"itemListElement\":[{\"@type\":\"ListItem\",\"position\":1,\"name\":\"Accueil\",\"item\":\"https:\/\/www.leprojecteurguinee.com\/\"},{\"@type\":\"ListItem\",\"position\":2,\"name\":\"Matam : Badara Kon\u00e9 quitte son poste vice maire de la commune.\"}]},{\"@type\":\"WebSite\",\"@id\":\"https:\/\/www.leprojecteurguinee.com\/#website\",\"url\":\"https:\/\/www.leprojecteurguinee.com\/\",\"name\":\"leprojecteurguinee\",\"description\":\"Nous luttons contre les pratiques obscures\",\"potentialAction\":[{\"@type\":\"SearchAction\",\"target\":{\"@type\":\"EntryPoint\",\"urlTemplate\":\"https:\/\/www.leprojecteurguinee.com\/?s={search_term_string}\"},\"query-input\":{\"@type\":\"PropertyValueSpecification\",\"valueRequired\":true,\"valueName\":\"search_term_string\"}}],\"inLanguage\":\"fr-FR\"},{\"@type\":\"Person\",\"@id\":\"https:\/\/www.leprojecteurguinee.com\/#\/schema\/person\/389671d1a3f0c66e6c91c4a765990c1b\",\"name\":\"Leprojecteurguinee\",\"image\":{\"@type\":\"ImageObject\",\"inLanguage\":\"fr-FR\",\"@id\":\"https:\/\/www.leprojecteurguinee.com\/#\/schema\/person\/image\/\",\"url\":\"https:\/\/secure.gravatar.com\/avatar\/c0faa0f472c43eff99fecb0bd2a1c6782e80a162c9fcb7ed2d48bb42ea619f30?s=96&d=mm&r=g\",\"contentUrl\":\"https:\/\/secure.gravatar.com\/avatar\/c0faa0f472c43eff99fecb0bd2a1c6782e80a162c9fcb7ed2d48bb42ea619f30?s=96&d=mm&r=g\",\"caption\":\"Leprojecteurguinee\"},\"sameAs\":[\"https:\/\/www.leprojecteurguinee.com\"],\"url\":\"https:\/\/www.leprojecteurguinee.com\/index.php\/author\/madame\/\"}]}<\/script>\n<!-- \/ Yoast SEO plugin. -->","yoast_head_json":{"title":"Matam : Badara Kon\u00e9 quitte son poste vice maire de la commune. - leprojecteurguinee","robots":{"index":"index","follow":"follow","max-snippet":"max-snippet:-1","max-image-preview":"max-image-preview:large","max-video-preview":"max-video-preview:-1"},"canonical":"https:\/\/www.leprojecteurguinee.com\/index.php\/2023\/11\/16\/matam-badara-kone-quitte-son-poste-vice-maire-de-la-commune\/","og_locale":"fr_FR","og_type":"article","og_title":"Matam : Badara Kon\u00e9 quitte son poste vice maire de la commune. - leprojecteurguinee","og_description":"La c\u00e9r\u00e9monie de cl\u00f4ture du mandat du premier adjoint du maire de la commune de matam a \u00e9t\u00e9 c\u00e9l\u00e9br\u00e9e ce jeudi 16 novembre dans l&rsquo;enceinte de la commune. Occupant ce poste pendant 5 ans Badara Kon\u00e9 a d\u00e9cid\u00e9 de d\u00e9missionner pour retourner vers la population lors des prochaines \u00e9lections l\u00e9gislatives, en tant que candidat dans [&hellip;]","og_url":"https:\/\/www.leprojecteurguinee.com\/index.php\/2023\/11\/16\/matam-badara-kone-quitte-son-poste-vice-maire-de-la-commune\/","og_site_name":"leprojecteurguinee","article_published_time":"2023-11-16T12:16:29+00:00","article_modified_time":"2023-11-16T12:16:34+00:00","og_image":[{"width":1000,"height":750,"url":"https:\/\/www.leprojecteurguinee.com\/wp-content\/uploads\/2023\/11\/IMG-20231116-WA0018.jpg","type":"image\/jpeg"}],"author":"Leprojecteurguinee","twitter_card":"summary_large_image","twitter_misc":{"\u00c9crit par":"Leprojecteurguinee","Dur\u00e9e de lecture estim\u00e9e":"3 minutes"},"schema":{"@context":"https:\/\/schema.org","@graph":[{"@type":"Article","@id":"https:\/\/www.leprojecteurguinee.com\/index.php\/2023\/11\/16\/matam-badara-kone-quitte-son-poste-vice-maire-de-la-commune\/#article","isPartOf":{"@id":"https:\/\/www.leprojecteurguinee.com\/index.php\/2023\/11\/16\/matam-badara-kone-quitte-son-poste-vice-maire-de-la-commune\/"},"author":{"name":"Leprojecteurguinee","@id":"https:\/\/www.leprojecteurguinee.com\/#\/schema\/person\/389671d1a3f0c66e6c91c4a765990c1b"},"headline":"Matam : Badara Kon\u00e9 quitte son poste vice maire de la commune.","datePublished":"2023-11-16T12:16:29+00:00","dateModified":"2023-11-16T12:16:34+00:00","mainEntityOfPage":{"@id":"https:\/\/www.leprojecteurguinee.com\/index.php\/2023\/11\/16\/matam-badara-kone-quitte-son-poste-vice-maire-de-la-commune\/"},"wordCount":552,"commentCount":0,"image":{"@id":"https:\/\/www.leprojecteurguinee.com\/index.php\/2023\/11\/16\/matam-badara-kone-quitte-son-poste-vice-maire-de-la-commune\/#primaryimage"},"thumbnailUrl":"https:\/\/www.leprojecteurguinee.com\/wp-content\/uploads\/2023\/11\/IMG-20231116-WA0018.jpg","keywords":["Mairie","Matam"],"articleSection":["Politique"],"inLanguage":"fr-FR","potentialAction":[{"@type":"CommentAction","name":"Comment","target":["https:\/\/www.leprojecteurguinee.com\/index.php\/2023\/11\/16\/matam-badara-kone-quitte-son-poste-vice-maire-de-la-commune\/#respond"]}]},{"@type":"WebPage","@id":"https:\/\/www.leprojecteurguinee.com\/index.php\/2023\/11\/16\/matam-badara-kone-quitte-son-poste-vice-maire-de-la-commune\/","url":"https:\/\/www.leprojecteurguinee.com\/index.php\/2023\/11\/16\/matam-badara-kone-quitte-son-poste-vice-maire-de-la-commune\/","name":"Matam : Badara Kon\u00e9 quitte son poste vice maire de la commune. - leprojecteurguinee","isPartOf":{"@id":"https:\/\/www.leprojecteurguinee.com\/#website"},"primaryImageOfPage":{"@id":"https:\/\/www.leprojecteurguinee.com\/index.php\/2023\/11\/16\/matam-badara-kone-quitte-son-poste-vice-maire-de-la-commune\/#primaryimage"},"image":{"@id":"https:\/\/www.leprojecteurguinee.com\/index.php\/2023\/11\/16\/matam-badara-kone-quitte-son-poste-vice-maire-de-la-commune\/#primaryimage"},"thumbnailUrl":"https:\/\/www.leprojecteurguinee.com\/wp-content\/uploads\/2023\/11\/IMG-20231116-WA0018.jpg","datePublished":"2023-11-16T12:16:29+00:00","dateModified":"2023-11-16T12:16:34+00:00","author":{"@id":"https:\/\/www.leprojecteurguinee.com\/#\/schema\/person\/389671d1a3f0c66e6c91c4a765990c1b"},"breadcrumb":{"@id":"https:\/\/www.leprojecteurguinee.com\/index.php\/2023\/11\/16\/matam-badara-kone-quitte-son-poste-vice-maire-de-la-commune\/#breadcrumb"},"inLanguage":"fr-FR","potentialAction":[{"@type":"ReadAction","target":["https:\/\/www.leprojecteurguinee.com\/index.php\/2023\/11\/16\/matam-badara-kone-quitte-son-poste-vice-maire-de-la-commune\/"]}]},{"@type":"ImageObject","inLanguage":"fr-FR","@id":"https:\/\/www.leprojecteurguinee.com\/index.php\/2023\/11\/16\/matam-badara-kone-quitte-son-poste-vice-maire-de-la-commune\/#primaryimage","url":"https:\/\/www.leprojecteurguinee.com\/wp-content\/uploads\/2023\/11\/IMG-20231116-WA0018.jpg","contentUrl":"https:\/\/www.leprojecteurguinee.com\/wp-content\/uploads\/2023\/11\/IMG-20231116-WA0018.jpg","width":1000,"height":750},{"@type":"BreadcrumbList","@id":"https:\/\/www.leprojecteurguinee.com\/index.php\/2023\/11\/16\/matam-badara-kone-quitte-son-poste-vice-maire-de-la-commune\/#breadcrumb","itemListElement":[{"@type":"ListItem","position":1,"name":"Accueil","item":"https:\/\/www.leprojecteurguinee.com\/"},{"@type":"ListItem","position":2,"name":"Matam : Badara Kon\u00e9 quitte son poste vice maire de la commune."}]},{"@type":"WebSite","@id":"https:\/\/www.leprojecteurguinee.com\/#website","url":"https:\/\/www.leprojecteurguinee.com\/","name":"leprojecteurguinee","description":"Nous luttons contre les pratiques obscures","potentialAction":[{"@type":"SearchAction","target":{"@type":"EntryPoint","urlTemplate":"https:\/\/www.leprojecteurguinee.com\/?s={search_term_string}"},"query-input":{"@type":"PropertyValueSpecification","valueRequired":true,"valueName":"search_term_string"}}],"inLanguage":"fr-FR"},{"@type":"Person","@id":"https:\/\/www.leprojecteurguinee.com\/#\/schema\/person\/389671d1a3f0c66e6c91c4a765990c1b","name":"Leprojecteurguinee","image":{"@type":"ImageObject","inLanguage":"fr-FR","@id":"https:\/\/www.leprojecteurguinee.com\/#\/schema\/person\/image\/","url":"https:\/\/secure.gravatar.com\/avatar\/c0faa0f472c43eff99fecb0bd2a1c6782e80a162c9fcb7ed2d48bb42ea619f30?s=96&d=mm&r=g","contentUrl":"https:\/\/secure.gravatar.com\/avatar\/c0faa0f472c43eff99fecb0bd2a1c6782e80a162c9fcb7ed2d48bb42ea619f30?s=96&d=mm&r=g","caption":"Leprojecteurguinee"},"sameAs":["https:\/\/www.leprojecteurguinee.com"],"url":"https:\/\/www.leprojecteurguinee.com\/index.php\/author\/madame\/"}]}},"_links":{"self":[{"href":"https:\/\/www.leprojecteurguinee.com\/index.php\/wp-json\/wp\/v2\/posts\/1577","targetHints":{"allow":["GET"]}}],"collection":[{"href":"https:\/\/www.leprojecteurguinee.com\/index.php\/wp-json\/wp\/v2\/posts"}],"about":[{"href":"https:\/\/www.leprojecteurguinee.com\/index.php\/wp-json\/wp\/v2\/types\/post"}],"author":[{"embeddable":true,"href":"https:\/\/www.leprojecteurguinee.com\/index.php\/wp-json\/wp\/v2\/users\/1"}],"replies":[{"embeddable":true,"href":"https:\/\/www.leprojecteurguinee.com\/index.php\/wp-json\/wp\/v2\/comments?post=1577"}],"version-history":[{"count":0,"href":"https:\/\/www.leprojecteurguinee.com\/index.php\/wp-json\/wp\/v2\/posts\/1577\/revisions"}],"wp:featuredmedia":[{"embeddable":true,"href":"https:\/\/www.leprojecteurguinee.com\/index.php\/wp-json\/wp\/v2\/media\/1576"}],"wp:attachment":[{"href":"https:\/\/www.leprojecteurguinee.com\/index.php\/wp-json\/wp\/v2\/media?parent=1577"}],"wp:term":[{"taxonomy":"category","embeddable":true,"href":"https:\/\/www.leprojecteurguinee.com\/index.php\/wp-json\/wp\/v2\/categories?post=1577"},{"taxonomy":"post_tag","embeddable":true,"href":"https:\/\/www.leprojecteurguinee.com\/index.php\/wp-json\/wp\/v2\/tags?post=1577"}],"curies":[{"name":"wp","href":"https:\/\/api.w.org\/{rel}","templated":true}]}}