{"id":1558,"date":"2023-11-14T15:14:38","date_gmt":"2023-11-14T14:14:38","guid":{"rendered":"https:\/\/www.leprojecteurguinee.com\/?p=1558"},"modified":"2023-11-14T15:14:40","modified_gmt":"2023-11-14T14:14:40","slug":"la-guinee-celebre-la-journee-mondiale-du-diabete","status":"publish","type":"post","link":"https:\/\/www.leprojecteurguinee.com\/index.php\/2023\/11\/14\/la-guinee-celebre-la-journee-mondiale-du-diabete\/","title":{"rendered":"La Guin\u00e9e c\u00e9l\u00e8bre la journ\u00e9e mondiale du diab\u00e8te"},"content":{"rendered":"\n<p>Le 14 novembre de chaque est consacr\u00e9 \u00e0 la journ\u00e9e mondiale du diab\u00e8te.\u00a0Le th\u00e8me de cette ann\u00e9e est \u00ab\u00a0\u00c9duquer pour prot\u00e9ger l&rsquo;avenir\u00a0\u00bb.\u00a0Une campagne de d\u00e9pistage a \u00e9t\u00e9 organis\u00e9e ce mardi \u00e0 l\u2019h\u00f4pital de\u00a0Donka.\u00a0L\u2019objectif est de permettre aux personnes de conna\u00eetre leurs situations sanitaires.\u00a0Dr Amadou Bah m\u00e9decin chef de service de diab\u00e9tologie, endocrine et maladie m\u00e9tabolique de\u00a0Donka\u00a0est revenu sur l\u2019importance de ce d\u00e9pistage et les dangers li\u00e9s au diab\u00e8te: \u00ab\u00a0<em>Le diab\u00e8te est une maladie m\u00e9tabolique li\u00e9e \u00e0 une augmentation de taux de sucre permanent dans le sang et quand on est diab\u00e9tique malheureusement, on vit avec cette maladie-l\u00e0.\u00a0Quand vous regardez l&rsquo;ampleur du diab\u00e8te dans le monde, 79 % de diab\u00e9tique dans le monde vive dans les pays \u00e0 revenu faible comme la Guin\u00e9e notre pays.\u00a0La Guin\u00e9e vous prenez sur quatre personnes trois personnes\u00a0ignorent\u00a0qu&rsquo;elles sont porteurs du diab\u00e8te parce que c&rsquo;est une maladie qui \u00e9volue de fa\u00e7on progressive sans signe clinique dans le cadre de type deux.\u00a0Mais dans le diab\u00e8te de type un qui est le diab\u00e8te de l&rsquo;enfant, l\u00e0 les signes cliniques sont bruyant \u00e7a se manifeste par du fait de boire beaucoup d&rsquo;eau, uriner fr\u00e9quemment et perdre du poids.<\/em>\u00a0\u00ab\u00a0<\/p>\n\n\n\n<p>Plusieurs personnes sont venues faire le test de d\u00e9pistage de diab\u00e8te de ce mardi \u00e0 l\u2019h\u00f4pital de\u00a0Donka.\u00a0C\u2019est le cas de cet agent technique \u00e0 l\u2019h\u00f4pital de\u00a0Donka.\u00a0Mamadou Samba\u00a0Diallo\u00a0:\u00a0\u00ab<em> C&rsquo;est une maladie vraiment qui fait rage dans notre pays.\u00a0Il faut encourager les gens surtout \u00e0 faire le d\u00e9pistage pour le diab\u00e8te parce qu&rsquo;il n&rsquo;y pas de couches pour les diab\u00e8tes e pour dire que c&rsquo;est\u00a0\u00e0\u00a0tel \u00e2ge \u00e7a peut atteindre les enfants, les jeunes, les vieux donc tout le monde doit venir faire ce d\u00e9pistage pour conna\u00eetre son statut, c&rsquo;est tr\u00e8s important.\u00a0Moi, je suis venus pour faire mon d\u00e9pistage parce que dans ma famille, il y a du diab\u00e8te ma maman, elle est diab\u00e9tique, elle est hypertendu, mon papa aussi il est hypertendu donc je sais que je suis dans la ligne de risque d&rsquo;avoir cette maladie donc quand il y a des tests de d\u00e9pistage souvent, je viens me d\u00e9pister pour voir mon \u00e9tat<\/em>.\u00a0\u00ab\u00a0<\/p>\n","protected":false},"excerpt":{"rendered":"<p>Le 14 novembre de chaque est consacr\u00e9 \u00e0 la journ\u00e9e mondiale du diab\u00e8te.\u00a0Le th\u00e8me de cette ann\u00e9e est \u00ab\u00a0\u00c9duquer pour prot\u00e9ger l&rsquo;avenir\u00a0\u00bb.\u00a0Une campagne de d\u00e9pistage a \u00e9t\u00e9 organis\u00e9e ce mardi \u00e0 l\u2019h\u00f4pital de\u00a0Donka.\u00a0L\u2019objectif est de permettre aux personnes de conna\u00eetre leurs situations sanitaires.\u00a0Dr Amadou Bah m\u00e9decin chef de service de diab\u00e9tologie, endocrine et maladie m\u00e9tabolique [&hellip;]<\/p>\n","protected":false},"author":1,"featured_media":1559,"comment_status":"open","ping_status":"open","sticky":true,"template":"","format":"standard","meta":{"footnotes":""},"categories":[3],"tags":[105,342,17],"class_list":["post-1558","post","type-post","status-publish","format-standard","has-post-thumbnail","hentry","category-sante","tag-diabete","tag-donka","tag-guinee"],"yoast_head":"<!-- This site is optimized with the Yoast SEO plugin v26.8 - https:\/\/yoast.com\/product\/yoast-seo-wordpress\/ -->\n<title>La Guin\u00e9e c\u00e9l\u00e8bre la journ\u00e9e mondiale du diab\u00e8te - leprojecteurguinee<\/title>\n<meta name=\"robots\" content=\"index, follow, max-snippet:-1, max-image-preview:large, max-video-preview:-1\" \/>\n<link rel=\"canonical\" href=\"https:\/\/www.leprojecteurguinee.com\/index.php\/2023\/11\/14\/la-guinee-celebre-la-journee-mondiale-du-diabete\/\" \/>\n<meta property=\"og:locale\" content=\"fr_FR\" \/>\n<meta property=\"og:type\" content=\"article\" \/>\n<meta property=\"og:title\" content=\"La Guin\u00e9e c\u00e9l\u00e8bre la journ\u00e9e mondiale du diab\u00e8te - leprojecteurguinee\" \/>\n<meta property=\"og:description\" content=\"Le 14 novembre de chaque est consacr\u00e9 \u00e0 la journ\u00e9e mondiale du diab\u00e8te.\u00a0Le th\u00e8me de cette ann\u00e9e est \u00ab\u00a0\u00c9duquer pour prot\u00e9ger l&rsquo;avenir\u00a0\u00bb.\u00a0Une campagne de d\u00e9pistage a \u00e9t\u00e9 organis\u00e9e ce mardi \u00e0 l\u2019h\u00f4pital de\u00a0Donka.\u00a0L\u2019objectif est de permettre aux personnes de conna\u00eetre leurs situations sanitaires.\u00a0Dr Amadou Bah m\u00e9decin chef de service de diab\u00e9tologie, endocrine et maladie m\u00e9tabolique [&hellip;]\" \/>\n<meta property=\"og:url\" content=\"https:\/\/www.leprojecteurguinee.com\/index.php\/2023\/11\/14\/la-guinee-celebre-la-journee-mondiale-du-diabete\/\" \/>\n<meta property=\"og:site_name\" content=\"leprojecteurguinee\" \/>\n<meta property=\"article:published_time\" content=\"2023-11-14T14:14:38+00:00\" \/>\n<meta property=\"article:modified_time\" content=\"2023-11-14T14:14:40+00:00\" \/>\n<meta property=\"og:image\" content=\"https:\/\/www.leprojecteurguinee.com\/wp-content\/uploads\/2023\/11\/WhatsApp-Image-2023-11-14-at-01.34.11.jpeg\" \/>\n\t<meta property=\"og:image:width\" content=\"1000\" \/>\n\t<meta property=\"og:image:height\" content=\"750\" \/>\n\t<meta property=\"og:image:type\" content=\"image\/jpeg\" \/>\n<meta name=\"author\" content=\"Leprojecteurguinee\" \/>\n<meta name=\"twitter:card\" content=\"summary_large_image\" \/>\n<meta name=\"twitter:label1\" content=\"\u00c9crit par\" \/>\n\t<meta name=\"twitter:data1\" content=\"Leprojecteurguinee\" \/>\n\t<meta name=\"twitter:label2\" content=\"Dur\u00e9e de lecture estim\u00e9e\" \/>\n\t<meta name=\"twitter:data2\" content=\"2 minutes\" \/>\n<script type=\"application\/ld+json\" class=\"yoast-schema-graph\">{\"@context\":\"https:\/\/schema.org\",\"@graph\":[{\"@type\":\"Article\",\"@id\":\"https:\/\/www.leprojecteurguinee.com\/index.php\/2023\/11\/14\/la-guinee-celebre-la-journee-mondiale-du-diabete\/#article\",\"isPartOf\":{\"@id\":\"https:\/\/www.leprojecteurguinee.com\/index.php\/2023\/11\/14\/la-guinee-celebre-la-journee-mondiale-du-diabete\/\"},\"author\":{\"name\":\"Leprojecteurguinee\",\"@id\":\"https:\/\/www.leprojecteurguinee.com\/#\/schema\/person\/389671d1a3f0c66e6c91c4a765990c1b\"},\"headline\":\"La Guin\u00e9e c\u00e9l\u00e8bre la journ\u00e9e mondiale du diab\u00e8te\",\"datePublished\":\"2023-11-14T14:14:38+00:00\",\"dateModified\":\"2023-11-14T14:14:40+00:00\",\"mainEntityOfPage\":{\"@id\":\"https:\/\/www.leprojecteurguinee.com\/index.php\/2023\/11\/14\/la-guinee-celebre-la-journee-mondiale-du-diabete\/\"},\"wordCount\":425,\"commentCount\":0,\"image\":{\"@id\":\"https:\/\/www.leprojecteurguinee.com\/index.php\/2023\/11\/14\/la-guinee-celebre-la-journee-mondiale-du-diabete\/#primaryimage\"},\"thumbnailUrl\":\"https:\/\/www.leprojecteurguinee.com\/wp-content\/uploads\/2023\/11\/WhatsApp-Image-2023-11-14-at-01.34.11.jpeg\",\"keywords\":[\"Diab\u00e8te\",\"Donka\",\"Guin\u00e9e\"],\"articleSection\":[\"Sant\u00e9\"],\"inLanguage\":\"fr-FR\",\"potentialAction\":[{\"@type\":\"CommentAction\",\"name\":\"Comment\",\"target\":[\"https:\/\/www.leprojecteurguinee.com\/index.php\/2023\/11\/14\/la-guinee-celebre-la-journee-mondiale-du-diabete\/#respond\"]}]},{\"@type\":\"WebPage\",\"@id\":\"https:\/\/www.leprojecteurguinee.com\/index.php\/2023\/11\/14\/la-guinee-celebre-la-journee-mondiale-du-diabete\/\",\"url\":\"https:\/\/www.leprojecteurguinee.com\/index.php\/2023\/11\/14\/la-guinee-celebre-la-journee-mondiale-du-diabete\/\",\"name\":\"La Guin\u00e9e c\u00e9l\u00e8bre la journ\u00e9e mondiale du diab\u00e8te - leprojecteurguinee\",\"isPartOf\":{\"@id\":\"https:\/\/www.leprojecteurguinee.com\/#website\"},\"primaryImageOfPage\":{\"@id\":\"https:\/\/www.leprojecteurguinee.com\/index.php\/2023\/11\/14\/la-guinee-celebre-la-journee-mondiale-du-diabete\/#primaryimage\"},\"image\":{\"@id\":\"https:\/\/www.leprojecteurguinee.com\/index.php\/2023\/11\/14\/la-guinee-celebre-la-journee-mondiale-du-diabete\/#primaryimage\"},\"thumbnailUrl\":\"https:\/\/www.leprojecteurguinee.com\/wp-content\/uploads\/2023\/11\/WhatsApp-Image-2023-11-14-at-01.34.11.jpeg\",\"datePublished\":\"2023-11-14T14:14:38+00:00\",\"dateModified\":\"2023-11-14T14:14:40+00:00\",\"author\":{\"@id\":\"https:\/\/www.leprojecteurguinee.com\/#\/schema\/person\/389671d1a3f0c66e6c91c4a765990c1b\"},\"breadcrumb\":{\"@id\":\"https:\/\/www.leprojecteurguinee.com\/index.php\/2023\/11\/14\/la-guinee-celebre-la-journee-mondiale-du-diabete\/#breadcrumb\"},\"inLanguage\":\"fr-FR\",\"potentialAction\":[{\"@type\":\"ReadAction\",\"target\":[\"https:\/\/www.leprojecteurguinee.com\/index.php\/2023\/11\/14\/la-guinee-celebre-la-journee-mondiale-du-diabete\/\"]}]},{\"@type\":\"ImageObject\",\"inLanguage\":\"fr-FR\",\"@id\":\"https:\/\/www.leprojecteurguinee.com\/index.php\/2023\/11\/14\/la-guinee-celebre-la-journee-mondiale-du-diabete\/#primaryimage\",\"url\":\"https:\/\/www.leprojecteurguinee.com\/wp-content\/uploads\/2023\/11\/WhatsApp-Image-2023-11-14-at-01.34.11.jpeg\",\"contentUrl\":\"https:\/\/www.leprojecteurguinee.com\/wp-content\/uploads\/2023\/11\/WhatsApp-Image-2023-11-14-at-01.34.11.jpeg\",\"width\":1000,\"height\":750},{\"@type\":\"BreadcrumbList\",\"@id\":\"https:\/\/www.leprojecteurguinee.com\/index.php\/2023\/11\/14\/la-guinee-celebre-la-journee-mondiale-du-diabete\/#breadcrumb\",\"itemListElement\":[{\"@type\":\"ListItem\",\"position\":1,\"name\":\"Accueil\",\"item\":\"https:\/\/www.leprojecteurguinee.com\/\"},{\"@type\":\"ListItem\",\"position\":2,\"name\":\"La Guin\u00e9e c\u00e9l\u00e8bre la journ\u00e9e mondiale du diab\u00e8te\"}]},{\"@type\":\"WebSite\",\"@id\":\"https:\/\/www.leprojecteurguinee.com\/#website\",\"url\":\"https:\/\/www.leprojecteurguinee.com\/\",\"name\":\"leprojecteurguinee\",\"description\":\"Nous luttons contre les pratiques obscures\",\"potentialAction\":[{\"@type\":\"SearchAction\",\"target\":{\"@type\":\"EntryPoint\",\"urlTemplate\":\"https:\/\/www.leprojecteurguinee.com\/?s={search_term_string}\"},\"query-input\":{\"@type\":\"PropertyValueSpecification\",\"valueRequired\":true,\"valueName\":\"search_term_string\"}}],\"inLanguage\":\"fr-FR\"},{\"@type\":\"Person\",\"@id\":\"https:\/\/www.leprojecteurguinee.com\/#\/schema\/person\/389671d1a3f0c66e6c91c4a765990c1b\",\"name\":\"Leprojecteurguinee\",\"image\":{\"@type\":\"ImageObject\",\"inLanguage\":\"fr-FR\",\"@id\":\"https:\/\/www.leprojecteurguinee.com\/#\/schema\/person\/image\/\",\"url\":\"https:\/\/secure.gravatar.com\/avatar\/c0faa0f472c43eff99fecb0bd2a1c6782e80a162c9fcb7ed2d48bb42ea619f30?s=96&d=mm&r=g\",\"contentUrl\":\"https:\/\/secure.gravatar.com\/avatar\/c0faa0f472c43eff99fecb0bd2a1c6782e80a162c9fcb7ed2d48bb42ea619f30?s=96&d=mm&r=g\",\"caption\":\"Leprojecteurguinee\"},\"sameAs\":[\"https:\/\/www.leprojecteurguinee.com\"],\"url\":\"https:\/\/www.leprojecteurguinee.com\/index.php\/author\/madame\/\"}]}<\/script>\n<!-- \/ Yoast SEO plugin. -->","yoast_head_json":{"title":"La Guin\u00e9e c\u00e9l\u00e8bre la journ\u00e9e mondiale du diab\u00e8te - leprojecteurguinee","robots":{"index":"index","follow":"follow","max-snippet":"max-snippet:-1","max-image-preview":"max-image-preview:large","max-video-preview":"max-video-preview:-1"},"canonical":"https:\/\/www.leprojecteurguinee.com\/index.php\/2023\/11\/14\/la-guinee-celebre-la-journee-mondiale-du-diabete\/","og_locale":"fr_FR","og_type":"article","og_title":"La Guin\u00e9e c\u00e9l\u00e8bre la journ\u00e9e mondiale du diab\u00e8te - leprojecteurguinee","og_description":"Le 14 novembre de chaque est consacr\u00e9 \u00e0 la journ\u00e9e mondiale du diab\u00e8te.\u00a0Le th\u00e8me de cette ann\u00e9e est \u00ab\u00a0\u00c9duquer pour prot\u00e9ger l&rsquo;avenir\u00a0\u00bb.\u00a0Une campagne de d\u00e9pistage a \u00e9t\u00e9 organis\u00e9e ce mardi \u00e0 l\u2019h\u00f4pital de\u00a0Donka.\u00a0L\u2019objectif est de permettre aux personnes de conna\u00eetre leurs situations sanitaires.\u00a0Dr Amadou Bah m\u00e9decin chef de service de diab\u00e9tologie, endocrine et maladie m\u00e9tabolique [&hellip;]","og_url":"https:\/\/www.leprojecteurguinee.com\/index.php\/2023\/11\/14\/la-guinee-celebre-la-journee-mondiale-du-diabete\/","og_site_name":"leprojecteurguinee","article_published_time":"2023-11-14T14:14:38+00:00","article_modified_time":"2023-11-14T14:14:40+00:00","og_image":[{"width":1000,"height":750,"url":"https:\/\/www.leprojecteurguinee.com\/wp-content\/uploads\/2023\/11\/WhatsApp-Image-2023-11-14-at-01.34.11.jpeg","type":"image\/jpeg"}],"author":"Leprojecteurguinee","twitter_card":"summary_large_image","twitter_misc":{"\u00c9crit par":"Leprojecteurguinee","Dur\u00e9e de lecture estim\u00e9e":"2 minutes"},"schema":{"@context":"https:\/\/schema.org","@graph":[{"@type":"Article","@id":"https:\/\/www.leprojecteurguinee.com\/index.php\/2023\/11\/14\/la-guinee-celebre-la-journee-mondiale-du-diabete\/#article","isPartOf":{"@id":"https:\/\/www.leprojecteurguinee.com\/index.php\/2023\/11\/14\/la-guinee-celebre-la-journee-mondiale-du-diabete\/"},"author":{"name":"Leprojecteurguinee","@id":"https:\/\/www.leprojecteurguinee.com\/#\/schema\/person\/389671d1a3f0c66e6c91c4a765990c1b"},"headline":"La Guin\u00e9e c\u00e9l\u00e8bre la journ\u00e9e mondiale du diab\u00e8te","datePublished":"2023-11-14T14:14:38+00:00","dateModified":"2023-11-14T14:14:40+00:00","mainEntityOfPage":{"@id":"https:\/\/www.leprojecteurguinee.com\/index.php\/2023\/11\/14\/la-guinee-celebre-la-journee-mondiale-du-diabete\/"},"wordCount":425,"commentCount":0,"image":{"@id":"https:\/\/www.leprojecteurguinee.com\/index.php\/2023\/11\/14\/la-guinee-celebre-la-journee-mondiale-du-diabete\/#primaryimage"},"thumbnailUrl":"https:\/\/www.leprojecteurguinee.com\/wp-content\/uploads\/2023\/11\/WhatsApp-Image-2023-11-14-at-01.34.11.jpeg","keywords":["Diab\u00e8te","Donka","Guin\u00e9e"],"articleSection":["Sant\u00e9"],"inLanguage":"fr-FR","potentialAction":[{"@type":"CommentAction","name":"Comment","target":["https:\/\/www.leprojecteurguinee.com\/index.php\/2023\/11\/14\/la-guinee-celebre-la-journee-mondiale-du-diabete\/#respond"]}]},{"@type":"WebPage","@id":"https:\/\/www.leprojecteurguinee.com\/index.php\/2023\/11\/14\/la-guinee-celebre-la-journee-mondiale-du-diabete\/","url":"https:\/\/www.leprojecteurguinee.com\/index.php\/2023\/11\/14\/la-guinee-celebre-la-journee-mondiale-du-diabete\/","name":"La Guin\u00e9e c\u00e9l\u00e8bre la journ\u00e9e mondiale du diab\u00e8te - leprojecteurguinee","isPartOf":{"@id":"https:\/\/www.leprojecteurguinee.com\/#website"},"primaryImageOfPage":{"@id":"https:\/\/www.leprojecteurguinee.com\/index.php\/2023\/11\/14\/la-guinee-celebre-la-journee-mondiale-du-diabete\/#primaryimage"},"image":{"@id":"https:\/\/www.leprojecteurguinee.com\/index.php\/2023\/11\/14\/la-guinee-celebre-la-journee-mondiale-du-diabete\/#primaryimage"},"thumbnailUrl":"https:\/\/www.leprojecteurguinee.com\/wp-content\/uploads\/2023\/11\/WhatsApp-Image-2023-11-14-at-01.34.11.jpeg","datePublished":"2023-11-14T14:14:38+00:00","dateModified":"2023-11-14T14:14:40+00:00","author":{"@id":"https:\/\/www.leprojecteurguinee.com\/#\/schema\/person\/389671d1a3f0c66e6c91c4a765990c1b"},"breadcrumb":{"@id":"https:\/\/www.leprojecteurguinee.com\/index.php\/2023\/11\/14\/la-guinee-celebre-la-journee-mondiale-du-diabete\/#breadcrumb"},"inLanguage":"fr-FR","potentialAction":[{"@type":"ReadAction","target":["https:\/\/www.leprojecteurguinee.com\/index.php\/2023\/11\/14\/la-guinee-celebre-la-journee-mondiale-du-diabete\/"]}]},{"@type":"ImageObject","inLanguage":"fr-FR","@id":"https:\/\/www.leprojecteurguinee.com\/index.php\/2023\/11\/14\/la-guinee-celebre-la-journee-mondiale-du-diabete\/#primaryimage","url":"https:\/\/www.leprojecteurguinee.com\/wp-content\/uploads\/2023\/11\/WhatsApp-Image-2023-11-14-at-01.34.11.jpeg","contentUrl":"https:\/\/www.leprojecteurguinee.com\/wp-content\/uploads\/2023\/11\/WhatsApp-Image-2023-11-14-at-01.34.11.jpeg","width":1000,"height":750},{"@type":"BreadcrumbList","@id":"https:\/\/www.leprojecteurguinee.com\/index.php\/2023\/11\/14\/la-guinee-celebre-la-journee-mondiale-du-diabete\/#breadcrumb","itemListElement":[{"@type":"ListItem","position":1,"name":"Accueil","item":"https:\/\/www.leprojecteurguinee.com\/"},{"@type":"ListItem","position":2,"name":"La Guin\u00e9e c\u00e9l\u00e8bre la journ\u00e9e mondiale du diab\u00e8te"}]},{"@type":"WebSite","@id":"https:\/\/www.leprojecteurguinee.com\/#website","url":"https:\/\/www.leprojecteurguinee.com\/","name":"leprojecteurguinee","description":"Nous luttons contre les pratiques obscures","potentialAction":[{"@type":"SearchAction","target":{"@type":"EntryPoint","urlTemplate":"https:\/\/www.leprojecteurguinee.com\/?s={search_term_string}"},"query-input":{"@type":"PropertyValueSpecification","valueRequired":true,"valueName":"search_term_string"}}],"inLanguage":"fr-FR"},{"@type":"Person","@id":"https:\/\/www.leprojecteurguinee.com\/#\/schema\/person\/389671d1a3f0c66e6c91c4a765990c1b","name":"Leprojecteurguinee","image":{"@type":"ImageObject","inLanguage":"fr-FR","@id":"https:\/\/www.leprojecteurguinee.com\/#\/schema\/person\/image\/","url":"https:\/\/secure.gravatar.com\/avatar\/c0faa0f472c43eff99fecb0bd2a1c6782e80a162c9fcb7ed2d48bb42ea619f30?s=96&d=mm&r=g","contentUrl":"https:\/\/secure.gravatar.com\/avatar\/c0faa0f472c43eff99fecb0bd2a1c6782e80a162c9fcb7ed2d48bb42ea619f30?s=96&d=mm&r=g","caption":"Leprojecteurguinee"},"sameAs":["https:\/\/www.leprojecteurguinee.com"],"url":"https:\/\/www.leprojecteurguinee.com\/index.php\/author\/madame\/"}]}},"_links":{"self":[{"href":"https:\/\/www.leprojecteurguinee.com\/index.php\/wp-json\/wp\/v2\/posts\/1558","targetHints":{"allow":["GET"]}}],"collection":[{"href":"https:\/\/www.leprojecteurguinee.com\/index.php\/wp-json\/wp\/v2\/posts"}],"about":[{"href":"https:\/\/www.leprojecteurguinee.com\/index.php\/wp-json\/wp\/v2\/types\/post"}],"author":[{"embeddable":true,"href":"https:\/\/www.leprojecteurguinee.com\/index.php\/wp-json\/wp\/v2\/users\/1"}],"replies":[{"embeddable":true,"href":"https:\/\/www.leprojecteurguinee.com\/index.php\/wp-json\/wp\/v2\/comments?post=1558"}],"version-history":[{"count":0,"href":"https:\/\/www.leprojecteurguinee.com\/index.php\/wp-json\/wp\/v2\/posts\/1558\/revisions"}],"wp:featuredmedia":[{"embeddable":true,"href":"https:\/\/www.leprojecteurguinee.com\/index.php\/wp-json\/wp\/v2\/media\/1559"}],"wp:attachment":[{"href":"https:\/\/www.leprojecteurguinee.com\/index.php\/wp-json\/wp\/v2\/media?parent=1558"}],"wp:term":[{"taxonomy":"category","embeddable":true,"href":"https:\/\/www.leprojecteurguinee.com\/index.php\/wp-json\/wp\/v2\/categories?post=1558"},{"taxonomy":"post_tag","embeddable":true,"href":"https:\/\/www.leprojecteurguinee.com\/index.php\/wp-json\/wp\/v2\/tags?post=1558"}],"curies":[{"name":"wp","href":"https:\/\/api.w.org\/{rel}","templated":true}]}}