{"id":14342,"date":"2026-04-23T23:39:57","date_gmt":"2026-04-23T23:39:57","guid":{"rendered":"https:\/\/www.leprojecteurguinee.com\/?p=14342"},"modified":"2026-04-23T23:42:30","modified_gmt":"2026-04-23T23:42:30","slug":"cheikh-yerim-seck-et-la-guinee-quand-la-rancune-se-deguise-en-journalisme-par-le-citoyen-mory-conde","status":"publish","type":"post","link":"https:\/\/www.leprojecteurguinee.com\/index.php\/2026\/04\/23\/cheikh-yerim-seck-et-la-guinee-quand-la-rancune-se-deguise-en-journalisme-par-le-citoyen-mory-conde\/","title":{"rendered":"Cheikh Y\u00e9rim Seck et la Guin\u00e9e : quand la rancune se d\u00e9guise en journalisme (Par le citoyen Mory Cond\u00e9)"},"content":{"rendered":"<p>Il y a des voix qui r\u00e9sonnent parce qu\u2019elles portent la v\u00e9rit\u00e9. Il y en a d\u2019autres qui s\u2019\u00e9l\u00e8vent parce qu\u2019elles n\u2019ont pas \u00e9t\u00e9 pay\u00e9es. Cheikh Y\u00e9rim Seck, chroniqueur s\u00e9n\u00e9galais autoproclam\u00e9 \u201cvoix qui \u00e9claire dans la poussi\u00e8re\u201d, appartient manifestement \u00e0 la seconde cat\u00e9gorie. Sa chronique diffus\u00e9e sur Senegal7 le 22 avril 2026, intitul\u00e9e \u201cFin tr\u00e8s proche du r\u00e9gime Doumbouya en Guin\u00e9e\u201d, n\u2019est pas un acte journalistique. C\u2019est un r\u00e8glement de comptes d\u00e9guis\u00e9 en analyse politique, l\u2019ultime manifestation d\u2019une rancune qui n\u2019a pas trouv\u00e9 preneur.<\/p>\n<p><strong>Un homme au pass\u00e9 encombrant<\/strong><\/p>\n<p>Avant de juger la Guin\u00e9e, permettons-nous d\u2019examiner celui qui pr\u00e9tend la juger. Car les m\u00e9moires sont longues. Moussa Dadis Camara, ancien pr\u00e9sident de la transition guin\u00e9enne, avait publiquement qualifi\u00e9 Y\u00e9rim Seck d\u2019\u201cescroc\u201d et d\u00e9nonc\u00e9 ses tentatives de soutirer des fonds de 500 milles euro par trimestre pour dit-il vendre une image positive de ce dernier. Plus r\u00e9cemment, des observateurs guin\u00e9ens et s\u00e9n\u00e9galais ont unanimement d\u00e9nonc\u00e9 son mode op\u00e9ratoire mercenaire : approcher les gouvernants, monnayer la bienveillance de sa plume, et punir par la d\u00e9nigration tous ceux qui refusent de se plier \u00e0 ses exigences financi\u00e8res.<\/p>\n<div class=\"jeg_ad jeg_ad_article jnews_content_inline_ads \">\n<div class=\"ads-wrapper align-center \">\n<div class=\"ads_code\">\n<p>Ce sch\u00e9ma s\u2019est reproduit \u00e0 l\u2019identique avec les autorit\u00e9s guin\u00e9ennes actuelles. Apr\u00e8s des d\u00e9marches infructueuses aupr\u00e8s de plusieurs responsables de la R\u00e9publique qui lui ont fermement oppos\u00e9 une fin de non-recevoir, Y\u00e9rim Seck a sorti sa plume non pas pour informer, mais pour se venger. Ce que l\u2019opinion doit comprendre est simple : quand les billets de banque sont refus\u00e9s, les \u201cr\u00e9v\u00e9lations explosives\u201d arrivent. Ce n\u2019est pas du journalisme. C\u2019est de l\u2019extorsion morale.<\/p>\n<p><strong>Des accusations sans preuves ni honneur<\/strong><\/p>\n<p>La chronique du 22 avril accumule les accusations les plus graves, meurtre, torture, trafic de drogue, cancer \u201cen phase terminale\u201d du Pr\u00e9sident sans produire un seul document, une seule source identifi\u00e9e, un seul t\u00e9moignage v\u00e9rifiable. Les observateurs guin\u00e9ens eux-m\u00eames ont \u00e9t\u00e9 unanimes : \u201cCheick Y\u00e9rim Seck annonce la fin du r\u00e9gime Doumbouya sans preuve, sans source, sans honneur.\u201d<\/p>\n<p>Un journaliste digne de ce nom documente, confronte ses sources, offre un droit de r\u00e9ponse. Y\u00e9rim Seck prof\u00e8re, ass\u00e8ne et condamne depuis Dakar, en s\u00e9curit\u00e9, sans jamais avoir mis les pieds sur le terrain guin\u00e9en pour v\u00e9rifier ce qu\u2019il pr\u00e9tend r\u00e9v\u00e9ler. Ses propres aveux biographiques sont \u00e9loquents : la Guin\u00e9e n\u2019est pour lui qu\u2019un terrain d\u2019exploitation qu\u2019il a fr\u00e9quent\u00e9 de 1995 \u00e0 2000 pour y faire carri\u00e8re et y percevoir des revenus. Aujourd\u2019hui que ce march\u00e9 lui est ferm\u00e9, il le d\u00e9nigre.<\/p>\n<p><strong>Pendant ce temps, la Guin\u00e9e avance<\/strong><\/p>\n<p>Ce que Y\u00e9rim Seck ne veut pas voir ou refuse d\u00e9lib\u00e9r\u00e9ment de montrer \u00e0 son audience c\u2019est la r\u00e9alit\u00e9 d\u2019une Guin\u00e9e en mouvement profond.<\/p>\n<p>Le 18 avril 2026, \u00e0 peine quatre jours avant sa chronique venimeuse, le Pr\u00e9sident Mamadi Doumbouya recevait le Super Prix \u201cGrand B\u00e2tisseur 2026\u201d aux Africa Roads &amp; Bridges Awards, une distinction internationale qui consacre l\u2019effort sans pr\u00e9c\u00e9dent de construction d\u2019infrastructures engag\u00e9 sous sa conduite. Y\u00e9rim Seck a-t-il jug\u00e9 bon de mentionner cela dans sa chronique ? Naturellement non.<\/p>\n<p>Le 13 mars 2026, l\u2019agence de notation financi\u00e8re Standard &amp; Poor\u2019s relevait la perspective de la Guin\u00e9e de \u201cStable\u201d \u00e0 \u201cPositive\u201d, tout en confirmant la notation souveraine \u00e0 B+. Ce signal fort des march\u00e9s internationaux t\u00e9moigne de la solidit\u00e9 croissante de l\u2019\u00e9conomie guin\u00e9enne et de la confiance que lui accordent les institutions financi\u00e8res mondiales. Un pays que l\u2019on dit \u201cagonisant\u201d n\u2019obtient pas une telle reconnaissance.<\/p>\n<p>Sur le terrain, le projet Simandou, le plus grand projet minier de fer jamais entrepris au monde, avance \u00e0 marche forc\u00e9e : construction de la mine achev\u00e9e \u00e0 62% fin 2025, premi\u00e8res locomotives arriv\u00e9es sur le sol guin\u00e9en, premi\u00e8res stations ferroviaires du TransGuin\u00e9en attendues avant fin 2026. Ce chantier titanesque transforme en profondeur l\u2019\u00e9conomie nationale et repositionne la Guin\u00e9e comme une puissance mini\u00e8re de premier rang sur la sc\u00e8ne mondiale.<\/p>\n<p><strong>La bonne gouvernance, une r\u00e9alit\u00e9 institutionnelle<\/strong><\/p>\n<p>Le Pr\u00e9sident Doumbouya a \u00e9galement plac\u00e9 la bonne gouvernance au centre de son action. La Cour de R\u00e9pression des Infractions \u00c9conomiques et Financi\u00e8res (CRIEF) en est la manifestation la plus concr\u00e8te : recenment reform\u00e9e dans le but de le rendre plus performant, elle a ouvert un num\u00e9ro vert d\u00e9di\u00e9 aux d\u00e9nonciations et a annonc\u00e9 publiquement que \u201cpersonne ne sera \u00e9pargn\u00e9\u201d. Dans le m\u00eame sens, la Guin\u00e9e a gagn\u00e9 8 places dans l\u2019indice de perception de la corruption de Transparency International en 2024, passant de la 141\u00e8me \u00e0 la 133\u00e8me place. Ce sont des progr\u00e8s mesurables, v\u00e9rifiables, document\u00e9s \u00e0 l\u2019oppos\u00e9 des \u00e9lucubrations non sourc\u00e9es de mercenaire alimentaire Y\u00e9rim Seck.<\/p>\n<p><strong>Le peuple de Guin\u00e9e ne se laisse pas instrumentaliser<\/strong><\/p>\n<p>Le peuple de Guin\u00e9e, plus 17 millions d\u2019hommes et de femmes qui construisent chaque jour leur avenir, croit \u00e0 ses dirigeants et sait faire la diff\u00e9rence entre la critique l\u00e9gitime et la manipulation int\u00e9ress\u00e9e. Il n\u2019a besoin ni de la bienveillance tarif\u00e9e ni des proph\u00e9ties vengeresses d\u2019un chroniqueur dakarois dont les services n\u2019ont pas trouv\u00e9 preneur.<\/p>\n<p>La Guin\u00e9e n\u2019est le \u201cch\u00e9bis\u201d de personne. Elle est une nation souveraine qui avance, qui construit, qui se r\u00e9forme et qui n\u2019a de compte \u00e0 rendre qu\u2019\u00e0 son peuple, pas aux plumes \u00e0 louer qui s\u00e9vissent dans les studios de Dakar.<\/p>\n<p>L\u2019histoire retiendra que lorsque des billets de banque ont \u00e9t\u00e9 refus\u00e9s, une \u201cchronique africaine\u201d est n\u00e9e. Ce n\u2019est pas de l\u2019information. C\u2019est de la vengeance habill\u00e9e en vocation.<\/p>\n<p>&nbsp;<\/p>\n<\/div>\n<\/div>\n<\/div>\n","protected":false},"excerpt":{"rendered":"<p>Il y a des voix qui r\u00e9sonnent parce qu\u2019elles portent la v\u00e9rit\u00e9. Il y en a d\u2019autres qui s\u2019\u00e9l\u00e8vent parce qu\u2019elles n\u2019ont pas \u00e9t\u00e9 pay\u00e9es. Cheikh Y\u00e9rim Seck, chroniqueur s\u00e9n\u00e9galais autoproclam\u00e9 \u201cvoix qui \u00e9claire dans la poussi\u00e8re\u201d, appartient manifestement \u00e0 la seconde cat\u00e9gorie. Sa chronique diffus\u00e9e sur Senegal7 le 22 avril 2026, intitul\u00e9e \u201cFin tr\u00e8s [&hellip;]<\/p>\n","protected":false},"author":2,"featured_media":14343,"comment_status":"open","ping_status":"open","sticky":false,"template":"","format":"standard","meta":{"footnotes":""},"categories":[20],"tags":[],"class_list":["post-14342","post","type-post","status-publish","format-standard","has-post-thumbnail","hentry","category-societe"],"yoast_head":"<!-- This site is optimized with the Yoast SEO plugin v26.8 - https:\/\/yoast.com\/product\/yoast-seo-wordpress\/ -->\n<title>Cheikh Y\u00e9rim Seck et la Guin\u00e9e : quand la rancune se d\u00e9guise en journalisme (Par le citoyen Mory Cond\u00e9) - leprojecteurguinee<\/title>\n<meta name=\"robots\" content=\"index, follow, max-snippet:-1, max-image-preview:large, max-video-preview:-1\" \/>\n<link rel=\"canonical\" href=\"https:\/\/www.leprojecteurguinee.com\/index.php\/2026\/04\/23\/cheikh-yerim-seck-et-la-guinee-quand-la-rancune-se-deguise-en-journalisme-par-le-citoyen-mory-conde\/\" \/>\n<meta property=\"og:locale\" content=\"fr_FR\" \/>\n<meta property=\"og:type\" content=\"article\" \/>\n<meta property=\"og:title\" content=\"Cheikh Y\u00e9rim Seck et la Guin\u00e9e : quand la rancune se d\u00e9guise en journalisme (Par le citoyen Mory Cond\u00e9) - leprojecteurguinee\" \/>\n<meta property=\"og:description\" content=\"Il y a des voix qui r\u00e9sonnent parce qu\u2019elles portent la v\u00e9rit\u00e9. Il y en a d\u2019autres qui s\u2019\u00e9l\u00e8vent parce qu\u2019elles n\u2019ont pas \u00e9t\u00e9 pay\u00e9es. Cheikh Y\u00e9rim Seck, chroniqueur s\u00e9n\u00e9galais autoproclam\u00e9 \u201cvoix qui \u00e9claire dans la poussi\u00e8re\u201d, appartient manifestement \u00e0 la seconde cat\u00e9gorie. Sa chronique diffus\u00e9e sur Senegal7 le 22 avril 2026, intitul\u00e9e \u201cFin tr\u00e8s [&hellip;]\" \/>\n<meta property=\"og:url\" content=\"https:\/\/www.leprojecteurguinee.com\/index.php\/2026\/04\/23\/cheikh-yerim-seck-et-la-guinee-quand-la-rancune-se-deguise-en-journalisme-par-le-citoyen-mory-conde\/\" \/>\n<meta property=\"og:site_name\" content=\"leprojecteurguinee\" \/>\n<meta property=\"article:published_time\" content=\"2026-04-23T23:39:57+00:00\" \/>\n<meta property=\"article:modified_time\" content=\"2026-04-23T23:42:30+00:00\" \/>\n<meta property=\"og:image\" content=\"https:\/\/www.leprojecteurguinee.com\/wp-content\/uploads\/2026\/04\/images-15.webp\" \/>\n\t<meta property=\"og:image:width\" content=\"575\" \/>\n\t<meta property=\"og:image:height\" content=\"375\" \/>\n\t<meta property=\"og:image:type\" content=\"image\/webp\" \/>\n<meta name=\"author\" content=\"www.leprojecteurguinee.com\" \/>\n<meta name=\"twitter:card\" content=\"summary_large_image\" \/>\n<meta name=\"twitter:label1\" content=\"\u00c9crit par\" \/>\n\t<meta name=\"twitter:data1\" content=\"www.leprojecteurguinee.com\" \/>\n\t<meta name=\"twitter:label2\" content=\"Dur\u00e9e de lecture estim\u00e9e\" \/>\n\t<meta name=\"twitter:data2\" content=\"5 minutes\" \/>\n<script type=\"application\/ld+json\" class=\"yoast-schema-graph\">{\"@context\":\"https:\/\/schema.org\",\"@graph\":[{\"@type\":\"Article\",\"@id\":\"https:\/\/www.leprojecteurguinee.com\/index.php\/2026\/04\/23\/cheikh-yerim-seck-et-la-guinee-quand-la-rancune-se-deguise-en-journalisme-par-le-citoyen-mory-conde\/#article\",\"isPartOf\":{\"@id\":\"https:\/\/www.leprojecteurguinee.com\/index.php\/2026\/04\/23\/cheikh-yerim-seck-et-la-guinee-quand-la-rancune-se-deguise-en-journalisme-par-le-citoyen-mory-conde\/\"},\"author\":{\"name\":\"www.leprojecteurguinee.com\",\"@id\":\"https:\/\/www.leprojecteurguinee.com\/#\/schema\/person\/c9d1602e593b11af0b295bdf5e12a59a\"},\"headline\":\"Cheikh Y\u00e9rim Seck et la Guin\u00e9e : quand la rancune se d\u00e9guise en journalisme (Par le citoyen Mory Cond\u00e9)\",\"datePublished\":\"2026-04-23T23:39:57+00:00\",\"dateModified\":\"2026-04-23T23:42:30+00:00\",\"mainEntityOfPage\":{\"@id\":\"https:\/\/www.leprojecteurguinee.com\/index.php\/2026\/04\/23\/cheikh-yerim-seck-et-la-guinee-quand-la-rancune-se-deguise-en-journalisme-par-le-citoyen-mory-conde\/\"},\"wordCount\":1026,\"commentCount\":0,\"image\":{\"@id\":\"https:\/\/www.leprojecteurguinee.com\/index.php\/2026\/04\/23\/cheikh-yerim-seck-et-la-guinee-quand-la-rancune-se-deguise-en-journalisme-par-le-citoyen-mory-conde\/#primaryimage\"},\"thumbnailUrl\":\"https:\/\/www.leprojecteurguinee.com\/wp-content\/uploads\/2026\/04\/images-15.webp\",\"articleSection\":[\"Soci\u00e9t\u00e9\"],\"inLanguage\":\"fr-FR\",\"potentialAction\":[{\"@type\":\"CommentAction\",\"name\":\"Comment\",\"target\":[\"https:\/\/www.leprojecteurguinee.com\/index.php\/2026\/04\/23\/cheikh-yerim-seck-et-la-guinee-quand-la-rancune-se-deguise-en-journalisme-par-le-citoyen-mory-conde\/#respond\"]}]},{\"@type\":\"WebPage\",\"@id\":\"https:\/\/www.leprojecteurguinee.com\/index.php\/2026\/04\/23\/cheikh-yerim-seck-et-la-guinee-quand-la-rancune-se-deguise-en-journalisme-par-le-citoyen-mory-conde\/\",\"url\":\"https:\/\/www.leprojecteurguinee.com\/index.php\/2026\/04\/23\/cheikh-yerim-seck-et-la-guinee-quand-la-rancune-se-deguise-en-journalisme-par-le-citoyen-mory-conde\/\",\"name\":\"Cheikh Y\u00e9rim Seck et la Guin\u00e9e : quand la rancune se d\u00e9guise en journalisme (Par le citoyen Mory Cond\u00e9) - leprojecteurguinee\",\"isPartOf\":{\"@id\":\"https:\/\/www.leprojecteurguinee.com\/#website\"},\"primaryImageOfPage\":{\"@id\":\"https:\/\/www.leprojecteurguinee.com\/index.php\/2026\/04\/23\/cheikh-yerim-seck-et-la-guinee-quand-la-rancune-se-deguise-en-journalisme-par-le-citoyen-mory-conde\/#primaryimage\"},\"image\":{\"@id\":\"https:\/\/www.leprojecteurguinee.com\/index.php\/2026\/04\/23\/cheikh-yerim-seck-et-la-guinee-quand-la-rancune-se-deguise-en-journalisme-par-le-citoyen-mory-conde\/#primaryimage\"},\"thumbnailUrl\":\"https:\/\/www.leprojecteurguinee.com\/wp-content\/uploads\/2026\/04\/images-15.webp\",\"datePublished\":\"2026-04-23T23:39:57+00:00\",\"dateModified\":\"2026-04-23T23:42:30+00:00\",\"author\":{\"@id\":\"https:\/\/www.leprojecteurguinee.com\/#\/schema\/person\/c9d1602e593b11af0b295bdf5e12a59a\"},\"breadcrumb\":{\"@id\":\"https:\/\/www.leprojecteurguinee.com\/index.php\/2026\/04\/23\/cheikh-yerim-seck-et-la-guinee-quand-la-rancune-se-deguise-en-journalisme-par-le-citoyen-mory-conde\/#breadcrumb\"},\"inLanguage\":\"fr-FR\",\"potentialAction\":[{\"@type\":\"ReadAction\",\"target\":[\"https:\/\/www.leprojecteurguinee.com\/index.php\/2026\/04\/23\/cheikh-yerim-seck-et-la-guinee-quand-la-rancune-se-deguise-en-journalisme-par-le-citoyen-mory-conde\/\"]}]},{\"@type\":\"ImageObject\",\"inLanguage\":\"fr-FR\",\"@id\":\"https:\/\/www.leprojecteurguinee.com\/index.php\/2026\/04\/23\/cheikh-yerim-seck-et-la-guinee-quand-la-rancune-se-deguise-en-journalisme-par-le-citoyen-mory-conde\/#primaryimage\",\"url\":\"https:\/\/www.leprojecteurguinee.com\/wp-content\/uploads\/2026\/04\/images-15.webp\",\"contentUrl\":\"https:\/\/www.leprojecteurguinee.com\/wp-content\/uploads\/2026\/04\/images-15.webp\",\"width\":575,\"height\":375},{\"@type\":\"BreadcrumbList\",\"@id\":\"https:\/\/www.leprojecteurguinee.com\/index.php\/2026\/04\/23\/cheikh-yerim-seck-et-la-guinee-quand-la-rancune-se-deguise-en-journalisme-par-le-citoyen-mory-conde\/#breadcrumb\",\"itemListElement\":[{\"@type\":\"ListItem\",\"position\":1,\"name\":\"Accueil\",\"item\":\"https:\/\/www.leprojecteurguinee.com\/\"},{\"@type\":\"ListItem\",\"position\":2,\"name\":\"Cheikh Y\u00e9rim Seck et la Guin\u00e9e : quand la rancune se d\u00e9guise en journalisme (Par le citoyen Mory Cond\u00e9)\"}]},{\"@type\":\"WebSite\",\"@id\":\"https:\/\/www.leprojecteurguinee.com\/#website\",\"url\":\"https:\/\/www.leprojecteurguinee.com\/\",\"name\":\"leprojecteurguinee\",\"description\":\"Nous luttons contre les pratiques obscures\",\"potentialAction\":[{\"@type\":\"SearchAction\",\"target\":{\"@type\":\"EntryPoint\",\"urlTemplate\":\"https:\/\/www.leprojecteurguinee.com\/?s={search_term_string}\"},\"query-input\":{\"@type\":\"PropertyValueSpecification\",\"valueRequired\":true,\"valueName\":\"search_term_string\"}}],\"inLanguage\":\"fr-FR\"},{\"@type\":\"Person\",\"@id\":\"https:\/\/www.leprojecteurguinee.com\/#\/schema\/person\/c9d1602e593b11af0b295bdf5e12a59a\",\"name\":\"www.leprojecteurguinee.com\",\"image\":{\"@type\":\"ImageObject\",\"inLanguage\":\"fr-FR\",\"@id\":\"https:\/\/www.leprojecteurguinee.com\/#\/schema\/person\/image\/\",\"url\":\"https:\/\/secure.gravatar.com\/avatar\/d73703fcd03dcba36d2bb23326e491935423a46800f1ebf8f61b70e62b70e55a?s=96&d=mm&r=g\",\"contentUrl\":\"https:\/\/secure.gravatar.com\/avatar\/d73703fcd03dcba36d2bb23326e491935423a46800f1ebf8f61b70e62b70e55a?s=96&d=mm&r=g\",\"caption\":\"www.leprojecteurguinee.com\"},\"description\":\"Administrateur G\u00e9n\u00e9ral\",\"sameAs\":[\"http:\/\/www.leprojeceteurguinee.com\"],\"url\":\"https:\/\/www.leprojecteurguinee.com\/index.php\/author\/fadigagn\/\"}]}<\/script>\n<!-- \/ Yoast SEO plugin. -->","yoast_head_json":{"title":"Cheikh Y\u00e9rim Seck et la Guin\u00e9e : quand la rancune se d\u00e9guise en journalisme (Par le citoyen Mory Cond\u00e9) - leprojecteurguinee","robots":{"index":"index","follow":"follow","max-snippet":"max-snippet:-1","max-image-preview":"max-image-preview:large","max-video-preview":"max-video-preview:-1"},"canonical":"https:\/\/www.leprojecteurguinee.com\/index.php\/2026\/04\/23\/cheikh-yerim-seck-et-la-guinee-quand-la-rancune-se-deguise-en-journalisme-par-le-citoyen-mory-conde\/","og_locale":"fr_FR","og_type":"article","og_title":"Cheikh Y\u00e9rim Seck et la Guin\u00e9e : quand la rancune se d\u00e9guise en journalisme (Par le citoyen Mory Cond\u00e9) - leprojecteurguinee","og_description":"Il y a des voix qui r\u00e9sonnent parce qu\u2019elles portent la v\u00e9rit\u00e9. Il y en a d\u2019autres qui s\u2019\u00e9l\u00e8vent parce qu\u2019elles n\u2019ont pas \u00e9t\u00e9 pay\u00e9es. Cheikh Y\u00e9rim Seck, chroniqueur s\u00e9n\u00e9galais autoproclam\u00e9 \u201cvoix qui \u00e9claire dans la poussi\u00e8re\u201d, appartient manifestement \u00e0 la seconde cat\u00e9gorie. Sa chronique diffus\u00e9e sur Senegal7 le 22 avril 2026, intitul\u00e9e \u201cFin tr\u00e8s [&hellip;]","og_url":"https:\/\/www.leprojecteurguinee.com\/index.php\/2026\/04\/23\/cheikh-yerim-seck-et-la-guinee-quand-la-rancune-se-deguise-en-journalisme-par-le-citoyen-mory-conde\/","og_site_name":"leprojecteurguinee","article_published_time":"2026-04-23T23:39:57+00:00","article_modified_time":"2026-04-23T23:42:30+00:00","og_image":[{"width":575,"height":375,"url":"https:\/\/www.leprojecteurguinee.com\/wp-content\/uploads\/2026\/04\/images-15.webp","type":"image\/webp"}],"author":"www.leprojecteurguinee.com","twitter_card":"summary_large_image","twitter_misc":{"\u00c9crit par":"www.leprojecteurguinee.com","Dur\u00e9e de lecture estim\u00e9e":"5 minutes"},"schema":{"@context":"https:\/\/schema.org","@graph":[{"@type":"Article","@id":"https:\/\/www.leprojecteurguinee.com\/index.php\/2026\/04\/23\/cheikh-yerim-seck-et-la-guinee-quand-la-rancune-se-deguise-en-journalisme-par-le-citoyen-mory-conde\/#article","isPartOf":{"@id":"https:\/\/www.leprojecteurguinee.com\/index.php\/2026\/04\/23\/cheikh-yerim-seck-et-la-guinee-quand-la-rancune-se-deguise-en-journalisme-par-le-citoyen-mory-conde\/"},"author":{"name":"www.leprojecteurguinee.com","@id":"https:\/\/www.leprojecteurguinee.com\/#\/schema\/person\/c9d1602e593b11af0b295bdf5e12a59a"},"headline":"Cheikh Y\u00e9rim Seck et la Guin\u00e9e : quand la rancune se d\u00e9guise en journalisme (Par le citoyen Mory Cond\u00e9)","datePublished":"2026-04-23T23:39:57+00:00","dateModified":"2026-04-23T23:42:30+00:00","mainEntityOfPage":{"@id":"https:\/\/www.leprojecteurguinee.com\/index.php\/2026\/04\/23\/cheikh-yerim-seck-et-la-guinee-quand-la-rancune-se-deguise-en-journalisme-par-le-citoyen-mory-conde\/"},"wordCount":1026,"commentCount":0,"image":{"@id":"https:\/\/www.leprojecteurguinee.com\/index.php\/2026\/04\/23\/cheikh-yerim-seck-et-la-guinee-quand-la-rancune-se-deguise-en-journalisme-par-le-citoyen-mory-conde\/#primaryimage"},"thumbnailUrl":"https:\/\/www.leprojecteurguinee.com\/wp-content\/uploads\/2026\/04\/images-15.webp","articleSection":["Soci\u00e9t\u00e9"],"inLanguage":"fr-FR","potentialAction":[{"@type":"CommentAction","name":"Comment","target":["https:\/\/www.leprojecteurguinee.com\/index.php\/2026\/04\/23\/cheikh-yerim-seck-et-la-guinee-quand-la-rancune-se-deguise-en-journalisme-par-le-citoyen-mory-conde\/#respond"]}]},{"@type":"WebPage","@id":"https:\/\/www.leprojecteurguinee.com\/index.php\/2026\/04\/23\/cheikh-yerim-seck-et-la-guinee-quand-la-rancune-se-deguise-en-journalisme-par-le-citoyen-mory-conde\/","url":"https:\/\/www.leprojecteurguinee.com\/index.php\/2026\/04\/23\/cheikh-yerim-seck-et-la-guinee-quand-la-rancune-se-deguise-en-journalisme-par-le-citoyen-mory-conde\/","name":"Cheikh Y\u00e9rim Seck et la Guin\u00e9e : quand la rancune se d\u00e9guise en journalisme (Par le citoyen Mory Cond\u00e9) - leprojecteurguinee","isPartOf":{"@id":"https:\/\/www.leprojecteurguinee.com\/#website"},"primaryImageOfPage":{"@id":"https:\/\/www.leprojecteurguinee.com\/index.php\/2026\/04\/23\/cheikh-yerim-seck-et-la-guinee-quand-la-rancune-se-deguise-en-journalisme-par-le-citoyen-mory-conde\/#primaryimage"},"image":{"@id":"https:\/\/www.leprojecteurguinee.com\/index.php\/2026\/04\/23\/cheikh-yerim-seck-et-la-guinee-quand-la-rancune-se-deguise-en-journalisme-par-le-citoyen-mory-conde\/#primaryimage"},"thumbnailUrl":"https:\/\/www.leprojecteurguinee.com\/wp-content\/uploads\/2026\/04\/images-15.webp","datePublished":"2026-04-23T23:39:57+00:00","dateModified":"2026-04-23T23:42:30+00:00","author":{"@id":"https:\/\/www.leprojecteurguinee.com\/#\/schema\/person\/c9d1602e593b11af0b295bdf5e12a59a"},"breadcrumb":{"@id":"https:\/\/www.leprojecteurguinee.com\/index.php\/2026\/04\/23\/cheikh-yerim-seck-et-la-guinee-quand-la-rancune-se-deguise-en-journalisme-par-le-citoyen-mory-conde\/#breadcrumb"},"inLanguage":"fr-FR","potentialAction":[{"@type":"ReadAction","target":["https:\/\/www.leprojecteurguinee.com\/index.php\/2026\/04\/23\/cheikh-yerim-seck-et-la-guinee-quand-la-rancune-se-deguise-en-journalisme-par-le-citoyen-mory-conde\/"]}]},{"@type":"ImageObject","inLanguage":"fr-FR","@id":"https:\/\/www.leprojecteurguinee.com\/index.php\/2026\/04\/23\/cheikh-yerim-seck-et-la-guinee-quand-la-rancune-se-deguise-en-journalisme-par-le-citoyen-mory-conde\/#primaryimage","url":"https:\/\/www.leprojecteurguinee.com\/wp-content\/uploads\/2026\/04\/images-15.webp","contentUrl":"https:\/\/www.leprojecteurguinee.com\/wp-content\/uploads\/2026\/04\/images-15.webp","width":575,"height":375},{"@type":"BreadcrumbList","@id":"https:\/\/www.leprojecteurguinee.com\/index.php\/2026\/04\/23\/cheikh-yerim-seck-et-la-guinee-quand-la-rancune-se-deguise-en-journalisme-par-le-citoyen-mory-conde\/#breadcrumb","itemListElement":[{"@type":"ListItem","position":1,"name":"Accueil","item":"https:\/\/www.leprojecteurguinee.com\/"},{"@type":"ListItem","position":2,"name":"Cheikh Y\u00e9rim Seck et la Guin\u00e9e : quand la rancune se d\u00e9guise en journalisme (Par le citoyen Mory Cond\u00e9)"}]},{"@type":"WebSite","@id":"https:\/\/www.leprojecteurguinee.com\/#website","url":"https:\/\/www.leprojecteurguinee.com\/","name":"leprojecteurguinee","description":"Nous luttons contre les pratiques obscures","potentialAction":[{"@type":"SearchAction","target":{"@type":"EntryPoint","urlTemplate":"https:\/\/www.leprojecteurguinee.com\/?s={search_term_string}"},"query-input":{"@type":"PropertyValueSpecification","valueRequired":true,"valueName":"search_term_string"}}],"inLanguage":"fr-FR"},{"@type":"Person","@id":"https:\/\/www.leprojecteurguinee.com\/#\/schema\/person\/c9d1602e593b11af0b295bdf5e12a59a","name":"www.leprojecteurguinee.com","image":{"@type":"ImageObject","inLanguage":"fr-FR","@id":"https:\/\/www.leprojecteurguinee.com\/#\/schema\/person\/image\/","url":"https:\/\/secure.gravatar.com\/avatar\/d73703fcd03dcba36d2bb23326e491935423a46800f1ebf8f61b70e62b70e55a?s=96&d=mm&r=g","contentUrl":"https:\/\/secure.gravatar.com\/avatar\/d73703fcd03dcba36d2bb23326e491935423a46800f1ebf8f61b70e62b70e55a?s=96&d=mm&r=g","caption":"www.leprojecteurguinee.com"},"description":"Administrateur G\u00e9n\u00e9ral","sameAs":["http:\/\/www.leprojeceteurguinee.com"],"url":"https:\/\/www.leprojecteurguinee.com\/index.php\/author\/fadigagn\/"}]}},"_links":{"self":[{"href":"https:\/\/www.leprojecteurguinee.com\/index.php\/wp-json\/wp\/v2\/posts\/14342","targetHints":{"allow":["GET"]}}],"collection":[{"href":"https:\/\/www.leprojecteurguinee.com\/index.php\/wp-json\/wp\/v2\/posts"}],"about":[{"href":"https:\/\/www.leprojecteurguinee.com\/index.php\/wp-json\/wp\/v2\/types\/post"}],"author":[{"embeddable":true,"href":"https:\/\/www.leprojecteurguinee.com\/index.php\/wp-json\/wp\/v2\/users\/2"}],"replies":[{"embeddable":true,"href":"https:\/\/www.leprojecteurguinee.com\/index.php\/wp-json\/wp\/v2\/comments?post=14342"}],"version-history":[{"count":1,"href":"https:\/\/www.leprojecteurguinee.com\/index.php\/wp-json\/wp\/v2\/posts\/14342\/revisions"}],"predecessor-version":[{"id":14344,"href":"https:\/\/www.leprojecteurguinee.com\/index.php\/wp-json\/wp\/v2\/posts\/14342\/revisions\/14344"}],"wp:featuredmedia":[{"embeddable":true,"href":"https:\/\/www.leprojecteurguinee.com\/index.php\/wp-json\/wp\/v2\/media\/14343"}],"wp:attachment":[{"href":"https:\/\/www.leprojecteurguinee.com\/index.php\/wp-json\/wp\/v2\/media?parent=14342"}],"wp:term":[{"taxonomy":"category","embeddable":true,"href":"https:\/\/www.leprojecteurguinee.com\/index.php\/wp-json\/wp\/v2\/categories?post=14342"},{"taxonomy":"post_tag","embeddable":true,"href":"https:\/\/www.leprojecteurguinee.com\/index.php\/wp-json\/wp\/v2\/tags?post=14342"}],"curies":[{"name":"wp","href":"https:\/\/api.w.org\/{rel}","templated":true}]}}