{"id":14332,"date":"2026-04-17T13:59:04","date_gmt":"2026-04-17T13:59:04","guid":{"rendered":"https:\/\/www.leprojecteurguinee.com\/?p=14332"},"modified":"2026-04-17T14:06:31","modified_gmt":"2026-04-17T14:06:31","slug":"validation-de-candidature-mory-kaba-appelle-a-la-responsabilite-et-au-travail","status":"publish","type":"post","link":"https:\/\/www.leprojecteurguinee.com\/index.php\/2026\/04\/17\/validation-de-candidature-mory-kaba-appelle-a-la-responsabilite-et-au-travail\/","title":{"rendered":"Validation de candidature : Mory Kaba appelle \u00e0 la responsabilit\u00e9 et au travail"},"content":{"rendered":"<div dir=\"auto\"><span style=\"text-transform: initial;\"><b>Suite \u00e0 la validation de son dossier de candidature \u00e0 l\u2019\u00e9lection l\u00e9gislative pour la circonscription de Kankan, Mory Kaba a r\u00e9agi avec sobri\u00e9t\u00e9, appelant \u00e0 la responsabilit\u00e9 et \u00e0 la poursuite du travail sur le terrain.<\/b><\/span><\/div>\n<div dir=\"auto\"><\/div>\n<div dir=\"auto\">Dans un contexte marqu\u00e9 par le respect du processus \u00e9lectoral et des dispositions encadrant cette p\u00e9riode, il a tenu \u00e0 inscrire sa d\u00e9marche dans une dynamique de s\u00e9r\u00e9nit\u00e9 et de discipline.<\/div>\n<div dir=\"auto\"><\/div>\n<div dir=\"auto\">\u00ab Chaque \u00e9tape du processus m\u00e9rite d\u2019\u00eatre abord\u00e9e avec calme et responsabilit\u00e9 \u00bb, a-t-il confi\u00e9.<\/div>\n<div dir=\"auto\"><\/div>\n<div dir=\"auto\">Ancien serviteur de l\u2019\u00c9tat et aujourd\u2019hui engag\u00e9 dans l\u2019entrepreneuriat, Mory Kaba met en avant une approche ax\u00e9e sur l\u2019action concr\u00e8te et la proximit\u00e9 avec les populations.<\/div>\n<div dir=\"auto\"><\/div>\n<div dir=\"auto\">\u00c0 Kankan, plusieurs initiatives citoyennes ont r\u00e9cemment \u00e9t\u00e9 men\u00e9es, notamment dans le cadre d\u2019activit\u00e9s d\u2019assainissement et de mobilisation communautaire, traduisant une volont\u00e9 d\u2019agir au-del\u00e0 des discours.<\/div>\n<div dir=\"auto\"><\/div>\n<div dir=\"auto\">Pour lui, l\u2019engagement public doit avant tout se traduire par des actions utiles, capables d\u2019am\u00e9liorer durablement les conditions de vie des populations.<\/div>\n<div dir=\"auto\"><\/div>\n<div dir=\"auto\">Sans entrer dans une logique de confrontation, il affirme privil\u00e9gier une posture de contribution, en accompagnant toutes les initiatives allant dans le sens du d\u00e9veloppement local et national.<\/div>\n<div dir=\"auto\"><\/div>\n<div dir=\"auto\">Dans son entourage, l\u2019heure est d\u00e9sormais \u00e0 l\u2019organisation et \u00e0 la poursuite des activit\u00e9s, dans le respect des r\u00e8gles en vigueur.<\/div>\n<div dir=\"auto\"><\/div>\n<div dir=\"auto\">Cette \u00e9tape, bien que significative, s\u2019inscrit ainsi dans un processus plus large, appelant au travail, \u00e0 la coh\u00e9sion et \u00e0 la responsabilit\u00e9 collective.<\/div>\n<div dir=\"auto\"><\/div>\n<div dir=\"auto\"><b>Mory \u00a0Kaba.<\/b><\/div>\n","protected":false},"excerpt":{"rendered":"<p>Suite \u00e0 la validation de son dossier de candidature \u00e0 l\u2019\u00e9lection l\u00e9gislative pour la circonscription de Kankan, Mory Kaba a r\u00e9agi avec sobri\u00e9t\u00e9, appelant \u00e0 la responsabilit\u00e9 et \u00e0 la poursuite du travail sur le terrain. Dans un contexte marqu\u00e9 par le respect du processus \u00e9lectoral et des dispositions encadrant cette p\u00e9riode, il a tenu [&hellip;]<\/p>\n","protected":false},"author":2,"featured_media":14337,"comment_status":"open","ping_status":"open","sticky":false,"template":"","format":"standard","meta":{"footnotes":""},"categories":[80],"tags":[],"class_list":["post-14332","post","type-post","status-publish","format-standard","has-post-thumbnail","hentry","category-politique"],"yoast_head":"<!-- This site is optimized with the Yoast SEO plugin v26.8 - https:\/\/yoast.com\/product\/yoast-seo-wordpress\/ -->\n<title>Validation de candidature : Mory Kaba appelle \u00e0 la responsabilit\u00e9 et au travail - leprojecteurguinee<\/title>\n<meta name=\"robots\" content=\"index, follow, max-snippet:-1, max-image-preview:large, max-video-preview:-1\" \/>\n<link rel=\"canonical\" href=\"https:\/\/www.leprojecteurguinee.com\/index.php\/2026\/04\/17\/validation-de-candidature-mory-kaba-appelle-a-la-responsabilite-et-au-travail\/\" \/>\n<meta property=\"og:locale\" content=\"fr_FR\" \/>\n<meta property=\"og:type\" content=\"article\" \/>\n<meta property=\"og:title\" content=\"Validation de candidature : Mory Kaba appelle \u00e0 la responsabilit\u00e9 et au travail - leprojecteurguinee\" \/>\n<meta property=\"og:description\" content=\"Suite \u00e0 la validation de son dossier de candidature \u00e0 l\u2019\u00e9lection l\u00e9gislative pour la circonscription de Kankan, Mory Kaba a r\u00e9agi avec sobri\u00e9t\u00e9, appelant \u00e0 la responsabilit\u00e9 et \u00e0 la poursuite du travail sur le terrain. Dans un contexte marqu\u00e9 par le respect du processus \u00e9lectoral et des dispositions encadrant cette p\u00e9riode, il a tenu [&hellip;]\" \/>\n<meta property=\"og:url\" content=\"https:\/\/www.leprojecteurguinee.com\/index.php\/2026\/04\/17\/validation-de-candidature-mory-kaba-appelle-a-la-responsabilite-et-au-travail\/\" \/>\n<meta property=\"og:site_name\" content=\"leprojecteurguinee\" \/>\n<meta property=\"article:published_time\" content=\"2026-04-17T13:59:04+00:00\" \/>\n<meta property=\"article:modified_time\" content=\"2026-04-17T14:06:31+00:00\" \/>\n<meta property=\"og:image\" content=\"https:\/\/www.leprojecteurguinee.com\/wp-content\/uploads\/2026\/04\/A41D79CD-76F0-4439-A568-CF8FEB81F96E-1024x768.png\" \/>\n\t<meta property=\"og:image:width\" content=\"1024\" \/>\n\t<meta property=\"og:image:height\" content=\"768\" \/>\n\t<meta property=\"og:image:type\" content=\"image\/png\" \/>\n<meta name=\"author\" content=\"www.leprojecteurguinee.com\" \/>\n<meta name=\"twitter:card\" content=\"summary_large_image\" \/>\n<meta name=\"twitter:label1\" content=\"\u00c9crit par\" \/>\n\t<meta name=\"twitter:data1\" content=\"www.leprojecteurguinee.com\" \/>\n\t<meta name=\"twitter:label2\" content=\"Dur\u00e9e de lecture estim\u00e9e\" \/>\n\t<meta name=\"twitter:data2\" content=\"2 minutes\" \/>\n<script type=\"application\/ld+json\" class=\"yoast-schema-graph\">{\"@context\":\"https:\/\/schema.org\",\"@graph\":[{\"@type\":\"Article\",\"@id\":\"https:\/\/www.leprojecteurguinee.com\/index.php\/2026\/04\/17\/validation-de-candidature-mory-kaba-appelle-a-la-responsabilite-et-au-travail\/#article\",\"isPartOf\":{\"@id\":\"https:\/\/www.leprojecteurguinee.com\/index.php\/2026\/04\/17\/validation-de-candidature-mory-kaba-appelle-a-la-responsabilite-et-au-travail\/\"},\"author\":{\"name\":\"www.leprojecteurguinee.com\",\"@id\":\"https:\/\/www.leprojecteurguinee.com\/#\/schema\/person\/c9d1602e593b11af0b295bdf5e12a59a\"},\"headline\":\"Validation de candidature : Mory Kaba appelle \u00e0 la responsabilit\u00e9 et au travail\",\"datePublished\":\"2026-04-17T13:59:04+00:00\",\"dateModified\":\"2026-04-17T14:06:31+00:00\",\"mainEntityOfPage\":{\"@id\":\"https:\/\/www.leprojecteurguinee.com\/index.php\/2026\/04\/17\/validation-de-candidature-mory-kaba-appelle-a-la-responsabilite-et-au-travail\/\"},\"wordCount\":264,\"commentCount\":0,\"image\":{\"@id\":\"https:\/\/www.leprojecteurguinee.com\/index.php\/2026\/04\/17\/validation-de-candidature-mory-kaba-appelle-a-la-responsabilite-et-au-travail\/#primaryimage\"},\"thumbnailUrl\":\"https:\/\/www.leprojecteurguinee.com\/wp-content\/uploads\/2026\/04\/A41D79CD-76F0-4439-A568-CF8FEB81F96E.png\",\"articleSection\":[\"Politique\"],\"inLanguage\":\"fr-FR\",\"potentialAction\":[{\"@type\":\"CommentAction\",\"name\":\"Comment\",\"target\":[\"https:\/\/www.leprojecteurguinee.com\/index.php\/2026\/04\/17\/validation-de-candidature-mory-kaba-appelle-a-la-responsabilite-et-au-travail\/#respond\"]}]},{\"@type\":\"WebPage\",\"@id\":\"https:\/\/www.leprojecteurguinee.com\/index.php\/2026\/04\/17\/validation-de-candidature-mory-kaba-appelle-a-la-responsabilite-et-au-travail\/\",\"url\":\"https:\/\/www.leprojecteurguinee.com\/index.php\/2026\/04\/17\/validation-de-candidature-mory-kaba-appelle-a-la-responsabilite-et-au-travail\/\",\"name\":\"Validation de candidature : Mory Kaba appelle \u00e0 la responsabilit\u00e9 et au travail - leprojecteurguinee\",\"isPartOf\":{\"@id\":\"https:\/\/www.leprojecteurguinee.com\/#website\"},\"primaryImageOfPage\":{\"@id\":\"https:\/\/www.leprojecteurguinee.com\/index.php\/2026\/04\/17\/validation-de-candidature-mory-kaba-appelle-a-la-responsabilite-et-au-travail\/#primaryimage\"},\"image\":{\"@id\":\"https:\/\/www.leprojecteurguinee.com\/index.php\/2026\/04\/17\/validation-de-candidature-mory-kaba-appelle-a-la-responsabilite-et-au-travail\/#primaryimage\"},\"thumbnailUrl\":\"https:\/\/www.leprojecteurguinee.com\/wp-content\/uploads\/2026\/04\/A41D79CD-76F0-4439-A568-CF8FEB81F96E.png\",\"datePublished\":\"2026-04-17T13:59:04+00:00\",\"dateModified\":\"2026-04-17T14:06:31+00:00\",\"author\":{\"@id\":\"https:\/\/www.leprojecteurguinee.com\/#\/schema\/person\/c9d1602e593b11af0b295bdf5e12a59a\"},\"breadcrumb\":{\"@id\":\"https:\/\/www.leprojecteurguinee.com\/index.php\/2026\/04\/17\/validation-de-candidature-mory-kaba-appelle-a-la-responsabilite-et-au-travail\/#breadcrumb\"},\"inLanguage\":\"fr-FR\",\"potentialAction\":[{\"@type\":\"ReadAction\",\"target\":[\"https:\/\/www.leprojecteurguinee.com\/index.php\/2026\/04\/17\/validation-de-candidature-mory-kaba-appelle-a-la-responsabilite-et-au-travail\/\"]}]},{\"@type\":\"ImageObject\",\"inLanguage\":\"fr-FR\",\"@id\":\"https:\/\/www.leprojecteurguinee.com\/index.php\/2026\/04\/17\/validation-de-candidature-mory-kaba-appelle-a-la-responsabilite-et-au-travail\/#primaryimage\",\"url\":\"https:\/\/www.leprojecteurguinee.com\/wp-content\/uploads\/2026\/04\/A41D79CD-76F0-4439-A568-CF8FEB81F96E.png\",\"contentUrl\":\"https:\/\/www.leprojecteurguinee.com\/wp-content\/uploads\/2026\/04\/A41D79CD-76F0-4439-A568-CF8FEB81F96E.png\",\"width\":2048,\"height\":1536},{\"@type\":\"BreadcrumbList\",\"@id\":\"https:\/\/www.leprojecteurguinee.com\/index.php\/2026\/04\/17\/validation-de-candidature-mory-kaba-appelle-a-la-responsabilite-et-au-travail\/#breadcrumb\",\"itemListElement\":[{\"@type\":\"ListItem\",\"position\":1,\"name\":\"Accueil\",\"item\":\"https:\/\/www.leprojecteurguinee.com\/\"},{\"@type\":\"ListItem\",\"position\":2,\"name\":\"Validation de candidature : Mory Kaba appelle \u00e0 la responsabilit\u00e9 et au travail\"}]},{\"@type\":\"WebSite\",\"@id\":\"https:\/\/www.leprojecteurguinee.com\/#website\",\"url\":\"https:\/\/www.leprojecteurguinee.com\/\",\"name\":\"leprojecteurguinee\",\"description\":\"Nous luttons contre les pratiques obscures\",\"potentialAction\":[{\"@type\":\"SearchAction\",\"target\":{\"@type\":\"EntryPoint\",\"urlTemplate\":\"https:\/\/www.leprojecteurguinee.com\/?s={search_term_string}\"},\"query-input\":{\"@type\":\"PropertyValueSpecification\",\"valueRequired\":true,\"valueName\":\"search_term_string\"}}],\"inLanguage\":\"fr-FR\"},{\"@type\":\"Person\",\"@id\":\"https:\/\/www.leprojecteurguinee.com\/#\/schema\/person\/c9d1602e593b11af0b295bdf5e12a59a\",\"name\":\"www.leprojecteurguinee.com\",\"image\":{\"@type\":\"ImageObject\",\"inLanguage\":\"fr-FR\",\"@id\":\"https:\/\/www.leprojecteurguinee.com\/#\/schema\/person\/image\/\",\"url\":\"https:\/\/secure.gravatar.com\/avatar\/d73703fcd03dcba36d2bb23326e491935423a46800f1ebf8f61b70e62b70e55a?s=96&d=mm&r=g\",\"contentUrl\":\"https:\/\/secure.gravatar.com\/avatar\/d73703fcd03dcba36d2bb23326e491935423a46800f1ebf8f61b70e62b70e55a?s=96&d=mm&r=g\",\"caption\":\"www.leprojecteurguinee.com\"},\"description\":\"Administrateur G\u00e9n\u00e9ral\",\"sameAs\":[\"http:\/\/www.leprojeceteurguinee.com\"],\"url\":\"https:\/\/www.leprojecteurguinee.com\/index.php\/author\/fadigagn\/\"}]}<\/script>\n<!-- \/ Yoast SEO plugin. -->","yoast_head_json":{"title":"Validation de candidature : Mory Kaba appelle \u00e0 la responsabilit\u00e9 et au travail - leprojecteurguinee","robots":{"index":"index","follow":"follow","max-snippet":"max-snippet:-1","max-image-preview":"max-image-preview:large","max-video-preview":"max-video-preview:-1"},"canonical":"https:\/\/www.leprojecteurguinee.com\/index.php\/2026\/04\/17\/validation-de-candidature-mory-kaba-appelle-a-la-responsabilite-et-au-travail\/","og_locale":"fr_FR","og_type":"article","og_title":"Validation de candidature : Mory Kaba appelle \u00e0 la responsabilit\u00e9 et au travail - leprojecteurguinee","og_description":"Suite \u00e0 la validation de son dossier de candidature \u00e0 l\u2019\u00e9lection l\u00e9gislative pour la circonscription de Kankan, Mory Kaba a r\u00e9agi avec sobri\u00e9t\u00e9, appelant \u00e0 la responsabilit\u00e9 et \u00e0 la poursuite du travail sur le terrain. Dans un contexte marqu\u00e9 par le respect du processus \u00e9lectoral et des dispositions encadrant cette p\u00e9riode, il a tenu [&hellip;]","og_url":"https:\/\/www.leprojecteurguinee.com\/index.php\/2026\/04\/17\/validation-de-candidature-mory-kaba-appelle-a-la-responsabilite-et-au-travail\/","og_site_name":"leprojecteurguinee","article_published_time":"2026-04-17T13:59:04+00:00","article_modified_time":"2026-04-17T14:06:31+00:00","og_image":[{"width":1024,"height":768,"url":"https:\/\/www.leprojecteurguinee.com\/wp-content\/uploads\/2026\/04\/A41D79CD-76F0-4439-A568-CF8FEB81F96E-1024x768.png","type":"image\/png"}],"author":"www.leprojecteurguinee.com","twitter_card":"summary_large_image","twitter_misc":{"\u00c9crit par":"www.leprojecteurguinee.com","Dur\u00e9e de lecture estim\u00e9e":"2 minutes"},"schema":{"@context":"https:\/\/schema.org","@graph":[{"@type":"Article","@id":"https:\/\/www.leprojecteurguinee.com\/index.php\/2026\/04\/17\/validation-de-candidature-mory-kaba-appelle-a-la-responsabilite-et-au-travail\/#article","isPartOf":{"@id":"https:\/\/www.leprojecteurguinee.com\/index.php\/2026\/04\/17\/validation-de-candidature-mory-kaba-appelle-a-la-responsabilite-et-au-travail\/"},"author":{"name":"www.leprojecteurguinee.com","@id":"https:\/\/www.leprojecteurguinee.com\/#\/schema\/person\/c9d1602e593b11af0b295bdf5e12a59a"},"headline":"Validation de candidature : Mory Kaba appelle \u00e0 la responsabilit\u00e9 et au travail","datePublished":"2026-04-17T13:59:04+00:00","dateModified":"2026-04-17T14:06:31+00:00","mainEntityOfPage":{"@id":"https:\/\/www.leprojecteurguinee.com\/index.php\/2026\/04\/17\/validation-de-candidature-mory-kaba-appelle-a-la-responsabilite-et-au-travail\/"},"wordCount":264,"commentCount":0,"image":{"@id":"https:\/\/www.leprojecteurguinee.com\/index.php\/2026\/04\/17\/validation-de-candidature-mory-kaba-appelle-a-la-responsabilite-et-au-travail\/#primaryimage"},"thumbnailUrl":"https:\/\/www.leprojecteurguinee.com\/wp-content\/uploads\/2026\/04\/A41D79CD-76F0-4439-A568-CF8FEB81F96E.png","articleSection":["Politique"],"inLanguage":"fr-FR","potentialAction":[{"@type":"CommentAction","name":"Comment","target":["https:\/\/www.leprojecteurguinee.com\/index.php\/2026\/04\/17\/validation-de-candidature-mory-kaba-appelle-a-la-responsabilite-et-au-travail\/#respond"]}]},{"@type":"WebPage","@id":"https:\/\/www.leprojecteurguinee.com\/index.php\/2026\/04\/17\/validation-de-candidature-mory-kaba-appelle-a-la-responsabilite-et-au-travail\/","url":"https:\/\/www.leprojecteurguinee.com\/index.php\/2026\/04\/17\/validation-de-candidature-mory-kaba-appelle-a-la-responsabilite-et-au-travail\/","name":"Validation de candidature : Mory Kaba appelle \u00e0 la responsabilit\u00e9 et au travail - leprojecteurguinee","isPartOf":{"@id":"https:\/\/www.leprojecteurguinee.com\/#website"},"primaryImageOfPage":{"@id":"https:\/\/www.leprojecteurguinee.com\/index.php\/2026\/04\/17\/validation-de-candidature-mory-kaba-appelle-a-la-responsabilite-et-au-travail\/#primaryimage"},"image":{"@id":"https:\/\/www.leprojecteurguinee.com\/index.php\/2026\/04\/17\/validation-de-candidature-mory-kaba-appelle-a-la-responsabilite-et-au-travail\/#primaryimage"},"thumbnailUrl":"https:\/\/www.leprojecteurguinee.com\/wp-content\/uploads\/2026\/04\/A41D79CD-76F0-4439-A568-CF8FEB81F96E.png","datePublished":"2026-04-17T13:59:04+00:00","dateModified":"2026-04-17T14:06:31+00:00","author":{"@id":"https:\/\/www.leprojecteurguinee.com\/#\/schema\/person\/c9d1602e593b11af0b295bdf5e12a59a"},"breadcrumb":{"@id":"https:\/\/www.leprojecteurguinee.com\/index.php\/2026\/04\/17\/validation-de-candidature-mory-kaba-appelle-a-la-responsabilite-et-au-travail\/#breadcrumb"},"inLanguage":"fr-FR","potentialAction":[{"@type":"ReadAction","target":["https:\/\/www.leprojecteurguinee.com\/index.php\/2026\/04\/17\/validation-de-candidature-mory-kaba-appelle-a-la-responsabilite-et-au-travail\/"]}]},{"@type":"ImageObject","inLanguage":"fr-FR","@id":"https:\/\/www.leprojecteurguinee.com\/index.php\/2026\/04\/17\/validation-de-candidature-mory-kaba-appelle-a-la-responsabilite-et-au-travail\/#primaryimage","url":"https:\/\/www.leprojecteurguinee.com\/wp-content\/uploads\/2026\/04\/A41D79CD-76F0-4439-A568-CF8FEB81F96E.png","contentUrl":"https:\/\/www.leprojecteurguinee.com\/wp-content\/uploads\/2026\/04\/A41D79CD-76F0-4439-A568-CF8FEB81F96E.png","width":2048,"height":1536},{"@type":"BreadcrumbList","@id":"https:\/\/www.leprojecteurguinee.com\/index.php\/2026\/04\/17\/validation-de-candidature-mory-kaba-appelle-a-la-responsabilite-et-au-travail\/#breadcrumb","itemListElement":[{"@type":"ListItem","position":1,"name":"Accueil","item":"https:\/\/www.leprojecteurguinee.com\/"},{"@type":"ListItem","position":2,"name":"Validation de candidature : Mory Kaba appelle \u00e0 la responsabilit\u00e9 et au travail"}]},{"@type":"WebSite","@id":"https:\/\/www.leprojecteurguinee.com\/#website","url":"https:\/\/www.leprojecteurguinee.com\/","name":"leprojecteurguinee","description":"Nous luttons contre les pratiques obscures","potentialAction":[{"@type":"SearchAction","target":{"@type":"EntryPoint","urlTemplate":"https:\/\/www.leprojecteurguinee.com\/?s={search_term_string}"},"query-input":{"@type":"PropertyValueSpecification","valueRequired":true,"valueName":"search_term_string"}}],"inLanguage":"fr-FR"},{"@type":"Person","@id":"https:\/\/www.leprojecteurguinee.com\/#\/schema\/person\/c9d1602e593b11af0b295bdf5e12a59a","name":"www.leprojecteurguinee.com","image":{"@type":"ImageObject","inLanguage":"fr-FR","@id":"https:\/\/www.leprojecteurguinee.com\/#\/schema\/person\/image\/","url":"https:\/\/secure.gravatar.com\/avatar\/d73703fcd03dcba36d2bb23326e491935423a46800f1ebf8f61b70e62b70e55a?s=96&d=mm&r=g","contentUrl":"https:\/\/secure.gravatar.com\/avatar\/d73703fcd03dcba36d2bb23326e491935423a46800f1ebf8f61b70e62b70e55a?s=96&d=mm&r=g","caption":"www.leprojecteurguinee.com"},"description":"Administrateur G\u00e9n\u00e9ral","sameAs":["http:\/\/www.leprojeceteurguinee.com"],"url":"https:\/\/www.leprojecteurguinee.com\/index.php\/author\/fadigagn\/"}]}},"_links":{"self":[{"href":"https:\/\/www.leprojecteurguinee.com\/index.php\/wp-json\/wp\/v2\/posts\/14332","targetHints":{"allow":["GET"]}}],"collection":[{"href":"https:\/\/www.leprojecteurguinee.com\/index.php\/wp-json\/wp\/v2\/posts"}],"about":[{"href":"https:\/\/www.leprojecteurguinee.com\/index.php\/wp-json\/wp\/v2\/types\/post"}],"author":[{"embeddable":true,"href":"https:\/\/www.leprojecteurguinee.com\/index.php\/wp-json\/wp\/v2\/users\/2"}],"replies":[{"embeddable":true,"href":"https:\/\/www.leprojecteurguinee.com\/index.php\/wp-json\/wp\/v2\/comments?post=14332"}],"version-history":[{"count":2,"href":"https:\/\/www.leprojecteurguinee.com\/index.php\/wp-json\/wp\/v2\/posts\/14332\/revisions"}],"predecessor-version":[{"id":14335,"href":"https:\/\/www.leprojecteurguinee.com\/index.php\/wp-json\/wp\/v2\/posts\/14332\/revisions\/14335"}],"wp:featuredmedia":[{"embeddable":true,"href":"https:\/\/www.leprojecteurguinee.com\/index.php\/wp-json\/wp\/v2\/media\/14337"}],"wp:attachment":[{"href":"https:\/\/www.leprojecteurguinee.com\/index.php\/wp-json\/wp\/v2\/media?parent=14332"}],"wp:term":[{"taxonomy":"category","embeddable":true,"href":"https:\/\/www.leprojecteurguinee.com\/index.php\/wp-json\/wp\/v2\/categories?post=14332"},{"taxonomy":"post_tag","embeddable":true,"href":"https:\/\/www.leprojecteurguinee.com\/index.php\/wp-json\/wp\/v2\/tags?post=14332"}],"curies":[{"name":"wp","href":"https:\/\/api.w.org\/{rel}","templated":true}]}}