{"id":14315,"date":"2026-04-12T18:31:37","date_gmt":"2026-04-12T18:31:37","guid":{"rendered":"https:\/\/www.leprojecteurguinee.com\/?p=14315"},"modified":"2026-04-12T18:32:06","modified_gmt":"2026-04-12T18:32:06","slug":"14315","status":"publish","type":"post","link":"https:\/\/www.leprojecteurguinee.com\/index.php\/2026\/04\/12\/14315\/","title":{"rendered":"Le G\u00e9n\u00e9ral Amadou Diallo, la l\u00e9gende vivante du syndicalisme guin\u00e9en"},"content":{"rendered":"<p><span style=\"text-transform: initial;\"><b>Le Secr\u00e9taire g\u00e9n\u00e9ral de la CNTG depuis une dizaine d\u2019ann\u00e9es est un homme de s\u00e9rail au service des travailleurs. Son exp\u00e9rience et sa personnalit\u00e9 font de lui l\u2019un des plus grands dirigeants de la principale organisation syndicale nationale.<\/b><\/span><\/p>\n<p>Depuis plusieurs ann\u00e9es, il joue un r\u00f4le d\u00e9terminant dans la d\u00e9fense des int\u00e9r\u00eats des travailleurs, avec une rigueur et un professionnalisme hors normes. N\u00e9gociateur rompu \u00e0 la t\u00e2che, il a \u00e9t\u00e9 de toutes les grandes n\u00e9gociations des trente derni\u00e8res ann\u00e9es. En plus d\u2019\u00eatre un interlocuteur cr\u00e9dible de premier plan, il est aussi l\u2019un des dirigeants du syndicalisme au niveau de l\u2019Organisation internationale du travail (OIT), dont le si\u00e8ge est \u00e0 Gen\u00e8ve.<\/p>\n<p>On se rappelle de son r\u00f4le majeur lors des \u00e9v\u00e9nements de janvier-f\u00e9vrier 2007. Strat\u00e8ge hors pair, il a su d\u00e9samorcer les blocages institutionnels lors des pourparlers, mais aussi faire face aux menaces et aux intimidations des pouvoirs publics.<\/p>\n<p>Son courage, sa d\u00e9termination et son engagement n\u2019ont jamais failli dans l\u2019accomplissement de sa noble mission. Force est de reconna\u00eetre que des personnalit\u00e9s pareilles m\u00e9ritent tout le respect et la reconnaissance de l\u2019\u00c9tat \u00e0 travers des prix, des m\u00e9dailles et autres distinctions nationales, car cette personnalit\u00e9 a consacr\u00e9 une grande partie de sa jeunesse \u00e0 la lutte syndicale pour le bien-\u00eatre des travailleurs. Il est \u00e9galement un digne repr\u00e9sentant de la Guin\u00e9e lors des grandes rencontres syndicales \u00e0 travers le monde.<\/p>\n<p>Cependant, en Guin\u00e9e, nous refusons souvent de reconna\u00eetre les l\u00e9gendes vivantes dans leur domaine. Ce n\u2019est qu\u2019apr\u00e8s leur disparition que nous organisons des symposiums, alors que ces personnalit\u00e9s n\u2019ont pas b\u00e9n\u00e9fici\u00e9 de reconnaissance de leur vivant.<\/p>\n<p>J\u2019interpelle le Pr\u00e9sident de la R\u00e9publique afin qu\u2019il prenne ses responsabilit\u00e9s pour la r\u00e9habilitation des ic\u00f4nes vivantes dans leurs domaines respectifs. C\u2019est ce qui \u00e9l\u00e8ve une nation, car ce sont les hommes qui font l\u2019histoire, et M. Diallo en est un acteur majeur de par son parcours et ses combats au service des autres.<\/p>\n<p><b>Honorable Youssouf Camara<\/b><\/p>\n","protected":false},"excerpt":{"rendered":"<p>Le Secr\u00e9taire g\u00e9n\u00e9ral de la CNTG depuis une dizaine d\u2019ann\u00e9es est un homme de s\u00e9rail au service des travailleurs. Son exp\u00e9rience et sa personnalit\u00e9 font de lui l\u2019un des plus grands dirigeants de la principale organisation syndicale nationale. Depuis plusieurs ann\u00e9es, il joue un r\u00f4le d\u00e9terminant dans la d\u00e9fense des int\u00e9r\u00eats des travailleurs, avec une [&hellip;]<\/p>\n","protected":false},"author":2,"featured_media":14316,"comment_status":"open","ping_status":"open","sticky":false,"template":"","format":"standard","meta":{"footnotes":""},"categories":[20],"tags":[],"class_list":["post-14315","post","type-post","status-publish","format-standard","has-post-thumbnail","hentry","category-societe"],"yoast_head":"<!-- This site is optimized with the Yoast SEO plugin v26.8 - https:\/\/yoast.com\/product\/yoast-seo-wordpress\/ -->\n<title>Le G\u00e9n\u00e9ral Amadou Diallo, la l\u00e9gende vivante du syndicalisme guin\u00e9en - leprojecteurguinee<\/title>\n<meta name=\"robots\" content=\"index, follow, max-snippet:-1, max-image-preview:large, max-video-preview:-1\" \/>\n<link rel=\"canonical\" href=\"https:\/\/www.leprojecteurguinee.com\/index.php\/2026\/04\/12\/14315\/\" \/>\n<meta property=\"og:locale\" content=\"fr_FR\" \/>\n<meta property=\"og:type\" content=\"article\" \/>\n<meta property=\"og:title\" content=\"Le G\u00e9n\u00e9ral Amadou Diallo, la l\u00e9gende vivante du syndicalisme guin\u00e9en - leprojecteurguinee\" \/>\n<meta property=\"og:description\" content=\"Le Secr\u00e9taire g\u00e9n\u00e9ral de la CNTG depuis une dizaine d\u2019ann\u00e9es est un homme de s\u00e9rail au service des travailleurs. Son exp\u00e9rience et sa personnalit\u00e9 font de lui l\u2019un des plus grands dirigeants de la principale organisation syndicale nationale. Depuis plusieurs ann\u00e9es, il joue un r\u00f4le d\u00e9terminant dans la d\u00e9fense des int\u00e9r\u00eats des travailleurs, avec une [&hellip;]\" \/>\n<meta property=\"og:url\" content=\"https:\/\/www.leprojecteurguinee.com\/index.php\/2026\/04\/12\/14315\/\" \/>\n<meta property=\"og:site_name\" content=\"leprojecteurguinee\" \/>\n<meta property=\"article:published_time\" content=\"2026-04-12T18:31:37+00:00\" \/>\n<meta property=\"article:modified_time\" content=\"2026-04-12T18:32:06+00:00\" \/>\n<meta property=\"og:image\" content=\"https:\/\/www.leprojecteurguinee.com\/wp-content\/uploads\/2026\/04\/5E5B7B05-4472-43F5-9562-EA983FC766D6.jpeg\" \/>\n\t<meta property=\"og:image:width\" content=\"866\" \/>\n\t<meta property=\"og:image:height\" content=\"577\" \/>\n\t<meta property=\"og:image:type\" content=\"image\/jpeg\" \/>\n<meta name=\"author\" content=\"www.leprojecteurguinee.com\" \/>\n<meta name=\"twitter:card\" content=\"summary_large_image\" \/>\n<meta name=\"twitter:label1\" content=\"\u00c9crit par\" \/>\n\t<meta name=\"twitter:data1\" content=\"www.leprojecteurguinee.com\" \/>\n\t<meta name=\"twitter:label2\" content=\"Dur\u00e9e de lecture estim\u00e9e\" \/>\n\t<meta name=\"twitter:data2\" content=\"2 minutes\" \/>\n<script type=\"application\/ld+json\" class=\"yoast-schema-graph\">{\"@context\":\"https:\/\/schema.org\",\"@graph\":[{\"@type\":\"Article\",\"@id\":\"https:\/\/www.leprojecteurguinee.com\/index.php\/2026\/04\/12\/14315\/#article\",\"isPartOf\":{\"@id\":\"https:\/\/www.leprojecteurguinee.com\/index.php\/2026\/04\/12\/14315\/\"},\"author\":{\"name\":\"www.leprojecteurguinee.com\",\"@id\":\"https:\/\/www.leprojecteurguinee.com\/#\/schema\/person\/c9d1602e593b11af0b295bdf5e12a59a\"},\"headline\":\"Le G\u00e9n\u00e9ral Amadou Diallo, la l\u00e9gende vivante du syndicalisme guin\u00e9en\",\"datePublished\":\"2026-04-12T18:31:37+00:00\",\"dateModified\":\"2026-04-12T18:32:06+00:00\",\"mainEntityOfPage\":{\"@id\":\"https:\/\/www.leprojecteurguinee.com\/index.php\/2026\/04\/12\/14315\/\"},\"wordCount\":390,\"commentCount\":0,\"image\":{\"@id\":\"https:\/\/www.leprojecteurguinee.com\/index.php\/2026\/04\/12\/14315\/#primaryimage\"},\"thumbnailUrl\":\"https:\/\/www.leprojecteurguinee.com\/wp-content\/uploads\/2026\/04\/5E5B7B05-4472-43F5-9562-EA983FC766D6.jpeg\",\"articleSection\":[\"Soci\u00e9t\u00e9\"],\"inLanguage\":\"fr-FR\",\"potentialAction\":[{\"@type\":\"CommentAction\",\"name\":\"Comment\",\"target\":[\"https:\/\/www.leprojecteurguinee.com\/index.php\/2026\/04\/12\/14315\/#respond\"]}]},{\"@type\":\"WebPage\",\"@id\":\"https:\/\/www.leprojecteurguinee.com\/index.php\/2026\/04\/12\/14315\/\",\"url\":\"https:\/\/www.leprojecteurguinee.com\/index.php\/2026\/04\/12\/14315\/\",\"name\":\"Le G\u00e9n\u00e9ral Amadou Diallo, la l\u00e9gende vivante du syndicalisme guin\u00e9en - leprojecteurguinee\",\"isPartOf\":{\"@id\":\"https:\/\/www.leprojecteurguinee.com\/#website\"},\"primaryImageOfPage\":{\"@id\":\"https:\/\/www.leprojecteurguinee.com\/index.php\/2026\/04\/12\/14315\/#primaryimage\"},\"image\":{\"@id\":\"https:\/\/www.leprojecteurguinee.com\/index.php\/2026\/04\/12\/14315\/#primaryimage\"},\"thumbnailUrl\":\"https:\/\/www.leprojecteurguinee.com\/wp-content\/uploads\/2026\/04\/5E5B7B05-4472-43F5-9562-EA983FC766D6.jpeg\",\"datePublished\":\"2026-04-12T18:31:37+00:00\",\"dateModified\":\"2026-04-12T18:32:06+00:00\",\"author\":{\"@id\":\"https:\/\/www.leprojecteurguinee.com\/#\/schema\/person\/c9d1602e593b11af0b295bdf5e12a59a\"},\"breadcrumb\":{\"@id\":\"https:\/\/www.leprojecteurguinee.com\/index.php\/2026\/04\/12\/14315\/#breadcrumb\"},\"inLanguage\":\"fr-FR\",\"potentialAction\":[{\"@type\":\"ReadAction\",\"target\":[\"https:\/\/www.leprojecteurguinee.com\/index.php\/2026\/04\/12\/14315\/\"]}]},{\"@type\":\"ImageObject\",\"inLanguage\":\"fr-FR\",\"@id\":\"https:\/\/www.leprojecteurguinee.com\/index.php\/2026\/04\/12\/14315\/#primaryimage\",\"url\":\"https:\/\/www.leprojecteurguinee.com\/wp-content\/uploads\/2026\/04\/5E5B7B05-4472-43F5-9562-EA983FC766D6.jpeg\",\"contentUrl\":\"https:\/\/www.leprojecteurguinee.com\/wp-content\/uploads\/2026\/04\/5E5B7B05-4472-43F5-9562-EA983FC766D6.jpeg\",\"width\":866,\"height\":577},{\"@type\":\"BreadcrumbList\",\"@id\":\"https:\/\/www.leprojecteurguinee.com\/index.php\/2026\/04\/12\/14315\/#breadcrumb\",\"itemListElement\":[{\"@type\":\"ListItem\",\"position\":1,\"name\":\"Accueil\",\"item\":\"https:\/\/www.leprojecteurguinee.com\/\"},{\"@type\":\"ListItem\",\"position\":2,\"name\":\"Le G\u00e9n\u00e9ral Amadou Diallo, la l\u00e9gende vivante du syndicalisme guin\u00e9en\"}]},{\"@type\":\"WebSite\",\"@id\":\"https:\/\/www.leprojecteurguinee.com\/#website\",\"url\":\"https:\/\/www.leprojecteurguinee.com\/\",\"name\":\"leprojecteurguinee\",\"description\":\"Nous luttons contre les pratiques obscures\",\"potentialAction\":[{\"@type\":\"SearchAction\",\"target\":{\"@type\":\"EntryPoint\",\"urlTemplate\":\"https:\/\/www.leprojecteurguinee.com\/?s={search_term_string}\"},\"query-input\":{\"@type\":\"PropertyValueSpecification\",\"valueRequired\":true,\"valueName\":\"search_term_string\"}}],\"inLanguage\":\"fr-FR\"},{\"@type\":\"Person\",\"@id\":\"https:\/\/www.leprojecteurguinee.com\/#\/schema\/person\/c9d1602e593b11af0b295bdf5e12a59a\",\"name\":\"www.leprojecteurguinee.com\",\"image\":{\"@type\":\"ImageObject\",\"inLanguage\":\"fr-FR\",\"@id\":\"https:\/\/www.leprojecteurguinee.com\/#\/schema\/person\/image\/\",\"url\":\"https:\/\/secure.gravatar.com\/avatar\/d73703fcd03dcba36d2bb23326e491935423a46800f1ebf8f61b70e62b70e55a?s=96&d=mm&r=g\",\"contentUrl\":\"https:\/\/secure.gravatar.com\/avatar\/d73703fcd03dcba36d2bb23326e491935423a46800f1ebf8f61b70e62b70e55a?s=96&d=mm&r=g\",\"caption\":\"www.leprojecteurguinee.com\"},\"description\":\"Administrateur G\u00e9n\u00e9ral\",\"sameAs\":[\"http:\/\/www.leprojeceteurguinee.com\"],\"url\":\"https:\/\/www.leprojecteurguinee.com\/index.php\/author\/fadigagn\/\"}]}<\/script>\n<!-- \/ Yoast SEO plugin. -->","yoast_head_json":{"title":"Le G\u00e9n\u00e9ral Amadou Diallo, la l\u00e9gende vivante du syndicalisme guin\u00e9en - leprojecteurguinee","robots":{"index":"index","follow":"follow","max-snippet":"max-snippet:-1","max-image-preview":"max-image-preview:large","max-video-preview":"max-video-preview:-1"},"canonical":"https:\/\/www.leprojecteurguinee.com\/index.php\/2026\/04\/12\/14315\/","og_locale":"fr_FR","og_type":"article","og_title":"Le G\u00e9n\u00e9ral Amadou Diallo, la l\u00e9gende vivante du syndicalisme guin\u00e9en - leprojecteurguinee","og_description":"Le Secr\u00e9taire g\u00e9n\u00e9ral de la CNTG depuis une dizaine d\u2019ann\u00e9es est un homme de s\u00e9rail au service des travailleurs. Son exp\u00e9rience et sa personnalit\u00e9 font de lui l\u2019un des plus grands dirigeants de la principale organisation syndicale nationale. Depuis plusieurs ann\u00e9es, il joue un r\u00f4le d\u00e9terminant dans la d\u00e9fense des int\u00e9r\u00eats des travailleurs, avec une [&hellip;]","og_url":"https:\/\/www.leprojecteurguinee.com\/index.php\/2026\/04\/12\/14315\/","og_site_name":"leprojecteurguinee","article_published_time":"2026-04-12T18:31:37+00:00","article_modified_time":"2026-04-12T18:32:06+00:00","og_image":[{"width":866,"height":577,"url":"https:\/\/www.leprojecteurguinee.com\/wp-content\/uploads\/2026\/04\/5E5B7B05-4472-43F5-9562-EA983FC766D6.jpeg","type":"image\/jpeg"}],"author":"www.leprojecteurguinee.com","twitter_card":"summary_large_image","twitter_misc":{"\u00c9crit par":"www.leprojecteurguinee.com","Dur\u00e9e de lecture estim\u00e9e":"2 minutes"},"schema":{"@context":"https:\/\/schema.org","@graph":[{"@type":"Article","@id":"https:\/\/www.leprojecteurguinee.com\/index.php\/2026\/04\/12\/14315\/#article","isPartOf":{"@id":"https:\/\/www.leprojecteurguinee.com\/index.php\/2026\/04\/12\/14315\/"},"author":{"name":"www.leprojecteurguinee.com","@id":"https:\/\/www.leprojecteurguinee.com\/#\/schema\/person\/c9d1602e593b11af0b295bdf5e12a59a"},"headline":"Le G\u00e9n\u00e9ral Amadou Diallo, la l\u00e9gende vivante du syndicalisme guin\u00e9en","datePublished":"2026-04-12T18:31:37+00:00","dateModified":"2026-04-12T18:32:06+00:00","mainEntityOfPage":{"@id":"https:\/\/www.leprojecteurguinee.com\/index.php\/2026\/04\/12\/14315\/"},"wordCount":390,"commentCount":0,"image":{"@id":"https:\/\/www.leprojecteurguinee.com\/index.php\/2026\/04\/12\/14315\/#primaryimage"},"thumbnailUrl":"https:\/\/www.leprojecteurguinee.com\/wp-content\/uploads\/2026\/04\/5E5B7B05-4472-43F5-9562-EA983FC766D6.jpeg","articleSection":["Soci\u00e9t\u00e9"],"inLanguage":"fr-FR","potentialAction":[{"@type":"CommentAction","name":"Comment","target":["https:\/\/www.leprojecteurguinee.com\/index.php\/2026\/04\/12\/14315\/#respond"]}]},{"@type":"WebPage","@id":"https:\/\/www.leprojecteurguinee.com\/index.php\/2026\/04\/12\/14315\/","url":"https:\/\/www.leprojecteurguinee.com\/index.php\/2026\/04\/12\/14315\/","name":"Le G\u00e9n\u00e9ral Amadou Diallo, la l\u00e9gende vivante du syndicalisme guin\u00e9en - leprojecteurguinee","isPartOf":{"@id":"https:\/\/www.leprojecteurguinee.com\/#website"},"primaryImageOfPage":{"@id":"https:\/\/www.leprojecteurguinee.com\/index.php\/2026\/04\/12\/14315\/#primaryimage"},"image":{"@id":"https:\/\/www.leprojecteurguinee.com\/index.php\/2026\/04\/12\/14315\/#primaryimage"},"thumbnailUrl":"https:\/\/www.leprojecteurguinee.com\/wp-content\/uploads\/2026\/04\/5E5B7B05-4472-43F5-9562-EA983FC766D6.jpeg","datePublished":"2026-04-12T18:31:37+00:00","dateModified":"2026-04-12T18:32:06+00:00","author":{"@id":"https:\/\/www.leprojecteurguinee.com\/#\/schema\/person\/c9d1602e593b11af0b295bdf5e12a59a"},"breadcrumb":{"@id":"https:\/\/www.leprojecteurguinee.com\/index.php\/2026\/04\/12\/14315\/#breadcrumb"},"inLanguage":"fr-FR","potentialAction":[{"@type":"ReadAction","target":["https:\/\/www.leprojecteurguinee.com\/index.php\/2026\/04\/12\/14315\/"]}]},{"@type":"ImageObject","inLanguage":"fr-FR","@id":"https:\/\/www.leprojecteurguinee.com\/index.php\/2026\/04\/12\/14315\/#primaryimage","url":"https:\/\/www.leprojecteurguinee.com\/wp-content\/uploads\/2026\/04\/5E5B7B05-4472-43F5-9562-EA983FC766D6.jpeg","contentUrl":"https:\/\/www.leprojecteurguinee.com\/wp-content\/uploads\/2026\/04\/5E5B7B05-4472-43F5-9562-EA983FC766D6.jpeg","width":866,"height":577},{"@type":"BreadcrumbList","@id":"https:\/\/www.leprojecteurguinee.com\/index.php\/2026\/04\/12\/14315\/#breadcrumb","itemListElement":[{"@type":"ListItem","position":1,"name":"Accueil","item":"https:\/\/www.leprojecteurguinee.com\/"},{"@type":"ListItem","position":2,"name":"Le G\u00e9n\u00e9ral Amadou Diallo, la l\u00e9gende vivante du syndicalisme guin\u00e9en"}]},{"@type":"WebSite","@id":"https:\/\/www.leprojecteurguinee.com\/#website","url":"https:\/\/www.leprojecteurguinee.com\/","name":"leprojecteurguinee","description":"Nous luttons contre les pratiques obscures","potentialAction":[{"@type":"SearchAction","target":{"@type":"EntryPoint","urlTemplate":"https:\/\/www.leprojecteurguinee.com\/?s={search_term_string}"},"query-input":{"@type":"PropertyValueSpecification","valueRequired":true,"valueName":"search_term_string"}}],"inLanguage":"fr-FR"},{"@type":"Person","@id":"https:\/\/www.leprojecteurguinee.com\/#\/schema\/person\/c9d1602e593b11af0b295bdf5e12a59a","name":"www.leprojecteurguinee.com","image":{"@type":"ImageObject","inLanguage":"fr-FR","@id":"https:\/\/www.leprojecteurguinee.com\/#\/schema\/person\/image\/","url":"https:\/\/secure.gravatar.com\/avatar\/d73703fcd03dcba36d2bb23326e491935423a46800f1ebf8f61b70e62b70e55a?s=96&d=mm&r=g","contentUrl":"https:\/\/secure.gravatar.com\/avatar\/d73703fcd03dcba36d2bb23326e491935423a46800f1ebf8f61b70e62b70e55a?s=96&d=mm&r=g","caption":"www.leprojecteurguinee.com"},"description":"Administrateur G\u00e9n\u00e9ral","sameAs":["http:\/\/www.leprojeceteurguinee.com"],"url":"https:\/\/www.leprojecteurguinee.com\/index.php\/author\/fadigagn\/"}]}},"_links":{"self":[{"href":"https:\/\/www.leprojecteurguinee.com\/index.php\/wp-json\/wp\/v2\/posts\/14315","targetHints":{"allow":["GET"]}}],"collection":[{"href":"https:\/\/www.leprojecteurguinee.com\/index.php\/wp-json\/wp\/v2\/posts"}],"about":[{"href":"https:\/\/www.leprojecteurguinee.com\/index.php\/wp-json\/wp\/v2\/types\/post"}],"author":[{"embeddable":true,"href":"https:\/\/www.leprojecteurguinee.com\/index.php\/wp-json\/wp\/v2\/users\/2"}],"replies":[{"embeddable":true,"href":"https:\/\/www.leprojecteurguinee.com\/index.php\/wp-json\/wp\/v2\/comments?post=14315"}],"version-history":[{"count":2,"href":"https:\/\/www.leprojecteurguinee.com\/index.php\/wp-json\/wp\/v2\/posts\/14315\/revisions"}],"predecessor-version":[{"id":14318,"href":"https:\/\/www.leprojecteurguinee.com\/index.php\/wp-json\/wp\/v2\/posts\/14315\/revisions\/14318"}],"wp:featuredmedia":[{"embeddable":true,"href":"https:\/\/www.leprojecteurguinee.com\/index.php\/wp-json\/wp\/v2\/media\/14316"}],"wp:attachment":[{"href":"https:\/\/www.leprojecteurguinee.com\/index.php\/wp-json\/wp\/v2\/media?parent=14315"}],"wp:term":[{"taxonomy":"category","embeddable":true,"href":"https:\/\/www.leprojecteurguinee.com\/index.php\/wp-json\/wp\/v2\/categories?post=14315"},{"taxonomy":"post_tag","embeddable":true,"href":"https:\/\/www.leprojecteurguinee.com\/index.php\/wp-json\/wp\/v2\/tags?post=14315"}],"curies":[{"name":"wp","href":"https:\/\/api.w.org\/{rel}","templated":true}]}}