{"id":14154,"date":"2026-03-10T12:16:39","date_gmt":"2026-03-10T12:16:39","guid":{"rendered":"https:\/\/www.leprojecteurguinee.com\/?p=14154"},"modified":"2026-03-10T12:16:39","modified_gmt":"2026-03-10T12:16:39","slug":"crief-laffaire-de-lex-gouverneur-de-la-bcrg-cherif-bah-renvoyee-au-17-mars-pour-sa-comparution","status":"publish","type":"post","link":"https:\/\/www.leprojecteurguinee.com\/index.php\/2026\/03\/10\/crief-laffaire-de-lex-gouverneur-de-la-bcrg-cherif-bah-renvoyee-au-17-mars-pour-sa-comparution\/","title":{"rendered":"CRIEF : l\u2019affaire de l\u2019ex-gouverneur de la BCRG Ch\u00e9rif Bah renvoy\u00e9e au 17 mars pour sa comparution"},"content":{"rendered":"<p>Le proc\u00e8s en appel d\u2019Ibrahima Ch\u00e9rif Bah s\u2019est ouvert ce mardi 10 mars 2026. Condamn\u00e9 en instance \u00e0 5 ans de prison avec une amende de 5 milliards de francs guin\u00e9ens pour des faits de \u00ab d\u00e9tournement de deniers publics, corruption, enrichissement illicite, blanchiment de capitaux, abus de fonction, vol et complicit\u00e9 \u00bb, l\u2019ancien gouverneur de la Banque centrale de la R\u00e9publique de Guin\u00e9e a interjet\u00e9 appel de cette d\u00e9cision.<\/p>\n<p>Le pr\u00e9venu \u00e9tant absent \u00e0 l\u2019audience du jour, l\u2019avocat d\u2019Ibrahima Ch\u00e9rif Bah n\u2019a pas eu droit \u00e0 la parole.<\/p>\n<p>Cependant, le procureur sp\u00e9cial Aly Tour\u00e9 a expliqu\u00e9 \u00e0 la Cour que l\u2019acte de citation a bel et bien \u00e9t\u00e9 servi au condamn\u00e9 Ibrahima Ch\u00e9rif Bah. Comme pour dire que les raisons de son absence sont injustifi\u00e9es. Raison pour laquelle il a sollicit\u00e9 de la Cour de cl\u00f4turer les d\u00e9bats et d\u2019ordonner les plaidoiries et r\u00e9quisitions.<\/p>\n<p>Une demande qui n\u2019a pas \u00e9t\u00e9 accept\u00e9e par le juge Francis Kova Zoumanigui, qui a d\u00e9cid\u00e9 de renvoyer l\u2019affaire au 17 mars prochain pour la comparution du pr\u00e9venu.<\/p>\n<p>Affaire \u00e0 suivre !<\/p>\n","protected":false},"excerpt":{"rendered":"<p>Le proc\u00e8s en appel d\u2019Ibrahima Ch\u00e9rif Bah s\u2019est ouvert ce mardi 10 mars 2026. Condamn\u00e9 en instance \u00e0 5 ans de prison avec une amende de 5 milliards de francs guin\u00e9ens pour des faits de \u00ab d\u00e9tournement de deniers publics, corruption, enrichissement illicite, blanchiment de capitaux, abus de fonction, vol et complicit\u00e9 \u00bb, l\u2019ancien gouverneur [&hellip;]<\/p>\n","protected":false},"author":2,"featured_media":14155,"comment_status":"open","ping_status":"open","sticky":false,"template":"","format":"standard","meta":{"footnotes":""},"categories":[20],"tags":[],"class_list":["post-14154","post","type-post","status-publish","format-standard","has-post-thumbnail","hentry","category-societe"],"yoast_head":"<!-- This site is optimized with the Yoast SEO plugin v26.8 - https:\/\/yoast.com\/product\/yoast-seo-wordpress\/ -->\n<title>CRIEF : l\u2019affaire de l\u2019ex-gouverneur de la BCRG Ch\u00e9rif Bah renvoy\u00e9e au 17 mars pour sa comparution - leprojecteurguinee<\/title>\n<meta name=\"robots\" content=\"index, follow, max-snippet:-1, max-image-preview:large, max-video-preview:-1\" \/>\n<link rel=\"canonical\" href=\"https:\/\/www.leprojecteurguinee.com\/index.php\/2026\/03\/10\/crief-laffaire-de-lex-gouverneur-de-la-bcrg-cherif-bah-renvoyee-au-17-mars-pour-sa-comparution\/\" \/>\n<meta property=\"og:locale\" content=\"fr_FR\" \/>\n<meta property=\"og:type\" content=\"article\" \/>\n<meta property=\"og:title\" content=\"CRIEF : l\u2019affaire de l\u2019ex-gouverneur de la BCRG Ch\u00e9rif Bah renvoy\u00e9e au 17 mars pour sa comparution - leprojecteurguinee\" \/>\n<meta property=\"og:description\" content=\"Le proc\u00e8s en appel d\u2019Ibrahima Ch\u00e9rif Bah s\u2019est ouvert ce mardi 10 mars 2026. Condamn\u00e9 en instance \u00e0 5 ans de prison avec une amende de 5 milliards de francs guin\u00e9ens pour des faits de \u00ab d\u00e9tournement de deniers publics, corruption, enrichissement illicite, blanchiment de capitaux, abus de fonction, vol et complicit\u00e9 \u00bb, l\u2019ancien gouverneur [&hellip;]\" \/>\n<meta property=\"og:url\" content=\"https:\/\/www.leprojecteurguinee.com\/index.php\/2026\/03\/10\/crief-laffaire-de-lex-gouverneur-de-la-bcrg-cherif-bah-renvoyee-au-17-mars-pour-sa-comparution\/\" \/>\n<meta property=\"og:site_name\" content=\"leprojecteurguinee\" \/>\n<meta property=\"article:published_time\" content=\"2026-03-10T12:16:39+00:00\" \/>\n<meta property=\"og:image\" content=\"https:\/\/www.leprojecteurguinee.com\/wp-content\/uploads\/2026\/03\/Cherif-Bah.webp\" \/>\n\t<meta property=\"og:image:width\" content=\"696\" \/>\n\t<meta property=\"og:image:height\" content=\"464\" \/>\n\t<meta property=\"og:image:type\" content=\"image\/webp\" \/>\n<meta name=\"author\" content=\"www.leprojecteurguinee.com\" \/>\n<meta name=\"twitter:card\" content=\"summary_large_image\" \/>\n<meta name=\"twitter:label1\" content=\"\u00c9crit par\" \/>\n\t<meta name=\"twitter:data1\" content=\"www.leprojecteurguinee.com\" \/>\n\t<meta name=\"twitter:label2\" content=\"Dur\u00e9e de lecture estim\u00e9e\" \/>\n\t<meta name=\"twitter:data2\" content=\"2 minutes\" \/>\n<script type=\"application\/ld+json\" class=\"yoast-schema-graph\">{\"@context\":\"https:\/\/schema.org\",\"@graph\":[{\"@type\":\"Article\",\"@id\":\"https:\/\/www.leprojecteurguinee.com\/index.php\/2026\/03\/10\/crief-laffaire-de-lex-gouverneur-de-la-bcrg-cherif-bah-renvoyee-au-17-mars-pour-sa-comparution\/#article\",\"isPartOf\":{\"@id\":\"https:\/\/www.leprojecteurguinee.com\/index.php\/2026\/03\/10\/crief-laffaire-de-lex-gouverneur-de-la-bcrg-cherif-bah-renvoyee-au-17-mars-pour-sa-comparution\/\"},\"author\":{\"name\":\"www.leprojecteurguinee.com\",\"@id\":\"https:\/\/www.leprojecteurguinee.com\/#\/schema\/person\/c9d1602e593b11af0b295bdf5e12a59a\"},\"headline\":\"CRIEF : l\u2019affaire de l\u2019ex-gouverneur de la BCRG Ch\u00e9rif Bah renvoy\u00e9e au 17 mars pour sa comparution\",\"datePublished\":\"2026-03-10T12:16:39+00:00\",\"mainEntityOfPage\":{\"@id\":\"https:\/\/www.leprojecteurguinee.com\/index.php\/2026\/03\/10\/crief-laffaire-de-lex-gouverneur-de-la-bcrg-cherif-bah-renvoyee-au-17-mars-pour-sa-comparution\/\"},\"wordCount\":212,\"commentCount\":0,\"image\":{\"@id\":\"https:\/\/www.leprojecteurguinee.com\/index.php\/2026\/03\/10\/crief-laffaire-de-lex-gouverneur-de-la-bcrg-cherif-bah-renvoyee-au-17-mars-pour-sa-comparution\/#primaryimage\"},\"thumbnailUrl\":\"https:\/\/www.leprojecteurguinee.com\/wp-content\/uploads\/2026\/03\/Cherif-Bah.webp\",\"articleSection\":[\"Soci\u00e9t\u00e9\"],\"inLanguage\":\"fr-FR\",\"potentialAction\":[{\"@type\":\"CommentAction\",\"name\":\"Comment\",\"target\":[\"https:\/\/www.leprojecteurguinee.com\/index.php\/2026\/03\/10\/crief-laffaire-de-lex-gouverneur-de-la-bcrg-cherif-bah-renvoyee-au-17-mars-pour-sa-comparution\/#respond\"]}]},{\"@type\":\"WebPage\",\"@id\":\"https:\/\/www.leprojecteurguinee.com\/index.php\/2026\/03\/10\/crief-laffaire-de-lex-gouverneur-de-la-bcrg-cherif-bah-renvoyee-au-17-mars-pour-sa-comparution\/\",\"url\":\"https:\/\/www.leprojecteurguinee.com\/index.php\/2026\/03\/10\/crief-laffaire-de-lex-gouverneur-de-la-bcrg-cherif-bah-renvoyee-au-17-mars-pour-sa-comparution\/\",\"name\":\"CRIEF : l\u2019affaire de l\u2019ex-gouverneur de la BCRG Ch\u00e9rif Bah renvoy\u00e9e au 17 mars pour sa comparution - leprojecteurguinee\",\"isPartOf\":{\"@id\":\"https:\/\/www.leprojecteurguinee.com\/#website\"},\"primaryImageOfPage\":{\"@id\":\"https:\/\/www.leprojecteurguinee.com\/index.php\/2026\/03\/10\/crief-laffaire-de-lex-gouverneur-de-la-bcrg-cherif-bah-renvoyee-au-17-mars-pour-sa-comparution\/#primaryimage\"},\"image\":{\"@id\":\"https:\/\/www.leprojecteurguinee.com\/index.php\/2026\/03\/10\/crief-laffaire-de-lex-gouverneur-de-la-bcrg-cherif-bah-renvoyee-au-17-mars-pour-sa-comparution\/#primaryimage\"},\"thumbnailUrl\":\"https:\/\/www.leprojecteurguinee.com\/wp-content\/uploads\/2026\/03\/Cherif-Bah.webp\",\"datePublished\":\"2026-03-10T12:16:39+00:00\",\"author\":{\"@id\":\"https:\/\/www.leprojecteurguinee.com\/#\/schema\/person\/c9d1602e593b11af0b295bdf5e12a59a\"},\"breadcrumb\":{\"@id\":\"https:\/\/www.leprojecteurguinee.com\/index.php\/2026\/03\/10\/crief-laffaire-de-lex-gouverneur-de-la-bcrg-cherif-bah-renvoyee-au-17-mars-pour-sa-comparution\/#breadcrumb\"},\"inLanguage\":\"fr-FR\",\"potentialAction\":[{\"@type\":\"ReadAction\",\"target\":[\"https:\/\/www.leprojecteurguinee.com\/index.php\/2026\/03\/10\/crief-laffaire-de-lex-gouverneur-de-la-bcrg-cherif-bah-renvoyee-au-17-mars-pour-sa-comparution\/\"]}]},{\"@type\":\"ImageObject\",\"inLanguage\":\"fr-FR\",\"@id\":\"https:\/\/www.leprojecteurguinee.com\/index.php\/2026\/03\/10\/crief-laffaire-de-lex-gouverneur-de-la-bcrg-cherif-bah-renvoyee-au-17-mars-pour-sa-comparution\/#primaryimage\",\"url\":\"https:\/\/www.leprojecteurguinee.com\/wp-content\/uploads\/2026\/03\/Cherif-Bah.webp\",\"contentUrl\":\"https:\/\/www.leprojecteurguinee.com\/wp-content\/uploads\/2026\/03\/Cherif-Bah.webp\",\"width\":696,\"height\":464},{\"@type\":\"BreadcrumbList\",\"@id\":\"https:\/\/www.leprojecteurguinee.com\/index.php\/2026\/03\/10\/crief-laffaire-de-lex-gouverneur-de-la-bcrg-cherif-bah-renvoyee-au-17-mars-pour-sa-comparution\/#breadcrumb\",\"itemListElement\":[{\"@type\":\"ListItem\",\"position\":1,\"name\":\"Accueil\",\"item\":\"https:\/\/www.leprojecteurguinee.com\/\"},{\"@type\":\"ListItem\",\"position\":2,\"name\":\"CRIEF : l\u2019affaire de l\u2019ex-gouverneur de la BCRG Ch\u00e9rif Bah renvoy\u00e9e au 17 mars pour sa comparution\"}]},{\"@type\":\"WebSite\",\"@id\":\"https:\/\/www.leprojecteurguinee.com\/#website\",\"url\":\"https:\/\/www.leprojecteurguinee.com\/\",\"name\":\"leprojecteurguinee\",\"description\":\"Nous luttons contre les pratiques obscures\",\"potentialAction\":[{\"@type\":\"SearchAction\",\"target\":{\"@type\":\"EntryPoint\",\"urlTemplate\":\"https:\/\/www.leprojecteurguinee.com\/?s={search_term_string}\"},\"query-input\":{\"@type\":\"PropertyValueSpecification\",\"valueRequired\":true,\"valueName\":\"search_term_string\"}}],\"inLanguage\":\"fr-FR\"},{\"@type\":\"Person\",\"@id\":\"https:\/\/www.leprojecteurguinee.com\/#\/schema\/person\/c9d1602e593b11af0b295bdf5e12a59a\",\"name\":\"www.leprojecteurguinee.com\",\"image\":{\"@type\":\"ImageObject\",\"inLanguage\":\"fr-FR\",\"@id\":\"https:\/\/www.leprojecteurguinee.com\/#\/schema\/person\/image\/\",\"url\":\"https:\/\/secure.gravatar.com\/avatar\/d73703fcd03dcba36d2bb23326e491935423a46800f1ebf8f61b70e62b70e55a?s=96&d=mm&r=g\",\"contentUrl\":\"https:\/\/secure.gravatar.com\/avatar\/d73703fcd03dcba36d2bb23326e491935423a46800f1ebf8f61b70e62b70e55a?s=96&d=mm&r=g\",\"caption\":\"www.leprojecteurguinee.com\"},\"description\":\"Administrateur G\u00e9n\u00e9ral\",\"sameAs\":[\"http:\/\/www.leprojeceteurguinee.com\"],\"url\":\"https:\/\/www.leprojecteurguinee.com\/index.php\/author\/fadigagn\/\"}]}<\/script>\n<!-- \/ Yoast SEO plugin. -->","yoast_head_json":{"title":"CRIEF : l\u2019affaire de l\u2019ex-gouverneur de la BCRG Ch\u00e9rif Bah renvoy\u00e9e au 17 mars pour sa comparution - leprojecteurguinee","robots":{"index":"index","follow":"follow","max-snippet":"max-snippet:-1","max-image-preview":"max-image-preview:large","max-video-preview":"max-video-preview:-1"},"canonical":"https:\/\/www.leprojecteurguinee.com\/index.php\/2026\/03\/10\/crief-laffaire-de-lex-gouverneur-de-la-bcrg-cherif-bah-renvoyee-au-17-mars-pour-sa-comparution\/","og_locale":"fr_FR","og_type":"article","og_title":"CRIEF : l\u2019affaire de l\u2019ex-gouverneur de la BCRG Ch\u00e9rif Bah renvoy\u00e9e au 17 mars pour sa comparution - leprojecteurguinee","og_description":"Le proc\u00e8s en appel d\u2019Ibrahima Ch\u00e9rif Bah s\u2019est ouvert ce mardi 10 mars 2026. Condamn\u00e9 en instance \u00e0 5 ans de prison avec une amende de 5 milliards de francs guin\u00e9ens pour des faits de \u00ab d\u00e9tournement de deniers publics, corruption, enrichissement illicite, blanchiment de capitaux, abus de fonction, vol et complicit\u00e9 \u00bb, l\u2019ancien gouverneur [&hellip;]","og_url":"https:\/\/www.leprojecteurguinee.com\/index.php\/2026\/03\/10\/crief-laffaire-de-lex-gouverneur-de-la-bcrg-cherif-bah-renvoyee-au-17-mars-pour-sa-comparution\/","og_site_name":"leprojecteurguinee","article_published_time":"2026-03-10T12:16:39+00:00","og_image":[{"width":696,"height":464,"url":"https:\/\/www.leprojecteurguinee.com\/wp-content\/uploads\/2026\/03\/Cherif-Bah.webp","type":"image\/webp"}],"author":"www.leprojecteurguinee.com","twitter_card":"summary_large_image","twitter_misc":{"\u00c9crit par":"www.leprojecteurguinee.com","Dur\u00e9e de lecture estim\u00e9e":"2 minutes"},"schema":{"@context":"https:\/\/schema.org","@graph":[{"@type":"Article","@id":"https:\/\/www.leprojecteurguinee.com\/index.php\/2026\/03\/10\/crief-laffaire-de-lex-gouverneur-de-la-bcrg-cherif-bah-renvoyee-au-17-mars-pour-sa-comparution\/#article","isPartOf":{"@id":"https:\/\/www.leprojecteurguinee.com\/index.php\/2026\/03\/10\/crief-laffaire-de-lex-gouverneur-de-la-bcrg-cherif-bah-renvoyee-au-17-mars-pour-sa-comparution\/"},"author":{"name":"www.leprojecteurguinee.com","@id":"https:\/\/www.leprojecteurguinee.com\/#\/schema\/person\/c9d1602e593b11af0b295bdf5e12a59a"},"headline":"CRIEF : l\u2019affaire de l\u2019ex-gouverneur de la BCRG Ch\u00e9rif Bah renvoy\u00e9e au 17 mars pour sa comparution","datePublished":"2026-03-10T12:16:39+00:00","mainEntityOfPage":{"@id":"https:\/\/www.leprojecteurguinee.com\/index.php\/2026\/03\/10\/crief-laffaire-de-lex-gouverneur-de-la-bcrg-cherif-bah-renvoyee-au-17-mars-pour-sa-comparution\/"},"wordCount":212,"commentCount":0,"image":{"@id":"https:\/\/www.leprojecteurguinee.com\/index.php\/2026\/03\/10\/crief-laffaire-de-lex-gouverneur-de-la-bcrg-cherif-bah-renvoyee-au-17-mars-pour-sa-comparution\/#primaryimage"},"thumbnailUrl":"https:\/\/www.leprojecteurguinee.com\/wp-content\/uploads\/2026\/03\/Cherif-Bah.webp","articleSection":["Soci\u00e9t\u00e9"],"inLanguage":"fr-FR","potentialAction":[{"@type":"CommentAction","name":"Comment","target":["https:\/\/www.leprojecteurguinee.com\/index.php\/2026\/03\/10\/crief-laffaire-de-lex-gouverneur-de-la-bcrg-cherif-bah-renvoyee-au-17-mars-pour-sa-comparution\/#respond"]}]},{"@type":"WebPage","@id":"https:\/\/www.leprojecteurguinee.com\/index.php\/2026\/03\/10\/crief-laffaire-de-lex-gouverneur-de-la-bcrg-cherif-bah-renvoyee-au-17-mars-pour-sa-comparution\/","url":"https:\/\/www.leprojecteurguinee.com\/index.php\/2026\/03\/10\/crief-laffaire-de-lex-gouverneur-de-la-bcrg-cherif-bah-renvoyee-au-17-mars-pour-sa-comparution\/","name":"CRIEF : l\u2019affaire de l\u2019ex-gouverneur de la BCRG Ch\u00e9rif Bah renvoy\u00e9e au 17 mars pour sa comparution - leprojecteurguinee","isPartOf":{"@id":"https:\/\/www.leprojecteurguinee.com\/#website"},"primaryImageOfPage":{"@id":"https:\/\/www.leprojecteurguinee.com\/index.php\/2026\/03\/10\/crief-laffaire-de-lex-gouverneur-de-la-bcrg-cherif-bah-renvoyee-au-17-mars-pour-sa-comparution\/#primaryimage"},"image":{"@id":"https:\/\/www.leprojecteurguinee.com\/index.php\/2026\/03\/10\/crief-laffaire-de-lex-gouverneur-de-la-bcrg-cherif-bah-renvoyee-au-17-mars-pour-sa-comparution\/#primaryimage"},"thumbnailUrl":"https:\/\/www.leprojecteurguinee.com\/wp-content\/uploads\/2026\/03\/Cherif-Bah.webp","datePublished":"2026-03-10T12:16:39+00:00","author":{"@id":"https:\/\/www.leprojecteurguinee.com\/#\/schema\/person\/c9d1602e593b11af0b295bdf5e12a59a"},"breadcrumb":{"@id":"https:\/\/www.leprojecteurguinee.com\/index.php\/2026\/03\/10\/crief-laffaire-de-lex-gouverneur-de-la-bcrg-cherif-bah-renvoyee-au-17-mars-pour-sa-comparution\/#breadcrumb"},"inLanguage":"fr-FR","potentialAction":[{"@type":"ReadAction","target":["https:\/\/www.leprojecteurguinee.com\/index.php\/2026\/03\/10\/crief-laffaire-de-lex-gouverneur-de-la-bcrg-cherif-bah-renvoyee-au-17-mars-pour-sa-comparution\/"]}]},{"@type":"ImageObject","inLanguage":"fr-FR","@id":"https:\/\/www.leprojecteurguinee.com\/index.php\/2026\/03\/10\/crief-laffaire-de-lex-gouverneur-de-la-bcrg-cherif-bah-renvoyee-au-17-mars-pour-sa-comparution\/#primaryimage","url":"https:\/\/www.leprojecteurguinee.com\/wp-content\/uploads\/2026\/03\/Cherif-Bah.webp","contentUrl":"https:\/\/www.leprojecteurguinee.com\/wp-content\/uploads\/2026\/03\/Cherif-Bah.webp","width":696,"height":464},{"@type":"BreadcrumbList","@id":"https:\/\/www.leprojecteurguinee.com\/index.php\/2026\/03\/10\/crief-laffaire-de-lex-gouverneur-de-la-bcrg-cherif-bah-renvoyee-au-17-mars-pour-sa-comparution\/#breadcrumb","itemListElement":[{"@type":"ListItem","position":1,"name":"Accueil","item":"https:\/\/www.leprojecteurguinee.com\/"},{"@type":"ListItem","position":2,"name":"CRIEF : l\u2019affaire de l\u2019ex-gouverneur de la BCRG Ch\u00e9rif Bah renvoy\u00e9e au 17 mars pour sa comparution"}]},{"@type":"WebSite","@id":"https:\/\/www.leprojecteurguinee.com\/#website","url":"https:\/\/www.leprojecteurguinee.com\/","name":"leprojecteurguinee","description":"Nous luttons contre les pratiques obscures","potentialAction":[{"@type":"SearchAction","target":{"@type":"EntryPoint","urlTemplate":"https:\/\/www.leprojecteurguinee.com\/?s={search_term_string}"},"query-input":{"@type":"PropertyValueSpecification","valueRequired":true,"valueName":"search_term_string"}}],"inLanguage":"fr-FR"},{"@type":"Person","@id":"https:\/\/www.leprojecteurguinee.com\/#\/schema\/person\/c9d1602e593b11af0b295bdf5e12a59a","name":"www.leprojecteurguinee.com","image":{"@type":"ImageObject","inLanguage":"fr-FR","@id":"https:\/\/www.leprojecteurguinee.com\/#\/schema\/person\/image\/","url":"https:\/\/secure.gravatar.com\/avatar\/d73703fcd03dcba36d2bb23326e491935423a46800f1ebf8f61b70e62b70e55a?s=96&d=mm&r=g","contentUrl":"https:\/\/secure.gravatar.com\/avatar\/d73703fcd03dcba36d2bb23326e491935423a46800f1ebf8f61b70e62b70e55a?s=96&d=mm&r=g","caption":"www.leprojecteurguinee.com"},"description":"Administrateur G\u00e9n\u00e9ral","sameAs":["http:\/\/www.leprojeceteurguinee.com"],"url":"https:\/\/www.leprojecteurguinee.com\/index.php\/author\/fadigagn\/"}]}},"_links":{"self":[{"href":"https:\/\/www.leprojecteurguinee.com\/index.php\/wp-json\/wp\/v2\/posts\/14154","targetHints":{"allow":["GET"]}}],"collection":[{"href":"https:\/\/www.leprojecteurguinee.com\/index.php\/wp-json\/wp\/v2\/posts"}],"about":[{"href":"https:\/\/www.leprojecteurguinee.com\/index.php\/wp-json\/wp\/v2\/types\/post"}],"author":[{"embeddable":true,"href":"https:\/\/www.leprojecteurguinee.com\/index.php\/wp-json\/wp\/v2\/users\/2"}],"replies":[{"embeddable":true,"href":"https:\/\/www.leprojecteurguinee.com\/index.php\/wp-json\/wp\/v2\/comments?post=14154"}],"version-history":[{"count":1,"href":"https:\/\/www.leprojecteurguinee.com\/index.php\/wp-json\/wp\/v2\/posts\/14154\/revisions"}],"predecessor-version":[{"id":14156,"href":"https:\/\/www.leprojecteurguinee.com\/index.php\/wp-json\/wp\/v2\/posts\/14154\/revisions\/14156"}],"wp:featuredmedia":[{"embeddable":true,"href":"https:\/\/www.leprojecteurguinee.com\/index.php\/wp-json\/wp\/v2\/media\/14155"}],"wp:attachment":[{"href":"https:\/\/www.leprojecteurguinee.com\/index.php\/wp-json\/wp\/v2\/media?parent=14154"}],"wp:term":[{"taxonomy":"category","embeddable":true,"href":"https:\/\/www.leprojecteurguinee.com\/index.php\/wp-json\/wp\/v2\/categories?post=14154"},{"taxonomy":"post_tag","embeddable":true,"href":"https:\/\/www.leprojecteurguinee.com\/index.php\/wp-json\/wp\/v2\/tags?post=14154"}],"curies":[{"name":"wp","href":"https:\/\/api.w.org\/{rel}","templated":true}]}}