{"id":1408,"date":"2023-11-01T18:31:51","date_gmt":"2023-11-01T17:31:51","guid":{"rendered":"https:\/\/www.leprojecteurguinee.com\/?p=1408"},"modified":"2023-11-01T18:31:53","modified_gmt":"2023-11-01T17:31:53","slug":"guinee-larmee-fete-ses-65-ans-avec-fierte","status":"publish","type":"post","link":"https:\/\/www.leprojecteurguinee.com\/index.php\/2023\/11\/01\/guinee-larmee-fete-ses-65-ans-avec-fierte\/","title":{"rendered":"Guin\u00e9e :\u00a0l\u2019arm\u00e9e f\u00eate ses 65 ans avec fiert\u00e9."},"content":{"rendered":"\n<p>L\u2019arm\u00e9e guin\u00e9e a c\u00e9l\u00e9br\u00e9 ce mercredi 1er novembre 2023 la date anniversaire de l\u2019an 65 ans de sa cr\u00e9ation.\u00a0A\u00a0cette occasion, plusieurs activit\u00e9s ont \u00e9t\u00e9 organis\u00e9es dans les diff\u00e9rentes garnisons du pays.\u00a0A\u00a0Conakry, au camp\u00a0Samory\u00a0Tour\u00e9, des activit\u00e9s comm\u00e9mor\u00e9es ont \u00e9t\u00e9 organis\u00e9es pour l\u2019occasion.\u00a0Dans sa prise de parole, le Colonel\u00a0Moro\u00a0Diakit\u00e9, commandant du bataillon sp\u00e9cial de Conakry a exprim\u00e9 son sentiment tout en justifiant les raisons de la prise du pouvoir le 5 septembre 2021 par l&rsquo;arm\u00e9e \u00e0 t\u00eate le colonel\u00a0Mamady\u00a0Doumbouya.\u00a0\u00ab <em>L\u2019arm\u00e9e s&rsquo;est engag\u00e9e pour g\u00e9rer une transition parce que \u00e7a n&rsquo;allait pas.\u00a0Tout \u00e9tait dos \u00e0 dos,\u00a0Il\u00a0fallait que l&rsquo;arm\u00e9e prenne sa responsabilit\u00e9 et sous la clairvoyance de son excellence Colonel\u00a0Mamady\u00a0Doumbouya, on est en train de mener cette transition pour le bonheur de notre nation.\u00a0Nous souhaitons donc pour la population guin\u00e9enne, bonne chance et je les demande de vivre dans la paix.\u00a0Pour notre f\u00eate, nous sommes tr\u00e8s honor\u00e9s au\u00a0BSC\u00a0ici, nous\u00a0sommes contents, tout se passe bien.\u00a0Nous avons fait le rassemblement, on a fait le repas de corps et on s&rsquo;attend \u00e0 l&rsquo;inauguration de beaucoup d&rsquo;infrastructures.\u00a0<\/em>\u00bb<\/p>\n\n\n\n<p>Cette c\u00e9r\u00e9monie a \u00e9galement connu la pr\u00e9sence du conseil national de la transition repr\u00e9sent\u00e9 par sa premi\u00e8re vice-pr\u00e9sidente.\u00a0Ma\u00efmouna\u00a0Yombouno\u00a0a salu\u00e9 la bravoure de l&rsquo;arm\u00e9e guin\u00e9enne.\u00a0\u00ab <em>C&rsquo;est avec fiert\u00e9 que nous voyons l&rsquo;an 65 de l&rsquo;arm\u00e9e guin\u00e9enne.\u00a0Depuis l&rsquo;histoire qui remonte de 1958 \u00e0 nos jours, l&rsquo;arm\u00e9e guin\u00e9enne a effectu\u00e9 beaucoup de choses, les jeunes g\u00e9n\u00e9rations bien s\u00fbr, mais c&rsquo;est la m\u00eame dynamique qui continue.\u00a0Aujourd&rsquo;hui, nous nous rappelons du magnifique travail que l&rsquo;arm\u00e9e guin\u00e9enne a eu \u00e0 faire.\u00a0La lutte de lib\u00e9ration, l&rsquo;arm\u00e9e guin\u00e9enne a r\u00e9ussi \u00e0 aider les autres pays \u00e0 obtenir leur lib\u00e9ration.\u00a0C&rsquo;est une fiert\u00e9 pour nous.\u00a0Je veux rendre hommage \u00e0 l&rsquo;homme du 05 septembre le Colonel\u00a0Mamady\u00a0Doumbouya\u00a0ainsi qu&rsquo;aux membres du\u00a0CNRD, d&rsquo;avoir pris la d\u00e9cision de lib\u00e9rer la Guin\u00e9e.<\/em>\u00a0\u00bb<br>\u00c0 l\u2019int\u00e9rieur du pays, plusieurs festivit\u00e9s sont organis\u00e9es dans les garnisons du pays.\u00a0<\/p>\n","protected":false},"excerpt":{"rendered":"<p>L\u2019arm\u00e9e guin\u00e9e a c\u00e9l\u00e9br\u00e9 ce mercredi 1er novembre 2023 la date anniversaire de l\u2019an 65 ans de sa cr\u00e9ation.\u00a0A\u00a0cette occasion, plusieurs activit\u00e9s ont \u00e9t\u00e9 organis\u00e9es dans les diff\u00e9rentes garnisons du pays.\u00a0A\u00a0Conakry, au camp\u00a0Samory\u00a0Tour\u00e9, des activit\u00e9s comm\u00e9mor\u00e9es ont \u00e9t\u00e9 organis\u00e9es pour l\u2019occasion.\u00a0Dans sa prise de parole, le Colonel\u00a0Moro\u00a0Diakit\u00e9, commandant du bataillon sp\u00e9cial de Conakry a exprim\u00e9 [&hellip;]<\/p>\n","protected":false},"author":1,"featured_media":1409,"comment_status":"open","ping_status":"open","sticky":true,"template":"","format":"standard","meta":{"footnotes":""},"categories":[20],"tags":[393,19,17],"class_list":["post-1408","post","type-post","status-publish","format-standard","has-post-thumbnail","hentry","category-societe","tag-armee","tag-cnrd","tag-guinee"],"yoast_head":"<!-- This site is optimized with the Yoast SEO plugin v26.8 - https:\/\/yoast.com\/product\/yoast-seo-wordpress\/ -->\n<title>Guin\u00e9e :\u00a0l\u2019arm\u00e9e f\u00eate ses 65 ans avec fiert\u00e9. - leprojecteurguinee<\/title>\n<meta name=\"robots\" content=\"index, follow, max-snippet:-1, max-image-preview:large, max-video-preview:-1\" \/>\n<link rel=\"canonical\" href=\"https:\/\/www.leprojecteurguinee.com\/index.php\/2023\/11\/01\/guinee-larmee-fete-ses-65-ans-avec-fierte\/\" \/>\n<meta property=\"og:locale\" content=\"fr_FR\" \/>\n<meta property=\"og:type\" content=\"article\" \/>\n<meta property=\"og:title\" content=\"Guin\u00e9e :\u00a0l\u2019arm\u00e9e f\u00eate ses 65 ans avec fiert\u00e9. - leprojecteurguinee\" \/>\n<meta property=\"og:description\" content=\"L\u2019arm\u00e9e guin\u00e9e a c\u00e9l\u00e9br\u00e9 ce mercredi 1er novembre 2023 la date anniversaire de l\u2019an 65 ans de sa cr\u00e9ation.\u00a0A\u00a0cette occasion, plusieurs activit\u00e9s ont \u00e9t\u00e9 organis\u00e9es dans les diff\u00e9rentes garnisons du pays.\u00a0A\u00a0Conakry, au camp\u00a0Samory\u00a0Tour\u00e9, des activit\u00e9s comm\u00e9mor\u00e9es ont \u00e9t\u00e9 organis\u00e9es pour l\u2019occasion.\u00a0Dans sa prise de parole, le Colonel\u00a0Moro\u00a0Diakit\u00e9, commandant du bataillon sp\u00e9cial de Conakry a exprim\u00e9 [&hellip;]\" \/>\n<meta property=\"og:url\" content=\"https:\/\/www.leprojecteurguinee.com\/index.php\/2023\/11\/01\/guinee-larmee-fete-ses-65-ans-avec-fierte\/\" \/>\n<meta property=\"og:site_name\" content=\"leprojecteurguinee\" \/>\n<meta property=\"article:published_time\" content=\"2023-11-01T17:31:51+00:00\" \/>\n<meta property=\"article:modified_time\" content=\"2023-11-01T17:31:53+00:00\" \/>\n<meta property=\"og:image\" content=\"https:\/\/www.leprojecteurguinee.com\/wp-content\/uploads\/2023\/11\/7b8151c9-9c52-4ad2-945c-3afa70d69c2e.jpg\" \/>\n\t<meta property=\"og:image:width\" content=\"960\" \/>\n\t<meta property=\"og:image:height\" content=\"540\" \/>\n\t<meta property=\"og:image:type\" content=\"image\/jpeg\" \/>\n<meta name=\"author\" content=\"Leprojecteurguinee\" \/>\n<meta name=\"twitter:card\" content=\"summary_large_image\" \/>\n<meta name=\"twitter:label1\" content=\"\u00c9crit par\" \/>\n\t<meta name=\"twitter:data1\" content=\"Leprojecteurguinee\" \/>\n\t<meta name=\"twitter:label2\" content=\"Dur\u00e9e de lecture estim\u00e9e\" \/>\n\t<meta name=\"twitter:data2\" content=\"2 minutes\" \/>\n<script type=\"application\/ld+json\" class=\"yoast-schema-graph\">{\"@context\":\"https:\/\/schema.org\",\"@graph\":[{\"@type\":\"Article\",\"@id\":\"https:\/\/www.leprojecteurguinee.com\/index.php\/2023\/11\/01\/guinee-larmee-fete-ses-65-ans-avec-fierte\/#article\",\"isPartOf\":{\"@id\":\"https:\/\/www.leprojecteurguinee.com\/index.php\/2023\/11\/01\/guinee-larmee-fete-ses-65-ans-avec-fierte\/\"},\"author\":{\"name\":\"Leprojecteurguinee\",\"@id\":\"https:\/\/www.leprojecteurguinee.com\/#\/schema\/person\/389671d1a3f0c66e6c91c4a765990c1b\"},\"headline\":\"Guin\u00e9e :\u00a0l\u2019arm\u00e9e f\u00eate ses 65 ans avec fiert\u00e9.\",\"datePublished\":\"2023-11-01T17:31:51+00:00\",\"dateModified\":\"2023-11-01T17:31:53+00:00\",\"mainEntityOfPage\":{\"@id\":\"https:\/\/www.leprojecteurguinee.com\/index.php\/2023\/11\/01\/guinee-larmee-fete-ses-65-ans-avec-fierte\/\"},\"wordCount\":406,\"commentCount\":0,\"image\":{\"@id\":\"https:\/\/www.leprojecteurguinee.com\/index.php\/2023\/11\/01\/guinee-larmee-fete-ses-65-ans-avec-fierte\/#primaryimage\"},\"thumbnailUrl\":\"https:\/\/www.leprojecteurguinee.com\/wp-content\/uploads\/2023\/11\/7b8151c9-9c52-4ad2-945c-3afa70d69c2e.jpg\",\"keywords\":[\"Arm\u00e9e\",\"CNRD\",\"Guin\u00e9e\"],\"articleSection\":[\"Soci\u00e9t\u00e9\"],\"inLanguage\":\"fr-FR\",\"potentialAction\":[{\"@type\":\"CommentAction\",\"name\":\"Comment\",\"target\":[\"https:\/\/www.leprojecteurguinee.com\/index.php\/2023\/11\/01\/guinee-larmee-fete-ses-65-ans-avec-fierte\/#respond\"]}]},{\"@type\":\"WebPage\",\"@id\":\"https:\/\/www.leprojecteurguinee.com\/index.php\/2023\/11\/01\/guinee-larmee-fete-ses-65-ans-avec-fierte\/\",\"url\":\"https:\/\/www.leprojecteurguinee.com\/index.php\/2023\/11\/01\/guinee-larmee-fete-ses-65-ans-avec-fierte\/\",\"name\":\"Guin\u00e9e :\u00a0l\u2019arm\u00e9e f\u00eate ses 65 ans avec fiert\u00e9. - leprojecteurguinee\",\"isPartOf\":{\"@id\":\"https:\/\/www.leprojecteurguinee.com\/#website\"},\"primaryImageOfPage\":{\"@id\":\"https:\/\/www.leprojecteurguinee.com\/index.php\/2023\/11\/01\/guinee-larmee-fete-ses-65-ans-avec-fierte\/#primaryimage\"},\"image\":{\"@id\":\"https:\/\/www.leprojecteurguinee.com\/index.php\/2023\/11\/01\/guinee-larmee-fete-ses-65-ans-avec-fierte\/#primaryimage\"},\"thumbnailUrl\":\"https:\/\/www.leprojecteurguinee.com\/wp-content\/uploads\/2023\/11\/7b8151c9-9c52-4ad2-945c-3afa70d69c2e.jpg\",\"datePublished\":\"2023-11-01T17:31:51+00:00\",\"dateModified\":\"2023-11-01T17:31:53+00:00\",\"author\":{\"@id\":\"https:\/\/www.leprojecteurguinee.com\/#\/schema\/person\/389671d1a3f0c66e6c91c4a765990c1b\"},\"breadcrumb\":{\"@id\":\"https:\/\/www.leprojecteurguinee.com\/index.php\/2023\/11\/01\/guinee-larmee-fete-ses-65-ans-avec-fierte\/#breadcrumb\"},\"inLanguage\":\"fr-FR\",\"potentialAction\":[{\"@type\":\"ReadAction\",\"target\":[\"https:\/\/www.leprojecteurguinee.com\/index.php\/2023\/11\/01\/guinee-larmee-fete-ses-65-ans-avec-fierte\/\"]}]},{\"@type\":\"ImageObject\",\"inLanguage\":\"fr-FR\",\"@id\":\"https:\/\/www.leprojecteurguinee.com\/index.php\/2023\/11\/01\/guinee-larmee-fete-ses-65-ans-avec-fierte\/#primaryimage\",\"url\":\"https:\/\/www.leprojecteurguinee.com\/wp-content\/uploads\/2023\/11\/7b8151c9-9c52-4ad2-945c-3afa70d69c2e.jpg\",\"contentUrl\":\"https:\/\/www.leprojecteurguinee.com\/wp-content\/uploads\/2023\/11\/7b8151c9-9c52-4ad2-945c-3afa70d69c2e.jpg\",\"width\":960,\"height\":540},{\"@type\":\"BreadcrumbList\",\"@id\":\"https:\/\/www.leprojecteurguinee.com\/index.php\/2023\/11\/01\/guinee-larmee-fete-ses-65-ans-avec-fierte\/#breadcrumb\",\"itemListElement\":[{\"@type\":\"ListItem\",\"position\":1,\"name\":\"Accueil\",\"item\":\"https:\/\/www.leprojecteurguinee.com\/\"},{\"@type\":\"ListItem\",\"position\":2,\"name\":\"Guin\u00e9e :\u00a0l\u2019arm\u00e9e f\u00eate ses 65 ans avec fiert\u00e9.\"}]},{\"@type\":\"WebSite\",\"@id\":\"https:\/\/www.leprojecteurguinee.com\/#website\",\"url\":\"https:\/\/www.leprojecteurguinee.com\/\",\"name\":\"leprojecteurguinee\",\"description\":\"Nous luttons contre les pratiques obscures\",\"potentialAction\":[{\"@type\":\"SearchAction\",\"target\":{\"@type\":\"EntryPoint\",\"urlTemplate\":\"https:\/\/www.leprojecteurguinee.com\/?s={search_term_string}\"},\"query-input\":{\"@type\":\"PropertyValueSpecification\",\"valueRequired\":true,\"valueName\":\"search_term_string\"}}],\"inLanguage\":\"fr-FR\"},{\"@type\":\"Person\",\"@id\":\"https:\/\/www.leprojecteurguinee.com\/#\/schema\/person\/389671d1a3f0c66e6c91c4a765990c1b\",\"name\":\"Leprojecteurguinee\",\"image\":{\"@type\":\"ImageObject\",\"inLanguage\":\"fr-FR\",\"@id\":\"https:\/\/www.leprojecteurguinee.com\/#\/schema\/person\/image\/\",\"url\":\"https:\/\/secure.gravatar.com\/avatar\/c0faa0f472c43eff99fecb0bd2a1c6782e80a162c9fcb7ed2d48bb42ea619f30?s=96&d=mm&r=g\",\"contentUrl\":\"https:\/\/secure.gravatar.com\/avatar\/c0faa0f472c43eff99fecb0bd2a1c6782e80a162c9fcb7ed2d48bb42ea619f30?s=96&d=mm&r=g\",\"caption\":\"Leprojecteurguinee\"},\"sameAs\":[\"https:\/\/www.leprojecteurguinee.com\"],\"url\":\"https:\/\/www.leprojecteurguinee.com\/index.php\/author\/madame\/\"}]}<\/script>\n<!-- \/ Yoast SEO plugin. -->","yoast_head_json":{"title":"Guin\u00e9e :\u00a0l\u2019arm\u00e9e f\u00eate ses 65 ans avec fiert\u00e9. - leprojecteurguinee","robots":{"index":"index","follow":"follow","max-snippet":"max-snippet:-1","max-image-preview":"max-image-preview:large","max-video-preview":"max-video-preview:-1"},"canonical":"https:\/\/www.leprojecteurguinee.com\/index.php\/2023\/11\/01\/guinee-larmee-fete-ses-65-ans-avec-fierte\/","og_locale":"fr_FR","og_type":"article","og_title":"Guin\u00e9e :\u00a0l\u2019arm\u00e9e f\u00eate ses 65 ans avec fiert\u00e9. - leprojecteurguinee","og_description":"L\u2019arm\u00e9e guin\u00e9e a c\u00e9l\u00e9br\u00e9 ce mercredi 1er novembre 2023 la date anniversaire de l\u2019an 65 ans de sa cr\u00e9ation.\u00a0A\u00a0cette occasion, plusieurs activit\u00e9s ont \u00e9t\u00e9 organis\u00e9es dans les diff\u00e9rentes garnisons du pays.\u00a0A\u00a0Conakry, au camp\u00a0Samory\u00a0Tour\u00e9, des activit\u00e9s comm\u00e9mor\u00e9es ont \u00e9t\u00e9 organis\u00e9es pour l\u2019occasion.\u00a0Dans sa prise de parole, le Colonel\u00a0Moro\u00a0Diakit\u00e9, commandant du bataillon sp\u00e9cial de Conakry a exprim\u00e9 [&hellip;]","og_url":"https:\/\/www.leprojecteurguinee.com\/index.php\/2023\/11\/01\/guinee-larmee-fete-ses-65-ans-avec-fierte\/","og_site_name":"leprojecteurguinee","article_published_time":"2023-11-01T17:31:51+00:00","article_modified_time":"2023-11-01T17:31:53+00:00","og_image":[{"width":960,"height":540,"url":"https:\/\/www.leprojecteurguinee.com\/wp-content\/uploads\/2023\/11\/7b8151c9-9c52-4ad2-945c-3afa70d69c2e.jpg","type":"image\/jpeg"}],"author":"Leprojecteurguinee","twitter_card":"summary_large_image","twitter_misc":{"\u00c9crit par":"Leprojecteurguinee","Dur\u00e9e de lecture estim\u00e9e":"2 minutes"},"schema":{"@context":"https:\/\/schema.org","@graph":[{"@type":"Article","@id":"https:\/\/www.leprojecteurguinee.com\/index.php\/2023\/11\/01\/guinee-larmee-fete-ses-65-ans-avec-fierte\/#article","isPartOf":{"@id":"https:\/\/www.leprojecteurguinee.com\/index.php\/2023\/11\/01\/guinee-larmee-fete-ses-65-ans-avec-fierte\/"},"author":{"name":"Leprojecteurguinee","@id":"https:\/\/www.leprojecteurguinee.com\/#\/schema\/person\/389671d1a3f0c66e6c91c4a765990c1b"},"headline":"Guin\u00e9e :\u00a0l\u2019arm\u00e9e f\u00eate ses 65 ans avec fiert\u00e9.","datePublished":"2023-11-01T17:31:51+00:00","dateModified":"2023-11-01T17:31:53+00:00","mainEntityOfPage":{"@id":"https:\/\/www.leprojecteurguinee.com\/index.php\/2023\/11\/01\/guinee-larmee-fete-ses-65-ans-avec-fierte\/"},"wordCount":406,"commentCount":0,"image":{"@id":"https:\/\/www.leprojecteurguinee.com\/index.php\/2023\/11\/01\/guinee-larmee-fete-ses-65-ans-avec-fierte\/#primaryimage"},"thumbnailUrl":"https:\/\/www.leprojecteurguinee.com\/wp-content\/uploads\/2023\/11\/7b8151c9-9c52-4ad2-945c-3afa70d69c2e.jpg","keywords":["Arm\u00e9e","CNRD","Guin\u00e9e"],"articleSection":["Soci\u00e9t\u00e9"],"inLanguage":"fr-FR","potentialAction":[{"@type":"CommentAction","name":"Comment","target":["https:\/\/www.leprojecteurguinee.com\/index.php\/2023\/11\/01\/guinee-larmee-fete-ses-65-ans-avec-fierte\/#respond"]}]},{"@type":"WebPage","@id":"https:\/\/www.leprojecteurguinee.com\/index.php\/2023\/11\/01\/guinee-larmee-fete-ses-65-ans-avec-fierte\/","url":"https:\/\/www.leprojecteurguinee.com\/index.php\/2023\/11\/01\/guinee-larmee-fete-ses-65-ans-avec-fierte\/","name":"Guin\u00e9e :\u00a0l\u2019arm\u00e9e f\u00eate ses 65 ans avec fiert\u00e9. - leprojecteurguinee","isPartOf":{"@id":"https:\/\/www.leprojecteurguinee.com\/#website"},"primaryImageOfPage":{"@id":"https:\/\/www.leprojecteurguinee.com\/index.php\/2023\/11\/01\/guinee-larmee-fete-ses-65-ans-avec-fierte\/#primaryimage"},"image":{"@id":"https:\/\/www.leprojecteurguinee.com\/index.php\/2023\/11\/01\/guinee-larmee-fete-ses-65-ans-avec-fierte\/#primaryimage"},"thumbnailUrl":"https:\/\/www.leprojecteurguinee.com\/wp-content\/uploads\/2023\/11\/7b8151c9-9c52-4ad2-945c-3afa70d69c2e.jpg","datePublished":"2023-11-01T17:31:51+00:00","dateModified":"2023-11-01T17:31:53+00:00","author":{"@id":"https:\/\/www.leprojecteurguinee.com\/#\/schema\/person\/389671d1a3f0c66e6c91c4a765990c1b"},"breadcrumb":{"@id":"https:\/\/www.leprojecteurguinee.com\/index.php\/2023\/11\/01\/guinee-larmee-fete-ses-65-ans-avec-fierte\/#breadcrumb"},"inLanguage":"fr-FR","potentialAction":[{"@type":"ReadAction","target":["https:\/\/www.leprojecteurguinee.com\/index.php\/2023\/11\/01\/guinee-larmee-fete-ses-65-ans-avec-fierte\/"]}]},{"@type":"ImageObject","inLanguage":"fr-FR","@id":"https:\/\/www.leprojecteurguinee.com\/index.php\/2023\/11\/01\/guinee-larmee-fete-ses-65-ans-avec-fierte\/#primaryimage","url":"https:\/\/www.leprojecteurguinee.com\/wp-content\/uploads\/2023\/11\/7b8151c9-9c52-4ad2-945c-3afa70d69c2e.jpg","contentUrl":"https:\/\/www.leprojecteurguinee.com\/wp-content\/uploads\/2023\/11\/7b8151c9-9c52-4ad2-945c-3afa70d69c2e.jpg","width":960,"height":540},{"@type":"BreadcrumbList","@id":"https:\/\/www.leprojecteurguinee.com\/index.php\/2023\/11\/01\/guinee-larmee-fete-ses-65-ans-avec-fierte\/#breadcrumb","itemListElement":[{"@type":"ListItem","position":1,"name":"Accueil","item":"https:\/\/www.leprojecteurguinee.com\/"},{"@type":"ListItem","position":2,"name":"Guin\u00e9e :\u00a0l\u2019arm\u00e9e f\u00eate ses 65 ans avec fiert\u00e9."}]},{"@type":"WebSite","@id":"https:\/\/www.leprojecteurguinee.com\/#website","url":"https:\/\/www.leprojecteurguinee.com\/","name":"leprojecteurguinee","description":"Nous luttons contre les pratiques obscures","potentialAction":[{"@type":"SearchAction","target":{"@type":"EntryPoint","urlTemplate":"https:\/\/www.leprojecteurguinee.com\/?s={search_term_string}"},"query-input":{"@type":"PropertyValueSpecification","valueRequired":true,"valueName":"search_term_string"}}],"inLanguage":"fr-FR"},{"@type":"Person","@id":"https:\/\/www.leprojecteurguinee.com\/#\/schema\/person\/389671d1a3f0c66e6c91c4a765990c1b","name":"Leprojecteurguinee","image":{"@type":"ImageObject","inLanguage":"fr-FR","@id":"https:\/\/www.leprojecteurguinee.com\/#\/schema\/person\/image\/","url":"https:\/\/secure.gravatar.com\/avatar\/c0faa0f472c43eff99fecb0bd2a1c6782e80a162c9fcb7ed2d48bb42ea619f30?s=96&d=mm&r=g","contentUrl":"https:\/\/secure.gravatar.com\/avatar\/c0faa0f472c43eff99fecb0bd2a1c6782e80a162c9fcb7ed2d48bb42ea619f30?s=96&d=mm&r=g","caption":"Leprojecteurguinee"},"sameAs":["https:\/\/www.leprojecteurguinee.com"],"url":"https:\/\/www.leprojecteurguinee.com\/index.php\/author\/madame\/"}]}},"_links":{"self":[{"href":"https:\/\/www.leprojecteurguinee.com\/index.php\/wp-json\/wp\/v2\/posts\/1408","targetHints":{"allow":["GET"]}}],"collection":[{"href":"https:\/\/www.leprojecteurguinee.com\/index.php\/wp-json\/wp\/v2\/posts"}],"about":[{"href":"https:\/\/www.leprojecteurguinee.com\/index.php\/wp-json\/wp\/v2\/types\/post"}],"author":[{"embeddable":true,"href":"https:\/\/www.leprojecteurguinee.com\/index.php\/wp-json\/wp\/v2\/users\/1"}],"replies":[{"embeddable":true,"href":"https:\/\/www.leprojecteurguinee.com\/index.php\/wp-json\/wp\/v2\/comments?post=1408"}],"version-history":[{"count":0,"href":"https:\/\/www.leprojecteurguinee.com\/index.php\/wp-json\/wp\/v2\/posts\/1408\/revisions"}],"wp:featuredmedia":[{"embeddable":true,"href":"https:\/\/www.leprojecteurguinee.com\/index.php\/wp-json\/wp\/v2\/media\/1409"}],"wp:attachment":[{"href":"https:\/\/www.leprojecteurguinee.com\/index.php\/wp-json\/wp\/v2\/media?parent=1408"}],"wp:term":[{"taxonomy":"category","embeddable":true,"href":"https:\/\/www.leprojecteurguinee.com\/index.php\/wp-json\/wp\/v2\/categories?post=1408"},{"taxonomy":"post_tag","embeddable":true,"href":"https:\/\/www.leprojecteurguinee.com\/index.php\/wp-json\/wp\/v2\/tags?post=1408"}],"curies":[{"name":"wp","href":"https:\/\/api.w.org\/{rel}","templated":true}]}}