{"id":14004,"date":"2026-02-03T00:52:32","date_gmt":"2026-02-03T00:52:32","guid":{"rendered":"https:\/\/www.leprojecteurguinee.com\/?p=14004"},"modified":"2026-02-03T00:57:15","modified_gmt":"2026-02-03T00:57:15","slug":"affaire-gberedou-baranama-mamby-conde-sotikemo-88-ans-maintenu-en-detention-proces-renvoye-au-23-fevrier-son-avocat-fulmine","status":"publish","type":"post","link":"https:\/\/www.leprojecteurguinee.com\/index.php\/2026\/02\/03\/affaire-gberedou-baranama-mamby-conde-sotikemo-88-ans-maintenu-en-detention-proces-renvoye-au-23-fevrier-son-avocat-fulmine\/","title":{"rendered":"Affaire Gb\u00e9r\u00e9dou Baranama : Mamby Cond\u00e9, (Sotik\u00e9mo), 88 ans, maintenu en d\u00e9tention, proc\u00e8s renvoy\u00e9 au 23 f\u00e9vrier, son avocat fulmine"},"content":{"rendered":"<p>Les audiences criminelles en cours au Tribunal de premi\u00e8re instance (TPI) de Kankan ont \u00e9t\u00e9 marqu\u00e9es par une forte tension lors de l\u2019examen du dossier dit de Gb\u00e9r\u00e9dou Baranama.<\/p>\n<p>\u00c0 la barre, Mamby Cond\u00e9, 88 ans, sotik\u00e8mo (doyen) de Baranama et pr\u00e9sent\u00e9 par le parquet comme l\u2019un des principaux protagonistes des affrontements meurtriers ayant oppos\u00e9 Gb\u00e9r\u00e9dou Baranama \u00e0 Sannana, est apparu visiblement affaibli, peinant \u00e0 se d\u00e9placer et soutenu dans ses mouvements. Son \u00e9tat a retenu l\u2019attention de la cour et du public pr\u00e9sent \u00e0 l\u2019audience.<\/p>\n<p>Face \u00e0 cette situation, la d\u00e9fense, repr\u00e9sent\u00e9e par Me Mohamed II Kourouma, a sollicit\u00e9 la mise en libert\u00e9 provisoire de son client. L\u2019avocat a fait valoir des consid\u00e9rations humaines et sanitaires, estimant que le maintien en d\u00e9tention d\u2019un homme de cet \u00e2ge, dans l\u2019attente de la poursuite du proc\u00e8s, posait un probl\u00e8me s\u00e9rieux.<\/p>\n<div class=\"google-auto-placed ap_container\">\n<p><img loading=\"lazy\" decoding=\"async\" class=\"alignnone wp-image-307756 size-full b-loaded\" src=\"https:\/\/mediaguinee.com\/wp-content\/uploads\/2026\/01\/IMG-20260131-WA0014.jpg\" sizes=\"auto, (max-width: 1170px) 100vw, 1170px\" srcset=\"https:\/\/i0.wp.com\/mediaguinee.com\/wp-content\/uploads\/2026\/01\/IMG-20260131-WA0014.jpg?w=1600&amp;ssl=1 1600w, https:\/\/i0.wp.com\/mediaguinee.com\/wp-content\/uploads\/2026\/01\/IMG-20260131-WA0014.jpg?resize=300%2C200&amp;ssl=1 300w, https:\/\/i0.wp.com\/mediaguinee.com\/wp-content\/uploads\/2026\/01\/IMG-20260131-WA0014.jpg?resize=1024%2C683&amp;ssl=1 1024w, https:\/\/i0.wp.com\/mediaguinee.com\/wp-content\/uploads\/2026\/01\/IMG-20260131-WA0014.jpg?resize=768%2C512&amp;ssl=1 768w, https:\/\/i0.wp.com\/mediaguinee.com\/wp-content\/uploads\/2026\/01\/IMG-20260131-WA0014.jpg?resize=1536%2C1024&amp;ssl=1 1536w\" alt=\"\" width=\"1600\" height=\"1067\" data-attachment-id=\"307756\" data-permalink=\"https:\/\/mediaguinee.com\/2026\/01\/affaire-gberedou-baranama-mamby-conde-sotikemo-88-ans-maintenu-en-detention-proces-renvoye-au-23-fevrier-son-avocat-fulmine\/img-20260131-wa0014\/\" data-orig-file=\"https:\/\/i0.wp.com\/mediaguinee.com\/wp-content\/uploads\/2026\/01\/IMG-20260131-WA0014.jpg?fit=1600%2C1067&amp;ssl=1\" data-orig-size=\"1600,1067\" data-comments-opened=\"1\" data-image-meta=\"{&quot;aperture&quot;:&quot;0&quot;,&quot;credit&quot;:&quot;&quot;,&quot;camera&quot;:&quot;&quot;,&quot;caption&quot;:&quot;&quot;,&quot;created_timestamp&quot;:&quot;0&quot;,&quot;copyright&quot;:&quot;&quot;,&quot;focal_length&quot;:&quot;0&quot;,&quot;iso&quot;:&quot;0&quot;,&quot;shutter_speed&quot;:&quot;0&quot;,&quot;title&quot;:&quot;&quot;,&quot;orientation&quot;:&quot;0&quot;}\" data-image-title=\"IMG-20260131-WA0014\" data-image-description=\"\" data-image-caption=\"\" data-medium-file=\"https:\/\/i0.wp.com\/mediaguinee.com\/wp-content\/uploads\/2026\/01\/IMG-20260131-WA0014.jpg?fit=300%2C200&amp;ssl=1\" data-large-file=\"https:\/\/i0.wp.com\/mediaguinee.com\/wp-content\/uploads\/2026\/01\/IMG-20260131-WA0014.jpg?fit=1024%2C683&amp;ssl=1\" \/><\/p>\n<p>Cette demande a \u00e9t\u00e9 vivement contest\u00e9e par le parquet et par la partie civile. Les deux parties ont estim\u00e9 qu\u2019une remise en libert\u00e9 provisoire pouvait porter atteinte au bon d\u00e9roulement de la proc\u00e9dure criminelle en cours.<\/p>\n<p>Le minist\u00e8re public s\u2019est oppos\u00e9 fermement \u00e0 la requ\u00eate. Pour le substitut du procureur pr\u00e8s le TPI de Kankan, Bangaly Feindouno, l\u2019\u00e2ge avanc\u00e9 de l\u2019accus\u00e9 ne saurait, \u00e0 lui seul, constituer un fondement l\u00e9gal suffisant en mati\u00e8re criminelle.<\/p>\n<p>\u00ab Nous sommes en mati\u00e8re criminelle. La loi est claire. L\u2019accus\u00e9 renvoy\u00e9 devant le tribunal criminel doit se constituer prisonnier. La mise en libert\u00e9 peut \u00eatre demand\u00e9e \u00e0 tout moment, mais seulement lorsqu\u2019elle est fond\u00e9e \u00bb, a-t-il d\u00e9clar\u00e9.<\/p>\n<p>Le magistrat a \u00e9galement soulign\u00e9 l\u2019absence d\u2019\u00e9l\u00e9ments m\u00e9dicaux vers\u00e9s au dossier pour appuyer la demande de la d\u00e9fense.<\/p>\n<p>\u00ab Il a \u00e9t\u00e9 soutenu que l\u2019accus\u00e9 est malade, mais aucun certificat m\u00e9dical ni aucun acte n\u2019a \u00e9t\u00e9 produit pour permettre aux magistrats de se forger une conviction \u00bb, a-t-il pr\u00e9cis\u00e9, rappelant par ailleurs que les parties civiles n\u2019avaient pas encore \u00e9t\u00e9 entendues dans cette proc\u00e9dure.<\/p>\n<p>Apr\u00e8s examen des arguments des deux camps, le tribunal a rejet\u00e9 la demande de mise en libert\u00e9 provisoire, estimant qu\u2019elle n\u2019\u00e9tait pas suffisamment \u00e9tay\u00e9e sur les plans juridique et m\u00e9dical.<\/p>\n<p>\u00c0 l\u2019issue de l\u2019audience, Me Mohamed II Kourouma n\u2019a pas dissimul\u00e9 sa d\u00e9ception.<br \/>\n\u00ab Vous voyez un vieux \u00e2g\u00e9 de 88 ans. Dire qu\u2019il va rester en prison jusqu\u2019\u00e0 la date de renvoi ou jusqu\u2019\u00e0 la fin du proc\u00e8s est, pour nous, d\u00e9courageant. C\u2019est inacceptable \u00bb, a-t-il d\u00e9clar\u00e9, tout en reconnaissant le caract\u00e8re contraignant de la d\u00e9cision judiciaire.<\/p>\n<p>L\u2019affaire a \u00e9t\u00e9 renvoy\u00e9e au 23 f\u00e9vrier 2026 pour la poursuite des d\u00e9bats, notamment l\u2019audition des parties civiles, dans ce dossier sensible li\u00e9 aux violences de Gb\u00e9r\u00e9dou Baranama.<\/p>\n<p>Karifa<\/p>\n<\/div>\n","protected":false},"excerpt":{"rendered":"<p>Les audiences criminelles en cours au Tribunal de premi\u00e8re instance (TPI) de Kankan ont \u00e9t\u00e9 marqu\u00e9es par une forte tension lors de l\u2019examen du dossier dit de Gb\u00e9r\u00e9dou Baranama. \u00c0 la barre, Mamby Cond\u00e9, 88 ans, sotik\u00e8mo (doyen) de Baranama et pr\u00e9sent\u00e9 par le parquet comme l\u2019un des principaux protagonistes des affrontements meurtriers ayant oppos\u00e9 [&hellip;]<\/p>\n","protected":false},"author":2,"featured_media":14005,"comment_status":"open","ping_status":"open","sticky":false,"template":"","format":"standard","meta":{"footnotes":""},"categories":[20],"tags":[],"class_list":["post-14004","post","type-post","status-publish","format-standard","has-post-thumbnail","hentry","category-societe"],"yoast_head":"<!-- This site is optimized with the Yoast SEO plugin v26.8 - https:\/\/yoast.com\/product\/yoast-seo-wordpress\/ -->\n<title>Affaire Gb\u00e9r\u00e9dou Baranama : Mamby Cond\u00e9, (Sotik\u00e9mo), 88 ans, maintenu en d\u00e9tention, proc\u00e8s renvoy\u00e9 au 23 f\u00e9vrier, son avocat fulmine - leprojecteurguinee<\/title>\n<meta name=\"robots\" content=\"index, follow, max-snippet:-1, max-image-preview:large, max-video-preview:-1\" \/>\n<link rel=\"canonical\" href=\"https:\/\/www.leprojecteurguinee.com\/index.php\/2026\/02\/03\/affaire-gberedou-baranama-mamby-conde-sotikemo-88-ans-maintenu-en-detention-proces-renvoye-au-23-fevrier-son-avocat-fulmine\/\" \/>\n<meta property=\"og:locale\" content=\"fr_FR\" \/>\n<meta property=\"og:type\" content=\"article\" \/>\n<meta property=\"og:title\" content=\"Affaire Gb\u00e9r\u00e9dou Baranama : Mamby Cond\u00e9, (Sotik\u00e9mo), 88 ans, maintenu en d\u00e9tention, proc\u00e8s renvoy\u00e9 au 23 f\u00e9vrier, son avocat fulmine - leprojecteurguinee\" \/>\n<meta property=\"og:description\" content=\"Les audiences criminelles en cours au Tribunal de premi\u00e8re instance (TPI) de Kankan ont \u00e9t\u00e9 marqu\u00e9es par une forte tension lors de l\u2019examen du dossier dit de Gb\u00e9r\u00e9dou Baranama. \u00c0 la barre, Mamby Cond\u00e9, 88 ans, sotik\u00e8mo (doyen) de Baranama et pr\u00e9sent\u00e9 par le parquet comme l\u2019un des principaux protagonistes des affrontements meurtriers ayant oppos\u00e9 [&hellip;]\" \/>\n<meta property=\"og:url\" content=\"https:\/\/www.leprojecteurguinee.com\/index.php\/2026\/02\/03\/affaire-gberedou-baranama-mamby-conde-sotikemo-88-ans-maintenu-en-detention-proces-renvoye-au-23-fevrier-son-avocat-fulmine\/\" \/>\n<meta property=\"og:site_name\" content=\"leprojecteurguinee\" \/>\n<meta property=\"article:published_time\" content=\"2026-02-03T00:52:32+00:00\" \/>\n<meta property=\"article:modified_time\" content=\"2026-02-03T00:57:15+00:00\" \/>\n<meta property=\"og:image\" content=\"https:\/\/www.leprojecteurguinee.com\/wp-content\/uploads\/2026\/02\/YYI.webp\" \/>\n\t<meta property=\"og:image:width\" content=\"1600\" \/>\n\t<meta property=\"og:image:height\" content=\"900\" \/>\n\t<meta property=\"og:image:type\" content=\"image\/webp\" \/>\n<meta name=\"author\" content=\"www.leprojecteurguinee.com\" \/>\n<meta name=\"twitter:card\" content=\"summary_large_image\" \/>\n<meta name=\"twitter:label1\" content=\"\u00c9crit par\" \/>\n\t<meta name=\"twitter:data1\" content=\"www.leprojecteurguinee.com\" \/>\n\t<meta name=\"twitter:label2\" content=\"Dur\u00e9e de lecture estim\u00e9e\" \/>\n\t<meta name=\"twitter:data2\" content=\"3 minutes\" \/>\n<script type=\"application\/ld+json\" class=\"yoast-schema-graph\">{\"@context\":\"https:\/\/schema.org\",\"@graph\":[{\"@type\":\"Article\",\"@id\":\"https:\/\/www.leprojecteurguinee.com\/index.php\/2026\/02\/03\/affaire-gberedou-baranama-mamby-conde-sotikemo-88-ans-maintenu-en-detention-proces-renvoye-au-23-fevrier-son-avocat-fulmine\/#article\",\"isPartOf\":{\"@id\":\"https:\/\/www.leprojecteurguinee.com\/index.php\/2026\/02\/03\/affaire-gberedou-baranama-mamby-conde-sotikemo-88-ans-maintenu-en-detention-proces-renvoye-au-23-fevrier-son-avocat-fulmine\/\"},\"author\":{\"name\":\"www.leprojecteurguinee.com\",\"@id\":\"https:\/\/www.leprojecteurguinee.com\/#\/schema\/person\/c9d1602e593b11af0b295bdf5e12a59a\"},\"headline\":\"Affaire Gb\u00e9r\u00e9dou Baranama : Mamby Cond\u00e9, (Sotik\u00e9mo), 88 ans, maintenu en d\u00e9tention, proc\u00e8s renvoy\u00e9 au 23 f\u00e9vrier, son avocat fulmine\",\"datePublished\":\"2026-02-03T00:52:32+00:00\",\"dateModified\":\"2026-02-03T00:57:15+00:00\",\"mainEntityOfPage\":{\"@id\":\"https:\/\/www.leprojecteurguinee.com\/index.php\/2026\/02\/03\/affaire-gberedou-baranama-mamby-conde-sotikemo-88-ans-maintenu-en-detention-proces-renvoye-au-23-fevrier-son-avocat-fulmine\/\"},\"wordCount\":514,\"commentCount\":0,\"image\":{\"@id\":\"https:\/\/www.leprojecteurguinee.com\/index.php\/2026\/02\/03\/affaire-gberedou-baranama-mamby-conde-sotikemo-88-ans-maintenu-en-detention-proces-renvoye-au-23-fevrier-son-avocat-fulmine\/#primaryimage\"},\"thumbnailUrl\":\"https:\/\/www.leprojecteurguinee.com\/wp-content\/uploads\/2026\/02\/YYI.webp\",\"articleSection\":[\"Soci\u00e9t\u00e9\"],\"inLanguage\":\"fr-FR\",\"potentialAction\":[{\"@type\":\"CommentAction\",\"name\":\"Comment\",\"target\":[\"https:\/\/www.leprojecteurguinee.com\/index.php\/2026\/02\/03\/affaire-gberedou-baranama-mamby-conde-sotikemo-88-ans-maintenu-en-detention-proces-renvoye-au-23-fevrier-son-avocat-fulmine\/#respond\"]}]},{\"@type\":\"WebPage\",\"@id\":\"https:\/\/www.leprojecteurguinee.com\/index.php\/2026\/02\/03\/affaire-gberedou-baranama-mamby-conde-sotikemo-88-ans-maintenu-en-detention-proces-renvoye-au-23-fevrier-son-avocat-fulmine\/\",\"url\":\"https:\/\/www.leprojecteurguinee.com\/index.php\/2026\/02\/03\/affaire-gberedou-baranama-mamby-conde-sotikemo-88-ans-maintenu-en-detention-proces-renvoye-au-23-fevrier-son-avocat-fulmine\/\",\"name\":\"Affaire Gb\u00e9r\u00e9dou Baranama : Mamby Cond\u00e9, (Sotik\u00e9mo), 88 ans, maintenu en d\u00e9tention, proc\u00e8s renvoy\u00e9 au 23 f\u00e9vrier, son avocat fulmine - leprojecteurguinee\",\"isPartOf\":{\"@id\":\"https:\/\/www.leprojecteurguinee.com\/#website\"},\"primaryImageOfPage\":{\"@id\":\"https:\/\/www.leprojecteurguinee.com\/index.php\/2026\/02\/03\/affaire-gberedou-baranama-mamby-conde-sotikemo-88-ans-maintenu-en-detention-proces-renvoye-au-23-fevrier-son-avocat-fulmine\/#primaryimage\"},\"image\":{\"@id\":\"https:\/\/www.leprojecteurguinee.com\/index.php\/2026\/02\/03\/affaire-gberedou-baranama-mamby-conde-sotikemo-88-ans-maintenu-en-detention-proces-renvoye-au-23-fevrier-son-avocat-fulmine\/#primaryimage\"},\"thumbnailUrl\":\"https:\/\/www.leprojecteurguinee.com\/wp-content\/uploads\/2026\/02\/YYI.webp\",\"datePublished\":\"2026-02-03T00:52:32+00:00\",\"dateModified\":\"2026-02-03T00:57:15+00:00\",\"author\":{\"@id\":\"https:\/\/www.leprojecteurguinee.com\/#\/schema\/person\/c9d1602e593b11af0b295bdf5e12a59a\"},\"breadcrumb\":{\"@id\":\"https:\/\/www.leprojecteurguinee.com\/index.php\/2026\/02\/03\/affaire-gberedou-baranama-mamby-conde-sotikemo-88-ans-maintenu-en-detention-proces-renvoye-au-23-fevrier-son-avocat-fulmine\/#breadcrumb\"},\"inLanguage\":\"fr-FR\",\"potentialAction\":[{\"@type\":\"ReadAction\",\"target\":[\"https:\/\/www.leprojecteurguinee.com\/index.php\/2026\/02\/03\/affaire-gberedou-baranama-mamby-conde-sotikemo-88-ans-maintenu-en-detention-proces-renvoye-au-23-fevrier-son-avocat-fulmine\/\"]}]},{\"@type\":\"ImageObject\",\"inLanguage\":\"fr-FR\",\"@id\":\"https:\/\/www.leprojecteurguinee.com\/index.php\/2026\/02\/03\/affaire-gberedou-baranama-mamby-conde-sotikemo-88-ans-maintenu-en-detention-proces-renvoye-au-23-fevrier-son-avocat-fulmine\/#primaryimage\",\"url\":\"https:\/\/www.leprojecteurguinee.com\/wp-content\/uploads\/2026\/02\/YYI.webp\",\"contentUrl\":\"https:\/\/www.leprojecteurguinee.com\/wp-content\/uploads\/2026\/02\/YYI.webp\",\"width\":1600,\"height\":900},{\"@type\":\"BreadcrumbList\",\"@id\":\"https:\/\/www.leprojecteurguinee.com\/index.php\/2026\/02\/03\/affaire-gberedou-baranama-mamby-conde-sotikemo-88-ans-maintenu-en-detention-proces-renvoye-au-23-fevrier-son-avocat-fulmine\/#breadcrumb\",\"itemListElement\":[{\"@type\":\"ListItem\",\"position\":1,\"name\":\"Accueil\",\"item\":\"https:\/\/www.leprojecteurguinee.com\/\"},{\"@type\":\"ListItem\",\"position\":2,\"name\":\"Affaire Gb\u00e9r\u00e9dou Baranama : Mamby Cond\u00e9, (Sotik\u00e9mo), 88 ans, maintenu en d\u00e9tention, proc\u00e8s renvoy\u00e9 au 23 f\u00e9vrier, son avocat fulmine\"}]},{\"@type\":\"WebSite\",\"@id\":\"https:\/\/www.leprojecteurguinee.com\/#website\",\"url\":\"https:\/\/www.leprojecteurguinee.com\/\",\"name\":\"leprojecteurguinee\",\"description\":\"Nous luttons contre les pratiques obscures\",\"potentialAction\":[{\"@type\":\"SearchAction\",\"target\":{\"@type\":\"EntryPoint\",\"urlTemplate\":\"https:\/\/www.leprojecteurguinee.com\/?s={search_term_string}\"},\"query-input\":{\"@type\":\"PropertyValueSpecification\",\"valueRequired\":true,\"valueName\":\"search_term_string\"}}],\"inLanguage\":\"fr-FR\"},{\"@type\":\"Person\",\"@id\":\"https:\/\/www.leprojecteurguinee.com\/#\/schema\/person\/c9d1602e593b11af0b295bdf5e12a59a\",\"name\":\"www.leprojecteurguinee.com\",\"image\":{\"@type\":\"ImageObject\",\"inLanguage\":\"fr-FR\",\"@id\":\"https:\/\/www.leprojecteurguinee.com\/#\/schema\/person\/image\/\",\"url\":\"https:\/\/secure.gravatar.com\/avatar\/d73703fcd03dcba36d2bb23326e491935423a46800f1ebf8f61b70e62b70e55a?s=96&d=mm&r=g\",\"contentUrl\":\"https:\/\/secure.gravatar.com\/avatar\/d73703fcd03dcba36d2bb23326e491935423a46800f1ebf8f61b70e62b70e55a?s=96&d=mm&r=g\",\"caption\":\"www.leprojecteurguinee.com\"},\"description\":\"Administrateur G\u00e9n\u00e9ral\",\"sameAs\":[\"http:\/\/www.leprojeceteurguinee.com\"],\"url\":\"https:\/\/www.leprojecteurguinee.com\/index.php\/author\/fadigagn\/\"}]}<\/script>\n<!-- \/ Yoast SEO plugin. -->","yoast_head_json":{"title":"Affaire Gb\u00e9r\u00e9dou Baranama : Mamby Cond\u00e9, (Sotik\u00e9mo), 88 ans, maintenu en d\u00e9tention, proc\u00e8s renvoy\u00e9 au 23 f\u00e9vrier, son avocat fulmine - leprojecteurguinee","robots":{"index":"index","follow":"follow","max-snippet":"max-snippet:-1","max-image-preview":"max-image-preview:large","max-video-preview":"max-video-preview:-1"},"canonical":"https:\/\/www.leprojecteurguinee.com\/index.php\/2026\/02\/03\/affaire-gberedou-baranama-mamby-conde-sotikemo-88-ans-maintenu-en-detention-proces-renvoye-au-23-fevrier-son-avocat-fulmine\/","og_locale":"fr_FR","og_type":"article","og_title":"Affaire Gb\u00e9r\u00e9dou Baranama : Mamby Cond\u00e9, (Sotik\u00e9mo), 88 ans, maintenu en d\u00e9tention, proc\u00e8s renvoy\u00e9 au 23 f\u00e9vrier, son avocat fulmine - leprojecteurguinee","og_description":"Les audiences criminelles en cours au Tribunal de premi\u00e8re instance (TPI) de Kankan ont \u00e9t\u00e9 marqu\u00e9es par une forte tension lors de l\u2019examen du dossier dit de Gb\u00e9r\u00e9dou Baranama. \u00c0 la barre, Mamby Cond\u00e9, 88 ans, sotik\u00e8mo (doyen) de Baranama et pr\u00e9sent\u00e9 par le parquet comme l\u2019un des principaux protagonistes des affrontements meurtriers ayant oppos\u00e9 [&hellip;]","og_url":"https:\/\/www.leprojecteurguinee.com\/index.php\/2026\/02\/03\/affaire-gberedou-baranama-mamby-conde-sotikemo-88-ans-maintenu-en-detention-proces-renvoye-au-23-fevrier-son-avocat-fulmine\/","og_site_name":"leprojecteurguinee","article_published_time":"2026-02-03T00:52:32+00:00","article_modified_time":"2026-02-03T00:57:15+00:00","og_image":[{"width":1600,"height":900,"url":"https:\/\/www.leprojecteurguinee.com\/wp-content\/uploads\/2026\/02\/YYI.webp","type":"image\/webp"}],"author":"www.leprojecteurguinee.com","twitter_card":"summary_large_image","twitter_misc":{"\u00c9crit par":"www.leprojecteurguinee.com","Dur\u00e9e de lecture estim\u00e9e":"3 minutes"},"schema":{"@context":"https:\/\/schema.org","@graph":[{"@type":"Article","@id":"https:\/\/www.leprojecteurguinee.com\/index.php\/2026\/02\/03\/affaire-gberedou-baranama-mamby-conde-sotikemo-88-ans-maintenu-en-detention-proces-renvoye-au-23-fevrier-son-avocat-fulmine\/#article","isPartOf":{"@id":"https:\/\/www.leprojecteurguinee.com\/index.php\/2026\/02\/03\/affaire-gberedou-baranama-mamby-conde-sotikemo-88-ans-maintenu-en-detention-proces-renvoye-au-23-fevrier-son-avocat-fulmine\/"},"author":{"name":"www.leprojecteurguinee.com","@id":"https:\/\/www.leprojecteurguinee.com\/#\/schema\/person\/c9d1602e593b11af0b295bdf5e12a59a"},"headline":"Affaire Gb\u00e9r\u00e9dou Baranama : Mamby Cond\u00e9, (Sotik\u00e9mo), 88 ans, maintenu en d\u00e9tention, proc\u00e8s renvoy\u00e9 au 23 f\u00e9vrier, son avocat fulmine","datePublished":"2026-02-03T00:52:32+00:00","dateModified":"2026-02-03T00:57:15+00:00","mainEntityOfPage":{"@id":"https:\/\/www.leprojecteurguinee.com\/index.php\/2026\/02\/03\/affaire-gberedou-baranama-mamby-conde-sotikemo-88-ans-maintenu-en-detention-proces-renvoye-au-23-fevrier-son-avocat-fulmine\/"},"wordCount":514,"commentCount":0,"image":{"@id":"https:\/\/www.leprojecteurguinee.com\/index.php\/2026\/02\/03\/affaire-gberedou-baranama-mamby-conde-sotikemo-88-ans-maintenu-en-detention-proces-renvoye-au-23-fevrier-son-avocat-fulmine\/#primaryimage"},"thumbnailUrl":"https:\/\/www.leprojecteurguinee.com\/wp-content\/uploads\/2026\/02\/YYI.webp","articleSection":["Soci\u00e9t\u00e9"],"inLanguage":"fr-FR","potentialAction":[{"@type":"CommentAction","name":"Comment","target":["https:\/\/www.leprojecteurguinee.com\/index.php\/2026\/02\/03\/affaire-gberedou-baranama-mamby-conde-sotikemo-88-ans-maintenu-en-detention-proces-renvoye-au-23-fevrier-son-avocat-fulmine\/#respond"]}]},{"@type":"WebPage","@id":"https:\/\/www.leprojecteurguinee.com\/index.php\/2026\/02\/03\/affaire-gberedou-baranama-mamby-conde-sotikemo-88-ans-maintenu-en-detention-proces-renvoye-au-23-fevrier-son-avocat-fulmine\/","url":"https:\/\/www.leprojecteurguinee.com\/index.php\/2026\/02\/03\/affaire-gberedou-baranama-mamby-conde-sotikemo-88-ans-maintenu-en-detention-proces-renvoye-au-23-fevrier-son-avocat-fulmine\/","name":"Affaire Gb\u00e9r\u00e9dou Baranama : Mamby Cond\u00e9, (Sotik\u00e9mo), 88 ans, maintenu en d\u00e9tention, proc\u00e8s renvoy\u00e9 au 23 f\u00e9vrier, son avocat fulmine - leprojecteurguinee","isPartOf":{"@id":"https:\/\/www.leprojecteurguinee.com\/#website"},"primaryImageOfPage":{"@id":"https:\/\/www.leprojecteurguinee.com\/index.php\/2026\/02\/03\/affaire-gberedou-baranama-mamby-conde-sotikemo-88-ans-maintenu-en-detention-proces-renvoye-au-23-fevrier-son-avocat-fulmine\/#primaryimage"},"image":{"@id":"https:\/\/www.leprojecteurguinee.com\/index.php\/2026\/02\/03\/affaire-gberedou-baranama-mamby-conde-sotikemo-88-ans-maintenu-en-detention-proces-renvoye-au-23-fevrier-son-avocat-fulmine\/#primaryimage"},"thumbnailUrl":"https:\/\/www.leprojecteurguinee.com\/wp-content\/uploads\/2026\/02\/YYI.webp","datePublished":"2026-02-03T00:52:32+00:00","dateModified":"2026-02-03T00:57:15+00:00","author":{"@id":"https:\/\/www.leprojecteurguinee.com\/#\/schema\/person\/c9d1602e593b11af0b295bdf5e12a59a"},"breadcrumb":{"@id":"https:\/\/www.leprojecteurguinee.com\/index.php\/2026\/02\/03\/affaire-gberedou-baranama-mamby-conde-sotikemo-88-ans-maintenu-en-detention-proces-renvoye-au-23-fevrier-son-avocat-fulmine\/#breadcrumb"},"inLanguage":"fr-FR","potentialAction":[{"@type":"ReadAction","target":["https:\/\/www.leprojecteurguinee.com\/index.php\/2026\/02\/03\/affaire-gberedou-baranama-mamby-conde-sotikemo-88-ans-maintenu-en-detention-proces-renvoye-au-23-fevrier-son-avocat-fulmine\/"]}]},{"@type":"ImageObject","inLanguage":"fr-FR","@id":"https:\/\/www.leprojecteurguinee.com\/index.php\/2026\/02\/03\/affaire-gberedou-baranama-mamby-conde-sotikemo-88-ans-maintenu-en-detention-proces-renvoye-au-23-fevrier-son-avocat-fulmine\/#primaryimage","url":"https:\/\/www.leprojecteurguinee.com\/wp-content\/uploads\/2026\/02\/YYI.webp","contentUrl":"https:\/\/www.leprojecteurguinee.com\/wp-content\/uploads\/2026\/02\/YYI.webp","width":1600,"height":900},{"@type":"BreadcrumbList","@id":"https:\/\/www.leprojecteurguinee.com\/index.php\/2026\/02\/03\/affaire-gberedou-baranama-mamby-conde-sotikemo-88-ans-maintenu-en-detention-proces-renvoye-au-23-fevrier-son-avocat-fulmine\/#breadcrumb","itemListElement":[{"@type":"ListItem","position":1,"name":"Accueil","item":"https:\/\/www.leprojecteurguinee.com\/"},{"@type":"ListItem","position":2,"name":"Affaire Gb\u00e9r\u00e9dou Baranama : Mamby Cond\u00e9, (Sotik\u00e9mo), 88 ans, maintenu en d\u00e9tention, proc\u00e8s renvoy\u00e9 au 23 f\u00e9vrier, son avocat fulmine"}]},{"@type":"WebSite","@id":"https:\/\/www.leprojecteurguinee.com\/#website","url":"https:\/\/www.leprojecteurguinee.com\/","name":"leprojecteurguinee","description":"Nous luttons contre les pratiques obscures","potentialAction":[{"@type":"SearchAction","target":{"@type":"EntryPoint","urlTemplate":"https:\/\/www.leprojecteurguinee.com\/?s={search_term_string}"},"query-input":{"@type":"PropertyValueSpecification","valueRequired":true,"valueName":"search_term_string"}}],"inLanguage":"fr-FR"},{"@type":"Person","@id":"https:\/\/www.leprojecteurguinee.com\/#\/schema\/person\/c9d1602e593b11af0b295bdf5e12a59a","name":"www.leprojecteurguinee.com","image":{"@type":"ImageObject","inLanguage":"fr-FR","@id":"https:\/\/www.leprojecteurguinee.com\/#\/schema\/person\/image\/","url":"https:\/\/secure.gravatar.com\/avatar\/d73703fcd03dcba36d2bb23326e491935423a46800f1ebf8f61b70e62b70e55a?s=96&d=mm&r=g","contentUrl":"https:\/\/secure.gravatar.com\/avatar\/d73703fcd03dcba36d2bb23326e491935423a46800f1ebf8f61b70e62b70e55a?s=96&d=mm&r=g","caption":"www.leprojecteurguinee.com"},"description":"Administrateur G\u00e9n\u00e9ral","sameAs":["http:\/\/www.leprojeceteurguinee.com"],"url":"https:\/\/www.leprojecteurguinee.com\/index.php\/author\/fadigagn\/"}]}},"_links":{"self":[{"href":"https:\/\/www.leprojecteurguinee.com\/index.php\/wp-json\/wp\/v2\/posts\/14004","targetHints":{"allow":["GET"]}}],"collection":[{"href":"https:\/\/www.leprojecteurguinee.com\/index.php\/wp-json\/wp\/v2\/posts"}],"about":[{"href":"https:\/\/www.leprojecteurguinee.com\/index.php\/wp-json\/wp\/v2\/types\/post"}],"author":[{"embeddable":true,"href":"https:\/\/www.leprojecteurguinee.com\/index.php\/wp-json\/wp\/v2\/users\/2"}],"replies":[{"embeddable":true,"href":"https:\/\/www.leprojecteurguinee.com\/index.php\/wp-json\/wp\/v2\/comments?post=14004"}],"version-history":[{"count":1,"href":"https:\/\/www.leprojecteurguinee.com\/index.php\/wp-json\/wp\/v2\/posts\/14004\/revisions"}],"predecessor-version":[{"id":14006,"href":"https:\/\/www.leprojecteurguinee.com\/index.php\/wp-json\/wp\/v2\/posts\/14004\/revisions\/14006"}],"wp:featuredmedia":[{"embeddable":true,"href":"https:\/\/www.leprojecteurguinee.com\/index.php\/wp-json\/wp\/v2\/media\/14005"}],"wp:attachment":[{"href":"https:\/\/www.leprojecteurguinee.com\/index.php\/wp-json\/wp\/v2\/media?parent=14004"}],"wp:term":[{"taxonomy":"category","embeddable":true,"href":"https:\/\/www.leprojecteurguinee.com\/index.php\/wp-json\/wp\/v2\/categories?post=14004"},{"taxonomy":"post_tag","embeddable":true,"href":"https:\/\/www.leprojecteurguinee.com\/index.php\/wp-json\/wp\/v2\/tags?post=14004"}],"curies":[{"name":"wp","href":"https:\/\/api.w.org\/{rel}","templated":true}]}}