{"id":13792,"date":"2025-12-13T19:07:02","date_gmt":"2025-12-13T19:07:02","guid":{"rendered":"https:\/\/www.leprojecteurguinee.com\/?p=13792"},"modified":"2025-12-13T19:07:19","modified_gmt":"2025-12-13T19:07:19","slug":"concert-inedit-dazaya-a-paris-une-celebration-de-lidentite-guineenne","status":"publish","type":"post","link":"https:\/\/www.leprojecteurguinee.com\/index.php\/2025\/12\/13\/concert-inedit-dazaya-a-paris-une-celebration-de-lidentite-guineenne\/","title":{"rendered":"Concert in\u00e9dit d\u2019Azaya \u00e0 Paris : Une c\u00e9l\u00e9bration de l\u2019identit\u00e9 guin\u00e9enne"},"content":{"rendered":"<p><strong>Ce samedi 13 d\u00e9cembre 2025, l\u2019artiste guin\u00e9en Azaya se produira en concert exceptionnel \u00e0 l\u2019Arena Grand Paris, l\u2019une des salles les plus prestigieuses de France. Un \u00e9v\u00e9nement historique et tr\u00e8s attendu par les fans de musique africaine, en particulier au sein de la diaspora guin\u00e9enne et africaine en Europe.<\/strong><\/p>\n<p>Avec une capacit\u00e9 de 9 000 places, l\u2019Arena Grand Paris affiche complet pour cette soir\u00e9e, toutes les places ayant \u00e9t\u00e9 vendues. Un succ\u00e8s retentissant qui t\u00e9moigne de l\u2019immense popularit\u00e9 d\u2019Azaya et de l\u2019engouement croissant pour la musique guin\u00e9enne sur la sc\u00e8ne internationale.<\/p>\n<p>Il s\u2019agit d\u2019une premi\u00e8re historique pour un artiste guin\u00e9en dans cette salle d\u2019envergure. L\u2019interpr\u00e8te du titre \u00e0 succ\u00e8s \u00ab Cercle de feu \u00bb s\u2019appr\u00eate ainsi \u00e0 inscrire son nom dans l\u2019histoire culturelle guin\u00e9enne et africaine, en portant haut les couleurs de son pays sur l\u2019une des plus grandes sc\u00e8nes europ\u00e9ennes<\/p>\n<p>Pour ce concert g\u00e9ant, plusieurs figures embl\u00e9matiques de la musique guin\u00e9enne ont annonc\u00e9 leur pr\u00e9sence, parmi lesquelles S\u00e9kouba Kandia Kouyat\u00e9, S\u00e9kouba Bambino Diabat\u00e9, Takana, F\u00e9f\u00e9 Gnalen, Saifond, Rougui, Soul Bang\u2019s, Tenin Diawara, Manamba Kant\u00e9, Ibro Gnam\u00e8, YAMA, M\u2019Balou Kant\u00e9, Sona Tata, Tirank\u00e9 Sidib\u00e9, Kaniba Oulen, Sayon Cissoko, et bien d\u2019autres artistes de renom.<\/p>\n<p>Cet \u00e9v\u00e9nement b\u00e9n\u00e9ficie du soutien du Minist\u00e8re guin\u00e9en de la Culture, du Tourisme et de l\u2019Artisanat, ainsi que du Centre Culturel Franco-Guin\u00e9en, illustrant une volont\u00e9 commune de promouvoir la culture guin\u00e9enne \u00e0 l\u2019international.<\/p>\n<p>\u00c0 travers ce concert, la musique guin\u00e9enne s\u2019invite une fois de plus sur la grande sc\u00e8ne mondiale, confirmant sa vitalit\u00e9, sa diversit\u00e9 et son rayonnement. Azaya, port\u00e9 par son public, s\u2019impose d\u00e9sormais comme l\u2019un des ambassadeurs incontournables de la culture guin\u00e9enne contemporaine.<\/p>\n<p><em><strong>Par Az\u00f6z\u00f6ye Bangoura<\/strong><\/em><\/p>\n<p>&nbsp;<\/p>\n<div class=\"bs-irp center bs-irp-text-3-full\"><\/div>\n","protected":false},"excerpt":{"rendered":"<p>Ce samedi 13 d\u00e9cembre 2025, l\u2019artiste guin\u00e9en Azaya se produira en concert exceptionnel \u00e0 l\u2019Arena Grand Paris, l\u2019une des salles les plus prestigieuses de France. Un \u00e9v\u00e9nement historique et tr\u00e8s attendu par les fans de musique africaine, en particulier au sein de la diaspora guin\u00e9enne et africaine en Europe. Avec une capacit\u00e9 de 9 000 [&hellip;]<\/p>\n","protected":false},"author":2,"featured_media":13793,"comment_status":"open","ping_status":"open","sticky":false,"template":"","format":"standard","meta":{"footnotes":""},"categories":[1],"tags":[],"class_list":["post-13792","post","type-post","status-publish","format-standard","has-post-thumbnail","hentry","category-blog"],"yoast_head":"<!-- This site is optimized with the Yoast SEO plugin v26.8 - https:\/\/yoast.com\/product\/yoast-seo-wordpress\/ -->\n<title>Concert in\u00e9dit d\u2019Azaya \u00e0 Paris : Une c\u00e9l\u00e9bration de l\u2019identit\u00e9 guin\u00e9enne - leprojecteurguinee<\/title>\n<meta name=\"robots\" content=\"index, follow, max-snippet:-1, max-image-preview:large, max-video-preview:-1\" \/>\n<link rel=\"canonical\" href=\"https:\/\/www.leprojecteurguinee.com\/index.php\/2025\/12\/13\/concert-inedit-dazaya-a-paris-une-celebration-de-lidentite-guineenne\/\" \/>\n<meta property=\"og:locale\" content=\"fr_FR\" \/>\n<meta property=\"og:type\" content=\"article\" \/>\n<meta property=\"og:title\" content=\"Concert in\u00e9dit d\u2019Azaya \u00e0 Paris : Une c\u00e9l\u00e9bration de l\u2019identit\u00e9 guin\u00e9enne - leprojecteurguinee\" \/>\n<meta property=\"og:description\" content=\"Ce samedi 13 d\u00e9cembre 2025, l\u2019artiste guin\u00e9en Azaya se produira en concert exceptionnel \u00e0 l\u2019Arena Grand Paris, l\u2019une des salles les plus prestigieuses de France. Un \u00e9v\u00e9nement historique et tr\u00e8s attendu par les fans de musique africaine, en particulier au sein de la diaspora guin\u00e9enne et africaine en Europe. Avec une capacit\u00e9 de 9 000 [&hellip;]\" \/>\n<meta property=\"og:url\" content=\"https:\/\/www.leprojecteurguinee.com\/index.php\/2025\/12\/13\/concert-inedit-dazaya-a-paris-une-celebration-de-lidentite-guineenne\/\" \/>\n<meta property=\"og:site_name\" content=\"leprojecteurguinee\" \/>\n<meta property=\"article:published_time\" content=\"2025-12-13T19:07:02+00:00\" \/>\n<meta property=\"article:modified_time\" content=\"2025-12-13T19:07:19+00:00\" \/>\n<meta property=\"og:image\" content=\"https:\/\/www.leprojecteurguinee.com\/wp-content\/uploads\/2025\/12\/E418F0B5-EAB1-4AAF-BBD5-7BF5AC3009B1.jpeg\" \/>\n\t<meta property=\"og:image:width\" content=\"1976\" \/>\n\t<meta property=\"og:image:height\" content=\"1976\" \/>\n\t<meta property=\"og:image:type\" content=\"image\/jpeg\" \/>\n<meta name=\"author\" content=\"www.leprojecteurguinee.com\" \/>\n<meta name=\"twitter:card\" content=\"summary_large_image\" \/>\n<meta name=\"twitter:label1\" content=\"\u00c9crit par\" \/>\n\t<meta name=\"twitter:data1\" content=\"www.leprojecteurguinee.com\" \/>\n\t<meta name=\"twitter:label2\" content=\"Dur\u00e9e de lecture estim\u00e9e\" \/>\n\t<meta name=\"twitter:data2\" content=\"2 minutes\" \/>\n<script type=\"application\/ld+json\" class=\"yoast-schema-graph\">{\"@context\":\"https:\/\/schema.org\",\"@graph\":[{\"@type\":\"Article\",\"@id\":\"https:\/\/www.leprojecteurguinee.com\/index.php\/2025\/12\/13\/concert-inedit-dazaya-a-paris-une-celebration-de-lidentite-guineenne\/#article\",\"isPartOf\":{\"@id\":\"https:\/\/www.leprojecteurguinee.com\/index.php\/2025\/12\/13\/concert-inedit-dazaya-a-paris-une-celebration-de-lidentite-guineenne\/\"},\"author\":{\"name\":\"www.leprojecteurguinee.com\",\"@id\":\"https:\/\/www.leprojecteurguinee.com\/#\/schema\/person\/c9d1602e593b11af0b295bdf5e12a59a\"},\"headline\":\"Concert in\u00e9dit d\u2019Azaya \u00e0 Paris : Une c\u00e9l\u00e9bration de l\u2019identit\u00e9 guin\u00e9enne\",\"datePublished\":\"2025-12-13T19:07:02+00:00\",\"dateModified\":\"2025-12-13T19:07:19+00:00\",\"mainEntityOfPage\":{\"@id\":\"https:\/\/www.leprojecteurguinee.com\/index.php\/2025\/12\/13\/concert-inedit-dazaya-a-paris-une-celebration-de-lidentite-guineenne\/\"},\"wordCount\":337,\"commentCount\":0,\"image\":{\"@id\":\"https:\/\/www.leprojecteurguinee.com\/index.php\/2025\/12\/13\/concert-inedit-dazaya-a-paris-une-celebration-de-lidentite-guineenne\/#primaryimage\"},\"thumbnailUrl\":\"https:\/\/www.leprojecteurguinee.com\/wp-content\/uploads\/2025\/12\/E418F0B5-EAB1-4AAF-BBD5-7BF5AC3009B1.jpeg\",\"articleSection\":[\"Blog\"],\"inLanguage\":\"fr-FR\",\"potentialAction\":[{\"@type\":\"CommentAction\",\"name\":\"Comment\",\"target\":[\"https:\/\/www.leprojecteurguinee.com\/index.php\/2025\/12\/13\/concert-inedit-dazaya-a-paris-une-celebration-de-lidentite-guineenne\/#respond\"]}]},{\"@type\":\"WebPage\",\"@id\":\"https:\/\/www.leprojecteurguinee.com\/index.php\/2025\/12\/13\/concert-inedit-dazaya-a-paris-une-celebration-de-lidentite-guineenne\/\",\"url\":\"https:\/\/www.leprojecteurguinee.com\/index.php\/2025\/12\/13\/concert-inedit-dazaya-a-paris-une-celebration-de-lidentite-guineenne\/\",\"name\":\"Concert in\u00e9dit d\u2019Azaya \u00e0 Paris : Une c\u00e9l\u00e9bration de l\u2019identit\u00e9 guin\u00e9enne - leprojecteurguinee\",\"isPartOf\":{\"@id\":\"https:\/\/www.leprojecteurguinee.com\/#website\"},\"primaryImageOfPage\":{\"@id\":\"https:\/\/www.leprojecteurguinee.com\/index.php\/2025\/12\/13\/concert-inedit-dazaya-a-paris-une-celebration-de-lidentite-guineenne\/#primaryimage\"},\"image\":{\"@id\":\"https:\/\/www.leprojecteurguinee.com\/index.php\/2025\/12\/13\/concert-inedit-dazaya-a-paris-une-celebration-de-lidentite-guineenne\/#primaryimage\"},\"thumbnailUrl\":\"https:\/\/www.leprojecteurguinee.com\/wp-content\/uploads\/2025\/12\/E418F0B5-EAB1-4AAF-BBD5-7BF5AC3009B1.jpeg\",\"datePublished\":\"2025-12-13T19:07:02+00:00\",\"dateModified\":\"2025-12-13T19:07:19+00:00\",\"author\":{\"@id\":\"https:\/\/www.leprojecteurguinee.com\/#\/schema\/person\/c9d1602e593b11af0b295bdf5e12a59a\"},\"breadcrumb\":{\"@id\":\"https:\/\/www.leprojecteurguinee.com\/index.php\/2025\/12\/13\/concert-inedit-dazaya-a-paris-une-celebration-de-lidentite-guineenne\/#breadcrumb\"},\"inLanguage\":\"fr-FR\",\"potentialAction\":[{\"@type\":\"ReadAction\",\"target\":[\"https:\/\/www.leprojecteurguinee.com\/index.php\/2025\/12\/13\/concert-inedit-dazaya-a-paris-une-celebration-de-lidentite-guineenne\/\"]}]},{\"@type\":\"ImageObject\",\"inLanguage\":\"fr-FR\",\"@id\":\"https:\/\/www.leprojecteurguinee.com\/index.php\/2025\/12\/13\/concert-inedit-dazaya-a-paris-une-celebration-de-lidentite-guineenne\/#primaryimage\",\"url\":\"https:\/\/www.leprojecteurguinee.com\/wp-content\/uploads\/2025\/12\/E418F0B5-EAB1-4AAF-BBD5-7BF5AC3009B1.jpeg\",\"contentUrl\":\"https:\/\/www.leprojecteurguinee.com\/wp-content\/uploads\/2025\/12\/E418F0B5-EAB1-4AAF-BBD5-7BF5AC3009B1.jpeg\",\"width\":1976,\"height\":1976},{\"@type\":\"BreadcrumbList\",\"@id\":\"https:\/\/www.leprojecteurguinee.com\/index.php\/2025\/12\/13\/concert-inedit-dazaya-a-paris-une-celebration-de-lidentite-guineenne\/#breadcrumb\",\"itemListElement\":[{\"@type\":\"ListItem\",\"position\":1,\"name\":\"Accueil\",\"item\":\"https:\/\/www.leprojecteurguinee.com\/\"},{\"@type\":\"ListItem\",\"position\":2,\"name\":\"Concert in\u00e9dit d\u2019Azaya \u00e0 Paris : Une c\u00e9l\u00e9bration de l\u2019identit\u00e9 guin\u00e9enne\"}]},{\"@type\":\"WebSite\",\"@id\":\"https:\/\/www.leprojecteurguinee.com\/#website\",\"url\":\"https:\/\/www.leprojecteurguinee.com\/\",\"name\":\"leprojecteurguinee\",\"description\":\"Nous luttons contre les pratiques obscures\",\"potentialAction\":[{\"@type\":\"SearchAction\",\"target\":{\"@type\":\"EntryPoint\",\"urlTemplate\":\"https:\/\/www.leprojecteurguinee.com\/?s={search_term_string}\"},\"query-input\":{\"@type\":\"PropertyValueSpecification\",\"valueRequired\":true,\"valueName\":\"search_term_string\"}}],\"inLanguage\":\"fr-FR\"},{\"@type\":\"Person\",\"@id\":\"https:\/\/www.leprojecteurguinee.com\/#\/schema\/person\/c9d1602e593b11af0b295bdf5e12a59a\",\"name\":\"www.leprojecteurguinee.com\",\"image\":{\"@type\":\"ImageObject\",\"inLanguage\":\"fr-FR\",\"@id\":\"https:\/\/www.leprojecteurguinee.com\/#\/schema\/person\/image\/\",\"url\":\"https:\/\/secure.gravatar.com\/avatar\/d73703fcd03dcba36d2bb23326e491935423a46800f1ebf8f61b70e62b70e55a?s=96&d=mm&r=g\",\"contentUrl\":\"https:\/\/secure.gravatar.com\/avatar\/d73703fcd03dcba36d2bb23326e491935423a46800f1ebf8f61b70e62b70e55a?s=96&d=mm&r=g\",\"caption\":\"www.leprojecteurguinee.com\"},\"description\":\"Administrateur G\u00e9n\u00e9ral\",\"sameAs\":[\"http:\/\/www.leprojeceteurguinee.com\"],\"url\":\"https:\/\/www.leprojecteurguinee.com\/index.php\/author\/fadigagn\/\"}]}<\/script>\n<!-- \/ Yoast SEO plugin. -->","yoast_head_json":{"title":"Concert in\u00e9dit d\u2019Azaya \u00e0 Paris : Une c\u00e9l\u00e9bration de l\u2019identit\u00e9 guin\u00e9enne - leprojecteurguinee","robots":{"index":"index","follow":"follow","max-snippet":"max-snippet:-1","max-image-preview":"max-image-preview:large","max-video-preview":"max-video-preview:-1"},"canonical":"https:\/\/www.leprojecteurguinee.com\/index.php\/2025\/12\/13\/concert-inedit-dazaya-a-paris-une-celebration-de-lidentite-guineenne\/","og_locale":"fr_FR","og_type":"article","og_title":"Concert in\u00e9dit d\u2019Azaya \u00e0 Paris : Une c\u00e9l\u00e9bration de l\u2019identit\u00e9 guin\u00e9enne - leprojecteurguinee","og_description":"Ce samedi 13 d\u00e9cembre 2025, l\u2019artiste guin\u00e9en Azaya se produira en concert exceptionnel \u00e0 l\u2019Arena Grand Paris, l\u2019une des salles les plus prestigieuses de France. Un \u00e9v\u00e9nement historique et tr\u00e8s attendu par les fans de musique africaine, en particulier au sein de la diaspora guin\u00e9enne et africaine en Europe. Avec une capacit\u00e9 de 9 000 [&hellip;]","og_url":"https:\/\/www.leprojecteurguinee.com\/index.php\/2025\/12\/13\/concert-inedit-dazaya-a-paris-une-celebration-de-lidentite-guineenne\/","og_site_name":"leprojecteurguinee","article_published_time":"2025-12-13T19:07:02+00:00","article_modified_time":"2025-12-13T19:07:19+00:00","og_image":[{"width":1976,"height":1976,"url":"https:\/\/www.leprojecteurguinee.com\/wp-content\/uploads\/2025\/12\/E418F0B5-EAB1-4AAF-BBD5-7BF5AC3009B1.jpeg","type":"image\/jpeg"}],"author":"www.leprojecteurguinee.com","twitter_card":"summary_large_image","twitter_misc":{"\u00c9crit par":"www.leprojecteurguinee.com","Dur\u00e9e de lecture estim\u00e9e":"2 minutes"},"schema":{"@context":"https:\/\/schema.org","@graph":[{"@type":"Article","@id":"https:\/\/www.leprojecteurguinee.com\/index.php\/2025\/12\/13\/concert-inedit-dazaya-a-paris-une-celebration-de-lidentite-guineenne\/#article","isPartOf":{"@id":"https:\/\/www.leprojecteurguinee.com\/index.php\/2025\/12\/13\/concert-inedit-dazaya-a-paris-une-celebration-de-lidentite-guineenne\/"},"author":{"name":"www.leprojecteurguinee.com","@id":"https:\/\/www.leprojecteurguinee.com\/#\/schema\/person\/c9d1602e593b11af0b295bdf5e12a59a"},"headline":"Concert in\u00e9dit d\u2019Azaya \u00e0 Paris : Une c\u00e9l\u00e9bration de l\u2019identit\u00e9 guin\u00e9enne","datePublished":"2025-12-13T19:07:02+00:00","dateModified":"2025-12-13T19:07:19+00:00","mainEntityOfPage":{"@id":"https:\/\/www.leprojecteurguinee.com\/index.php\/2025\/12\/13\/concert-inedit-dazaya-a-paris-une-celebration-de-lidentite-guineenne\/"},"wordCount":337,"commentCount":0,"image":{"@id":"https:\/\/www.leprojecteurguinee.com\/index.php\/2025\/12\/13\/concert-inedit-dazaya-a-paris-une-celebration-de-lidentite-guineenne\/#primaryimage"},"thumbnailUrl":"https:\/\/www.leprojecteurguinee.com\/wp-content\/uploads\/2025\/12\/E418F0B5-EAB1-4AAF-BBD5-7BF5AC3009B1.jpeg","articleSection":["Blog"],"inLanguage":"fr-FR","potentialAction":[{"@type":"CommentAction","name":"Comment","target":["https:\/\/www.leprojecteurguinee.com\/index.php\/2025\/12\/13\/concert-inedit-dazaya-a-paris-une-celebration-de-lidentite-guineenne\/#respond"]}]},{"@type":"WebPage","@id":"https:\/\/www.leprojecteurguinee.com\/index.php\/2025\/12\/13\/concert-inedit-dazaya-a-paris-une-celebration-de-lidentite-guineenne\/","url":"https:\/\/www.leprojecteurguinee.com\/index.php\/2025\/12\/13\/concert-inedit-dazaya-a-paris-une-celebration-de-lidentite-guineenne\/","name":"Concert in\u00e9dit d\u2019Azaya \u00e0 Paris : Une c\u00e9l\u00e9bration de l\u2019identit\u00e9 guin\u00e9enne - leprojecteurguinee","isPartOf":{"@id":"https:\/\/www.leprojecteurguinee.com\/#website"},"primaryImageOfPage":{"@id":"https:\/\/www.leprojecteurguinee.com\/index.php\/2025\/12\/13\/concert-inedit-dazaya-a-paris-une-celebration-de-lidentite-guineenne\/#primaryimage"},"image":{"@id":"https:\/\/www.leprojecteurguinee.com\/index.php\/2025\/12\/13\/concert-inedit-dazaya-a-paris-une-celebration-de-lidentite-guineenne\/#primaryimage"},"thumbnailUrl":"https:\/\/www.leprojecteurguinee.com\/wp-content\/uploads\/2025\/12\/E418F0B5-EAB1-4AAF-BBD5-7BF5AC3009B1.jpeg","datePublished":"2025-12-13T19:07:02+00:00","dateModified":"2025-12-13T19:07:19+00:00","author":{"@id":"https:\/\/www.leprojecteurguinee.com\/#\/schema\/person\/c9d1602e593b11af0b295bdf5e12a59a"},"breadcrumb":{"@id":"https:\/\/www.leprojecteurguinee.com\/index.php\/2025\/12\/13\/concert-inedit-dazaya-a-paris-une-celebration-de-lidentite-guineenne\/#breadcrumb"},"inLanguage":"fr-FR","potentialAction":[{"@type":"ReadAction","target":["https:\/\/www.leprojecteurguinee.com\/index.php\/2025\/12\/13\/concert-inedit-dazaya-a-paris-une-celebration-de-lidentite-guineenne\/"]}]},{"@type":"ImageObject","inLanguage":"fr-FR","@id":"https:\/\/www.leprojecteurguinee.com\/index.php\/2025\/12\/13\/concert-inedit-dazaya-a-paris-une-celebration-de-lidentite-guineenne\/#primaryimage","url":"https:\/\/www.leprojecteurguinee.com\/wp-content\/uploads\/2025\/12\/E418F0B5-EAB1-4AAF-BBD5-7BF5AC3009B1.jpeg","contentUrl":"https:\/\/www.leprojecteurguinee.com\/wp-content\/uploads\/2025\/12\/E418F0B5-EAB1-4AAF-BBD5-7BF5AC3009B1.jpeg","width":1976,"height":1976},{"@type":"BreadcrumbList","@id":"https:\/\/www.leprojecteurguinee.com\/index.php\/2025\/12\/13\/concert-inedit-dazaya-a-paris-une-celebration-de-lidentite-guineenne\/#breadcrumb","itemListElement":[{"@type":"ListItem","position":1,"name":"Accueil","item":"https:\/\/www.leprojecteurguinee.com\/"},{"@type":"ListItem","position":2,"name":"Concert in\u00e9dit d\u2019Azaya \u00e0 Paris : Une c\u00e9l\u00e9bration de l\u2019identit\u00e9 guin\u00e9enne"}]},{"@type":"WebSite","@id":"https:\/\/www.leprojecteurguinee.com\/#website","url":"https:\/\/www.leprojecteurguinee.com\/","name":"leprojecteurguinee","description":"Nous luttons contre les pratiques obscures","potentialAction":[{"@type":"SearchAction","target":{"@type":"EntryPoint","urlTemplate":"https:\/\/www.leprojecteurguinee.com\/?s={search_term_string}"},"query-input":{"@type":"PropertyValueSpecification","valueRequired":true,"valueName":"search_term_string"}}],"inLanguage":"fr-FR"},{"@type":"Person","@id":"https:\/\/www.leprojecteurguinee.com\/#\/schema\/person\/c9d1602e593b11af0b295bdf5e12a59a","name":"www.leprojecteurguinee.com","image":{"@type":"ImageObject","inLanguage":"fr-FR","@id":"https:\/\/www.leprojecteurguinee.com\/#\/schema\/person\/image\/","url":"https:\/\/secure.gravatar.com\/avatar\/d73703fcd03dcba36d2bb23326e491935423a46800f1ebf8f61b70e62b70e55a?s=96&d=mm&r=g","contentUrl":"https:\/\/secure.gravatar.com\/avatar\/d73703fcd03dcba36d2bb23326e491935423a46800f1ebf8f61b70e62b70e55a?s=96&d=mm&r=g","caption":"www.leprojecteurguinee.com"},"description":"Administrateur G\u00e9n\u00e9ral","sameAs":["http:\/\/www.leprojeceteurguinee.com"],"url":"https:\/\/www.leprojecteurguinee.com\/index.php\/author\/fadigagn\/"}]}},"_links":{"self":[{"href":"https:\/\/www.leprojecteurguinee.com\/index.php\/wp-json\/wp\/v2\/posts\/13792","targetHints":{"allow":["GET"]}}],"collection":[{"href":"https:\/\/www.leprojecteurguinee.com\/index.php\/wp-json\/wp\/v2\/posts"}],"about":[{"href":"https:\/\/www.leprojecteurguinee.com\/index.php\/wp-json\/wp\/v2\/types\/post"}],"author":[{"embeddable":true,"href":"https:\/\/www.leprojecteurguinee.com\/index.php\/wp-json\/wp\/v2\/users\/2"}],"replies":[{"embeddable":true,"href":"https:\/\/www.leprojecteurguinee.com\/index.php\/wp-json\/wp\/v2\/comments?post=13792"}],"version-history":[{"count":1,"href":"https:\/\/www.leprojecteurguinee.com\/index.php\/wp-json\/wp\/v2\/posts\/13792\/revisions"}],"predecessor-version":[{"id":13794,"href":"https:\/\/www.leprojecteurguinee.com\/index.php\/wp-json\/wp\/v2\/posts\/13792\/revisions\/13794"}],"wp:featuredmedia":[{"embeddable":true,"href":"https:\/\/www.leprojecteurguinee.com\/index.php\/wp-json\/wp\/v2\/media\/13793"}],"wp:attachment":[{"href":"https:\/\/www.leprojecteurguinee.com\/index.php\/wp-json\/wp\/v2\/media?parent=13792"}],"wp:term":[{"taxonomy":"category","embeddable":true,"href":"https:\/\/www.leprojecteurguinee.com\/index.php\/wp-json\/wp\/v2\/categories?post=13792"},{"taxonomy":"post_tag","embeddable":true,"href":"https:\/\/www.leprojecteurguinee.com\/index.php\/wp-json\/wp\/v2\/tags?post=13792"}],"curies":[{"name":"wp","href":"https:\/\/api.w.org\/{rel}","templated":true}]}}