{"id":13743,"date":"2025-12-11T12:57:55","date_gmt":"2025-12-11T12:57:55","guid":{"rendered":"https:\/\/www.leprojecteurguinee.com\/?p=13743"},"modified":"2025-12-11T12:58:28","modified_gmt":"2025-12-11T12:58:28","slug":"13743","status":"publish","type":"post","link":"https:\/\/www.leprojecteurguinee.com\/index.php\/2025\/12\/11\/13743\/","title":{"rendered":""},"content":{"rendered":"<p>La campagne pr\u00e9sidentielle a marqu\u00e9 une nouvelle \u00e9tape ce mercredi 10 d\u00e9cembre 2025 avec la venue d\u2019Abdoulaye Yero Bald\u00e9 \u00e0 Kankan, 2e grande ville de Guin\u00e9e.<\/p>\n<p><img loading=\"lazy\" decoding=\"async\" class=\"alignnone wp-image-303354 size-full b-loaded\" src=\"https:\/\/mediaguinee.com\/wp-content\/uploads\/2025\/12\/32babba2-205d-4d49-bea1-2a9017301411.jpeg\" sizes=\"auto, (max-width: 1170px) 100vw, 1170px\" srcset=\"https:\/\/i0.wp.com\/mediaguinee.com\/wp-content\/uploads\/2025\/12\/32babba2-205d-4d49-bea1-2a9017301411.jpeg?w=1280&amp;ssl=1 1280w, https:\/\/i0.wp.com\/mediaguinee.com\/wp-content\/uploads\/2025\/12\/32babba2-205d-4d49-bea1-2a9017301411.jpeg?resize=300%2C200&amp;ssl=1 300w, https:\/\/i0.wp.com\/mediaguinee.com\/wp-content\/uploads\/2025\/12\/32babba2-205d-4d49-bea1-2a9017301411.jpeg?resize=1024%2C682&amp;ssl=1 1024w, https:\/\/i0.wp.com\/mediaguinee.com\/wp-content\/uploads\/2025\/12\/32babba2-205d-4d49-bea1-2a9017301411.jpeg?resize=768%2C511&amp;ssl=1 768w\" alt=\"\" width=\"1280\" height=\"852\" data-attachment-id=\"303354\" data-permalink=\"https:\/\/mediaguinee.com\/2025\/12\/presidentielle-2025-abdoulaye-yero-balde-mobilise-a-kankan-il-ny-a-que-le-passeport-guineen\/32babba2-205d-4d49-bea1-2a9017301411\/\" data-orig-file=\"https:\/\/i0.wp.com\/mediaguinee.com\/wp-content\/uploads\/2025\/12\/32babba2-205d-4d49-bea1-2a9017301411.jpeg?fit=1280%2C852&amp;ssl=1\" data-orig-size=\"1280,852\" data-comments-opened=\"1\" data-image-meta=\"{&quot;aperture&quot;:&quot;0&quot;,&quot;credit&quot;:&quot;&quot;,&quot;camera&quot;:&quot;&quot;,&quot;caption&quot;:&quot;&quot;,&quot;created_timestamp&quot;:&quot;1765449431&quot;,&quot;copyright&quot;:&quot;&quot;,&quot;focal_length&quot;:&quot;0&quot;,&quot;iso&quot;:&quot;0&quot;,&quot;shutter_speed&quot;:&quot;0&quot;,&quot;title&quot;:&quot;&quot;,&quot;orientation&quot;:&quot;0&quot;}\" data-image-title=\"32babba2-205d-4d49-bea1-2a9017301411\" data-image-description=\"\" data-image-caption=\"\" data-medium-file=\"https:\/\/i0.wp.com\/mediaguinee.com\/wp-content\/uploads\/2025\/12\/32babba2-205d-4d49-bea1-2a9017301411.jpeg?fit=300%2C200&amp;ssl=1\" data-large-file=\"https:\/\/i0.wp.com\/mediaguinee.com\/wp-content\/uploads\/2025\/12\/32babba2-205d-4d49-bea1-2a9017301411.jpeg?fit=1024%2C682&amp;ssl=1\" \/>\u00a0<img loading=\"lazy\" decoding=\"async\" class=\"alignnone wp-image-303355 size-full b-loaded\" src=\"https:\/\/mediaguinee.com\/wp-content\/uploads\/2025\/12\/2f59fad5-6ef8-4386-9882-4aac1f441f4e.jpeg\" sizes=\"auto, (max-width: 1170px) 100vw, 1170px\" srcset=\"https:\/\/i0.wp.com\/mediaguinee.com\/wp-content\/uploads\/2025\/12\/2f59fad5-6ef8-4386-9882-4aac1f441f4e.jpeg?w=1280&amp;ssl=1 1280w, https:\/\/i0.wp.com\/mediaguinee.com\/wp-content\/uploads\/2025\/12\/2f59fad5-6ef8-4386-9882-4aac1f441f4e.jpeg?resize=300%2C200&amp;ssl=1 300w, https:\/\/i0.wp.com\/mediaguinee.com\/wp-content\/uploads\/2025\/12\/2f59fad5-6ef8-4386-9882-4aac1f441f4e.jpeg?resize=1024%2C682&amp;ssl=1 1024w, https:\/\/i0.wp.com\/mediaguinee.com\/wp-content\/uploads\/2025\/12\/2f59fad5-6ef8-4386-9882-4aac1f441f4e.jpeg?resize=768%2C511&amp;ssl=1 768w\" alt=\"\" width=\"1280\" height=\"852\" data-attachment-id=\"303355\" data-permalink=\"https:\/\/mediaguinee.com\/2025\/12\/presidentielle-2025-abdoulaye-yero-balde-mobilise-a-kankan-il-ny-a-que-le-passeport-guineen\/2f59fad5-6ef8-4386-9882-4aac1f441f4e\/\" data-orig-file=\"https:\/\/i0.wp.com\/mediaguinee.com\/wp-content\/uploads\/2025\/12\/2f59fad5-6ef8-4386-9882-4aac1f441f4e.jpeg?fit=1280%2C852&amp;ssl=1\" data-orig-size=\"1280,852\" data-comments-opened=\"1\" data-image-meta=\"{&quot;aperture&quot;:&quot;0&quot;,&quot;credit&quot;:&quot;&quot;,&quot;camera&quot;:&quot;&quot;,&quot;caption&quot;:&quot;&quot;,&quot;created_timestamp&quot;:&quot;1765449430&quot;,&quot;copyright&quot;:&quot;&quot;,&quot;focal_length&quot;:&quot;0&quot;,&quot;iso&quot;:&quot;0&quot;,&quot;shutter_speed&quot;:&quot;0&quot;,&quot;title&quot;:&quot;&quot;,&quot;orientation&quot;:&quot;0&quot;}\" data-image-title=\"2f59fad5-6ef8-4386-9882-4aac1f441f4e\" data-image-description=\"\" data-image-caption=\"\" data-medium-file=\"https:\/\/i0.wp.com\/mediaguinee.com\/wp-content\/uploads\/2025\/12\/2f59fad5-6ef8-4386-9882-4aac1f441f4e.jpeg?fit=300%2C200&amp;ssl=1\" data-large-file=\"https:\/\/i0.wp.com\/mediaguinee.com\/wp-content\/uploads\/2025\/12\/2f59fad5-6ef8-4386-9882-4aac1f441f4e.jpeg?fit=1024%2C682&amp;ssl=1\" \/><\/p>\n<p>Le pr\u00e9sident du Frondeg et candidat \u00e0 l\u2019\u00e9lection du 28 d\u00e9cembre a \u00e9t\u00e9 accueilli dans une ambiance de ferveur populaire avant d\u2019\u00eatre escort\u00e9 jusqu\u2019au stade de l\u2019universit\u00e9, o\u00f9 il a anim\u00e9 un meeting tr\u00e8s suivi.<\/p>\n<p>S\u2019exprimant en maninka, Abdoulaye Y\u00e9ro Bald\u00e9 a salu\u00e9 la mobilisation des habitants de Nabaya et a insist\u00e9 sur l\u2019importance de l\u2019unit\u00e9 nationale.<br \/>\nSelon lui, l\u2019action politique qu\u2019il m\u00e8ne s\u2019adresse \u00e0 l\u2019ensemble des r\u00e9gions du pays. \u00ab Ce que nous faisons, ce n\u2019est pas pour une r\u00e9gion, ni la Haute Guin\u00e9e, ni la Basse-C\u00f4te, ni le Fouta, ni la For\u00eat. C\u2019est pour toute la Guin\u00e9e. Donnons-nous la main pour que la Guin\u00e9e avance, pour qu\u2019elle se d\u00e9veloppe \u00bb, a-t-il d\u00e9clar\u00e9.<\/p>\n<p>Le candidat a expos\u00e9 plusieurs projets qu\u2019il souhaite engager s\u2019il acc\u00e8de \u00e0 la magistrature supr\u00eame. Il a notamment annonc\u00e9 la construction du chemin de fer Conakry\u2013Kankan, l\u2019\u00e9tablissement d\u2019un port sec dans la ville et de nouvelles liaisons ferroviaires en direction de Siguiri et Kour\u00e9mal\u00e9.<\/p>\n<p>Appelant \u00e0 la coh\u00e9sion nationale, Abdoulaye Yero Bald\u00e9 a affirm\u00e9 : \u00ab En Guin\u00e9e, il n\u2019y a qu\u2019un seul passeport. Il n\u2019y a pas de passeport pour la Haute Guin\u00e9e, ni pour le Fouta, ni pour la Basse Guin\u00e9e. Il n\u2019y a que le passeport guin\u00e9en. Aimons-nous, restons unis. \u00bb<\/p>\n<p>Dans une atmosph\u00e8re \u00e9lectrique, il a exhort\u00e9 ses sympathisants \u00e0 \u00e9viter tout acte de violence et \u00e0 privil\u00e9gier la participation citoyenne. \u00ab Ne vous battez pas pour la politique. Le jour du vote, allez prendre vos cartes, c\u2019est \u00e7a qui compte \u00bb, a-t-il insist\u00e9.<\/p>\n<p>Le passage du pr\u00e9sident du Frondeg \u00e0 Kankan constitue une \u00e9tape strat\u00e9gique dans sa tourn\u00e9e de l\u2019Est du pays, o\u00f9 il cherche \u00e0 mobiliser largement en vue du scrutin du 28 d\u00e9cembre.<\/p>\n<p><strong>Karifa Doumbouya correspondant mediaguinee \u00e0 Kankan 612512279<\/strong><\/p>\n","protected":false},"excerpt":{"rendered":"<p>La campagne pr\u00e9sidentielle a marqu\u00e9 une nouvelle \u00e9tape ce mercredi 10 d\u00e9cembre 2025 avec la venue d\u2019Abdoulaye Yero Bald\u00e9 \u00e0 Kankan, 2e grande ville de Guin\u00e9e. \u00a0 Le pr\u00e9sident du Frondeg et candidat \u00e0 l\u2019\u00e9lection du 28 d\u00e9cembre a \u00e9t\u00e9 accueilli dans une ambiance de ferveur populaire avant d\u2019\u00eatre escort\u00e9 jusqu\u2019au stade de l\u2019universit\u00e9, o\u00f9 [&hellip;]<\/p>\n","protected":false},"author":2,"featured_media":13744,"comment_status":"open","ping_status":"open","sticky":false,"template":"","format":"standard","meta":{"footnotes":""},"categories":[20],"tags":[],"class_list":["post-13743","post","type-post","status-publish","format-standard","has-post-thumbnail","hentry","category-societe"],"yoast_head":"<!-- This site is optimized with the Yoast SEO plugin v26.8 - https:\/\/yoast.com\/product\/yoast-seo-wordpress\/ -->\n<title>- leprojecteurguinee<\/title>\n<meta name=\"robots\" content=\"index, follow, max-snippet:-1, max-image-preview:large, max-video-preview:-1\" \/>\n<link rel=\"canonical\" href=\"https:\/\/www.leprojecteurguinee.com\/index.php\/2025\/12\/11\/13743\/\" \/>\n<meta property=\"og:locale\" content=\"fr_FR\" \/>\n<meta property=\"og:type\" content=\"article\" \/>\n<meta property=\"og:title\" content=\"- leprojecteurguinee\" \/>\n<meta property=\"og:description\" content=\"La campagne pr\u00e9sidentielle a marqu\u00e9 une nouvelle \u00e9tape ce mercredi 10 d\u00e9cembre 2025 avec la venue d\u2019Abdoulaye Yero Bald\u00e9 \u00e0 Kankan, 2e grande ville de Guin\u00e9e. \u00a0 Le pr\u00e9sident du Frondeg et candidat \u00e0 l\u2019\u00e9lection du 28 d\u00e9cembre a \u00e9t\u00e9 accueilli dans une ambiance de ferveur populaire avant d\u2019\u00eatre escort\u00e9 jusqu\u2019au stade de l\u2019universit\u00e9, o\u00f9 [&hellip;]\" \/>\n<meta property=\"og:url\" content=\"https:\/\/www.leprojecteurguinee.com\/index.php\/2025\/12\/11\/13743\/\" \/>\n<meta property=\"og:site_name\" content=\"leprojecteurguinee\" \/>\n<meta property=\"article:published_time\" content=\"2025-12-11T12:57:55+00:00\" \/>\n<meta property=\"article:modified_time\" content=\"2025-12-11T12:58:28+00:00\" \/>\n<meta property=\"og:image\" content=\"https:\/\/www.leprojecteurguinee.com\/wp-content\/uploads\/2025\/12\/yero.webp\" \/>\n\t<meta property=\"og:image:width\" content=\"1280\" \/>\n\t<meta property=\"og:image:height\" content=\"852\" \/>\n\t<meta property=\"og:image:type\" content=\"image\/webp\" \/>\n<meta name=\"author\" content=\"www.leprojecteurguinee.com\" \/>\n<meta name=\"twitter:card\" content=\"summary_large_image\" \/>\n<meta name=\"twitter:label1\" content=\"\u00c9crit par\" \/>\n\t<meta name=\"twitter:data1\" content=\"www.leprojecteurguinee.com\" \/>\n\t<meta name=\"twitter:label2\" content=\"Dur\u00e9e de lecture estim\u00e9e\" \/>\n\t<meta name=\"twitter:data2\" content=\"3 minutes\" \/>\n<script type=\"application\/ld+json\" class=\"yoast-schema-graph\">{\"@context\":\"https:\/\/schema.org\",\"@graph\":[{\"@type\":\"Article\",\"@id\":\"https:\/\/www.leprojecteurguinee.com\/index.php\/2025\/12\/11\/13743\/#article\",\"isPartOf\":{\"@id\":\"https:\/\/www.leprojecteurguinee.com\/index.php\/2025\/12\/11\/13743\/\"},\"author\":{\"name\":\"www.leprojecteurguinee.com\",\"@id\":\"https:\/\/www.leprojecteurguinee.com\/#\/schema\/person\/c9d1602e593b11af0b295bdf5e12a59a\"},\"headline\":\"Aucun titre\",\"datePublished\":\"2025-12-11T12:57:55+00:00\",\"dateModified\":\"2025-12-11T12:58:28+00:00\",\"mainEntityOfPage\":{\"@id\":\"https:\/\/www.leprojecteurguinee.com\/index.php\/2025\/12\/11\/13743\/\"},\"wordCount\":352,\"commentCount\":0,\"image\":{\"@id\":\"https:\/\/www.leprojecteurguinee.com\/index.php\/2025\/12\/11\/13743\/#primaryimage\"},\"thumbnailUrl\":\"https:\/\/www.leprojecteurguinee.com\/wp-content\/uploads\/2025\/12\/yero.webp\",\"articleSection\":[\"Soci\u00e9t\u00e9\"],\"inLanguage\":\"fr-FR\",\"potentialAction\":[{\"@type\":\"CommentAction\",\"name\":\"Comment\",\"target\":[\"https:\/\/www.leprojecteurguinee.com\/index.php\/2025\/12\/11\/13743\/#respond\"]}]},{\"@type\":\"WebPage\",\"@id\":\"https:\/\/www.leprojecteurguinee.com\/index.php\/2025\/12\/11\/13743\/\",\"url\":\"https:\/\/www.leprojecteurguinee.com\/index.php\/2025\/12\/11\/13743\/\",\"name\":\"- leprojecteurguinee\",\"isPartOf\":{\"@id\":\"https:\/\/www.leprojecteurguinee.com\/#website\"},\"primaryImageOfPage\":{\"@id\":\"https:\/\/www.leprojecteurguinee.com\/index.php\/2025\/12\/11\/13743\/#primaryimage\"},\"image\":{\"@id\":\"https:\/\/www.leprojecteurguinee.com\/index.php\/2025\/12\/11\/13743\/#primaryimage\"},\"thumbnailUrl\":\"https:\/\/www.leprojecteurguinee.com\/wp-content\/uploads\/2025\/12\/yero.webp\",\"datePublished\":\"2025-12-11T12:57:55+00:00\",\"dateModified\":\"2025-12-11T12:58:28+00:00\",\"author\":{\"@id\":\"https:\/\/www.leprojecteurguinee.com\/#\/schema\/person\/c9d1602e593b11af0b295bdf5e12a59a\"},\"inLanguage\":\"fr-FR\",\"potentialAction\":[{\"@type\":\"ReadAction\",\"target\":[\"https:\/\/www.leprojecteurguinee.com\/index.php\/2025\/12\/11\/13743\/\"]}]},{\"@type\":\"ImageObject\",\"inLanguage\":\"fr-FR\",\"@id\":\"https:\/\/www.leprojecteurguinee.com\/index.php\/2025\/12\/11\/13743\/#primaryimage\",\"url\":\"https:\/\/www.leprojecteurguinee.com\/wp-content\/uploads\/2025\/12\/yero.webp\",\"contentUrl\":\"https:\/\/www.leprojecteurguinee.com\/wp-content\/uploads\/2025\/12\/yero.webp\",\"width\":1280,\"height\":852},{\"@type\":\"WebSite\",\"@id\":\"https:\/\/www.leprojecteurguinee.com\/#website\",\"url\":\"https:\/\/www.leprojecteurguinee.com\/\",\"name\":\"leprojecteurguinee\",\"description\":\"Nous luttons contre les pratiques obscures\",\"potentialAction\":[{\"@type\":\"SearchAction\",\"target\":{\"@type\":\"EntryPoint\",\"urlTemplate\":\"https:\/\/www.leprojecteurguinee.com\/?s={search_term_string}\"},\"query-input\":{\"@type\":\"PropertyValueSpecification\",\"valueRequired\":true,\"valueName\":\"search_term_string\"}}],\"inLanguage\":\"fr-FR\"},{\"@type\":\"Person\",\"@id\":\"https:\/\/www.leprojecteurguinee.com\/#\/schema\/person\/c9d1602e593b11af0b295bdf5e12a59a\",\"name\":\"www.leprojecteurguinee.com\",\"image\":{\"@type\":\"ImageObject\",\"inLanguage\":\"fr-FR\",\"@id\":\"https:\/\/www.leprojecteurguinee.com\/#\/schema\/person\/image\/\",\"url\":\"https:\/\/secure.gravatar.com\/avatar\/d73703fcd03dcba36d2bb23326e491935423a46800f1ebf8f61b70e62b70e55a?s=96&d=mm&r=g\",\"contentUrl\":\"https:\/\/secure.gravatar.com\/avatar\/d73703fcd03dcba36d2bb23326e491935423a46800f1ebf8f61b70e62b70e55a?s=96&d=mm&r=g\",\"caption\":\"www.leprojecteurguinee.com\"},\"description\":\"Administrateur G\u00e9n\u00e9ral\",\"sameAs\":[\"http:\/\/www.leprojeceteurguinee.com\"],\"url\":\"https:\/\/www.leprojecteurguinee.com\/index.php\/author\/fadigagn\/\"}]}<\/script>\n<!-- \/ Yoast SEO plugin. -->","yoast_head_json":{"title":"- leprojecteurguinee","robots":{"index":"index","follow":"follow","max-snippet":"max-snippet:-1","max-image-preview":"max-image-preview:large","max-video-preview":"max-video-preview:-1"},"canonical":"https:\/\/www.leprojecteurguinee.com\/index.php\/2025\/12\/11\/13743\/","og_locale":"fr_FR","og_type":"article","og_title":"- leprojecteurguinee","og_description":"La campagne pr\u00e9sidentielle a marqu\u00e9 une nouvelle \u00e9tape ce mercredi 10 d\u00e9cembre 2025 avec la venue d\u2019Abdoulaye Yero Bald\u00e9 \u00e0 Kankan, 2e grande ville de Guin\u00e9e. \u00a0 Le pr\u00e9sident du Frondeg et candidat \u00e0 l\u2019\u00e9lection du 28 d\u00e9cembre a \u00e9t\u00e9 accueilli dans une ambiance de ferveur populaire avant d\u2019\u00eatre escort\u00e9 jusqu\u2019au stade de l\u2019universit\u00e9, o\u00f9 [&hellip;]","og_url":"https:\/\/www.leprojecteurguinee.com\/index.php\/2025\/12\/11\/13743\/","og_site_name":"leprojecteurguinee","article_published_time":"2025-12-11T12:57:55+00:00","article_modified_time":"2025-12-11T12:58:28+00:00","og_image":[{"width":1280,"height":852,"url":"https:\/\/www.leprojecteurguinee.com\/wp-content\/uploads\/2025\/12\/yero.webp","type":"image\/webp"}],"author":"www.leprojecteurguinee.com","twitter_card":"summary_large_image","twitter_misc":{"\u00c9crit par":"www.leprojecteurguinee.com","Dur\u00e9e de lecture estim\u00e9e":"3 minutes"},"schema":{"@context":"https:\/\/schema.org","@graph":[{"@type":"Article","@id":"https:\/\/www.leprojecteurguinee.com\/index.php\/2025\/12\/11\/13743\/#article","isPartOf":{"@id":"https:\/\/www.leprojecteurguinee.com\/index.php\/2025\/12\/11\/13743\/"},"author":{"name":"www.leprojecteurguinee.com","@id":"https:\/\/www.leprojecteurguinee.com\/#\/schema\/person\/c9d1602e593b11af0b295bdf5e12a59a"},"headline":"Aucun titre","datePublished":"2025-12-11T12:57:55+00:00","dateModified":"2025-12-11T12:58:28+00:00","mainEntityOfPage":{"@id":"https:\/\/www.leprojecteurguinee.com\/index.php\/2025\/12\/11\/13743\/"},"wordCount":352,"commentCount":0,"image":{"@id":"https:\/\/www.leprojecteurguinee.com\/index.php\/2025\/12\/11\/13743\/#primaryimage"},"thumbnailUrl":"https:\/\/www.leprojecteurguinee.com\/wp-content\/uploads\/2025\/12\/yero.webp","articleSection":["Soci\u00e9t\u00e9"],"inLanguage":"fr-FR","potentialAction":[{"@type":"CommentAction","name":"Comment","target":["https:\/\/www.leprojecteurguinee.com\/index.php\/2025\/12\/11\/13743\/#respond"]}]},{"@type":"WebPage","@id":"https:\/\/www.leprojecteurguinee.com\/index.php\/2025\/12\/11\/13743\/","url":"https:\/\/www.leprojecteurguinee.com\/index.php\/2025\/12\/11\/13743\/","name":"- leprojecteurguinee","isPartOf":{"@id":"https:\/\/www.leprojecteurguinee.com\/#website"},"primaryImageOfPage":{"@id":"https:\/\/www.leprojecteurguinee.com\/index.php\/2025\/12\/11\/13743\/#primaryimage"},"image":{"@id":"https:\/\/www.leprojecteurguinee.com\/index.php\/2025\/12\/11\/13743\/#primaryimage"},"thumbnailUrl":"https:\/\/www.leprojecteurguinee.com\/wp-content\/uploads\/2025\/12\/yero.webp","datePublished":"2025-12-11T12:57:55+00:00","dateModified":"2025-12-11T12:58:28+00:00","author":{"@id":"https:\/\/www.leprojecteurguinee.com\/#\/schema\/person\/c9d1602e593b11af0b295bdf5e12a59a"},"inLanguage":"fr-FR","potentialAction":[{"@type":"ReadAction","target":["https:\/\/www.leprojecteurguinee.com\/index.php\/2025\/12\/11\/13743\/"]}]},{"@type":"ImageObject","inLanguage":"fr-FR","@id":"https:\/\/www.leprojecteurguinee.com\/index.php\/2025\/12\/11\/13743\/#primaryimage","url":"https:\/\/www.leprojecteurguinee.com\/wp-content\/uploads\/2025\/12\/yero.webp","contentUrl":"https:\/\/www.leprojecteurguinee.com\/wp-content\/uploads\/2025\/12\/yero.webp","width":1280,"height":852},{"@type":"WebSite","@id":"https:\/\/www.leprojecteurguinee.com\/#website","url":"https:\/\/www.leprojecteurguinee.com\/","name":"leprojecteurguinee","description":"Nous luttons contre les pratiques obscures","potentialAction":[{"@type":"SearchAction","target":{"@type":"EntryPoint","urlTemplate":"https:\/\/www.leprojecteurguinee.com\/?s={search_term_string}"},"query-input":{"@type":"PropertyValueSpecification","valueRequired":true,"valueName":"search_term_string"}}],"inLanguage":"fr-FR"},{"@type":"Person","@id":"https:\/\/www.leprojecteurguinee.com\/#\/schema\/person\/c9d1602e593b11af0b295bdf5e12a59a","name":"www.leprojecteurguinee.com","image":{"@type":"ImageObject","inLanguage":"fr-FR","@id":"https:\/\/www.leprojecteurguinee.com\/#\/schema\/person\/image\/","url":"https:\/\/secure.gravatar.com\/avatar\/d73703fcd03dcba36d2bb23326e491935423a46800f1ebf8f61b70e62b70e55a?s=96&d=mm&r=g","contentUrl":"https:\/\/secure.gravatar.com\/avatar\/d73703fcd03dcba36d2bb23326e491935423a46800f1ebf8f61b70e62b70e55a?s=96&d=mm&r=g","caption":"www.leprojecteurguinee.com"},"description":"Administrateur G\u00e9n\u00e9ral","sameAs":["http:\/\/www.leprojeceteurguinee.com"],"url":"https:\/\/www.leprojecteurguinee.com\/index.php\/author\/fadigagn\/"}]}},"_links":{"self":[{"href":"https:\/\/www.leprojecteurguinee.com\/index.php\/wp-json\/wp\/v2\/posts\/13743","targetHints":{"allow":["GET"]}}],"collection":[{"href":"https:\/\/www.leprojecteurguinee.com\/index.php\/wp-json\/wp\/v2\/posts"}],"about":[{"href":"https:\/\/www.leprojecteurguinee.com\/index.php\/wp-json\/wp\/v2\/types\/post"}],"author":[{"embeddable":true,"href":"https:\/\/www.leprojecteurguinee.com\/index.php\/wp-json\/wp\/v2\/users\/2"}],"replies":[{"embeddable":true,"href":"https:\/\/www.leprojecteurguinee.com\/index.php\/wp-json\/wp\/v2\/comments?post=13743"}],"version-history":[{"count":1,"href":"https:\/\/www.leprojecteurguinee.com\/index.php\/wp-json\/wp\/v2\/posts\/13743\/revisions"}],"predecessor-version":[{"id":13745,"href":"https:\/\/www.leprojecteurguinee.com\/index.php\/wp-json\/wp\/v2\/posts\/13743\/revisions\/13745"}],"wp:featuredmedia":[{"embeddable":true,"href":"https:\/\/www.leprojecteurguinee.com\/index.php\/wp-json\/wp\/v2\/media\/13744"}],"wp:attachment":[{"href":"https:\/\/www.leprojecteurguinee.com\/index.php\/wp-json\/wp\/v2\/media?parent=13743"}],"wp:term":[{"taxonomy":"category","embeddable":true,"href":"https:\/\/www.leprojecteurguinee.com\/index.php\/wp-json\/wp\/v2\/categories?post=13743"},{"taxonomy":"post_tag","embeddable":true,"href":"https:\/\/www.leprojecteurguinee.com\/index.php\/wp-json\/wp\/v2\/tags?post=13743"}],"curies":[{"name":"wp","href":"https:\/\/api.w.org\/{rel}","templated":true}]}}