{"id":13676,"date":"2025-11-17T17:52:27","date_gmt":"2025-11-17T17:52:27","guid":{"rendered":"https:\/\/www.leprojecteurguinee.com\/?p=13676"},"modified":"2025-11-17T17:53:05","modified_gmt":"2025-11-17T17:53:05","slug":"conseil-guineen-des-chargeurs-le-dg-lancine-keita-presentera-demain-un-film-institutionnel-sur-la-maison-du-chargeur","status":"publish","type":"post","link":"https:\/\/www.leprojecteurguinee.com\/index.php\/2025\/11\/17\/conseil-guineen-des-chargeurs-le-dg-lancine-keita-presentera-demain-un-film-institutionnel-sur-la-maison-du-chargeur\/","title":{"rendered":"Conseil Guin\u00e9en des Chargeurs : le DG Lancin\u00e8 K\u00e9ita pr\u00e9sentera demain un film institutionnel sur la maison du Chargeur\u2026"},"content":{"rendered":"<p class=\"p1\"><span style=\"text-transform: initial;\">Sous la haute autorit\u00e9 du Ministre des transports, Ousmane Gaoual Diallo, le Conseil Guin\u00e9en des Chargeurs sous le leadership du Directeur G\u00e9n\u00e9ral Lancin\u00e8 Keita continue \u00e0 innover au bonheur du chargeur.<\/span><\/p>\n<p class=\"p1\"><span class=\"s1\">En tout, \u00e0 la suite de nombreux miracles, le Directeur Keita sera face aux acteurs d\u00fb transports demain, mardi 18 Novembre 2025 pour pr\u00e9senter un film d\u00e9nomm\u00e9 \u00ab\u00a0la maison du chargeur \u00bb comme indiqu\u00e9 sur le programme ci-dessus.<\/span><\/p>\n<p class=\"p1\"><span class=\"s1\"><b>Alseny Fadiga <\/b><\/span><\/p>\n","protected":false},"excerpt":{"rendered":"<p>Sous la haute autorit\u00e9 du Ministre des transports, Ousmane Gaoual Diallo, le Conseil Guin\u00e9en des Chargeurs sous le leadership du Directeur G\u00e9n\u00e9ral Lancin\u00e8 Keita continue \u00e0 innover au bonheur du chargeur. En tout, \u00e0 la suite de nombreux miracles, le Directeur Keita sera face aux acteurs d\u00fb transports demain, mardi 18 Novembre 2025 pour pr\u00e9senter [&hellip;]<\/p>\n","protected":false},"author":2,"featured_media":13677,"comment_status":"open","ping_status":"open","sticky":false,"template":"","format":"standard","meta":{"footnotes":""},"categories":[20],"tags":[],"class_list":["post-13676","post","type-post","status-publish","format-standard","has-post-thumbnail","hentry","category-societe"],"yoast_head":"<!-- This site is optimized with the Yoast SEO plugin v26.8 - https:\/\/yoast.com\/product\/yoast-seo-wordpress\/ -->\n<title>Conseil Guin\u00e9en des Chargeurs : le DG Lancin\u00e8 K\u00e9ita pr\u00e9sentera demain un film institutionnel sur la maison du Chargeur\u2026 - leprojecteurguinee<\/title>\n<meta name=\"robots\" content=\"index, follow, max-snippet:-1, max-image-preview:large, max-video-preview:-1\" \/>\n<link rel=\"canonical\" href=\"https:\/\/www.leprojecteurguinee.com\/index.php\/2025\/11\/17\/conseil-guineen-des-chargeurs-le-dg-lancine-keita-presentera-demain-un-film-institutionnel-sur-la-maison-du-chargeur\/\" \/>\n<meta property=\"og:locale\" content=\"fr_FR\" \/>\n<meta property=\"og:type\" content=\"article\" \/>\n<meta property=\"og:title\" content=\"Conseil Guin\u00e9en des Chargeurs : le DG Lancin\u00e8 K\u00e9ita pr\u00e9sentera demain un film institutionnel sur la maison du Chargeur\u2026 - leprojecteurguinee\" \/>\n<meta property=\"og:description\" content=\"Sous la haute autorit\u00e9 du Ministre des transports, Ousmane Gaoual Diallo, le Conseil Guin\u00e9en des Chargeurs sous le leadership du Directeur G\u00e9n\u00e9ral Lancin\u00e8 Keita continue \u00e0 innover au bonheur du chargeur. En tout, \u00e0 la suite de nombreux miracles, le Directeur Keita sera face aux acteurs d\u00fb transports demain, mardi 18 Novembre 2025 pour pr\u00e9senter [&hellip;]\" \/>\n<meta property=\"og:url\" content=\"https:\/\/www.leprojecteurguinee.com\/index.php\/2025\/11\/17\/conseil-guineen-des-chargeurs-le-dg-lancine-keita-presentera-demain-un-film-institutionnel-sur-la-maison-du-chargeur\/\" \/>\n<meta property=\"og:site_name\" content=\"leprojecteurguinee\" \/>\n<meta property=\"article:published_time\" content=\"2025-11-17T17:52:27+00:00\" \/>\n<meta property=\"article:modified_time\" content=\"2025-11-17T17:53:05+00:00\" \/>\n<meta property=\"og:image\" content=\"https:\/\/www.leprojecteurguinee.com\/wp-content\/uploads\/2025\/11\/697A2EA4-E8F7-452F-A700-ADDC16D3F384.jpeg\" \/>\n\t<meta property=\"og:image:width\" content=\"1536\" \/>\n\t<meta property=\"og:image:height\" content=\"1090\" \/>\n\t<meta property=\"og:image:type\" content=\"image\/jpeg\" \/>\n<meta name=\"author\" content=\"www.leprojecteurguinee.com\" \/>\n<meta name=\"twitter:card\" content=\"summary_large_image\" \/>\n<meta name=\"twitter:label1\" content=\"\u00c9crit par\" \/>\n\t<meta name=\"twitter:data1\" content=\"www.leprojecteurguinee.com\" \/>\n\t<meta name=\"twitter:label2\" content=\"Dur\u00e9e de lecture estim\u00e9e\" \/>\n\t<meta name=\"twitter:data2\" content=\"1 minute\" \/>\n<script type=\"application\/ld+json\" class=\"yoast-schema-graph\">{\"@context\":\"https:\/\/schema.org\",\"@graph\":[{\"@type\":\"Article\",\"@id\":\"https:\/\/www.leprojecteurguinee.com\/index.php\/2025\/11\/17\/conseil-guineen-des-chargeurs-le-dg-lancine-keita-presentera-demain-un-film-institutionnel-sur-la-maison-du-chargeur\/#article\",\"isPartOf\":{\"@id\":\"https:\/\/www.leprojecteurguinee.com\/index.php\/2025\/11\/17\/conseil-guineen-des-chargeurs-le-dg-lancine-keita-presentera-demain-un-film-institutionnel-sur-la-maison-du-chargeur\/\"},\"author\":{\"name\":\"www.leprojecteurguinee.com\",\"@id\":\"https:\/\/www.leprojecteurguinee.com\/#\/schema\/person\/c9d1602e593b11af0b295bdf5e12a59a\"},\"headline\":\"Conseil Guin\u00e9en des Chargeurs : le DG Lancin\u00e8 K\u00e9ita pr\u00e9sentera demain un film institutionnel sur la maison du Chargeur\u2026\",\"datePublished\":\"2025-11-17T17:52:27+00:00\",\"dateModified\":\"2025-11-17T17:53:05+00:00\",\"mainEntityOfPage\":{\"@id\":\"https:\/\/www.leprojecteurguinee.com\/index.php\/2025\/11\/17\/conseil-guineen-des-chargeurs-le-dg-lancine-keita-presentera-demain-un-film-institutionnel-sur-la-maison-du-chargeur\/\"},\"wordCount\":92,\"commentCount\":0,\"image\":{\"@id\":\"https:\/\/www.leprojecteurguinee.com\/index.php\/2025\/11\/17\/conseil-guineen-des-chargeurs-le-dg-lancine-keita-presentera-demain-un-film-institutionnel-sur-la-maison-du-chargeur\/#primaryimage\"},\"thumbnailUrl\":\"https:\/\/www.leprojecteurguinee.com\/wp-content\/uploads\/2025\/11\/697A2EA4-E8F7-452F-A700-ADDC16D3F384.jpeg\",\"articleSection\":[\"Soci\u00e9t\u00e9\"],\"inLanguage\":\"fr-FR\",\"potentialAction\":[{\"@type\":\"CommentAction\",\"name\":\"Comment\",\"target\":[\"https:\/\/www.leprojecteurguinee.com\/index.php\/2025\/11\/17\/conseil-guineen-des-chargeurs-le-dg-lancine-keita-presentera-demain-un-film-institutionnel-sur-la-maison-du-chargeur\/#respond\"]}]},{\"@type\":\"WebPage\",\"@id\":\"https:\/\/www.leprojecteurguinee.com\/index.php\/2025\/11\/17\/conseil-guineen-des-chargeurs-le-dg-lancine-keita-presentera-demain-un-film-institutionnel-sur-la-maison-du-chargeur\/\",\"url\":\"https:\/\/www.leprojecteurguinee.com\/index.php\/2025\/11\/17\/conseil-guineen-des-chargeurs-le-dg-lancine-keita-presentera-demain-un-film-institutionnel-sur-la-maison-du-chargeur\/\",\"name\":\"Conseil Guin\u00e9en des Chargeurs : le DG Lancin\u00e8 K\u00e9ita pr\u00e9sentera demain un film institutionnel sur la maison du Chargeur\u2026 - leprojecteurguinee\",\"isPartOf\":{\"@id\":\"https:\/\/www.leprojecteurguinee.com\/#website\"},\"primaryImageOfPage\":{\"@id\":\"https:\/\/www.leprojecteurguinee.com\/index.php\/2025\/11\/17\/conseil-guineen-des-chargeurs-le-dg-lancine-keita-presentera-demain-un-film-institutionnel-sur-la-maison-du-chargeur\/#primaryimage\"},\"image\":{\"@id\":\"https:\/\/www.leprojecteurguinee.com\/index.php\/2025\/11\/17\/conseil-guineen-des-chargeurs-le-dg-lancine-keita-presentera-demain-un-film-institutionnel-sur-la-maison-du-chargeur\/#primaryimage\"},\"thumbnailUrl\":\"https:\/\/www.leprojecteurguinee.com\/wp-content\/uploads\/2025\/11\/697A2EA4-E8F7-452F-A700-ADDC16D3F384.jpeg\",\"datePublished\":\"2025-11-17T17:52:27+00:00\",\"dateModified\":\"2025-11-17T17:53:05+00:00\",\"author\":{\"@id\":\"https:\/\/www.leprojecteurguinee.com\/#\/schema\/person\/c9d1602e593b11af0b295bdf5e12a59a\"},\"breadcrumb\":{\"@id\":\"https:\/\/www.leprojecteurguinee.com\/index.php\/2025\/11\/17\/conseil-guineen-des-chargeurs-le-dg-lancine-keita-presentera-demain-un-film-institutionnel-sur-la-maison-du-chargeur\/#breadcrumb\"},\"inLanguage\":\"fr-FR\",\"potentialAction\":[{\"@type\":\"ReadAction\",\"target\":[\"https:\/\/www.leprojecteurguinee.com\/index.php\/2025\/11\/17\/conseil-guineen-des-chargeurs-le-dg-lancine-keita-presentera-demain-un-film-institutionnel-sur-la-maison-du-chargeur\/\"]}]},{\"@type\":\"ImageObject\",\"inLanguage\":\"fr-FR\",\"@id\":\"https:\/\/www.leprojecteurguinee.com\/index.php\/2025\/11\/17\/conseil-guineen-des-chargeurs-le-dg-lancine-keita-presentera-demain-un-film-institutionnel-sur-la-maison-du-chargeur\/#primaryimage\",\"url\":\"https:\/\/www.leprojecteurguinee.com\/wp-content\/uploads\/2025\/11\/697A2EA4-E8F7-452F-A700-ADDC16D3F384.jpeg\",\"contentUrl\":\"https:\/\/www.leprojecteurguinee.com\/wp-content\/uploads\/2025\/11\/697A2EA4-E8F7-452F-A700-ADDC16D3F384.jpeg\",\"width\":1536,\"height\":1090},{\"@type\":\"BreadcrumbList\",\"@id\":\"https:\/\/www.leprojecteurguinee.com\/index.php\/2025\/11\/17\/conseil-guineen-des-chargeurs-le-dg-lancine-keita-presentera-demain-un-film-institutionnel-sur-la-maison-du-chargeur\/#breadcrumb\",\"itemListElement\":[{\"@type\":\"ListItem\",\"position\":1,\"name\":\"Accueil\",\"item\":\"https:\/\/www.leprojecteurguinee.com\/\"},{\"@type\":\"ListItem\",\"position\":2,\"name\":\"Conseil Guin\u00e9en des Chargeurs : le DG Lancin\u00e8 K\u00e9ita pr\u00e9sentera demain un film institutionnel sur la maison du Chargeur\u2026\"}]},{\"@type\":\"WebSite\",\"@id\":\"https:\/\/www.leprojecteurguinee.com\/#website\",\"url\":\"https:\/\/www.leprojecteurguinee.com\/\",\"name\":\"leprojecteurguinee\",\"description\":\"Nous luttons contre les pratiques obscures\",\"potentialAction\":[{\"@type\":\"SearchAction\",\"target\":{\"@type\":\"EntryPoint\",\"urlTemplate\":\"https:\/\/www.leprojecteurguinee.com\/?s={search_term_string}\"},\"query-input\":{\"@type\":\"PropertyValueSpecification\",\"valueRequired\":true,\"valueName\":\"search_term_string\"}}],\"inLanguage\":\"fr-FR\"},{\"@type\":\"Person\",\"@id\":\"https:\/\/www.leprojecteurguinee.com\/#\/schema\/person\/c9d1602e593b11af0b295bdf5e12a59a\",\"name\":\"www.leprojecteurguinee.com\",\"image\":{\"@type\":\"ImageObject\",\"inLanguage\":\"fr-FR\",\"@id\":\"https:\/\/www.leprojecteurguinee.com\/#\/schema\/person\/image\/\",\"url\":\"https:\/\/secure.gravatar.com\/avatar\/d73703fcd03dcba36d2bb23326e491935423a46800f1ebf8f61b70e62b70e55a?s=96&d=mm&r=g\",\"contentUrl\":\"https:\/\/secure.gravatar.com\/avatar\/d73703fcd03dcba36d2bb23326e491935423a46800f1ebf8f61b70e62b70e55a?s=96&d=mm&r=g\",\"caption\":\"www.leprojecteurguinee.com\"},\"description\":\"Administrateur G\u00e9n\u00e9ral\",\"sameAs\":[\"http:\/\/www.leprojeceteurguinee.com\"],\"url\":\"https:\/\/www.leprojecteurguinee.com\/index.php\/author\/fadigagn\/\"}]}<\/script>\n<!-- \/ Yoast SEO plugin. -->","yoast_head_json":{"title":"Conseil Guin\u00e9en des Chargeurs : le DG Lancin\u00e8 K\u00e9ita pr\u00e9sentera demain un film institutionnel sur la maison du Chargeur\u2026 - leprojecteurguinee","robots":{"index":"index","follow":"follow","max-snippet":"max-snippet:-1","max-image-preview":"max-image-preview:large","max-video-preview":"max-video-preview:-1"},"canonical":"https:\/\/www.leprojecteurguinee.com\/index.php\/2025\/11\/17\/conseil-guineen-des-chargeurs-le-dg-lancine-keita-presentera-demain-un-film-institutionnel-sur-la-maison-du-chargeur\/","og_locale":"fr_FR","og_type":"article","og_title":"Conseil Guin\u00e9en des Chargeurs : le DG Lancin\u00e8 K\u00e9ita pr\u00e9sentera demain un film institutionnel sur la maison du Chargeur\u2026 - leprojecteurguinee","og_description":"Sous la haute autorit\u00e9 du Ministre des transports, Ousmane Gaoual Diallo, le Conseil Guin\u00e9en des Chargeurs sous le leadership du Directeur G\u00e9n\u00e9ral Lancin\u00e8 Keita continue \u00e0 innover au bonheur du chargeur. En tout, \u00e0 la suite de nombreux miracles, le Directeur Keita sera face aux acteurs d\u00fb transports demain, mardi 18 Novembre 2025 pour pr\u00e9senter [&hellip;]","og_url":"https:\/\/www.leprojecteurguinee.com\/index.php\/2025\/11\/17\/conseil-guineen-des-chargeurs-le-dg-lancine-keita-presentera-demain-un-film-institutionnel-sur-la-maison-du-chargeur\/","og_site_name":"leprojecteurguinee","article_published_time":"2025-11-17T17:52:27+00:00","article_modified_time":"2025-11-17T17:53:05+00:00","og_image":[{"width":1536,"height":1090,"url":"https:\/\/www.leprojecteurguinee.com\/wp-content\/uploads\/2025\/11\/697A2EA4-E8F7-452F-A700-ADDC16D3F384.jpeg","type":"image\/jpeg"}],"author":"www.leprojecteurguinee.com","twitter_card":"summary_large_image","twitter_misc":{"\u00c9crit par":"www.leprojecteurguinee.com","Dur\u00e9e de lecture estim\u00e9e":"1 minute"},"schema":{"@context":"https:\/\/schema.org","@graph":[{"@type":"Article","@id":"https:\/\/www.leprojecteurguinee.com\/index.php\/2025\/11\/17\/conseil-guineen-des-chargeurs-le-dg-lancine-keita-presentera-demain-un-film-institutionnel-sur-la-maison-du-chargeur\/#article","isPartOf":{"@id":"https:\/\/www.leprojecteurguinee.com\/index.php\/2025\/11\/17\/conseil-guineen-des-chargeurs-le-dg-lancine-keita-presentera-demain-un-film-institutionnel-sur-la-maison-du-chargeur\/"},"author":{"name":"www.leprojecteurguinee.com","@id":"https:\/\/www.leprojecteurguinee.com\/#\/schema\/person\/c9d1602e593b11af0b295bdf5e12a59a"},"headline":"Conseil Guin\u00e9en des Chargeurs : le DG Lancin\u00e8 K\u00e9ita pr\u00e9sentera demain un film institutionnel sur la maison du Chargeur\u2026","datePublished":"2025-11-17T17:52:27+00:00","dateModified":"2025-11-17T17:53:05+00:00","mainEntityOfPage":{"@id":"https:\/\/www.leprojecteurguinee.com\/index.php\/2025\/11\/17\/conseil-guineen-des-chargeurs-le-dg-lancine-keita-presentera-demain-un-film-institutionnel-sur-la-maison-du-chargeur\/"},"wordCount":92,"commentCount":0,"image":{"@id":"https:\/\/www.leprojecteurguinee.com\/index.php\/2025\/11\/17\/conseil-guineen-des-chargeurs-le-dg-lancine-keita-presentera-demain-un-film-institutionnel-sur-la-maison-du-chargeur\/#primaryimage"},"thumbnailUrl":"https:\/\/www.leprojecteurguinee.com\/wp-content\/uploads\/2025\/11\/697A2EA4-E8F7-452F-A700-ADDC16D3F384.jpeg","articleSection":["Soci\u00e9t\u00e9"],"inLanguage":"fr-FR","potentialAction":[{"@type":"CommentAction","name":"Comment","target":["https:\/\/www.leprojecteurguinee.com\/index.php\/2025\/11\/17\/conseil-guineen-des-chargeurs-le-dg-lancine-keita-presentera-demain-un-film-institutionnel-sur-la-maison-du-chargeur\/#respond"]}]},{"@type":"WebPage","@id":"https:\/\/www.leprojecteurguinee.com\/index.php\/2025\/11\/17\/conseil-guineen-des-chargeurs-le-dg-lancine-keita-presentera-demain-un-film-institutionnel-sur-la-maison-du-chargeur\/","url":"https:\/\/www.leprojecteurguinee.com\/index.php\/2025\/11\/17\/conseil-guineen-des-chargeurs-le-dg-lancine-keita-presentera-demain-un-film-institutionnel-sur-la-maison-du-chargeur\/","name":"Conseil Guin\u00e9en des Chargeurs : le DG Lancin\u00e8 K\u00e9ita pr\u00e9sentera demain un film institutionnel sur la maison du Chargeur\u2026 - leprojecteurguinee","isPartOf":{"@id":"https:\/\/www.leprojecteurguinee.com\/#website"},"primaryImageOfPage":{"@id":"https:\/\/www.leprojecteurguinee.com\/index.php\/2025\/11\/17\/conseil-guineen-des-chargeurs-le-dg-lancine-keita-presentera-demain-un-film-institutionnel-sur-la-maison-du-chargeur\/#primaryimage"},"image":{"@id":"https:\/\/www.leprojecteurguinee.com\/index.php\/2025\/11\/17\/conseil-guineen-des-chargeurs-le-dg-lancine-keita-presentera-demain-un-film-institutionnel-sur-la-maison-du-chargeur\/#primaryimage"},"thumbnailUrl":"https:\/\/www.leprojecteurguinee.com\/wp-content\/uploads\/2025\/11\/697A2EA4-E8F7-452F-A700-ADDC16D3F384.jpeg","datePublished":"2025-11-17T17:52:27+00:00","dateModified":"2025-11-17T17:53:05+00:00","author":{"@id":"https:\/\/www.leprojecteurguinee.com\/#\/schema\/person\/c9d1602e593b11af0b295bdf5e12a59a"},"breadcrumb":{"@id":"https:\/\/www.leprojecteurguinee.com\/index.php\/2025\/11\/17\/conseil-guineen-des-chargeurs-le-dg-lancine-keita-presentera-demain-un-film-institutionnel-sur-la-maison-du-chargeur\/#breadcrumb"},"inLanguage":"fr-FR","potentialAction":[{"@type":"ReadAction","target":["https:\/\/www.leprojecteurguinee.com\/index.php\/2025\/11\/17\/conseil-guineen-des-chargeurs-le-dg-lancine-keita-presentera-demain-un-film-institutionnel-sur-la-maison-du-chargeur\/"]}]},{"@type":"ImageObject","inLanguage":"fr-FR","@id":"https:\/\/www.leprojecteurguinee.com\/index.php\/2025\/11\/17\/conseil-guineen-des-chargeurs-le-dg-lancine-keita-presentera-demain-un-film-institutionnel-sur-la-maison-du-chargeur\/#primaryimage","url":"https:\/\/www.leprojecteurguinee.com\/wp-content\/uploads\/2025\/11\/697A2EA4-E8F7-452F-A700-ADDC16D3F384.jpeg","contentUrl":"https:\/\/www.leprojecteurguinee.com\/wp-content\/uploads\/2025\/11\/697A2EA4-E8F7-452F-A700-ADDC16D3F384.jpeg","width":1536,"height":1090},{"@type":"BreadcrumbList","@id":"https:\/\/www.leprojecteurguinee.com\/index.php\/2025\/11\/17\/conseil-guineen-des-chargeurs-le-dg-lancine-keita-presentera-demain-un-film-institutionnel-sur-la-maison-du-chargeur\/#breadcrumb","itemListElement":[{"@type":"ListItem","position":1,"name":"Accueil","item":"https:\/\/www.leprojecteurguinee.com\/"},{"@type":"ListItem","position":2,"name":"Conseil Guin\u00e9en des Chargeurs : le DG Lancin\u00e8 K\u00e9ita pr\u00e9sentera demain un film institutionnel sur la maison du Chargeur\u2026"}]},{"@type":"WebSite","@id":"https:\/\/www.leprojecteurguinee.com\/#website","url":"https:\/\/www.leprojecteurguinee.com\/","name":"leprojecteurguinee","description":"Nous luttons contre les pratiques obscures","potentialAction":[{"@type":"SearchAction","target":{"@type":"EntryPoint","urlTemplate":"https:\/\/www.leprojecteurguinee.com\/?s={search_term_string}"},"query-input":{"@type":"PropertyValueSpecification","valueRequired":true,"valueName":"search_term_string"}}],"inLanguage":"fr-FR"},{"@type":"Person","@id":"https:\/\/www.leprojecteurguinee.com\/#\/schema\/person\/c9d1602e593b11af0b295bdf5e12a59a","name":"www.leprojecteurguinee.com","image":{"@type":"ImageObject","inLanguage":"fr-FR","@id":"https:\/\/www.leprojecteurguinee.com\/#\/schema\/person\/image\/","url":"https:\/\/secure.gravatar.com\/avatar\/d73703fcd03dcba36d2bb23326e491935423a46800f1ebf8f61b70e62b70e55a?s=96&d=mm&r=g","contentUrl":"https:\/\/secure.gravatar.com\/avatar\/d73703fcd03dcba36d2bb23326e491935423a46800f1ebf8f61b70e62b70e55a?s=96&d=mm&r=g","caption":"www.leprojecteurguinee.com"},"description":"Administrateur G\u00e9n\u00e9ral","sameAs":["http:\/\/www.leprojeceteurguinee.com"],"url":"https:\/\/www.leprojecteurguinee.com\/index.php\/author\/fadigagn\/"}]}},"_links":{"self":[{"href":"https:\/\/www.leprojecteurguinee.com\/index.php\/wp-json\/wp\/v2\/posts\/13676","targetHints":{"allow":["GET"]}}],"collection":[{"href":"https:\/\/www.leprojecteurguinee.com\/index.php\/wp-json\/wp\/v2\/posts"}],"about":[{"href":"https:\/\/www.leprojecteurguinee.com\/index.php\/wp-json\/wp\/v2\/types\/post"}],"author":[{"embeddable":true,"href":"https:\/\/www.leprojecteurguinee.com\/index.php\/wp-json\/wp\/v2\/users\/2"}],"replies":[{"embeddable":true,"href":"https:\/\/www.leprojecteurguinee.com\/index.php\/wp-json\/wp\/v2\/comments?post=13676"}],"version-history":[{"count":0,"href":"https:\/\/www.leprojecteurguinee.com\/index.php\/wp-json\/wp\/v2\/posts\/13676\/revisions"}],"wp:featuredmedia":[{"embeddable":true,"href":"https:\/\/www.leprojecteurguinee.com\/index.php\/wp-json\/wp\/v2\/media\/13677"}],"wp:attachment":[{"href":"https:\/\/www.leprojecteurguinee.com\/index.php\/wp-json\/wp\/v2\/media?parent=13676"}],"wp:term":[{"taxonomy":"category","embeddable":true,"href":"https:\/\/www.leprojecteurguinee.com\/index.php\/wp-json\/wp\/v2\/categories?post=13676"},{"taxonomy":"post_tag","embeddable":true,"href":"https:\/\/www.leprojecteurguinee.com\/index.php\/wp-json\/wp\/v2\/tags?post=13676"}],"curies":[{"name":"wp","href":"https:\/\/api.w.org\/{rel}","templated":true}]}}