{"id":13667,"date":"2025-11-15T17:47:33","date_gmt":"2025-11-15T17:47:33","guid":{"rendered":"https:\/\/www.leprojecteurguinee.com\/?p=13667"},"modified":"2025-11-15T17:48:04","modified_gmt":"2025-11-15T17:48:04","slug":"inauguration-de-lechangeur-de-bambeto-limam-mamadou-saliou-benit-le-president-mamadi-doumbouya","status":"publish","type":"post","link":"https:\/\/www.leprojecteurguinee.com\/index.php\/2025\/11\/15\/inauguration-de-lechangeur-de-bambeto-limam-mamadou-saliou-benit-le-president-mamadi-doumbouya\/","title":{"rendered":"Inauguration de l\u2019\u00e9changeur de Bambeto : l\u2019imam Mamadou Saliou b\u00e9nit le pr\u00e9sident Mamadi Doumbouya\u2026"},"content":{"rendered":"<p><strong>\u00c0 l\u2019occasion de la c\u00e9r\u00e9monie inaugurale de l\u2019\u00e9changeur de Bambeto, qui s\u2019est tenue ce samedi 15 novembre 2025 sous la haute pr\u00e9sidence du G\u00e9n\u00e9ral Mamadi Doumbouya, l\u2019imam Mamadou\u202fSaliou a adress\u00e9 une b\u00e9n\u00e9diction au chef de l\u2019\u00c9tat.<\/strong><\/p>\n<p>\u00ab\u00a0<em>Que Dieu b\u00e9nisse la Guin\u00e9e et fasse que les citoyens respectent les religieux de ce pays. C\u2019est une source de b\u00e9n\u00e9dictions\u2026 Nous voulons un dirigeant travailleur. C\u2019est le travail accompli que nous appr\u00e9cions et b\u00e9nissons<\/em>\u00a0\u00bb, a d\u00e9clar\u00e9 l\u2019imam.<\/p>\n<p>L\u2019ouvrage, construit dans le cadre du programme \u00ab Simandou 2040 \u00bb, vise \u00e0 fluidifier la circulation dans Conakry.<span class=\"Apple-converted-space\">\u00a0<\/span><\/p>\n<p><em><strong>Par Az\u00f6z\u00f6ye Bangoura\u00a0<\/strong><\/em><\/p>\n","protected":false},"excerpt":{"rendered":"<p>\u00c0 l\u2019occasion de la c\u00e9r\u00e9monie inaugurale de l\u2019\u00e9changeur de Bambeto, qui s\u2019est tenue ce samedi 15 novembre 2025 sous la haute pr\u00e9sidence du G\u00e9n\u00e9ral Mamadi Doumbouya, l\u2019imam Mamadou\u202fSaliou a adress\u00e9 une b\u00e9n\u00e9diction au chef de l\u2019\u00c9tat. \u00ab\u00a0Que Dieu b\u00e9nisse la Guin\u00e9e et fasse que les citoyens respectent les religieux de ce pays. C\u2019est une source [&hellip;]<\/p>\n","protected":false},"author":2,"featured_media":13668,"comment_status":"open","ping_status":"open","sticky":false,"template":"","format":"standard","meta":{"footnotes":""},"categories":[20],"tags":[],"class_list":["post-13667","post","type-post","status-publish","format-standard","has-post-thumbnail","hentry","category-societe"],"yoast_head":"<!-- This site is optimized with the Yoast SEO plugin v26.8 - https:\/\/yoast.com\/product\/yoast-seo-wordpress\/ -->\n<title>Inauguration de l\u2019\u00e9changeur de Bambeto : l\u2019imam Mamadou Saliou b\u00e9nit le pr\u00e9sident Mamadi Doumbouya\u2026 - leprojecteurguinee<\/title>\n<meta name=\"robots\" content=\"index, follow, max-snippet:-1, max-image-preview:large, max-video-preview:-1\" \/>\n<link rel=\"canonical\" href=\"https:\/\/www.leprojecteurguinee.com\/index.php\/2025\/11\/15\/inauguration-de-lechangeur-de-bambeto-limam-mamadou-saliou-benit-le-president-mamadi-doumbouya\/\" \/>\n<meta property=\"og:locale\" content=\"fr_FR\" \/>\n<meta property=\"og:type\" content=\"article\" \/>\n<meta property=\"og:title\" content=\"Inauguration de l\u2019\u00e9changeur de Bambeto : l\u2019imam Mamadou Saliou b\u00e9nit le pr\u00e9sident Mamadi Doumbouya\u2026 - leprojecteurguinee\" \/>\n<meta property=\"og:description\" content=\"\u00c0 l\u2019occasion de la c\u00e9r\u00e9monie inaugurale de l\u2019\u00e9changeur de Bambeto, qui s\u2019est tenue ce samedi 15 novembre 2025 sous la haute pr\u00e9sidence du G\u00e9n\u00e9ral Mamadi Doumbouya, l\u2019imam Mamadou\u202fSaliou a adress\u00e9 une b\u00e9n\u00e9diction au chef de l\u2019\u00c9tat. \u00ab\u00a0Que Dieu b\u00e9nisse la Guin\u00e9e et fasse que les citoyens respectent les religieux de ce pays. C\u2019est une source [&hellip;]\" \/>\n<meta property=\"og:url\" content=\"https:\/\/www.leprojecteurguinee.com\/index.php\/2025\/11\/15\/inauguration-de-lechangeur-de-bambeto-limam-mamadou-saliou-benit-le-president-mamadi-doumbouya\/\" \/>\n<meta property=\"og:site_name\" content=\"leprojecteurguinee\" \/>\n<meta property=\"article:published_time\" content=\"2025-11-15T17:47:33+00:00\" \/>\n<meta property=\"article:modified_time\" content=\"2025-11-15T17:48:04+00:00\" \/>\n<meta property=\"og:image\" content=\"https:\/\/www.leprojecteurguinee.com\/wp-content\/uploads\/2025\/11\/imammm.jpeg\" \/>\n\t<meta property=\"og:image:width\" content=\"528\" \/>\n\t<meta property=\"og:image:height\" content=\"412\" \/>\n\t<meta property=\"og:image:type\" content=\"image\/jpeg\" \/>\n<meta name=\"author\" content=\"www.leprojecteurguinee.com\" \/>\n<meta name=\"twitter:card\" content=\"summary_large_image\" \/>\n<meta name=\"twitter:label1\" content=\"\u00c9crit par\" \/>\n\t<meta name=\"twitter:data1\" content=\"www.leprojecteurguinee.com\" \/>\n\t<meta name=\"twitter:label2\" content=\"Dur\u00e9e de lecture estim\u00e9e\" \/>\n\t<meta name=\"twitter:data2\" content=\"1 minute\" \/>\n<script type=\"application\/ld+json\" class=\"yoast-schema-graph\">{\"@context\":\"https:\/\/schema.org\",\"@graph\":[{\"@type\":\"Article\",\"@id\":\"https:\/\/www.leprojecteurguinee.com\/index.php\/2025\/11\/15\/inauguration-de-lechangeur-de-bambeto-limam-mamadou-saliou-benit-le-president-mamadi-doumbouya\/#article\",\"isPartOf\":{\"@id\":\"https:\/\/www.leprojecteurguinee.com\/index.php\/2025\/11\/15\/inauguration-de-lechangeur-de-bambeto-limam-mamadou-saliou-benit-le-president-mamadi-doumbouya\/\"},\"author\":{\"name\":\"www.leprojecteurguinee.com\",\"@id\":\"https:\/\/www.leprojecteurguinee.com\/#\/schema\/person\/c9d1602e593b11af0b295bdf5e12a59a\"},\"headline\":\"Inauguration de l\u2019\u00e9changeur de Bambeto : l\u2019imam Mamadou Saliou b\u00e9nit le pr\u00e9sident Mamadi Doumbouya\u2026\",\"datePublished\":\"2025-11-15T17:47:33+00:00\",\"dateModified\":\"2025-11-15T17:48:04+00:00\",\"mainEntityOfPage\":{\"@id\":\"https:\/\/www.leprojecteurguinee.com\/index.php\/2025\/11\/15\/inauguration-de-lechangeur-de-bambeto-limam-mamadou-saliou-benit-le-president-mamadi-doumbouya\/\"},\"wordCount\":131,\"commentCount\":0,\"image\":{\"@id\":\"https:\/\/www.leprojecteurguinee.com\/index.php\/2025\/11\/15\/inauguration-de-lechangeur-de-bambeto-limam-mamadou-saliou-benit-le-president-mamadi-doumbouya\/#primaryimage\"},\"thumbnailUrl\":\"https:\/\/www.leprojecteurguinee.com\/wp-content\/uploads\/2025\/11\/imammm.jpeg\",\"articleSection\":[\"Soci\u00e9t\u00e9\"],\"inLanguage\":\"fr-FR\",\"potentialAction\":[{\"@type\":\"CommentAction\",\"name\":\"Comment\",\"target\":[\"https:\/\/www.leprojecteurguinee.com\/index.php\/2025\/11\/15\/inauguration-de-lechangeur-de-bambeto-limam-mamadou-saliou-benit-le-president-mamadi-doumbouya\/#respond\"]}]},{\"@type\":\"WebPage\",\"@id\":\"https:\/\/www.leprojecteurguinee.com\/index.php\/2025\/11\/15\/inauguration-de-lechangeur-de-bambeto-limam-mamadou-saliou-benit-le-president-mamadi-doumbouya\/\",\"url\":\"https:\/\/www.leprojecteurguinee.com\/index.php\/2025\/11\/15\/inauguration-de-lechangeur-de-bambeto-limam-mamadou-saliou-benit-le-president-mamadi-doumbouya\/\",\"name\":\"Inauguration de l\u2019\u00e9changeur de Bambeto : l\u2019imam Mamadou Saliou b\u00e9nit le pr\u00e9sident Mamadi Doumbouya\u2026 - leprojecteurguinee\",\"isPartOf\":{\"@id\":\"https:\/\/www.leprojecteurguinee.com\/#website\"},\"primaryImageOfPage\":{\"@id\":\"https:\/\/www.leprojecteurguinee.com\/index.php\/2025\/11\/15\/inauguration-de-lechangeur-de-bambeto-limam-mamadou-saliou-benit-le-president-mamadi-doumbouya\/#primaryimage\"},\"image\":{\"@id\":\"https:\/\/www.leprojecteurguinee.com\/index.php\/2025\/11\/15\/inauguration-de-lechangeur-de-bambeto-limam-mamadou-saliou-benit-le-president-mamadi-doumbouya\/#primaryimage\"},\"thumbnailUrl\":\"https:\/\/www.leprojecteurguinee.com\/wp-content\/uploads\/2025\/11\/imammm.jpeg\",\"datePublished\":\"2025-11-15T17:47:33+00:00\",\"dateModified\":\"2025-11-15T17:48:04+00:00\",\"author\":{\"@id\":\"https:\/\/www.leprojecteurguinee.com\/#\/schema\/person\/c9d1602e593b11af0b295bdf5e12a59a\"},\"breadcrumb\":{\"@id\":\"https:\/\/www.leprojecteurguinee.com\/index.php\/2025\/11\/15\/inauguration-de-lechangeur-de-bambeto-limam-mamadou-saliou-benit-le-president-mamadi-doumbouya\/#breadcrumb\"},\"inLanguage\":\"fr-FR\",\"potentialAction\":[{\"@type\":\"ReadAction\",\"target\":[\"https:\/\/www.leprojecteurguinee.com\/index.php\/2025\/11\/15\/inauguration-de-lechangeur-de-bambeto-limam-mamadou-saliou-benit-le-president-mamadi-doumbouya\/\"]}]},{\"@type\":\"ImageObject\",\"inLanguage\":\"fr-FR\",\"@id\":\"https:\/\/www.leprojecteurguinee.com\/index.php\/2025\/11\/15\/inauguration-de-lechangeur-de-bambeto-limam-mamadou-saliou-benit-le-president-mamadi-doumbouya\/#primaryimage\",\"url\":\"https:\/\/www.leprojecteurguinee.com\/wp-content\/uploads\/2025\/11\/imammm.jpeg\",\"contentUrl\":\"https:\/\/www.leprojecteurguinee.com\/wp-content\/uploads\/2025\/11\/imammm.jpeg\",\"width\":528,\"height\":412},{\"@type\":\"BreadcrumbList\",\"@id\":\"https:\/\/www.leprojecteurguinee.com\/index.php\/2025\/11\/15\/inauguration-de-lechangeur-de-bambeto-limam-mamadou-saliou-benit-le-president-mamadi-doumbouya\/#breadcrumb\",\"itemListElement\":[{\"@type\":\"ListItem\",\"position\":1,\"name\":\"Accueil\",\"item\":\"https:\/\/www.leprojecteurguinee.com\/\"},{\"@type\":\"ListItem\",\"position\":2,\"name\":\"Inauguration de l\u2019\u00e9changeur de Bambeto : l\u2019imam Mamadou Saliou b\u00e9nit le pr\u00e9sident Mamadi Doumbouya\u2026\"}]},{\"@type\":\"WebSite\",\"@id\":\"https:\/\/www.leprojecteurguinee.com\/#website\",\"url\":\"https:\/\/www.leprojecteurguinee.com\/\",\"name\":\"leprojecteurguinee\",\"description\":\"Nous luttons contre les pratiques obscures\",\"potentialAction\":[{\"@type\":\"SearchAction\",\"target\":{\"@type\":\"EntryPoint\",\"urlTemplate\":\"https:\/\/www.leprojecteurguinee.com\/?s={search_term_string}\"},\"query-input\":{\"@type\":\"PropertyValueSpecification\",\"valueRequired\":true,\"valueName\":\"search_term_string\"}}],\"inLanguage\":\"fr-FR\"},{\"@type\":\"Person\",\"@id\":\"https:\/\/www.leprojecteurguinee.com\/#\/schema\/person\/c9d1602e593b11af0b295bdf5e12a59a\",\"name\":\"www.leprojecteurguinee.com\",\"image\":{\"@type\":\"ImageObject\",\"inLanguage\":\"fr-FR\",\"@id\":\"https:\/\/www.leprojecteurguinee.com\/#\/schema\/person\/image\/\",\"url\":\"https:\/\/secure.gravatar.com\/avatar\/d73703fcd03dcba36d2bb23326e491935423a46800f1ebf8f61b70e62b70e55a?s=96&d=mm&r=g\",\"contentUrl\":\"https:\/\/secure.gravatar.com\/avatar\/d73703fcd03dcba36d2bb23326e491935423a46800f1ebf8f61b70e62b70e55a?s=96&d=mm&r=g\",\"caption\":\"www.leprojecteurguinee.com\"},\"description\":\"Administrateur G\u00e9n\u00e9ral\",\"sameAs\":[\"http:\/\/www.leprojeceteurguinee.com\"],\"url\":\"https:\/\/www.leprojecteurguinee.com\/index.php\/author\/fadigagn\/\"}]}<\/script>\n<!-- \/ Yoast SEO plugin. -->","yoast_head_json":{"title":"Inauguration de l\u2019\u00e9changeur de Bambeto : l\u2019imam Mamadou Saliou b\u00e9nit le pr\u00e9sident Mamadi Doumbouya\u2026 - leprojecteurguinee","robots":{"index":"index","follow":"follow","max-snippet":"max-snippet:-1","max-image-preview":"max-image-preview:large","max-video-preview":"max-video-preview:-1"},"canonical":"https:\/\/www.leprojecteurguinee.com\/index.php\/2025\/11\/15\/inauguration-de-lechangeur-de-bambeto-limam-mamadou-saliou-benit-le-president-mamadi-doumbouya\/","og_locale":"fr_FR","og_type":"article","og_title":"Inauguration de l\u2019\u00e9changeur de Bambeto : l\u2019imam Mamadou Saliou b\u00e9nit le pr\u00e9sident Mamadi Doumbouya\u2026 - leprojecteurguinee","og_description":"\u00c0 l\u2019occasion de la c\u00e9r\u00e9monie inaugurale de l\u2019\u00e9changeur de Bambeto, qui s\u2019est tenue ce samedi 15 novembre 2025 sous la haute pr\u00e9sidence du G\u00e9n\u00e9ral Mamadi Doumbouya, l\u2019imam Mamadou\u202fSaliou a adress\u00e9 une b\u00e9n\u00e9diction au chef de l\u2019\u00c9tat. \u00ab\u00a0Que Dieu b\u00e9nisse la Guin\u00e9e et fasse que les citoyens respectent les religieux de ce pays. C\u2019est une source [&hellip;]","og_url":"https:\/\/www.leprojecteurguinee.com\/index.php\/2025\/11\/15\/inauguration-de-lechangeur-de-bambeto-limam-mamadou-saliou-benit-le-president-mamadi-doumbouya\/","og_site_name":"leprojecteurguinee","article_published_time":"2025-11-15T17:47:33+00:00","article_modified_time":"2025-11-15T17:48:04+00:00","og_image":[{"width":528,"height":412,"url":"https:\/\/www.leprojecteurguinee.com\/wp-content\/uploads\/2025\/11\/imammm.jpeg","type":"image\/jpeg"}],"author":"www.leprojecteurguinee.com","twitter_card":"summary_large_image","twitter_misc":{"\u00c9crit par":"www.leprojecteurguinee.com","Dur\u00e9e de lecture estim\u00e9e":"1 minute"},"schema":{"@context":"https:\/\/schema.org","@graph":[{"@type":"Article","@id":"https:\/\/www.leprojecteurguinee.com\/index.php\/2025\/11\/15\/inauguration-de-lechangeur-de-bambeto-limam-mamadou-saliou-benit-le-president-mamadi-doumbouya\/#article","isPartOf":{"@id":"https:\/\/www.leprojecteurguinee.com\/index.php\/2025\/11\/15\/inauguration-de-lechangeur-de-bambeto-limam-mamadou-saliou-benit-le-president-mamadi-doumbouya\/"},"author":{"name":"www.leprojecteurguinee.com","@id":"https:\/\/www.leprojecteurguinee.com\/#\/schema\/person\/c9d1602e593b11af0b295bdf5e12a59a"},"headline":"Inauguration de l\u2019\u00e9changeur de Bambeto : l\u2019imam Mamadou Saliou b\u00e9nit le pr\u00e9sident Mamadi Doumbouya\u2026","datePublished":"2025-11-15T17:47:33+00:00","dateModified":"2025-11-15T17:48:04+00:00","mainEntityOfPage":{"@id":"https:\/\/www.leprojecteurguinee.com\/index.php\/2025\/11\/15\/inauguration-de-lechangeur-de-bambeto-limam-mamadou-saliou-benit-le-president-mamadi-doumbouya\/"},"wordCount":131,"commentCount":0,"image":{"@id":"https:\/\/www.leprojecteurguinee.com\/index.php\/2025\/11\/15\/inauguration-de-lechangeur-de-bambeto-limam-mamadou-saliou-benit-le-president-mamadi-doumbouya\/#primaryimage"},"thumbnailUrl":"https:\/\/www.leprojecteurguinee.com\/wp-content\/uploads\/2025\/11\/imammm.jpeg","articleSection":["Soci\u00e9t\u00e9"],"inLanguage":"fr-FR","potentialAction":[{"@type":"CommentAction","name":"Comment","target":["https:\/\/www.leprojecteurguinee.com\/index.php\/2025\/11\/15\/inauguration-de-lechangeur-de-bambeto-limam-mamadou-saliou-benit-le-president-mamadi-doumbouya\/#respond"]}]},{"@type":"WebPage","@id":"https:\/\/www.leprojecteurguinee.com\/index.php\/2025\/11\/15\/inauguration-de-lechangeur-de-bambeto-limam-mamadou-saliou-benit-le-president-mamadi-doumbouya\/","url":"https:\/\/www.leprojecteurguinee.com\/index.php\/2025\/11\/15\/inauguration-de-lechangeur-de-bambeto-limam-mamadou-saliou-benit-le-president-mamadi-doumbouya\/","name":"Inauguration de l\u2019\u00e9changeur de Bambeto : l\u2019imam Mamadou Saliou b\u00e9nit le pr\u00e9sident Mamadi Doumbouya\u2026 - leprojecteurguinee","isPartOf":{"@id":"https:\/\/www.leprojecteurguinee.com\/#website"},"primaryImageOfPage":{"@id":"https:\/\/www.leprojecteurguinee.com\/index.php\/2025\/11\/15\/inauguration-de-lechangeur-de-bambeto-limam-mamadou-saliou-benit-le-president-mamadi-doumbouya\/#primaryimage"},"image":{"@id":"https:\/\/www.leprojecteurguinee.com\/index.php\/2025\/11\/15\/inauguration-de-lechangeur-de-bambeto-limam-mamadou-saliou-benit-le-president-mamadi-doumbouya\/#primaryimage"},"thumbnailUrl":"https:\/\/www.leprojecteurguinee.com\/wp-content\/uploads\/2025\/11\/imammm.jpeg","datePublished":"2025-11-15T17:47:33+00:00","dateModified":"2025-11-15T17:48:04+00:00","author":{"@id":"https:\/\/www.leprojecteurguinee.com\/#\/schema\/person\/c9d1602e593b11af0b295bdf5e12a59a"},"breadcrumb":{"@id":"https:\/\/www.leprojecteurguinee.com\/index.php\/2025\/11\/15\/inauguration-de-lechangeur-de-bambeto-limam-mamadou-saliou-benit-le-president-mamadi-doumbouya\/#breadcrumb"},"inLanguage":"fr-FR","potentialAction":[{"@type":"ReadAction","target":["https:\/\/www.leprojecteurguinee.com\/index.php\/2025\/11\/15\/inauguration-de-lechangeur-de-bambeto-limam-mamadou-saliou-benit-le-president-mamadi-doumbouya\/"]}]},{"@type":"ImageObject","inLanguage":"fr-FR","@id":"https:\/\/www.leprojecteurguinee.com\/index.php\/2025\/11\/15\/inauguration-de-lechangeur-de-bambeto-limam-mamadou-saliou-benit-le-president-mamadi-doumbouya\/#primaryimage","url":"https:\/\/www.leprojecteurguinee.com\/wp-content\/uploads\/2025\/11\/imammm.jpeg","contentUrl":"https:\/\/www.leprojecteurguinee.com\/wp-content\/uploads\/2025\/11\/imammm.jpeg","width":528,"height":412},{"@type":"BreadcrumbList","@id":"https:\/\/www.leprojecteurguinee.com\/index.php\/2025\/11\/15\/inauguration-de-lechangeur-de-bambeto-limam-mamadou-saliou-benit-le-president-mamadi-doumbouya\/#breadcrumb","itemListElement":[{"@type":"ListItem","position":1,"name":"Accueil","item":"https:\/\/www.leprojecteurguinee.com\/"},{"@type":"ListItem","position":2,"name":"Inauguration de l\u2019\u00e9changeur de Bambeto : l\u2019imam Mamadou Saliou b\u00e9nit le pr\u00e9sident Mamadi Doumbouya\u2026"}]},{"@type":"WebSite","@id":"https:\/\/www.leprojecteurguinee.com\/#website","url":"https:\/\/www.leprojecteurguinee.com\/","name":"leprojecteurguinee","description":"Nous luttons contre les pratiques obscures","potentialAction":[{"@type":"SearchAction","target":{"@type":"EntryPoint","urlTemplate":"https:\/\/www.leprojecteurguinee.com\/?s={search_term_string}"},"query-input":{"@type":"PropertyValueSpecification","valueRequired":true,"valueName":"search_term_string"}}],"inLanguage":"fr-FR"},{"@type":"Person","@id":"https:\/\/www.leprojecteurguinee.com\/#\/schema\/person\/c9d1602e593b11af0b295bdf5e12a59a","name":"www.leprojecteurguinee.com","image":{"@type":"ImageObject","inLanguage":"fr-FR","@id":"https:\/\/www.leprojecteurguinee.com\/#\/schema\/person\/image\/","url":"https:\/\/secure.gravatar.com\/avatar\/d73703fcd03dcba36d2bb23326e491935423a46800f1ebf8f61b70e62b70e55a?s=96&d=mm&r=g","contentUrl":"https:\/\/secure.gravatar.com\/avatar\/d73703fcd03dcba36d2bb23326e491935423a46800f1ebf8f61b70e62b70e55a?s=96&d=mm&r=g","caption":"www.leprojecteurguinee.com"},"description":"Administrateur G\u00e9n\u00e9ral","sameAs":["http:\/\/www.leprojeceteurguinee.com"],"url":"https:\/\/www.leprojecteurguinee.com\/index.php\/author\/fadigagn\/"}]}},"_links":{"self":[{"href":"https:\/\/www.leprojecteurguinee.com\/index.php\/wp-json\/wp\/v2\/posts\/13667","targetHints":{"allow":["GET"]}}],"collection":[{"href":"https:\/\/www.leprojecteurguinee.com\/index.php\/wp-json\/wp\/v2\/posts"}],"about":[{"href":"https:\/\/www.leprojecteurguinee.com\/index.php\/wp-json\/wp\/v2\/types\/post"}],"author":[{"embeddable":true,"href":"https:\/\/www.leprojecteurguinee.com\/index.php\/wp-json\/wp\/v2\/users\/2"}],"replies":[{"embeddable":true,"href":"https:\/\/www.leprojecteurguinee.com\/index.php\/wp-json\/wp\/v2\/comments?post=13667"}],"version-history":[{"count":0,"href":"https:\/\/www.leprojecteurguinee.com\/index.php\/wp-json\/wp\/v2\/posts\/13667\/revisions"}],"wp:featuredmedia":[{"embeddable":true,"href":"https:\/\/www.leprojecteurguinee.com\/index.php\/wp-json\/wp\/v2\/media\/13668"}],"wp:attachment":[{"href":"https:\/\/www.leprojecteurguinee.com\/index.php\/wp-json\/wp\/v2\/media?parent=13667"}],"wp:term":[{"taxonomy":"category","embeddable":true,"href":"https:\/\/www.leprojecteurguinee.com\/index.php\/wp-json\/wp\/v2\/categories?post=13667"},{"taxonomy":"post_tag","embeddable":true,"href":"https:\/\/www.leprojecteurguinee.com\/index.php\/wp-json\/wp\/v2\/tags?post=13667"}],"curies":[{"name":"wp","href":"https:\/\/api.w.org\/{rel}","templated":true}]}}