{"id":1351,"date":"2023-10-26T09:11:08","date_gmt":"2023-10-26T07:11:08","guid":{"rendered":"https:\/\/www.leprojecteurguinee.com\/?p=1351"},"modified":"2023-10-26T09:11:12","modified_gmt":"2023-10-26T07:11:12","slug":"la-star-du-football-sadio-mane-va-prendre-les-commandes-du-bourges-foot-18","status":"publish","type":"post","link":"https:\/\/www.leprojecteurguinee.com\/index.php\/2023\/10\/26\/la-star-du-football-sadio-mane-va-prendre-les-commandes-du-bourges-foot-18\/","title":{"rendered":"La star du football Sadio Man\u00e9 va prendre les commandes du Bourges Foot 18"},"content":{"rendered":"\n<p>Sadio Man\u00e9 arrive au Bourges Foot 18. L&rsquo;international s\u00e9n\u00e9galais, deuxi\u00e8me meilleur joueur du monde au classement du Ballon d&rsquo;Or 2022, vient investir au club du Bourges Foot 18, dont il devrait prendre les commandes. L&rsquo;annonce doit \u00eatre faite ce mercredi 25 octobre.<\/p>\n\n\n\n<p>Sadio Man\u00e9 va prendre les commandes du Bourges Foot 18. L&rsquo;international s\u00e9n\u00e9galais, capitaine de la s\u00e9lection du S\u00e9n\u00e9gal avec laquelle il a remport\u00e9 la Coupe d&rsquo;Afrique des nations en 2021, a d\u00e9cid\u00e9 de s&rsquo;investir dans un club de football, et a choisi le Bourges Foot 18.&nbsp;<\/p>\n\n\n\n<p>Voil\u00e0 plus de trois ans que&nbsp;les contacts entre l&rsquo;ancien joueur de Metz, Liverpool, Bayern M\u00fcnich, aujourd&rsquo;hui co\u00e9quipier de Cristiano Ronaldo au club saoudien de Al-Nassr, et Cheikh Sylla, alors pr\u00e9sident du Bourges Foot devenu pr\u00e9sident du Bourges Foot 18 apr\u00e8s la fusion avec le Bourges 18. Ces premiers contacts&nbsp;deviennent concrets aujourd&rsquo;hui avec la d\u00e9cision de Sadio Man\u00e9 de s&rsquo;investir dans le club de National 2 de Bourges.&nbsp;<\/p>\n\n\n\n<p>Depuis plus de deux ans, on sait les affinit\u00e9s entre les deux hommes. Des contacts ont aussi eu lieu entre l&rsquo;international s\u00e9n\u00e9galais et Yann Galut, maire de Bourges. Un projet a \u00e9t\u00e9 construit depuis de nombreux mois. Ne manquait plus que la signature d\u00e9finitive du&nbsp;deuxi\u00e8me meilleur joueur du monde au classement du Ballon d&rsquo;Or 2022. Elle est intervenue ces derniers jours et le projet est d\u00e9sormais sur les rails. Selon nos informations, une conf\u00e9rence de presse est programm\u00e9e ce mercredi 25&nbsp;octobre en mairie de Bourges, en pr\u00e9sence du maire&nbsp;et du pr\u00e9sident du Bourges Foot 18.&nbsp;<\/p>\n\n\n\n<p>Concr\u00e8tement, Sadio Man\u00e9 va prendre les commandes du Bourges Foot 18. Selon nos informations, le pr\u00e9sident Cheikh Sylla devrait rapidement convier une assembl\u00e9e g\u00e9n\u00e9rale extraordinaire pour pr\u00e9senter sa d\u00e9mission de la pr\u00e9sidence de l&rsquo;association. Tout cela pour pr\u00e9parer la cr\u00e9ation d&rsquo;une SASP (Soci\u00e9t\u00e9 anonyme sportive professionnelle) dont Sadio Man\u00e9 sera le patron et Cheikh Sylla le futur pr\u00e9sident. Sadio Man\u00e9 joue&nbsp;lui, ce mardi&nbsp;soir, un match du championnat saoudien.&nbsp;<\/p>\n\n\n\n<p>Le paysage du football \u00e0 Bourges va changer du tout au tout. Le joueur aurait d\u00e9j\u00e0 mis la main \u00e0 la poche pour permettre au club de National 2, en difficult\u00e9s en ce d\u00e9but de saison en championnat, de recruter des renforts. Avec Sadio Man\u00e9, un projet de d\u00e9veloppement sportif et social devrait&nbsp;voir le jour.&nbsp;<\/p>\n\n\n\n<p>Cheikh Sylla, pr\u00e9sident du Bourges Foot 18, n&rsquo;a pas souhait\u00e9 faire de commentaires ce mardi soir.&nbsp;<\/p>\n","protected":false},"excerpt":{"rendered":"<p>Sadio Man\u00e9 arrive au Bourges Foot 18. L&rsquo;international s\u00e9n\u00e9galais, deuxi\u00e8me meilleur joueur du monde au classement du Ballon d&rsquo;Or 2022, vient investir au club du Bourges Foot 18, dont il devrait prendre les commandes. L&rsquo;annonce doit \u00eatre faite ce mercredi 25 octobre. Sadio Man\u00e9 va prendre les commandes du Bourges Foot 18. L&rsquo;international s\u00e9n\u00e9galais, capitaine [&hellip;]<\/p>\n","protected":false},"author":1,"featured_media":1352,"comment_status":"open","ping_status":"open","sticky":true,"template":"","format":"standard","meta":{"footnotes":""},"categories":[6],"tags":[376,7],"class_list":["post-1351","post","type-post","status-publish","format-standard","has-post-thumbnail","hentry","category-sport","tag-bourges-foot-18","tag-sadio-mane"],"yoast_head":"<!-- This site is optimized with the Yoast SEO plugin v26.8 - https:\/\/yoast.com\/product\/yoast-seo-wordpress\/ -->\n<title>La star du football Sadio Man\u00e9 va prendre les commandes du Bourges Foot 18 - leprojecteurguinee<\/title>\n<meta name=\"robots\" content=\"index, follow, max-snippet:-1, max-image-preview:large, max-video-preview:-1\" \/>\n<link rel=\"canonical\" href=\"https:\/\/www.leprojecteurguinee.com\/index.php\/2023\/10\/26\/la-star-du-football-sadio-mane-va-prendre-les-commandes-du-bourges-foot-18\/\" \/>\n<meta property=\"og:locale\" content=\"fr_FR\" \/>\n<meta property=\"og:type\" content=\"article\" \/>\n<meta property=\"og:title\" content=\"La star du football Sadio Man\u00e9 va prendre les commandes du Bourges Foot 18 - leprojecteurguinee\" \/>\n<meta property=\"og:description\" content=\"Sadio Man\u00e9 arrive au Bourges Foot 18. L&rsquo;international s\u00e9n\u00e9galais, deuxi\u00e8me meilleur joueur du monde au classement du Ballon d&rsquo;Or 2022, vient investir au club du Bourges Foot 18, dont il devrait prendre les commandes. L&rsquo;annonce doit \u00eatre faite ce mercredi 25 octobre. Sadio Man\u00e9 va prendre les commandes du Bourges Foot 18. L&rsquo;international s\u00e9n\u00e9galais, capitaine [&hellip;]\" \/>\n<meta property=\"og:url\" content=\"https:\/\/www.leprojecteurguinee.com\/index.php\/2023\/10\/26\/la-star-du-football-sadio-mane-va-prendre-les-commandes-du-bourges-foot-18\/\" \/>\n<meta property=\"og:site_name\" content=\"leprojecteurguinee\" \/>\n<meta property=\"article:published_time\" content=\"2023-10-26T07:11:08+00:00\" \/>\n<meta property=\"article:modified_time\" content=\"2023-10-26T07:11:12+00:00\" \/>\n<meta property=\"og:image\" content=\"https:\/\/www.leprojecteurguinee.com\/wp-content\/uploads\/2023\/10\/sadio-le-senegalais.webp\" \/>\n\t<meta property=\"og:image:width\" content=\"657\" \/>\n\t<meta property=\"og:image:height\" content=\"438\" \/>\n\t<meta property=\"og:image:type\" content=\"image\/webp\" \/>\n<meta name=\"author\" content=\"Leprojecteurguinee\" \/>\n<meta name=\"twitter:card\" content=\"summary_large_image\" \/>\n<meta name=\"twitter:label1\" content=\"\u00c9crit par\" \/>\n\t<meta name=\"twitter:data1\" content=\"Leprojecteurguinee\" \/>\n\t<meta name=\"twitter:label2\" content=\"Dur\u00e9e de lecture estim\u00e9e\" \/>\n\t<meta name=\"twitter:data2\" content=\"3 minutes\" \/>\n<script type=\"application\/ld+json\" class=\"yoast-schema-graph\">{\"@context\":\"https:\/\/schema.org\",\"@graph\":[{\"@type\":\"Article\",\"@id\":\"https:\/\/www.leprojecteurguinee.com\/index.php\/2023\/10\/26\/la-star-du-football-sadio-mane-va-prendre-les-commandes-du-bourges-foot-18\/#article\",\"isPartOf\":{\"@id\":\"https:\/\/www.leprojecteurguinee.com\/index.php\/2023\/10\/26\/la-star-du-football-sadio-mane-va-prendre-les-commandes-du-bourges-foot-18\/\"},\"author\":{\"name\":\"Leprojecteurguinee\",\"@id\":\"https:\/\/www.leprojecteurguinee.com\/#\/schema\/person\/389671d1a3f0c66e6c91c4a765990c1b\"},\"headline\":\"La star du football Sadio Man\u00e9 va prendre les commandes du Bourges Foot 18\",\"datePublished\":\"2023-10-26T07:11:08+00:00\",\"dateModified\":\"2023-10-26T07:11:12+00:00\",\"mainEntityOfPage\":{\"@id\":\"https:\/\/www.leprojecteurguinee.com\/index.php\/2023\/10\/26\/la-star-du-football-sadio-mane-va-prendre-les-commandes-du-bourges-foot-18\/\"},\"wordCount\":463,\"commentCount\":0,\"image\":{\"@id\":\"https:\/\/www.leprojecteurguinee.com\/index.php\/2023\/10\/26\/la-star-du-football-sadio-mane-va-prendre-les-commandes-du-bourges-foot-18\/#primaryimage\"},\"thumbnailUrl\":\"https:\/\/www.leprojecteurguinee.com\/wp-content\/uploads\/2023\/10\/sadio-le-senegalais.webp\",\"keywords\":[\"Bourges Foot 18\",\"Sadio Man\u00e9\"],\"articleSection\":[\"Sport\"],\"inLanguage\":\"fr-FR\",\"potentialAction\":[{\"@type\":\"CommentAction\",\"name\":\"Comment\",\"target\":[\"https:\/\/www.leprojecteurguinee.com\/index.php\/2023\/10\/26\/la-star-du-football-sadio-mane-va-prendre-les-commandes-du-bourges-foot-18\/#respond\"]}]},{\"@type\":\"WebPage\",\"@id\":\"https:\/\/www.leprojecteurguinee.com\/index.php\/2023\/10\/26\/la-star-du-football-sadio-mane-va-prendre-les-commandes-du-bourges-foot-18\/\",\"url\":\"https:\/\/www.leprojecteurguinee.com\/index.php\/2023\/10\/26\/la-star-du-football-sadio-mane-va-prendre-les-commandes-du-bourges-foot-18\/\",\"name\":\"La star du football Sadio Man\u00e9 va prendre les commandes du Bourges Foot 18 - leprojecteurguinee\",\"isPartOf\":{\"@id\":\"https:\/\/www.leprojecteurguinee.com\/#website\"},\"primaryImageOfPage\":{\"@id\":\"https:\/\/www.leprojecteurguinee.com\/index.php\/2023\/10\/26\/la-star-du-football-sadio-mane-va-prendre-les-commandes-du-bourges-foot-18\/#primaryimage\"},\"image\":{\"@id\":\"https:\/\/www.leprojecteurguinee.com\/index.php\/2023\/10\/26\/la-star-du-football-sadio-mane-va-prendre-les-commandes-du-bourges-foot-18\/#primaryimage\"},\"thumbnailUrl\":\"https:\/\/www.leprojecteurguinee.com\/wp-content\/uploads\/2023\/10\/sadio-le-senegalais.webp\",\"datePublished\":\"2023-10-26T07:11:08+00:00\",\"dateModified\":\"2023-10-26T07:11:12+00:00\",\"author\":{\"@id\":\"https:\/\/www.leprojecteurguinee.com\/#\/schema\/person\/389671d1a3f0c66e6c91c4a765990c1b\"},\"breadcrumb\":{\"@id\":\"https:\/\/www.leprojecteurguinee.com\/index.php\/2023\/10\/26\/la-star-du-football-sadio-mane-va-prendre-les-commandes-du-bourges-foot-18\/#breadcrumb\"},\"inLanguage\":\"fr-FR\",\"potentialAction\":[{\"@type\":\"ReadAction\",\"target\":[\"https:\/\/www.leprojecteurguinee.com\/index.php\/2023\/10\/26\/la-star-du-football-sadio-mane-va-prendre-les-commandes-du-bourges-foot-18\/\"]}]},{\"@type\":\"ImageObject\",\"inLanguage\":\"fr-FR\",\"@id\":\"https:\/\/www.leprojecteurguinee.com\/index.php\/2023\/10\/26\/la-star-du-football-sadio-mane-va-prendre-les-commandes-du-bourges-foot-18\/#primaryimage\",\"url\":\"https:\/\/www.leprojecteurguinee.com\/wp-content\/uploads\/2023\/10\/sadio-le-senegalais.webp\",\"contentUrl\":\"https:\/\/www.leprojecteurguinee.com\/wp-content\/uploads\/2023\/10\/sadio-le-senegalais.webp\",\"width\":657,\"height\":438},{\"@type\":\"BreadcrumbList\",\"@id\":\"https:\/\/www.leprojecteurguinee.com\/index.php\/2023\/10\/26\/la-star-du-football-sadio-mane-va-prendre-les-commandes-du-bourges-foot-18\/#breadcrumb\",\"itemListElement\":[{\"@type\":\"ListItem\",\"position\":1,\"name\":\"Accueil\",\"item\":\"https:\/\/www.leprojecteurguinee.com\/\"},{\"@type\":\"ListItem\",\"position\":2,\"name\":\"La star du football Sadio Man\u00e9 va prendre les commandes du Bourges Foot 18\"}]},{\"@type\":\"WebSite\",\"@id\":\"https:\/\/www.leprojecteurguinee.com\/#website\",\"url\":\"https:\/\/www.leprojecteurguinee.com\/\",\"name\":\"leprojecteurguinee\",\"description\":\"Nous luttons contre les pratiques obscures\",\"potentialAction\":[{\"@type\":\"SearchAction\",\"target\":{\"@type\":\"EntryPoint\",\"urlTemplate\":\"https:\/\/www.leprojecteurguinee.com\/?s={search_term_string}\"},\"query-input\":{\"@type\":\"PropertyValueSpecification\",\"valueRequired\":true,\"valueName\":\"search_term_string\"}}],\"inLanguage\":\"fr-FR\"},{\"@type\":\"Person\",\"@id\":\"https:\/\/www.leprojecteurguinee.com\/#\/schema\/person\/389671d1a3f0c66e6c91c4a765990c1b\",\"name\":\"Leprojecteurguinee\",\"image\":{\"@type\":\"ImageObject\",\"inLanguage\":\"fr-FR\",\"@id\":\"https:\/\/www.leprojecteurguinee.com\/#\/schema\/person\/image\/\",\"url\":\"https:\/\/secure.gravatar.com\/avatar\/c0faa0f472c43eff99fecb0bd2a1c6782e80a162c9fcb7ed2d48bb42ea619f30?s=96&d=mm&r=g\",\"contentUrl\":\"https:\/\/secure.gravatar.com\/avatar\/c0faa0f472c43eff99fecb0bd2a1c6782e80a162c9fcb7ed2d48bb42ea619f30?s=96&d=mm&r=g\",\"caption\":\"Leprojecteurguinee\"},\"sameAs\":[\"https:\/\/www.leprojecteurguinee.com\"],\"url\":\"https:\/\/www.leprojecteurguinee.com\/index.php\/author\/madame\/\"}]}<\/script>\n<!-- \/ Yoast SEO plugin. -->","yoast_head_json":{"title":"La star du football Sadio Man\u00e9 va prendre les commandes du Bourges Foot 18 - leprojecteurguinee","robots":{"index":"index","follow":"follow","max-snippet":"max-snippet:-1","max-image-preview":"max-image-preview:large","max-video-preview":"max-video-preview:-1"},"canonical":"https:\/\/www.leprojecteurguinee.com\/index.php\/2023\/10\/26\/la-star-du-football-sadio-mane-va-prendre-les-commandes-du-bourges-foot-18\/","og_locale":"fr_FR","og_type":"article","og_title":"La star du football Sadio Man\u00e9 va prendre les commandes du Bourges Foot 18 - leprojecteurguinee","og_description":"Sadio Man\u00e9 arrive au Bourges Foot 18. L&rsquo;international s\u00e9n\u00e9galais, deuxi\u00e8me meilleur joueur du monde au classement du Ballon d&rsquo;Or 2022, vient investir au club du Bourges Foot 18, dont il devrait prendre les commandes. L&rsquo;annonce doit \u00eatre faite ce mercredi 25 octobre. Sadio Man\u00e9 va prendre les commandes du Bourges Foot 18. L&rsquo;international s\u00e9n\u00e9galais, capitaine [&hellip;]","og_url":"https:\/\/www.leprojecteurguinee.com\/index.php\/2023\/10\/26\/la-star-du-football-sadio-mane-va-prendre-les-commandes-du-bourges-foot-18\/","og_site_name":"leprojecteurguinee","article_published_time":"2023-10-26T07:11:08+00:00","article_modified_time":"2023-10-26T07:11:12+00:00","og_image":[{"width":657,"height":438,"url":"https:\/\/www.leprojecteurguinee.com\/wp-content\/uploads\/2023\/10\/sadio-le-senegalais.webp","type":"image\/webp"}],"author":"Leprojecteurguinee","twitter_card":"summary_large_image","twitter_misc":{"\u00c9crit par":"Leprojecteurguinee","Dur\u00e9e de lecture estim\u00e9e":"3 minutes"},"schema":{"@context":"https:\/\/schema.org","@graph":[{"@type":"Article","@id":"https:\/\/www.leprojecteurguinee.com\/index.php\/2023\/10\/26\/la-star-du-football-sadio-mane-va-prendre-les-commandes-du-bourges-foot-18\/#article","isPartOf":{"@id":"https:\/\/www.leprojecteurguinee.com\/index.php\/2023\/10\/26\/la-star-du-football-sadio-mane-va-prendre-les-commandes-du-bourges-foot-18\/"},"author":{"name":"Leprojecteurguinee","@id":"https:\/\/www.leprojecteurguinee.com\/#\/schema\/person\/389671d1a3f0c66e6c91c4a765990c1b"},"headline":"La star du football Sadio Man\u00e9 va prendre les commandes du Bourges Foot 18","datePublished":"2023-10-26T07:11:08+00:00","dateModified":"2023-10-26T07:11:12+00:00","mainEntityOfPage":{"@id":"https:\/\/www.leprojecteurguinee.com\/index.php\/2023\/10\/26\/la-star-du-football-sadio-mane-va-prendre-les-commandes-du-bourges-foot-18\/"},"wordCount":463,"commentCount":0,"image":{"@id":"https:\/\/www.leprojecteurguinee.com\/index.php\/2023\/10\/26\/la-star-du-football-sadio-mane-va-prendre-les-commandes-du-bourges-foot-18\/#primaryimage"},"thumbnailUrl":"https:\/\/www.leprojecteurguinee.com\/wp-content\/uploads\/2023\/10\/sadio-le-senegalais.webp","keywords":["Bourges Foot 18","Sadio Man\u00e9"],"articleSection":["Sport"],"inLanguage":"fr-FR","potentialAction":[{"@type":"CommentAction","name":"Comment","target":["https:\/\/www.leprojecteurguinee.com\/index.php\/2023\/10\/26\/la-star-du-football-sadio-mane-va-prendre-les-commandes-du-bourges-foot-18\/#respond"]}]},{"@type":"WebPage","@id":"https:\/\/www.leprojecteurguinee.com\/index.php\/2023\/10\/26\/la-star-du-football-sadio-mane-va-prendre-les-commandes-du-bourges-foot-18\/","url":"https:\/\/www.leprojecteurguinee.com\/index.php\/2023\/10\/26\/la-star-du-football-sadio-mane-va-prendre-les-commandes-du-bourges-foot-18\/","name":"La star du football Sadio Man\u00e9 va prendre les commandes du Bourges Foot 18 - leprojecteurguinee","isPartOf":{"@id":"https:\/\/www.leprojecteurguinee.com\/#website"},"primaryImageOfPage":{"@id":"https:\/\/www.leprojecteurguinee.com\/index.php\/2023\/10\/26\/la-star-du-football-sadio-mane-va-prendre-les-commandes-du-bourges-foot-18\/#primaryimage"},"image":{"@id":"https:\/\/www.leprojecteurguinee.com\/index.php\/2023\/10\/26\/la-star-du-football-sadio-mane-va-prendre-les-commandes-du-bourges-foot-18\/#primaryimage"},"thumbnailUrl":"https:\/\/www.leprojecteurguinee.com\/wp-content\/uploads\/2023\/10\/sadio-le-senegalais.webp","datePublished":"2023-10-26T07:11:08+00:00","dateModified":"2023-10-26T07:11:12+00:00","author":{"@id":"https:\/\/www.leprojecteurguinee.com\/#\/schema\/person\/389671d1a3f0c66e6c91c4a765990c1b"},"breadcrumb":{"@id":"https:\/\/www.leprojecteurguinee.com\/index.php\/2023\/10\/26\/la-star-du-football-sadio-mane-va-prendre-les-commandes-du-bourges-foot-18\/#breadcrumb"},"inLanguage":"fr-FR","potentialAction":[{"@type":"ReadAction","target":["https:\/\/www.leprojecteurguinee.com\/index.php\/2023\/10\/26\/la-star-du-football-sadio-mane-va-prendre-les-commandes-du-bourges-foot-18\/"]}]},{"@type":"ImageObject","inLanguage":"fr-FR","@id":"https:\/\/www.leprojecteurguinee.com\/index.php\/2023\/10\/26\/la-star-du-football-sadio-mane-va-prendre-les-commandes-du-bourges-foot-18\/#primaryimage","url":"https:\/\/www.leprojecteurguinee.com\/wp-content\/uploads\/2023\/10\/sadio-le-senegalais.webp","contentUrl":"https:\/\/www.leprojecteurguinee.com\/wp-content\/uploads\/2023\/10\/sadio-le-senegalais.webp","width":657,"height":438},{"@type":"BreadcrumbList","@id":"https:\/\/www.leprojecteurguinee.com\/index.php\/2023\/10\/26\/la-star-du-football-sadio-mane-va-prendre-les-commandes-du-bourges-foot-18\/#breadcrumb","itemListElement":[{"@type":"ListItem","position":1,"name":"Accueil","item":"https:\/\/www.leprojecteurguinee.com\/"},{"@type":"ListItem","position":2,"name":"La star du football Sadio Man\u00e9 va prendre les commandes du Bourges Foot 18"}]},{"@type":"WebSite","@id":"https:\/\/www.leprojecteurguinee.com\/#website","url":"https:\/\/www.leprojecteurguinee.com\/","name":"leprojecteurguinee","description":"Nous luttons contre les pratiques obscures","potentialAction":[{"@type":"SearchAction","target":{"@type":"EntryPoint","urlTemplate":"https:\/\/www.leprojecteurguinee.com\/?s={search_term_string}"},"query-input":{"@type":"PropertyValueSpecification","valueRequired":true,"valueName":"search_term_string"}}],"inLanguage":"fr-FR"},{"@type":"Person","@id":"https:\/\/www.leprojecteurguinee.com\/#\/schema\/person\/389671d1a3f0c66e6c91c4a765990c1b","name":"Leprojecteurguinee","image":{"@type":"ImageObject","inLanguage":"fr-FR","@id":"https:\/\/www.leprojecteurguinee.com\/#\/schema\/person\/image\/","url":"https:\/\/secure.gravatar.com\/avatar\/c0faa0f472c43eff99fecb0bd2a1c6782e80a162c9fcb7ed2d48bb42ea619f30?s=96&d=mm&r=g","contentUrl":"https:\/\/secure.gravatar.com\/avatar\/c0faa0f472c43eff99fecb0bd2a1c6782e80a162c9fcb7ed2d48bb42ea619f30?s=96&d=mm&r=g","caption":"Leprojecteurguinee"},"sameAs":["https:\/\/www.leprojecteurguinee.com"],"url":"https:\/\/www.leprojecteurguinee.com\/index.php\/author\/madame\/"}]}},"_links":{"self":[{"href":"https:\/\/www.leprojecteurguinee.com\/index.php\/wp-json\/wp\/v2\/posts\/1351","targetHints":{"allow":["GET"]}}],"collection":[{"href":"https:\/\/www.leprojecteurguinee.com\/index.php\/wp-json\/wp\/v2\/posts"}],"about":[{"href":"https:\/\/www.leprojecteurguinee.com\/index.php\/wp-json\/wp\/v2\/types\/post"}],"author":[{"embeddable":true,"href":"https:\/\/www.leprojecteurguinee.com\/index.php\/wp-json\/wp\/v2\/users\/1"}],"replies":[{"embeddable":true,"href":"https:\/\/www.leprojecteurguinee.com\/index.php\/wp-json\/wp\/v2\/comments?post=1351"}],"version-history":[{"count":0,"href":"https:\/\/www.leprojecteurguinee.com\/index.php\/wp-json\/wp\/v2\/posts\/1351\/revisions"}],"wp:featuredmedia":[{"embeddable":true,"href":"https:\/\/www.leprojecteurguinee.com\/index.php\/wp-json\/wp\/v2\/media\/1352"}],"wp:attachment":[{"href":"https:\/\/www.leprojecteurguinee.com\/index.php\/wp-json\/wp\/v2\/media?parent=1351"}],"wp:term":[{"taxonomy":"category","embeddable":true,"href":"https:\/\/www.leprojecteurguinee.com\/index.php\/wp-json\/wp\/v2\/categories?post=1351"},{"taxonomy":"post_tag","embeddable":true,"href":"https:\/\/www.leprojecteurguinee.com\/index.php\/wp-json\/wp\/v2\/tags?post=1351"}],"curies":[{"name":"wp","href":"https:\/\/api.w.org\/{rel}","templated":true}]}}