{"id":13395,"date":"2025-10-02T11:19:42","date_gmt":"2025-10-02T11:19:42","guid":{"rendered":"https:\/\/www.leprojecteurguinee.com\/?p=13395"},"modified":"2025-10-02T11:19:58","modified_gmt":"2025-10-02T11:19:58","slug":"place-des-martyrs-autorites-civiles-et-militaires-se-mobilisent-pour-celebrer-le-02-octobre","status":"publish","type":"post","link":"https:\/\/www.leprojecteurguinee.com\/index.php\/2025\/10\/02\/place-des-martyrs-autorites-civiles-et-militaires-se-mobilisent-pour-celebrer-le-02-octobre\/","title":{"rendered":"Place des Martyrs: autorit\u00e9s civiles et militaires se mobilisent pour c\u00e9l\u00e9brer le 02 octobre"},"content":{"rendered":"<div dir=\"auto\">La R\u00e9publique de Guin\u00e9e c\u00e9l\u00e8bre, ce jeudi 2 octobre 2025, le 67\u00e8me anniversaire de son accession \u00e0 l\u2019ind\u00e9pendance nationale. Une date hautement symbolique, qui rappelle des moments historiques et demeure une occasion de r\u00e9jouissance et de r\u00e9affirmation de la souverainet\u00e9 nationale.<\/div>\n<div dir=\"auto\"><\/div>\n<div dir=\"auto\">Pour marquer cet \u00e9v\u00e9nement cette ann\u00e9e, les autorit\u00e9s ont choisi la Place des Martyrs de Kaloum. Ce site embl\u00e9matique a \u00e9t\u00e9 sp\u00e9cialement am\u00e9nag\u00e9 pour accueillir la c\u00e9r\u00e9monie.<\/div>\n<div dir=\"auto\"><img loading=\"lazy\" decoding=\"async\" class=\"size-full wp-image-325576 aligncenter lazyloaded\" src=\"https:\/\/i0.wp.com\/mosaiqueguinee.com\/wp-content\/uploads\/2025\/10\/Autorites-militaires-du-CNRD.jpeg?resize=700%2C524&amp;ssl=1\" alt=\"\" width=\"700\" height=\"524\" data-recalc-dims=\"1\" data-src=\"https:\/\/i0.wp.com\/mosaiqueguinee.com\/wp-content\/uploads\/2025\/10\/Autorites-militaires-du-CNRD.jpeg?resize=700%2C524&amp;ssl=1\" data-pin-no-hover=\"true\" \/><\/div>\n<div dir=\"auto\"><\/div>\n<div dir=\"auto\">En attendant l\u2019arriv\u00e9e du Pr\u00e9sident de la transition, on voit une forte mobilisation de cadres civils et militaires sur les lieux. Ministres, hauts responsables militaires, pr\u00e9sidents d\u2019institutions r\u00e9publicaines et anciens Premiers ministres sont pr\u00e9sents, chacun tenant \u00e0 prendre part \u00e0 ce rendez-vous national.<\/div>\n<div dir=\"auto\"><img loading=\"lazy\" decoding=\"async\" class=\"alignnone size-full wp-image-325575 lazyloaded\" src=\"https:\/\/i0.wp.com\/mosaiqueguinee.com\/wp-content\/uploads\/2025\/10\/PM-Bah-Oury-et-la-Gouverneure-de-Conakry.jpeg?resize=700%2C524&amp;ssl=1\" alt=\"\" width=\"700\" height=\"524\" data-recalc-dims=\"1\" data-src=\"https:\/\/i0.wp.com\/mosaiqueguinee.com\/wp-content\/uploads\/2025\/10\/PM-Bah-Oury-et-la-Gouverneure-de-Conakry.jpeg?resize=700%2C524&amp;ssl=1\" data-pin-no-hover=\"true\" \/><\/div>\n<div dir=\"auto\"><\/div>\n<div dir=\"auto\">Parmi les personnalit\u00e9s remarqu\u00e9es figurent le Premier ministre Amadou Oury Bah, le G\u00e9n\u00e9ral Balla Samoura, le pr\u00e9sident de la HAC Boubacar Yacine Diallo, le pr\u00e9sident de la Cour supr\u00eame Fod\u00e9 Bangoura, ainsi que les anciens Premiers ministres Kabin\u00e9 Komara et Ahmed Tidiane Souar\u00e9. Sont \u00e9galement pr\u00e9sents plusieurs membres du Gouvernement de transition dont Rose Pola Pricemou, Dr Diaka Sidib\u00e9, Mourana Soumah, Beno\u00eet Kamano, Fana Soumah, Yaya Kairaba Kaba, etc.<\/div>\n<div dir=\"auto\"><img loading=\"lazy\" decoding=\"async\" class=\"alignnone size-full wp-image-325577 ls-is-cached lazyloaded\" src=\"https:\/\/i0.wp.com\/mosaiqueguinee.com\/wp-content\/uploads\/2025\/10\/General-Ibrahima-Sory-Bangoura.jpeg?resize=700%2C430&amp;ssl=1\" alt=\"\" width=\"700\" height=\"430\" data-recalc-dims=\"1\" data-src=\"https:\/\/i0.wp.com\/mosaiqueguinee.com\/wp-content\/uploads\/2025\/10\/General-Ibrahima-Sory-Bangoura.jpeg?resize=700%2C430&amp;ssl=1\" data-pin-no-hover=\"true\" \/><\/div>\n<div dir=\"auto\"><\/div>\n<div dir=\"auto\">Aucun d\u00e9fil\u00e9 militaire ne semble pr\u00e9vu. Cependant, tout laisse penser que le Pr\u00e9sident de la transition effectuera un tour d\u2019honneur pour saluer les troupes, tout corps confondus, massivement mobilis\u00e9es pour l\u2019occasion. D\u00e9j\u00e0, \u00e0 son arriv\u00e9e, le Chef d\u2019\u00e9tat-major g\u00e9n\u00e9ral des arm\u00e9es, le G\u00e9n\u00e9ral Ibrahima Sory Bangoura, a lui-m\u00eame parcouru les rangs pour rendre hommage \u00e0 ses hommes.<\/div>\n<div dir=\"auto\"><\/div>\n<div dir=\"auto\">Nous y reviendrons.<\/div>\n<div dir=\"auto\"><\/div>\n<div dir=\"auto\"><b>Mosaiqueguinee.com\u00a0<\/b><\/div>\n","protected":false},"excerpt":{"rendered":"<p>La R\u00e9publique de Guin\u00e9e c\u00e9l\u00e8bre, ce jeudi 2 octobre 2025, le 67\u00e8me anniversaire de son accession \u00e0 l\u2019ind\u00e9pendance nationale. Une date hautement symbolique, qui rappelle des moments historiques et demeure une occasion de r\u00e9jouissance et de r\u00e9affirmation de la souverainet\u00e9 nationale. Pour marquer cet \u00e9v\u00e9nement cette ann\u00e9e, les autorit\u00e9s ont choisi la Place des Martyrs [&hellip;]<\/p>\n","protected":false},"author":2,"featured_media":13396,"comment_status":"open","ping_status":"open","sticky":false,"template":"","format":"standard","meta":{"footnotes":""},"categories":[16],"tags":[],"class_list":["post-13395","post","type-post","status-publish","format-standard","has-post-thumbnail","hentry","category-actualites"],"yoast_head":"<!-- This site is optimized with the Yoast SEO plugin v26.8 - https:\/\/yoast.com\/product\/yoast-seo-wordpress\/ -->\n<title>Place des Martyrs: autorit\u00e9s civiles et militaires se mobilisent pour c\u00e9l\u00e9brer le 02 octobre - leprojecteurguinee<\/title>\n<meta name=\"robots\" content=\"index, follow, max-snippet:-1, max-image-preview:large, max-video-preview:-1\" \/>\n<link rel=\"canonical\" href=\"https:\/\/www.leprojecteurguinee.com\/index.php\/2025\/10\/02\/place-des-martyrs-autorites-civiles-et-militaires-se-mobilisent-pour-celebrer-le-02-octobre\/\" \/>\n<meta property=\"og:locale\" content=\"fr_FR\" \/>\n<meta property=\"og:type\" content=\"article\" \/>\n<meta property=\"og:title\" content=\"Place des Martyrs: autorit\u00e9s civiles et militaires se mobilisent pour c\u00e9l\u00e9brer le 02 octobre - leprojecteurguinee\" \/>\n<meta property=\"og:description\" content=\"La R\u00e9publique de Guin\u00e9e c\u00e9l\u00e8bre, ce jeudi 2 octobre 2025, le 67\u00e8me anniversaire de son accession \u00e0 l\u2019ind\u00e9pendance nationale. Une date hautement symbolique, qui rappelle des moments historiques et demeure une occasion de r\u00e9jouissance et de r\u00e9affirmation de la souverainet\u00e9 nationale. Pour marquer cet \u00e9v\u00e9nement cette ann\u00e9e, les autorit\u00e9s ont choisi la Place des Martyrs [&hellip;]\" \/>\n<meta property=\"og:url\" content=\"https:\/\/www.leprojecteurguinee.com\/index.php\/2025\/10\/02\/place-des-martyrs-autorites-civiles-et-militaires-se-mobilisent-pour-celebrer-le-02-octobre\/\" \/>\n<meta property=\"og:site_name\" content=\"leprojecteurguinee\" \/>\n<meta property=\"article:published_time\" content=\"2025-10-02T11:19:42+00:00\" \/>\n<meta property=\"article:modified_time\" content=\"2025-10-02T11:19:58+00:00\" \/>\n<meta property=\"og:image\" content=\"https:\/\/www.leprojecteurguinee.com\/wp-content\/uploads\/2025\/10\/General-Ibrahima-Sory-Bangoura.webp\" \/>\n\t<meta property=\"og:image:width\" content=\"700\" \/>\n\t<meta property=\"og:image:height\" content=\"375\" \/>\n\t<meta property=\"og:image:type\" content=\"image\/webp\" \/>\n<meta name=\"author\" content=\"www.leprojecteurguinee.com\" \/>\n<meta name=\"twitter:card\" content=\"summary_large_image\" \/>\n<meta name=\"twitter:label1\" content=\"\u00c9crit par\" \/>\n\t<meta name=\"twitter:data1\" content=\"www.leprojecteurguinee.com\" \/>\n\t<meta name=\"twitter:label2\" content=\"Dur\u00e9e de lecture estim\u00e9e\" \/>\n\t<meta name=\"twitter:data2\" content=\"3 minutes\" \/>\n<script type=\"application\/ld+json\" class=\"yoast-schema-graph\">{\"@context\":\"https:\/\/schema.org\",\"@graph\":[{\"@type\":\"Article\",\"@id\":\"https:\/\/www.leprojecteurguinee.com\/index.php\/2025\/10\/02\/place-des-martyrs-autorites-civiles-et-militaires-se-mobilisent-pour-celebrer-le-02-octobre\/#article\",\"isPartOf\":{\"@id\":\"https:\/\/www.leprojecteurguinee.com\/index.php\/2025\/10\/02\/place-des-martyrs-autorites-civiles-et-militaires-se-mobilisent-pour-celebrer-le-02-octobre\/\"},\"author\":{\"name\":\"www.leprojecteurguinee.com\",\"@id\":\"https:\/\/www.leprojecteurguinee.com\/#\/schema\/person\/c9d1602e593b11af0b295bdf5e12a59a\"},\"headline\":\"Place des Martyrs: autorit\u00e9s civiles et militaires se mobilisent pour c\u00e9l\u00e9brer le 02 octobre\",\"datePublished\":\"2025-10-02T11:19:42+00:00\",\"dateModified\":\"2025-10-02T11:19:58+00:00\",\"mainEntityOfPage\":{\"@id\":\"https:\/\/www.leprojecteurguinee.com\/index.php\/2025\/10\/02\/place-des-martyrs-autorites-civiles-et-militaires-se-mobilisent-pour-celebrer-le-02-octobre\/\"},\"wordCount\":298,\"commentCount\":0,\"image\":{\"@id\":\"https:\/\/www.leprojecteurguinee.com\/index.php\/2025\/10\/02\/place-des-martyrs-autorites-civiles-et-militaires-se-mobilisent-pour-celebrer-le-02-octobre\/#primaryimage\"},\"thumbnailUrl\":\"https:\/\/www.leprojecteurguinee.com\/wp-content\/uploads\/2025\/10\/General-Ibrahima-Sory-Bangoura.webp\",\"articleSection\":[\"Actualit\u00e9s\"],\"inLanguage\":\"fr-FR\",\"potentialAction\":[{\"@type\":\"CommentAction\",\"name\":\"Comment\",\"target\":[\"https:\/\/www.leprojecteurguinee.com\/index.php\/2025\/10\/02\/place-des-martyrs-autorites-civiles-et-militaires-se-mobilisent-pour-celebrer-le-02-octobre\/#respond\"]}]},{\"@type\":\"WebPage\",\"@id\":\"https:\/\/www.leprojecteurguinee.com\/index.php\/2025\/10\/02\/place-des-martyrs-autorites-civiles-et-militaires-se-mobilisent-pour-celebrer-le-02-octobre\/\",\"url\":\"https:\/\/www.leprojecteurguinee.com\/index.php\/2025\/10\/02\/place-des-martyrs-autorites-civiles-et-militaires-se-mobilisent-pour-celebrer-le-02-octobre\/\",\"name\":\"Place des Martyrs: autorit\u00e9s civiles et militaires se mobilisent pour c\u00e9l\u00e9brer le 02 octobre - leprojecteurguinee\",\"isPartOf\":{\"@id\":\"https:\/\/www.leprojecteurguinee.com\/#website\"},\"primaryImageOfPage\":{\"@id\":\"https:\/\/www.leprojecteurguinee.com\/index.php\/2025\/10\/02\/place-des-martyrs-autorites-civiles-et-militaires-se-mobilisent-pour-celebrer-le-02-octobre\/#primaryimage\"},\"image\":{\"@id\":\"https:\/\/www.leprojecteurguinee.com\/index.php\/2025\/10\/02\/place-des-martyrs-autorites-civiles-et-militaires-se-mobilisent-pour-celebrer-le-02-octobre\/#primaryimage\"},\"thumbnailUrl\":\"https:\/\/www.leprojecteurguinee.com\/wp-content\/uploads\/2025\/10\/General-Ibrahima-Sory-Bangoura.webp\",\"datePublished\":\"2025-10-02T11:19:42+00:00\",\"dateModified\":\"2025-10-02T11:19:58+00:00\",\"author\":{\"@id\":\"https:\/\/www.leprojecteurguinee.com\/#\/schema\/person\/c9d1602e593b11af0b295bdf5e12a59a\"},\"breadcrumb\":{\"@id\":\"https:\/\/www.leprojecteurguinee.com\/index.php\/2025\/10\/02\/place-des-martyrs-autorites-civiles-et-militaires-se-mobilisent-pour-celebrer-le-02-octobre\/#breadcrumb\"},\"inLanguage\":\"fr-FR\",\"potentialAction\":[{\"@type\":\"ReadAction\",\"target\":[\"https:\/\/www.leprojecteurguinee.com\/index.php\/2025\/10\/02\/place-des-martyrs-autorites-civiles-et-militaires-se-mobilisent-pour-celebrer-le-02-octobre\/\"]}]},{\"@type\":\"ImageObject\",\"inLanguage\":\"fr-FR\",\"@id\":\"https:\/\/www.leprojecteurguinee.com\/index.php\/2025\/10\/02\/place-des-martyrs-autorites-civiles-et-militaires-se-mobilisent-pour-celebrer-le-02-octobre\/#primaryimage\",\"url\":\"https:\/\/www.leprojecteurguinee.com\/wp-content\/uploads\/2025\/10\/General-Ibrahima-Sory-Bangoura.webp\",\"contentUrl\":\"https:\/\/www.leprojecteurguinee.com\/wp-content\/uploads\/2025\/10\/General-Ibrahima-Sory-Bangoura.webp\",\"width\":700,\"height\":375},{\"@type\":\"BreadcrumbList\",\"@id\":\"https:\/\/www.leprojecteurguinee.com\/index.php\/2025\/10\/02\/place-des-martyrs-autorites-civiles-et-militaires-se-mobilisent-pour-celebrer-le-02-octobre\/#breadcrumb\",\"itemListElement\":[{\"@type\":\"ListItem\",\"position\":1,\"name\":\"Accueil\",\"item\":\"https:\/\/www.leprojecteurguinee.com\/\"},{\"@type\":\"ListItem\",\"position\":2,\"name\":\"Place des Martyrs: autorit\u00e9s civiles et militaires se mobilisent pour c\u00e9l\u00e9brer le 02 octobre\"}]},{\"@type\":\"WebSite\",\"@id\":\"https:\/\/www.leprojecteurguinee.com\/#website\",\"url\":\"https:\/\/www.leprojecteurguinee.com\/\",\"name\":\"leprojecteurguinee\",\"description\":\"Nous luttons contre les pratiques obscures\",\"potentialAction\":[{\"@type\":\"SearchAction\",\"target\":{\"@type\":\"EntryPoint\",\"urlTemplate\":\"https:\/\/www.leprojecteurguinee.com\/?s={search_term_string}\"},\"query-input\":{\"@type\":\"PropertyValueSpecification\",\"valueRequired\":true,\"valueName\":\"search_term_string\"}}],\"inLanguage\":\"fr-FR\"},{\"@type\":\"Person\",\"@id\":\"https:\/\/www.leprojecteurguinee.com\/#\/schema\/person\/c9d1602e593b11af0b295bdf5e12a59a\",\"name\":\"www.leprojecteurguinee.com\",\"image\":{\"@type\":\"ImageObject\",\"inLanguage\":\"fr-FR\",\"@id\":\"https:\/\/www.leprojecteurguinee.com\/#\/schema\/person\/image\/\",\"url\":\"https:\/\/secure.gravatar.com\/avatar\/d73703fcd03dcba36d2bb23326e491935423a46800f1ebf8f61b70e62b70e55a?s=96&d=mm&r=g\",\"contentUrl\":\"https:\/\/secure.gravatar.com\/avatar\/d73703fcd03dcba36d2bb23326e491935423a46800f1ebf8f61b70e62b70e55a?s=96&d=mm&r=g\",\"caption\":\"www.leprojecteurguinee.com\"},\"description\":\"Administrateur G\u00e9n\u00e9ral\",\"sameAs\":[\"http:\/\/www.leprojeceteurguinee.com\"],\"url\":\"https:\/\/www.leprojecteurguinee.com\/index.php\/author\/fadigagn\/\"}]}<\/script>\n<!-- \/ Yoast SEO plugin. -->","yoast_head_json":{"title":"Place des Martyrs: autorit\u00e9s civiles et militaires se mobilisent pour c\u00e9l\u00e9brer le 02 octobre - leprojecteurguinee","robots":{"index":"index","follow":"follow","max-snippet":"max-snippet:-1","max-image-preview":"max-image-preview:large","max-video-preview":"max-video-preview:-1"},"canonical":"https:\/\/www.leprojecteurguinee.com\/index.php\/2025\/10\/02\/place-des-martyrs-autorites-civiles-et-militaires-se-mobilisent-pour-celebrer-le-02-octobre\/","og_locale":"fr_FR","og_type":"article","og_title":"Place des Martyrs: autorit\u00e9s civiles et militaires se mobilisent pour c\u00e9l\u00e9brer le 02 octobre - leprojecteurguinee","og_description":"La R\u00e9publique de Guin\u00e9e c\u00e9l\u00e8bre, ce jeudi 2 octobre 2025, le 67\u00e8me anniversaire de son accession \u00e0 l\u2019ind\u00e9pendance nationale. Une date hautement symbolique, qui rappelle des moments historiques et demeure une occasion de r\u00e9jouissance et de r\u00e9affirmation de la souverainet\u00e9 nationale. Pour marquer cet \u00e9v\u00e9nement cette ann\u00e9e, les autorit\u00e9s ont choisi la Place des Martyrs [&hellip;]","og_url":"https:\/\/www.leprojecteurguinee.com\/index.php\/2025\/10\/02\/place-des-martyrs-autorites-civiles-et-militaires-se-mobilisent-pour-celebrer-le-02-octobre\/","og_site_name":"leprojecteurguinee","article_published_time":"2025-10-02T11:19:42+00:00","article_modified_time":"2025-10-02T11:19:58+00:00","og_image":[{"width":700,"height":375,"url":"https:\/\/www.leprojecteurguinee.com\/wp-content\/uploads\/2025\/10\/General-Ibrahima-Sory-Bangoura.webp","type":"image\/webp"}],"author":"www.leprojecteurguinee.com","twitter_card":"summary_large_image","twitter_misc":{"\u00c9crit par":"www.leprojecteurguinee.com","Dur\u00e9e de lecture estim\u00e9e":"3 minutes"},"schema":{"@context":"https:\/\/schema.org","@graph":[{"@type":"Article","@id":"https:\/\/www.leprojecteurguinee.com\/index.php\/2025\/10\/02\/place-des-martyrs-autorites-civiles-et-militaires-se-mobilisent-pour-celebrer-le-02-octobre\/#article","isPartOf":{"@id":"https:\/\/www.leprojecteurguinee.com\/index.php\/2025\/10\/02\/place-des-martyrs-autorites-civiles-et-militaires-se-mobilisent-pour-celebrer-le-02-octobre\/"},"author":{"name":"www.leprojecteurguinee.com","@id":"https:\/\/www.leprojecteurguinee.com\/#\/schema\/person\/c9d1602e593b11af0b295bdf5e12a59a"},"headline":"Place des Martyrs: autorit\u00e9s civiles et militaires se mobilisent pour c\u00e9l\u00e9brer le 02 octobre","datePublished":"2025-10-02T11:19:42+00:00","dateModified":"2025-10-02T11:19:58+00:00","mainEntityOfPage":{"@id":"https:\/\/www.leprojecteurguinee.com\/index.php\/2025\/10\/02\/place-des-martyrs-autorites-civiles-et-militaires-se-mobilisent-pour-celebrer-le-02-octobre\/"},"wordCount":298,"commentCount":0,"image":{"@id":"https:\/\/www.leprojecteurguinee.com\/index.php\/2025\/10\/02\/place-des-martyrs-autorites-civiles-et-militaires-se-mobilisent-pour-celebrer-le-02-octobre\/#primaryimage"},"thumbnailUrl":"https:\/\/www.leprojecteurguinee.com\/wp-content\/uploads\/2025\/10\/General-Ibrahima-Sory-Bangoura.webp","articleSection":["Actualit\u00e9s"],"inLanguage":"fr-FR","potentialAction":[{"@type":"CommentAction","name":"Comment","target":["https:\/\/www.leprojecteurguinee.com\/index.php\/2025\/10\/02\/place-des-martyrs-autorites-civiles-et-militaires-se-mobilisent-pour-celebrer-le-02-octobre\/#respond"]}]},{"@type":"WebPage","@id":"https:\/\/www.leprojecteurguinee.com\/index.php\/2025\/10\/02\/place-des-martyrs-autorites-civiles-et-militaires-se-mobilisent-pour-celebrer-le-02-octobre\/","url":"https:\/\/www.leprojecteurguinee.com\/index.php\/2025\/10\/02\/place-des-martyrs-autorites-civiles-et-militaires-se-mobilisent-pour-celebrer-le-02-octobre\/","name":"Place des Martyrs: autorit\u00e9s civiles et militaires se mobilisent pour c\u00e9l\u00e9brer le 02 octobre - leprojecteurguinee","isPartOf":{"@id":"https:\/\/www.leprojecteurguinee.com\/#website"},"primaryImageOfPage":{"@id":"https:\/\/www.leprojecteurguinee.com\/index.php\/2025\/10\/02\/place-des-martyrs-autorites-civiles-et-militaires-se-mobilisent-pour-celebrer-le-02-octobre\/#primaryimage"},"image":{"@id":"https:\/\/www.leprojecteurguinee.com\/index.php\/2025\/10\/02\/place-des-martyrs-autorites-civiles-et-militaires-se-mobilisent-pour-celebrer-le-02-octobre\/#primaryimage"},"thumbnailUrl":"https:\/\/www.leprojecteurguinee.com\/wp-content\/uploads\/2025\/10\/General-Ibrahima-Sory-Bangoura.webp","datePublished":"2025-10-02T11:19:42+00:00","dateModified":"2025-10-02T11:19:58+00:00","author":{"@id":"https:\/\/www.leprojecteurguinee.com\/#\/schema\/person\/c9d1602e593b11af0b295bdf5e12a59a"},"breadcrumb":{"@id":"https:\/\/www.leprojecteurguinee.com\/index.php\/2025\/10\/02\/place-des-martyrs-autorites-civiles-et-militaires-se-mobilisent-pour-celebrer-le-02-octobre\/#breadcrumb"},"inLanguage":"fr-FR","potentialAction":[{"@type":"ReadAction","target":["https:\/\/www.leprojecteurguinee.com\/index.php\/2025\/10\/02\/place-des-martyrs-autorites-civiles-et-militaires-se-mobilisent-pour-celebrer-le-02-octobre\/"]}]},{"@type":"ImageObject","inLanguage":"fr-FR","@id":"https:\/\/www.leprojecteurguinee.com\/index.php\/2025\/10\/02\/place-des-martyrs-autorites-civiles-et-militaires-se-mobilisent-pour-celebrer-le-02-octobre\/#primaryimage","url":"https:\/\/www.leprojecteurguinee.com\/wp-content\/uploads\/2025\/10\/General-Ibrahima-Sory-Bangoura.webp","contentUrl":"https:\/\/www.leprojecteurguinee.com\/wp-content\/uploads\/2025\/10\/General-Ibrahima-Sory-Bangoura.webp","width":700,"height":375},{"@type":"BreadcrumbList","@id":"https:\/\/www.leprojecteurguinee.com\/index.php\/2025\/10\/02\/place-des-martyrs-autorites-civiles-et-militaires-se-mobilisent-pour-celebrer-le-02-octobre\/#breadcrumb","itemListElement":[{"@type":"ListItem","position":1,"name":"Accueil","item":"https:\/\/www.leprojecteurguinee.com\/"},{"@type":"ListItem","position":2,"name":"Place des Martyrs: autorit\u00e9s civiles et militaires se mobilisent pour c\u00e9l\u00e9brer le 02 octobre"}]},{"@type":"WebSite","@id":"https:\/\/www.leprojecteurguinee.com\/#website","url":"https:\/\/www.leprojecteurguinee.com\/","name":"leprojecteurguinee","description":"Nous luttons contre les pratiques obscures","potentialAction":[{"@type":"SearchAction","target":{"@type":"EntryPoint","urlTemplate":"https:\/\/www.leprojecteurguinee.com\/?s={search_term_string}"},"query-input":{"@type":"PropertyValueSpecification","valueRequired":true,"valueName":"search_term_string"}}],"inLanguage":"fr-FR"},{"@type":"Person","@id":"https:\/\/www.leprojecteurguinee.com\/#\/schema\/person\/c9d1602e593b11af0b295bdf5e12a59a","name":"www.leprojecteurguinee.com","image":{"@type":"ImageObject","inLanguage":"fr-FR","@id":"https:\/\/www.leprojecteurguinee.com\/#\/schema\/person\/image\/","url":"https:\/\/secure.gravatar.com\/avatar\/d73703fcd03dcba36d2bb23326e491935423a46800f1ebf8f61b70e62b70e55a?s=96&d=mm&r=g","contentUrl":"https:\/\/secure.gravatar.com\/avatar\/d73703fcd03dcba36d2bb23326e491935423a46800f1ebf8f61b70e62b70e55a?s=96&d=mm&r=g","caption":"www.leprojecteurguinee.com"},"description":"Administrateur G\u00e9n\u00e9ral","sameAs":["http:\/\/www.leprojeceteurguinee.com"],"url":"https:\/\/www.leprojecteurguinee.com\/index.php\/author\/fadigagn\/"}]}},"_links":{"self":[{"href":"https:\/\/www.leprojecteurguinee.com\/index.php\/wp-json\/wp\/v2\/posts\/13395","targetHints":{"allow":["GET"]}}],"collection":[{"href":"https:\/\/www.leprojecteurguinee.com\/index.php\/wp-json\/wp\/v2\/posts"}],"about":[{"href":"https:\/\/www.leprojecteurguinee.com\/index.php\/wp-json\/wp\/v2\/types\/post"}],"author":[{"embeddable":true,"href":"https:\/\/www.leprojecteurguinee.com\/index.php\/wp-json\/wp\/v2\/users\/2"}],"replies":[{"embeddable":true,"href":"https:\/\/www.leprojecteurguinee.com\/index.php\/wp-json\/wp\/v2\/comments?post=13395"}],"version-history":[{"count":0,"href":"https:\/\/www.leprojecteurguinee.com\/index.php\/wp-json\/wp\/v2\/posts\/13395\/revisions"}],"wp:featuredmedia":[{"embeddable":true,"href":"https:\/\/www.leprojecteurguinee.com\/index.php\/wp-json\/wp\/v2\/media\/13396"}],"wp:attachment":[{"href":"https:\/\/www.leprojecteurguinee.com\/index.php\/wp-json\/wp\/v2\/media?parent=13395"}],"wp:term":[{"taxonomy":"category","embeddable":true,"href":"https:\/\/www.leprojecteurguinee.com\/index.php\/wp-json\/wp\/v2\/categories?post=13395"},{"taxonomy":"post_tag","embeddable":true,"href":"https:\/\/www.leprojecteurguinee.com\/index.php\/wp-json\/wp\/v2\/tags?post=13395"}],"curies":[{"name":"wp","href":"https:\/\/api.w.org\/{rel}","templated":true}]}}