{"id":13312,"date":"2025-09-23T11:03:25","date_gmt":"2025-09-23T11:03:25","guid":{"rendered":"https:\/\/www.leprojecteurguinee.com\/?p=13312"},"modified":"2025-09-23T11:06:00","modified_gmt":"2025-09-23T11:06:00","slug":"justice-le-burkina-faso-le-mali-et-le-niger-se-retirent-de-la-cpi-communique-conjoint","status":"publish","type":"post","link":"https:\/\/www.leprojecteurguinee.com\/index.php\/2025\/09\/23\/justice-le-burkina-faso-le-mali-et-le-niger-se-retirent-de-la-cpi-communique-conjoint\/","title":{"rendered":"Justice : Le Burkina Faso, le Mali et le Niger se retirent de la CPI (Communiqu\u00e9 conjoint)"},"content":{"rendered":"<div class=\"xdj266r x14z9mp xat24cr x1lziwak x1vvkbs x126k92a\">\n<div dir=\"auto\">Le Burkina Faso, le Mali et le Niger formant la Conf\u00e9d\u00e9ration des Etats du Sahel (AES), ont annonc\u00e9 ce lundi 22 septembre 2025 \u00e0 travers un communiqu\u00e9, leur retrait de la Cour p\u00e9nale internationale avec effet imm\u00e9diat. Cette d\u00e9cision s\u2019inscrit dans la volont\u00e9 affich\u00e9e des Etats membres de l\u2019AES d\u2019affirmer pleinement leur souverainet\u00e9, ont-ils indiqu\u00e9 dans leur communiqu\u00e9 conjoint.<\/div>\n<\/div>\n<div class=\"x14z9mp xat24cr x1lziwak x1vvkbs xtlvy1s x126k92a\">\n<div dir=\"auto\"><\/div>\n<div dir=\"auto\">Les autorit\u00e9s de ces trois pays reprochent \u00e0 cette juridiction internationale de s\u2019\u00eatre transform\u00e9e, selon elles, en un instrument de r\u00e9pression n\u00e9ocolonial aux mains de l\u2019imp\u00e9rialisme, devenant ainsi l\u2019exemple mondial d\u2019une Justice s\u00e9lective.<\/div>\n<\/div>\n<div class=\"x14z9mp xat24cr x1lziwak x1vvkbs xtlvy1s x126k92a\">\n<div dir=\"auto\"><\/div>\n<div dir=\"auto\">Il estime que la CPI s\u2019est montr\u00e9e incapable de prendre en charge et de juger des crimes de guerre, des crimes contre l\u2019humanit\u00e9, des crimes de g\u00e9nocide et des crimes d\u2019agression av\u00e9r\u00e9s.<\/div>\n<\/div>\n<div class=\"x14z9mp xat24cr x1lziwak x1vvkbs xtlvy1s x126k92a\">\n<div dir=\"auto\">En lieu et place de la CPI, les Etats membres de l\u2019AES d\u00e9cident de recourir \u00e0 des m\u00e9canismes endog\u00e8nes pour la consolidation de la paix et de la Justice.<\/div>\n<\/div>\n<div class=\"x14z9mp xat24cr x1lziwak x1vvkbs xtlvy1s x126k92a\">\n<div dir=\"auto\"><\/div>\n<div dir=\"auto\">Par la m\u00eame occasion, ils r\u00e9affirment leur volont\u00e9 d\u2019assurer la promotion et la protection des droits de l\u2019Homme en ad\u00e9quation avec leurs valeurs soci\u00e9tales et de lutter contre toute forme d\u2019impunit\u00e9.<\/div>\n<\/div>\n<div class=\"x14z9mp xat24cr x1lziwak x1vvkbs xtlvy1s x126k92a\">\n<div dir=\"auto\">Le Burkina Faso, la R\u00e9publique du Mali et la R\u00e9publique du Niger ont souverainement ratifi\u00e9 le Statut de Rome de la Cour p\u00e9nale internationale (CPI) respectivement le 16 avril 2004, le 16 ao\u00fbt 2000 et le 11 avril 2002.<\/div>\n<div dir=\"auto\">\n<div class=\"x14z9mp xat24cr x1lziwak x1vvkbs xtlvy1s x126k92a\">\n<div dir=\"auto\"><strong>La copie du communiqu\u00e9 conjoint ci-dessous :<\/strong><\/div>\n<div dir=\"auto\"><\/div>\n<\/div>\n<div dir=\"auto\"><img loading=\"lazy\" decoding=\"async\" class=\"size-full wp-image-324865 aligncenter lazyloaded\" src=\"https:\/\/i0.wp.com\/mosaiqueguinee.com\/wp-content\/uploads\/2025\/09\/Com-AES-1.jpg?resize=700%2C991&amp;ssl=1\" alt=\"\" width=\"700\" height=\"991\" data-recalc-dims=\"1\" data-src=\"https:\/\/i0.wp.com\/mosaiqueguinee.com\/wp-content\/uploads\/2025\/09\/Com-AES-1.jpg?resize=700%2C991&amp;ssl=1\" data-pin-no-hover=\"true\" \/><\/div>\n<div dir=\"auto\"><img loading=\"lazy\" decoding=\"async\" class=\"size-full wp-image-324863 aligncenter lazyloaded\" src=\"https:\/\/i0.wp.com\/mosaiqueguinee.com\/wp-content\/uploads\/2025\/09\/Com-AES-2.jpg?resize=700%2C991&amp;ssl=1\" alt=\"\" width=\"700\" height=\"991\" data-recalc-dims=\"1\" data-src=\"https:\/\/i0.wp.com\/mosaiqueguinee.com\/wp-content\/uploads\/2025\/09\/Com-AES-2.jpg?resize=700%2C991&amp;ssl=1\" data-pin-no-hover=\"true\" \/><\/div>\n<div class=\"x14z9mp xat24cr x1lziwak x1vvkbs xtlvy1s x126k92a\">\n<div dir=\"auto\"><\/div>\n<div dir=\"auto\"><\/div>\n<div dir=\"auto\"><strong>S\u00e9kou Diat\u00e9ya<\/strong><\/div>\n<\/div>\n<div id=\"taboola-below-article-thumbnails\" class=\"trc_related_container tbl-feed-container render-late-effect tbl-feed-frame-DIVIDER\" data-feed-container-num=\"1\" data-feed-main-container-id=\"taboola-below-article-thumbnails\" data-parent-placement-name=\"below-article\" data-pub-lang=\"fr\">\n<div id=\"taboola-below-article-thumbnails-sca1\" class=\"trc_related_container tbl-trecs-container trc_spotlight_widget trc_elastic trc_elastic_above-the-feed-premium-card-fp-delta pad-down above-the-feed-placement\" data-card-index=\"1\" data-placement-name=\"below-article | Injected 1\"><\/div>\n<div id=\"tbl_vpl_98562\" class=\"trc_related_container tbl-trecs-container trc_spotlight_widget trc_elastic trc_elastic_organic-video-reel-dvr tbl-rr-hidden-container tbl_rr_pre_roll_hidden tbl_rr_pre_roll\" data-placement-name=\"Video Reel Above Feed\">\n<div class=\"trc_rbox_container tbl-slides-container tbl-reco-reel story-widget tbl-trecs-reco-reel tbl-reco-reel-desktop tbl-story-desktop tbl-rr-syndicated-layout tb tbl-rr-syndicated-l\">\n<div>\n<div id=\"trc_wrapper_9845973102\" class=\"trc_rbox organic-video-reel-dvr trc-content-hybrid\">\n<div id=\"outer_9845973102\" class=\"trc_rbox_outer\">\n<div id=\"rbox-t2v\" class=\"trc_rbox_div trc_rbox_border_elm\">\n<div id=\"internal_trc_9845973102\" class=\"tbl-recommendation-reel\">\n<div class=\"videoCube trc_spotlight_item origin-default textItem thumbnail_top videoCube_5_child tbl-show-item tbl-zoom-in-item\" data-item-id=\"1537575192898974911\" data-item-title=\"Le Maroc pleure, le monde, endeuill\u00e9 (Par Tibou Kamara)Le Maroc pleure, le monde, endeuill\u00e9 (Par Tibou Kamara) - Mosaiqueguinee.com\" data-item-thumb=\"https:\/\/i0.wp.com\/mosaiqueguinee.com\/wp-content\/uploads\/2021\/05\/Tibou-Kamara.jpeg?fit=700%2C400&amp;ssl=1\" data-item-syndicated=\"false\"><\/div>\n<\/div>\n<div class=\"tbl-reco-reel-progressBar-overflow-wrp tbl-story-progressBar-overflow-wrp\">\n<div class=\"tbl-reco-reel-progressBar-wrp tbl-story-progressBar-wrp\">\n<div class=\"tbl-reco-reel-progressBar tbl-story-progressBar\" data-progress-bar-index=\"0\"><\/div>\n<div class=\"tbl-reco-reel-progressBar tbl-story-progressBar\" data-progress-bar-index=\"1\"><\/div>\n<div class=\"tbl-reco-reel-progressBar tbl-story-progressBar\" data-progress-bar-index=\"3\"><\/div>\n<div class=\"tbl-reco-reel-progressBar tbl-story-progressBar tbl-progress-wrapper-anim\" data-progress-bar-index=\"4\"><\/div>\n<\/div>\n<\/div>\n<div class=\"tbl-rr-syndicated-controls\"><\/div>\n<div id=\"_cm-css-reset\" class=\"_cm-instream-vidreel-unit-container _hide _cm-tvrl-layout\">\n<div id=\"_cm-css-reset\" class=\"_cm-video-ad vpaid-player-container\"><\/div>\n<\/div>\n<\/div>\n<\/div>\n<div class=\"trc_clearer\"><\/div>\n<\/div>\n<\/div>\n<\/div>\n<\/div>\n<div id=\"taboola-below-article-thumbnails-pl1\" class=\"tbl-feed-card trc_related_container tbl-trecs-container trc_spotlight_widget trc_elastic trc_elastic_thumbs-feed-01-delta\" data-card-index=\"1\" data-placement-name=\"below-article | Card 1\">\n<div class=\"trc_rbox_container\">\n<div>\n<div id=\"trc_wrapper_8341260901\" class=\"trc_rbox thumbs-feed-01-delta trc-content-sponsored\">\n<div id=\"outer_8341260901\" class=\"trc_rbox_outer\">\n<div id=\"rbox-t2v\" class=\"trc_rbox_div trc_rbox_border_elm\">\n<div id=\"internal_trc_8341260901\">\n<div class=\"videoCube trc_spotlight_item origin-undefined textItem thumbnail_top videoCube_1_child syndicatedItem trc-first-recommendation trc-spotlight-first-recommendation trc_excludable\" data-item-id=\"~~V1~~-282992143299185490~~PHlzCNGS8vv7jWrrC0FgMCFCkqmAImFPTSormwkUDLoe79Ni-eBnd8iQ4KmvvX-QCoTT_IvWFG7RTbSa_z-XXgQGwMHFICBC7R30dEE8G5BmjonDDd61nd1A4vM4KUP260VK0jjkFUdFoP-9Fo4AaBoTeIrt5sx_ydDi9n2STzFAMnhVesYHQiOZp4ftik8_MgwkYnxT9WEVbFR9lHjUS46ROsMGkMFSoVsudHTeIrQ\" data-item-title=\"R\u00e9ductions assurance auto : astuces pour les conducteurs \u00e2g\u00e9s\" data-item-thumb=\"https:\/\/cdn.taboola.com\/libtrc\/static\/thumbnails\/1e204d222cac3108ef8b573626c6b29d\" data-item-syndicated=\"true\">\n<div class=\"thumbBlock_holder\"><\/div>\n<\/div>\n<\/div>\n<\/div>\n<\/div>\n<\/div>\n<\/div>\n<\/div>\n<\/div>\n<\/div>\n<\/div>\n<\/div>\n","protected":false},"excerpt":{"rendered":"<p>Le Burkina Faso, le Mali et le Niger formant la Conf\u00e9d\u00e9ration des Etats du Sahel (AES), ont annonc\u00e9 ce lundi 22 septembre 2025 \u00e0 travers un communiqu\u00e9, leur retrait de la Cour p\u00e9nale internationale avec effet imm\u00e9diat. Cette d\u00e9cision s\u2019inscrit dans la volont\u00e9 affich\u00e9e des Etats membres de l\u2019AES d\u2019affirmer pleinement leur souverainet\u00e9, ont-ils indiqu\u00e9 [&hellip;]<\/p>\n","protected":false},"author":2,"featured_media":13313,"comment_status":"open","ping_status":"open","sticky":false,"template":"","format":"standard","meta":{"footnotes":""},"categories":[9],"tags":[],"class_list":["post-13312","post","type-post","status-publish","format-standard","has-post-thumbnail","hentry","category-afrique"],"yoast_head":"<!-- This site is optimized with the Yoast SEO plugin v26.8 - https:\/\/yoast.com\/product\/yoast-seo-wordpress\/ -->\n<title>Justice : Le Burkina Faso, le Mali et le Niger se retirent de la CPI (Communiqu\u00e9 conjoint) - leprojecteurguinee<\/title>\n<meta name=\"robots\" content=\"index, follow, max-snippet:-1, max-image-preview:large, max-video-preview:-1\" \/>\n<link rel=\"canonical\" href=\"https:\/\/www.leprojecteurguinee.com\/index.php\/2025\/09\/23\/justice-le-burkina-faso-le-mali-et-le-niger-se-retirent-de-la-cpi-communique-conjoint\/\" \/>\n<meta property=\"og:locale\" content=\"fr_FR\" \/>\n<meta property=\"og:type\" content=\"article\" \/>\n<meta property=\"og:title\" content=\"Justice : Le Burkina Faso, le Mali et le Niger se retirent de la CPI (Communiqu\u00e9 conjoint) - leprojecteurguinee\" \/>\n<meta property=\"og:description\" content=\"Le Burkina Faso, le Mali et le Niger formant la Conf\u00e9d\u00e9ration des Etats du Sahel (AES), ont annonc\u00e9 ce lundi 22 septembre 2025 \u00e0 travers un communiqu\u00e9, leur retrait de la Cour p\u00e9nale internationale avec effet imm\u00e9diat. Cette d\u00e9cision s\u2019inscrit dans la volont\u00e9 affich\u00e9e des Etats membres de l\u2019AES d\u2019affirmer pleinement leur souverainet\u00e9, ont-ils indiqu\u00e9 [&hellip;]\" \/>\n<meta property=\"og:url\" content=\"https:\/\/www.leprojecteurguinee.com\/index.php\/2025\/09\/23\/justice-le-burkina-faso-le-mali-et-le-niger-se-retirent-de-la-cpi-communique-conjoint\/\" \/>\n<meta property=\"og:site_name\" content=\"leprojecteurguinee\" \/>\n<meta property=\"article:published_time\" content=\"2025-09-23T11:03:25+00:00\" \/>\n<meta property=\"article:modified_time\" content=\"2025-09-23T11:06:00+00:00\" \/>\n<meta property=\"og:image\" content=\"https:\/\/www.leprojecteurguinee.com\/wp-content\/uploads\/2025\/09\/Chefs-detats-AES-Burkina-Niger-Mali.webp\" \/>\n\t<meta property=\"og:image:width\" content=\"700\" \/>\n\t<meta property=\"og:image:height\" content=\"375\" \/>\n\t<meta property=\"og:image:type\" content=\"image\/webp\" \/>\n<meta name=\"author\" content=\"www.leprojecteurguinee.com\" \/>\n<meta name=\"twitter:card\" content=\"summary_large_image\" \/>\n<meta name=\"twitter:label1\" content=\"\u00c9crit par\" \/>\n\t<meta name=\"twitter:data1\" content=\"www.leprojecteurguinee.com\" \/>\n\t<meta name=\"twitter:label2\" content=\"Dur\u00e9e de lecture estim\u00e9e\" \/>\n\t<meta name=\"twitter:data2\" content=\"2 minutes\" \/>\n<script type=\"application\/ld+json\" class=\"yoast-schema-graph\">{\"@context\":\"https:\/\/schema.org\",\"@graph\":[{\"@type\":\"Article\",\"@id\":\"https:\/\/www.leprojecteurguinee.com\/index.php\/2025\/09\/23\/justice-le-burkina-faso-le-mali-et-le-niger-se-retirent-de-la-cpi-communique-conjoint\/#article\",\"isPartOf\":{\"@id\":\"https:\/\/www.leprojecteurguinee.com\/index.php\/2025\/09\/23\/justice-le-burkina-faso-le-mali-et-le-niger-se-retirent-de-la-cpi-communique-conjoint\/\"},\"author\":{\"name\":\"www.leprojecteurguinee.com\",\"@id\":\"https:\/\/www.leprojecteurguinee.com\/#\/schema\/person\/c9d1602e593b11af0b295bdf5e12a59a\"},\"headline\":\"Justice : Le Burkina Faso, le Mali et le Niger se retirent de la CPI (Communiqu\u00e9 conjoint)\",\"datePublished\":\"2025-09-23T11:03:25+00:00\",\"dateModified\":\"2025-09-23T11:06:00+00:00\",\"mainEntityOfPage\":{\"@id\":\"https:\/\/www.leprojecteurguinee.com\/index.php\/2025\/09\/23\/justice-le-burkina-faso-le-mali-et-le-niger-se-retirent-de-la-cpi-communique-conjoint\/\"},\"wordCount\":279,\"commentCount\":0,\"image\":{\"@id\":\"https:\/\/www.leprojecteurguinee.com\/index.php\/2025\/09\/23\/justice-le-burkina-faso-le-mali-et-le-niger-se-retirent-de-la-cpi-communique-conjoint\/#primaryimage\"},\"thumbnailUrl\":\"https:\/\/www.leprojecteurguinee.com\/wp-content\/uploads\/2025\/09\/Chefs-detats-AES-Burkina-Niger-Mali.webp\",\"articleSection\":[\"Afrique\"],\"inLanguage\":\"fr-FR\",\"potentialAction\":[{\"@type\":\"CommentAction\",\"name\":\"Comment\",\"target\":[\"https:\/\/www.leprojecteurguinee.com\/index.php\/2025\/09\/23\/justice-le-burkina-faso-le-mali-et-le-niger-se-retirent-de-la-cpi-communique-conjoint\/#respond\"]}]},{\"@type\":\"WebPage\",\"@id\":\"https:\/\/www.leprojecteurguinee.com\/index.php\/2025\/09\/23\/justice-le-burkina-faso-le-mali-et-le-niger-se-retirent-de-la-cpi-communique-conjoint\/\",\"url\":\"https:\/\/www.leprojecteurguinee.com\/index.php\/2025\/09\/23\/justice-le-burkina-faso-le-mali-et-le-niger-se-retirent-de-la-cpi-communique-conjoint\/\",\"name\":\"Justice : Le Burkina Faso, le Mali et le Niger se retirent de la CPI (Communiqu\u00e9 conjoint) - leprojecteurguinee\",\"isPartOf\":{\"@id\":\"https:\/\/www.leprojecteurguinee.com\/#website\"},\"primaryImageOfPage\":{\"@id\":\"https:\/\/www.leprojecteurguinee.com\/index.php\/2025\/09\/23\/justice-le-burkina-faso-le-mali-et-le-niger-se-retirent-de-la-cpi-communique-conjoint\/#primaryimage\"},\"image\":{\"@id\":\"https:\/\/www.leprojecteurguinee.com\/index.php\/2025\/09\/23\/justice-le-burkina-faso-le-mali-et-le-niger-se-retirent-de-la-cpi-communique-conjoint\/#primaryimage\"},\"thumbnailUrl\":\"https:\/\/www.leprojecteurguinee.com\/wp-content\/uploads\/2025\/09\/Chefs-detats-AES-Burkina-Niger-Mali.webp\",\"datePublished\":\"2025-09-23T11:03:25+00:00\",\"dateModified\":\"2025-09-23T11:06:00+00:00\",\"author\":{\"@id\":\"https:\/\/www.leprojecteurguinee.com\/#\/schema\/person\/c9d1602e593b11af0b295bdf5e12a59a\"},\"breadcrumb\":{\"@id\":\"https:\/\/www.leprojecteurguinee.com\/index.php\/2025\/09\/23\/justice-le-burkina-faso-le-mali-et-le-niger-se-retirent-de-la-cpi-communique-conjoint\/#breadcrumb\"},\"inLanguage\":\"fr-FR\",\"potentialAction\":[{\"@type\":\"ReadAction\",\"target\":[\"https:\/\/www.leprojecteurguinee.com\/index.php\/2025\/09\/23\/justice-le-burkina-faso-le-mali-et-le-niger-se-retirent-de-la-cpi-communique-conjoint\/\"]}]},{\"@type\":\"ImageObject\",\"inLanguage\":\"fr-FR\",\"@id\":\"https:\/\/www.leprojecteurguinee.com\/index.php\/2025\/09\/23\/justice-le-burkina-faso-le-mali-et-le-niger-se-retirent-de-la-cpi-communique-conjoint\/#primaryimage\",\"url\":\"https:\/\/www.leprojecteurguinee.com\/wp-content\/uploads\/2025\/09\/Chefs-detats-AES-Burkina-Niger-Mali.webp\",\"contentUrl\":\"https:\/\/www.leprojecteurguinee.com\/wp-content\/uploads\/2025\/09\/Chefs-detats-AES-Burkina-Niger-Mali.webp\",\"width\":700,\"height\":375},{\"@type\":\"BreadcrumbList\",\"@id\":\"https:\/\/www.leprojecteurguinee.com\/index.php\/2025\/09\/23\/justice-le-burkina-faso-le-mali-et-le-niger-se-retirent-de-la-cpi-communique-conjoint\/#breadcrumb\",\"itemListElement\":[{\"@type\":\"ListItem\",\"position\":1,\"name\":\"Accueil\",\"item\":\"https:\/\/www.leprojecteurguinee.com\/\"},{\"@type\":\"ListItem\",\"position\":2,\"name\":\"Justice : Le Burkina Faso, le Mali et le Niger se retirent de la CPI (Communiqu\u00e9 conjoint)\"}]},{\"@type\":\"WebSite\",\"@id\":\"https:\/\/www.leprojecteurguinee.com\/#website\",\"url\":\"https:\/\/www.leprojecteurguinee.com\/\",\"name\":\"leprojecteurguinee\",\"description\":\"Nous luttons contre les pratiques obscures\",\"potentialAction\":[{\"@type\":\"SearchAction\",\"target\":{\"@type\":\"EntryPoint\",\"urlTemplate\":\"https:\/\/www.leprojecteurguinee.com\/?s={search_term_string}\"},\"query-input\":{\"@type\":\"PropertyValueSpecification\",\"valueRequired\":true,\"valueName\":\"search_term_string\"}}],\"inLanguage\":\"fr-FR\"},{\"@type\":\"Person\",\"@id\":\"https:\/\/www.leprojecteurguinee.com\/#\/schema\/person\/c9d1602e593b11af0b295bdf5e12a59a\",\"name\":\"www.leprojecteurguinee.com\",\"image\":{\"@type\":\"ImageObject\",\"inLanguage\":\"fr-FR\",\"@id\":\"https:\/\/www.leprojecteurguinee.com\/#\/schema\/person\/image\/\",\"url\":\"https:\/\/secure.gravatar.com\/avatar\/d73703fcd03dcba36d2bb23326e491935423a46800f1ebf8f61b70e62b70e55a?s=96&d=mm&r=g\",\"contentUrl\":\"https:\/\/secure.gravatar.com\/avatar\/d73703fcd03dcba36d2bb23326e491935423a46800f1ebf8f61b70e62b70e55a?s=96&d=mm&r=g\",\"caption\":\"www.leprojecteurguinee.com\"},\"description\":\"Administrateur G\u00e9n\u00e9ral\",\"sameAs\":[\"http:\/\/www.leprojeceteurguinee.com\"],\"url\":\"https:\/\/www.leprojecteurguinee.com\/index.php\/author\/fadigagn\/\"}]}<\/script>\n<!-- \/ Yoast SEO plugin. -->","yoast_head_json":{"title":"Justice : Le Burkina Faso, le Mali et le Niger se retirent de la CPI (Communiqu\u00e9 conjoint) - leprojecteurguinee","robots":{"index":"index","follow":"follow","max-snippet":"max-snippet:-1","max-image-preview":"max-image-preview:large","max-video-preview":"max-video-preview:-1"},"canonical":"https:\/\/www.leprojecteurguinee.com\/index.php\/2025\/09\/23\/justice-le-burkina-faso-le-mali-et-le-niger-se-retirent-de-la-cpi-communique-conjoint\/","og_locale":"fr_FR","og_type":"article","og_title":"Justice : Le Burkina Faso, le Mali et le Niger se retirent de la CPI (Communiqu\u00e9 conjoint) - leprojecteurguinee","og_description":"Le Burkina Faso, le Mali et le Niger formant la Conf\u00e9d\u00e9ration des Etats du Sahel (AES), ont annonc\u00e9 ce lundi 22 septembre 2025 \u00e0 travers un communiqu\u00e9, leur retrait de la Cour p\u00e9nale internationale avec effet imm\u00e9diat. Cette d\u00e9cision s\u2019inscrit dans la volont\u00e9 affich\u00e9e des Etats membres de l\u2019AES d\u2019affirmer pleinement leur souverainet\u00e9, ont-ils indiqu\u00e9 [&hellip;]","og_url":"https:\/\/www.leprojecteurguinee.com\/index.php\/2025\/09\/23\/justice-le-burkina-faso-le-mali-et-le-niger-se-retirent-de-la-cpi-communique-conjoint\/","og_site_name":"leprojecteurguinee","article_published_time":"2025-09-23T11:03:25+00:00","article_modified_time":"2025-09-23T11:06:00+00:00","og_image":[{"width":700,"height":375,"url":"https:\/\/www.leprojecteurguinee.com\/wp-content\/uploads\/2025\/09\/Chefs-detats-AES-Burkina-Niger-Mali.webp","type":"image\/webp"}],"author":"www.leprojecteurguinee.com","twitter_card":"summary_large_image","twitter_misc":{"\u00c9crit par":"www.leprojecteurguinee.com","Dur\u00e9e de lecture estim\u00e9e":"2 minutes"},"schema":{"@context":"https:\/\/schema.org","@graph":[{"@type":"Article","@id":"https:\/\/www.leprojecteurguinee.com\/index.php\/2025\/09\/23\/justice-le-burkina-faso-le-mali-et-le-niger-se-retirent-de-la-cpi-communique-conjoint\/#article","isPartOf":{"@id":"https:\/\/www.leprojecteurguinee.com\/index.php\/2025\/09\/23\/justice-le-burkina-faso-le-mali-et-le-niger-se-retirent-de-la-cpi-communique-conjoint\/"},"author":{"name":"www.leprojecteurguinee.com","@id":"https:\/\/www.leprojecteurguinee.com\/#\/schema\/person\/c9d1602e593b11af0b295bdf5e12a59a"},"headline":"Justice : Le Burkina Faso, le Mali et le Niger se retirent de la CPI (Communiqu\u00e9 conjoint)","datePublished":"2025-09-23T11:03:25+00:00","dateModified":"2025-09-23T11:06:00+00:00","mainEntityOfPage":{"@id":"https:\/\/www.leprojecteurguinee.com\/index.php\/2025\/09\/23\/justice-le-burkina-faso-le-mali-et-le-niger-se-retirent-de-la-cpi-communique-conjoint\/"},"wordCount":279,"commentCount":0,"image":{"@id":"https:\/\/www.leprojecteurguinee.com\/index.php\/2025\/09\/23\/justice-le-burkina-faso-le-mali-et-le-niger-se-retirent-de-la-cpi-communique-conjoint\/#primaryimage"},"thumbnailUrl":"https:\/\/www.leprojecteurguinee.com\/wp-content\/uploads\/2025\/09\/Chefs-detats-AES-Burkina-Niger-Mali.webp","articleSection":["Afrique"],"inLanguage":"fr-FR","potentialAction":[{"@type":"CommentAction","name":"Comment","target":["https:\/\/www.leprojecteurguinee.com\/index.php\/2025\/09\/23\/justice-le-burkina-faso-le-mali-et-le-niger-se-retirent-de-la-cpi-communique-conjoint\/#respond"]}]},{"@type":"WebPage","@id":"https:\/\/www.leprojecteurguinee.com\/index.php\/2025\/09\/23\/justice-le-burkina-faso-le-mali-et-le-niger-se-retirent-de-la-cpi-communique-conjoint\/","url":"https:\/\/www.leprojecteurguinee.com\/index.php\/2025\/09\/23\/justice-le-burkina-faso-le-mali-et-le-niger-se-retirent-de-la-cpi-communique-conjoint\/","name":"Justice : Le Burkina Faso, le Mali et le Niger se retirent de la CPI (Communiqu\u00e9 conjoint) - leprojecteurguinee","isPartOf":{"@id":"https:\/\/www.leprojecteurguinee.com\/#website"},"primaryImageOfPage":{"@id":"https:\/\/www.leprojecteurguinee.com\/index.php\/2025\/09\/23\/justice-le-burkina-faso-le-mali-et-le-niger-se-retirent-de-la-cpi-communique-conjoint\/#primaryimage"},"image":{"@id":"https:\/\/www.leprojecteurguinee.com\/index.php\/2025\/09\/23\/justice-le-burkina-faso-le-mali-et-le-niger-se-retirent-de-la-cpi-communique-conjoint\/#primaryimage"},"thumbnailUrl":"https:\/\/www.leprojecteurguinee.com\/wp-content\/uploads\/2025\/09\/Chefs-detats-AES-Burkina-Niger-Mali.webp","datePublished":"2025-09-23T11:03:25+00:00","dateModified":"2025-09-23T11:06:00+00:00","author":{"@id":"https:\/\/www.leprojecteurguinee.com\/#\/schema\/person\/c9d1602e593b11af0b295bdf5e12a59a"},"breadcrumb":{"@id":"https:\/\/www.leprojecteurguinee.com\/index.php\/2025\/09\/23\/justice-le-burkina-faso-le-mali-et-le-niger-se-retirent-de-la-cpi-communique-conjoint\/#breadcrumb"},"inLanguage":"fr-FR","potentialAction":[{"@type":"ReadAction","target":["https:\/\/www.leprojecteurguinee.com\/index.php\/2025\/09\/23\/justice-le-burkina-faso-le-mali-et-le-niger-se-retirent-de-la-cpi-communique-conjoint\/"]}]},{"@type":"ImageObject","inLanguage":"fr-FR","@id":"https:\/\/www.leprojecteurguinee.com\/index.php\/2025\/09\/23\/justice-le-burkina-faso-le-mali-et-le-niger-se-retirent-de-la-cpi-communique-conjoint\/#primaryimage","url":"https:\/\/www.leprojecteurguinee.com\/wp-content\/uploads\/2025\/09\/Chefs-detats-AES-Burkina-Niger-Mali.webp","contentUrl":"https:\/\/www.leprojecteurguinee.com\/wp-content\/uploads\/2025\/09\/Chefs-detats-AES-Burkina-Niger-Mali.webp","width":700,"height":375},{"@type":"BreadcrumbList","@id":"https:\/\/www.leprojecteurguinee.com\/index.php\/2025\/09\/23\/justice-le-burkina-faso-le-mali-et-le-niger-se-retirent-de-la-cpi-communique-conjoint\/#breadcrumb","itemListElement":[{"@type":"ListItem","position":1,"name":"Accueil","item":"https:\/\/www.leprojecteurguinee.com\/"},{"@type":"ListItem","position":2,"name":"Justice : Le Burkina Faso, le Mali et le Niger se retirent de la CPI (Communiqu\u00e9 conjoint)"}]},{"@type":"WebSite","@id":"https:\/\/www.leprojecteurguinee.com\/#website","url":"https:\/\/www.leprojecteurguinee.com\/","name":"leprojecteurguinee","description":"Nous luttons contre les pratiques obscures","potentialAction":[{"@type":"SearchAction","target":{"@type":"EntryPoint","urlTemplate":"https:\/\/www.leprojecteurguinee.com\/?s={search_term_string}"},"query-input":{"@type":"PropertyValueSpecification","valueRequired":true,"valueName":"search_term_string"}}],"inLanguage":"fr-FR"},{"@type":"Person","@id":"https:\/\/www.leprojecteurguinee.com\/#\/schema\/person\/c9d1602e593b11af0b295bdf5e12a59a","name":"www.leprojecteurguinee.com","image":{"@type":"ImageObject","inLanguage":"fr-FR","@id":"https:\/\/www.leprojecteurguinee.com\/#\/schema\/person\/image\/","url":"https:\/\/secure.gravatar.com\/avatar\/d73703fcd03dcba36d2bb23326e491935423a46800f1ebf8f61b70e62b70e55a?s=96&d=mm&r=g","contentUrl":"https:\/\/secure.gravatar.com\/avatar\/d73703fcd03dcba36d2bb23326e491935423a46800f1ebf8f61b70e62b70e55a?s=96&d=mm&r=g","caption":"www.leprojecteurguinee.com"},"description":"Administrateur G\u00e9n\u00e9ral","sameAs":["http:\/\/www.leprojeceteurguinee.com"],"url":"https:\/\/www.leprojecteurguinee.com\/index.php\/author\/fadigagn\/"}]}},"_links":{"self":[{"href":"https:\/\/www.leprojecteurguinee.com\/index.php\/wp-json\/wp\/v2\/posts\/13312","targetHints":{"allow":["GET"]}}],"collection":[{"href":"https:\/\/www.leprojecteurguinee.com\/index.php\/wp-json\/wp\/v2\/posts"}],"about":[{"href":"https:\/\/www.leprojecteurguinee.com\/index.php\/wp-json\/wp\/v2\/types\/post"}],"author":[{"embeddable":true,"href":"https:\/\/www.leprojecteurguinee.com\/index.php\/wp-json\/wp\/v2\/users\/2"}],"replies":[{"embeddable":true,"href":"https:\/\/www.leprojecteurguinee.com\/index.php\/wp-json\/wp\/v2\/comments?post=13312"}],"version-history":[{"count":0,"href":"https:\/\/www.leprojecteurguinee.com\/index.php\/wp-json\/wp\/v2\/posts\/13312\/revisions"}],"wp:featuredmedia":[{"embeddable":true,"href":"https:\/\/www.leprojecteurguinee.com\/index.php\/wp-json\/wp\/v2\/media\/13313"}],"wp:attachment":[{"href":"https:\/\/www.leprojecteurguinee.com\/index.php\/wp-json\/wp\/v2\/media?parent=13312"}],"wp:term":[{"taxonomy":"category","embeddable":true,"href":"https:\/\/www.leprojecteurguinee.com\/index.php\/wp-json\/wp\/v2\/categories?post=13312"},{"taxonomy":"post_tag","embeddable":true,"href":"https:\/\/www.leprojecteurguinee.com\/index.php\/wp-json\/wp\/v2\/tags?post=13312"}],"curies":[{"name":"wp","href":"https:\/\/api.w.org\/{rel}","templated":true}]}}