{"id":13258,"date":"2025-09-03T17:25:46","date_gmt":"2025-09-03T17:25:46","guid":{"rendered":"https:\/\/www.leprojecteurguinee.com\/?p=13258"},"modified":"2025-09-03T17:26:13","modified_gmt":"2025-09-03T17:26:13","slug":"cellou-dalein-ce-nest-pas-exclu-que-les-partis-les-plus-representatifs-soient-dissous","status":"publish","type":"post","link":"https:\/\/www.leprojecteurguinee.com\/index.php\/2025\/09\/03\/cellou-dalein-ce-nest-pas-exclu-que-les-partis-les-plus-representatifs-soient-dissous\/","title":{"rendered":"Cellou Dalein : \u00ab Ce n\u2019est pas exclu que les partis les plus repr\u00e9sentatifs soient dissous \u00bb"},"content":{"rendered":"<p>R\u00e9cemment, \u00e0 travers une d\u00e9cision, le minist\u00e8re de l\u2019Administration du territoire et de la D\u00e9centralisation a suspendu pour trois mois deux principaux partis politiques du pays. Il s\u2019agit de l\u2019UFDG de l\u2019ancien Premier ministre Cellou Dalein Diallo et du RPG de l\u2019ancien Pr\u00e9sident Alpha Cond\u00e9.<\/p>\n<p>R\u00e9agissant \u00e0 ce sujet, ce mercredi 3 septembre 2025 chez nos confr\u00e8res de France 24, Cellou Dalein Diallo a estim\u00e9 que cette d\u00e9cision de suspension est l\u2019aboutissement d\u2019un plan machiav\u00e9lique bien \u00e9tabli. Selon lui, ce n\u2019est pas exclu que les principaux partis politiques soient dissous, d\u2019autant plus qu\u2019ils subissent un acharnement de la part du pouvoir de Conakry.<\/p>\n<p><em>\u00ab Il ne faut pas exclure que les principaux partis politiques soient dissous, parce que les partis repr\u00e9sentatifs, ils n\u2019en veulent pas. Surtout lorsque ces partis sont oppos\u00e9s \u00e0 cette confiscation du pouvoir par Doumbouya. Ils connaissent parfaitement la capacit\u00e9 de mobilisation de l\u2019UFDG, ils connaissent parfaitement le poids \u00e9lectoral de l\u2019UFDG. Donc, d\u00e8s le d\u00e9part, d\u00e8s que la d\u00e9cision de confisquer le pouvoir a \u00e9t\u00e9 prise, on a envisag\u00e9 par quel moyen exclure l\u2019UFDG et les partis qui sont repr\u00e9sentatifs. Je rappelle que l\u2019UFR, l\u2019UFDG et le RPG ont engrang\u00e9 95% des suffrages de toutes les \u00e9lections organis\u00e9es depuis 2010 jusqu\u2019en 2020. Donc, ce sont des partis tr\u00e8s repr\u00e9sentatifs et ils n\u2019ont pas d\u2019argument pour justifier la commission du parjure et la confiscation du pouvoir. Parce qu\u2019il y a eu des discours qui ont \u00e9t\u00e9 d\u00e9clin\u00e9s, il y a eu une charte de la transition que Doumbouya lui-m\u00eame a jur\u00e9 de respecter et de faire respecter. Donc, pour commettre ce parjure, ils n\u2019ont pas d\u2019argument. Alors, ils ne voulaient pas qu\u2019on participe au d\u00e9bat. Il fallait suspendre ces partis repr\u00e9sentatifs qui ne l\u2019\u00e9taient pas encore et il fallait refuser de donner la parole aux repr\u00e9sentants de ces partis. Ensuite, maintenant, ce n\u2019est pas exclu que ces partis soient dissous, d\u2019autant plus que tout le monde suit le harc\u00e8lement dont l\u2019UFDG a \u00e9t\u00e9 l\u2019objet, par exemple, depuis l\u2019av\u00e8nement de la junte au pouvoir \u00bb<\/em>, a-t-il dit.<\/p>\n<p>Cellou Dalein a par ailleurs, soutenu que d\u00e8s lors que la d\u00e9cision avait \u00e9t\u00e9 prise de maintenir le G\u00e9n\u00e9ral Mamadi Doumbouya au pouvoir,<em>\u00a0\u00ab il fallait exclure ceux qui sont susceptibles de gagner les \u00e9lections \u00bb.<\/em><\/p>\n<p>Ce plan a commenc\u00e9, a-t-il pr\u00e9cis\u00e9, par l\u2019envoi en exil de ces acteurs.<\/p>\n<p><em>\u00ab Naturellement, moi je fais partie de ceux-l\u00e0. D\u2019abord, on a d\u00e9clench\u00e9 des poursuites fantaisistes contre moi, mais aussi on a refus\u00e9 syst\u00e9matiquement que je sois enr\u00f4l\u00e9 dans le fichier. \u00c0 Abidjan, j\u2019ai \u00e9t\u00e9 dans deux bureaux, on a dit que les instructions avaient \u00e9t\u00e9 donn\u00e9es et qu\u2019elles \u00e9taient fermes, que je ne devais pas \u00eatre enr\u00f4l\u00e9. Il n\u2019y avait aucun motif. J\u2019avais tous les documents requis pour \u00eatre enr\u00f4l\u00e9 \u00bb,<\/em>\u00a0a-t-il regrett\u00e9.<\/p>\n<p><strong>Mosaiqueguinee.com<\/strong><\/p>\n","protected":false},"excerpt":{"rendered":"<p>R\u00e9cemment, \u00e0 travers une d\u00e9cision, le minist\u00e8re de l\u2019Administration du territoire et de la D\u00e9centralisation a suspendu pour trois mois deux principaux partis politiques du pays. Il s\u2019agit de l\u2019UFDG de l\u2019ancien Premier ministre Cellou Dalein Diallo et du RPG de l\u2019ancien Pr\u00e9sident Alpha Cond\u00e9. R\u00e9agissant \u00e0 ce sujet, ce mercredi 3 septembre 2025 chez [&hellip;]<\/p>\n","protected":false},"author":2,"featured_media":13259,"comment_status":"open","ping_status":"open","sticky":false,"template":"","format":"standard","meta":{"footnotes":""},"categories":[80],"tags":[],"class_list":["post-13258","post","type-post","status-publish","format-standard","has-post-thumbnail","hentry","category-politique"],"yoast_head":"<!-- This site is optimized with the Yoast SEO plugin v26.8 - https:\/\/yoast.com\/product\/yoast-seo-wordpress\/ -->\n<title>Cellou Dalein : \u00ab Ce n\u2019est pas exclu que les partis les plus repr\u00e9sentatifs soient dissous \u00bb - leprojecteurguinee<\/title>\n<meta name=\"robots\" content=\"index, follow, max-snippet:-1, max-image-preview:large, max-video-preview:-1\" \/>\n<link rel=\"canonical\" href=\"https:\/\/www.leprojecteurguinee.com\/index.php\/2025\/09\/03\/cellou-dalein-ce-nest-pas-exclu-que-les-partis-les-plus-representatifs-soient-dissous\/\" \/>\n<meta property=\"og:locale\" content=\"fr_FR\" \/>\n<meta property=\"og:type\" content=\"article\" \/>\n<meta property=\"og:title\" content=\"Cellou Dalein : \u00ab Ce n\u2019est pas exclu que les partis les plus repr\u00e9sentatifs soient dissous \u00bb - leprojecteurguinee\" \/>\n<meta property=\"og:description\" content=\"R\u00e9cemment, \u00e0 travers une d\u00e9cision, le minist\u00e8re de l\u2019Administration du territoire et de la D\u00e9centralisation a suspendu pour trois mois deux principaux partis politiques du pays. Il s\u2019agit de l\u2019UFDG de l\u2019ancien Premier ministre Cellou Dalein Diallo et du RPG de l\u2019ancien Pr\u00e9sident Alpha Cond\u00e9. R\u00e9agissant \u00e0 ce sujet, ce mercredi 3 septembre 2025 chez [&hellip;]\" \/>\n<meta property=\"og:url\" content=\"https:\/\/www.leprojecteurguinee.com\/index.php\/2025\/09\/03\/cellou-dalein-ce-nest-pas-exclu-que-les-partis-les-plus-representatifs-soient-dissous\/\" \/>\n<meta property=\"og:site_name\" content=\"leprojecteurguinee\" \/>\n<meta property=\"article:published_time\" content=\"2025-09-03T17:25:46+00:00\" \/>\n<meta property=\"article:modified_time\" content=\"2025-09-03T17:26:13+00:00\" \/>\n<meta property=\"og:image\" content=\"https:\/\/www.leprojecteurguinee.com\/wp-content\/uploads\/2025\/09\/CELLOU-DALEIN.webp\" \/>\n\t<meta property=\"og:image:width\" content=\"675\" \/>\n\t<meta property=\"og:image:height\" content=\"375\" \/>\n\t<meta property=\"og:image:type\" content=\"image\/webp\" \/>\n<meta name=\"author\" content=\"www.leprojecteurguinee.com\" \/>\n<meta name=\"twitter:card\" content=\"summary_large_image\" \/>\n<meta name=\"twitter:label1\" content=\"\u00c9crit par\" \/>\n\t<meta name=\"twitter:data1\" content=\"www.leprojecteurguinee.com\" \/>\n\t<meta name=\"twitter:label2\" content=\"Dur\u00e9e de lecture estim\u00e9e\" \/>\n\t<meta name=\"twitter:data2\" content=\"3 minutes\" \/>\n<script type=\"application\/ld+json\" class=\"yoast-schema-graph\">{\"@context\":\"https:\/\/schema.org\",\"@graph\":[{\"@type\":\"Article\",\"@id\":\"https:\/\/www.leprojecteurguinee.com\/index.php\/2025\/09\/03\/cellou-dalein-ce-nest-pas-exclu-que-les-partis-les-plus-representatifs-soient-dissous\/#article\",\"isPartOf\":{\"@id\":\"https:\/\/www.leprojecteurguinee.com\/index.php\/2025\/09\/03\/cellou-dalein-ce-nest-pas-exclu-que-les-partis-les-plus-representatifs-soient-dissous\/\"},\"author\":{\"name\":\"www.leprojecteurguinee.com\",\"@id\":\"https:\/\/www.leprojecteurguinee.com\/#\/schema\/person\/c9d1602e593b11af0b295bdf5e12a59a\"},\"headline\":\"Cellou Dalein : \u00ab Ce n\u2019est pas exclu que les partis les plus repr\u00e9sentatifs soient dissous \u00bb\",\"datePublished\":\"2025-09-03T17:25:46+00:00\",\"dateModified\":\"2025-09-03T17:26:13+00:00\",\"mainEntityOfPage\":{\"@id\":\"https:\/\/www.leprojecteurguinee.com\/index.php\/2025\/09\/03\/cellou-dalein-ce-nest-pas-exclu-que-les-partis-les-plus-representatifs-soient-dissous\/\"},\"wordCount\":536,\"commentCount\":0,\"image\":{\"@id\":\"https:\/\/www.leprojecteurguinee.com\/index.php\/2025\/09\/03\/cellou-dalein-ce-nest-pas-exclu-que-les-partis-les-plus-representatifs-soient-dissous\/#primaryimage\"},\"thumbnailUrl\":\"https:\/\/www.leprojecteurguinee.com\/wp-content\/uploads\/2025\/09\/CELLOU-DALEIN.webp\",\"articleSection\":[\"Politique\"],\"inLanguage\":\"fr-FR\",\"potentialAction\":[{\"@type\":\"CommentAction\",\"name\":\"Comment\",\"target\":[\"https:\/\/www.leprojecteurguinee.com\/index.php\/2025\/09\/03\/cellou-dalein-ce-nest-pas-exclu-que-les-partis-les-plus-representatifs-soient-dissous\/#respond\"]}]},{\"@type\":\"WebPage\",\"@id\":\"https:\/\/www.leprojecteurguinee.com\/index.php\/2025\/09\/03\/cellou-dalein-ce-nest-pas-exclu-que-les-partis-les-plus-representatifs-soient-dissous\/\",\"url\":\"https:\/\/www.leprojecteurguinee.com\/index.php\/2025\/09\/03\/cellou-dalein-ce-nest-pas-exclu-que-les-partis-les-plus-representatifs-soient-dissous\/\",\"name\":\"Cellou Dalein : \u00ab Ce n\u2019est pas exclu que les partis les plus repr\u00e9sentatifs soient dissous \u00bb - leprojecteurguinee\",\"isPartOf\":{\"@id\":\"https:\/\/www.leprojecteurguinee.com\/#website\"},\"primaryImageOfPage\":{\"@id\":\"https:\/\/www.leprojecteurguinee.com\/index.php\/2025\/09\/03\/cellou-dalein-ce-nest-pas-exclu-que-les-partis-les-plus-representatifs-soient-dissous\/#primaryimage\"},\"image\":{\"@id\":\"https:\/\/www.leprojecteurguinee.com\/index.php\/2025\/09\/03\/cellou-dalein-ce-nest-pas-exclu-que-les-partis-les-plus-representatifs-soient-dissous\/#primaryimage\"},\"thumbnailUrl\":\"https:\/\/www.leprojecteurguinee.com\/wp-content\/uploads\/2025\/09\/CELLOU-DALEIN.webp\",\"datePublished\":\"2025-09-03T17:25:46+00:00\",\"dateModified\":\"2025-09-03T17:26:13+00:00\",\"author\":{\"@id\":\"https:\/\/www.leprojecteurguinee.com\/#\/schema\/person\/c9d1602e593b11af0b295bdf5e12a59a\"},\"breadcrumb\":{\"@id\":\"https:\/\/www.leprojecteurguinee.com\/index.php\/2025\/09\/03\/cellou-dalein-ce-nest-pas-exclu-que-les-partis-les-plus-representatifs-soient-dissous\/#breadcrumb\"},\"inLanguage\":\"fr-FR\",\"potentialAction\":[{\"@type\":\"ReadAction\",\"target\":[\"https:\/\/www.leprojecteurguinee.com\/index.php\/2025\/09\/03\/cellou-dalein-ce-nest-pas-exclu-que-les-partis-les-plus-representatifs-soient-dissous\/\"]}]},{\"@type\":\"ImageObject\",\"inLanguage\":\"fr-FR\",\"@id\":\"https:\/\/www.leprojecteurguinee.com\/index.php\/2025\/09\/03\/cellou-dalein-ce-nest-pas-exclu-que-les-partis-les-plus-representatifs-soient-dissous\/#primaryimage\",\"url\":\"https:\/\/www.leprojecteurguinee.com\/wp-content\/uploads\/2025\/09\/CELLOU-DALEIN.webp\",\"contentUrl\":\"https:\/\/www.leprojecteurguinee.com\/wp-content\/uploads\/2025\/09\/CELLOU-DALEIN.webp\",\"width\":675,\"height\":375},{\"@type\":\"BreadcrumbList\",\"@id\":\"https:\/\/www.leprojecteurguinee.com\/index.php\/2025\/09\/03\/cellou-dalein-ce-nest-pas-exclu-que-les-partis-les-plus-representatifs-soient-dissous\/#breadcrumb\",\"itemListElement\":[{\"@type\":\"ListItem\",\"position\":1,\"name\":\"Accueil\",\"item\":\"https:\/\/www.leprojecteurguinee.com\/\"},{\"@type\":\"ListItem\",\"position\":2,\"name\":\"Cellou Dalein : \u00ab Ce n\u2019est pas exclu que les partis les plus repr\u00e9sentatifs soient dissous \u00bb\"}]},{\"@type\":\"WebSite\",\"@id\":\"https:\/\/www.leprojecteurguinee.com\/#website\",\"url\":\"https:\/\/www.leprojecteurguinee.com\/\",\"name\":\"leprojecteurguinee\",\"description\":\"Nous luttons contre les pratiques obscures\",\"potentialAction\":[{\"@type\":\"SearchAction\",\"target\":{\"@type\":\"EntryPoint\",\"urlTemplate\":\"https:\/\/www.leprojecteurguinee.com\/?s={search_term_string}\"},\"query-input\":{\"@type\":\"PropertyValueSpecification\",\"valueRequired\":true,\"valueName\":\"search_term_string\"}}],\"inLanguage\":\"fr-FR\"},{\"@type\":\"Person\",\"@id\":\"https:\/\/www.leprojecteurguinee.com\/#\/schema\/person\/c9d1602e593b11af0b295bdf5e12a59a\",\"name\":\"www.leprojecteurguinee.com\",\"image\":{\"@type\":\"ImageObject\",\"inLanguage\":\"fr-FR\",\"@id\":\"https:\/\/www.leprojecteurguinee.com\/#\/schema\/person\/image\/\",\"url\":\"https:\/\/secure.gravatar.com\/avatar\/d73703fcd03dcba36d2bb23326e491935423a46800f1ebf8f61b70e62b70e55a?s=96&d=mm&r=g\",\"contentUrl\":\"https:\/\/secure.gravatar.com\/avatar\/d73703fcd03dcba36d2bb23326e491935423a46800f1ebf8f61b70e62b70e55a?s=96&d=mm&r=g\",\"caption\":\"www.leprojecteurguinee.com\"},\"description\":\"Administrateur G\u00e9n\u00e9ral\",\"sameAs\":[\"http:\/\/www.leprojeceteurguinee.com\"],\"url\":\"https:\/\/www.leprojecteurguinee.com\/index.php\/author\/fadigagn\/\"}]}<\/script>\n<!-- \/ Yoast SEO plugin. -->","yoast_head_json":{"title":"Cellou Dalein : \u00ab Ce n\u2019est pas exclu que les partis les plus repr\u00e9sentatifs soient dissous \u00bb - leprojecteurguinee","robots":{"index":"index","follow":"follow","max-snippet":"max-snippet:-1","max-image-preview":"max-image-preview:large","max-video-preview":"max-video-preview:-1"},"canonical":"https:\/\/www.leprojecteurguinee.com\/index.php\/2025\/09\/03\/cellou-dalein-ce-nest-pas-exclu-que-les-partis-les-plus-representatifs-soient-dissous\/","og_locale":"fr_FR","og_type":"article","og_title":"Cellou Dalein : \u00ab Ce n\u2019est pas exclu que les partis les plus repr\u00e9sentatifs soient dissous \u00bb - leprojecteurguinee","og_description":"R\u00e9cemment, \u00e0 travers une d\u00e9cision, le minist\u00e8re de l\u2019Administration du territoire et de la D\u00e9centralisation a suspendu pour trois mois deux principaux partis politiques du pays. Il s\u2019agit de l\u2019UFDG de l\u2019ancien Premier ministre Cellou Dalein Diallo et du RPG de l\u2019ancien Pr\u00e9sident Alpha Cond\u00e9. R\u00e9agissant \u00e0 ce sujet, ce mercredi 3 septembre 2025 chez [&hellip;]","og_url":"https:\/\/www.leprojecteurguinee.com\/index.php\/2025\/09\/03\/cellou-dalein-ce-nest-pas-exclu-que-les-partis-les-plus-representatifs-soient-dissous\/","og_site_name":"leprojecteurguinee","article_published_time":"2025-09-03T17:25:46+00:00","article_modified_time":"2025-09-03T17:26:13+00:00","og_image":[{"width":675,"height":375,"url":"https:\/\/www.leprojecteurguinee.com\/wp-content\/uploads\/2025\/09\/CELLOU-DALEIN.webp","type":"image\/webp"}],"author":"www.leprojecteurguinee.com","twitter_card":"summary_large_image","twitter_misc":{"\u00c9crit par":"www.leprojecteurguinee.com","Dur\u00e9e de lecture estim\u00e9e":"3 minutes"},"schema":{"@context":"https:\/\/schema.org","@graph":[{"@type":"Article","@id":"https:\/\/www.leprojecteurguinee.com\/index.php\/2025\/09\/03\/cellou-dalein-ce-nest-pas-exclu-que-les-partis-les-plus-representatifs-soient-dissous\/#article","isPartOf":{"@id":"https:\/\/www.leprojecteurguinee.com\/index.php\/2025\/09\/03\/cellou-dalein-ce-nest-pas-exclu-que-les-partis-les-plus-representatifs-soient-dissous\/"},"author":{"name":"www.leprojecteurguinee.com","@id":"https:\/\/www.leprojecteurguinee.com\/#\/schema\/person\/c9d1602e593b11af0b295bdf5e12a59a"},"headline":"Cellou Dalein : \u00ab Ce n\u2019est pas exclu que les partis les plus repr\u00e9sentatifs soient dissous \u00bb","datePublished":"2025-09-03T17:25:46+00:00","dateModified":"2025-09-03T17:26:13+00:00","mainEntityOfPage":{"@id":"https:\/\/www.leprojecteurguinee.com\/index.php\/2025\/09\/03\/cellou-dalein-ce-nest-pas-exclu-que-les-partis-les-plus-representatifs-soient-dissous\/"},"wordCount":536,"commentCount":0,"image":{"@id":"https:\/\/www.leprojecteurguinee.com\/index.php\/2025\/09\/03\/cellou-dalein-ce-nest-pas-exclu-que-les-partis-les-plus-representatifs-soient-dissous\/#primaryimage"},"thumbnailUrl":"https:\/\/www.leprojecteurguinee.com\/wp-content\/uploads\/2025\/09\/CELLOU-DALEIN.webp","articleSection":["Politique"],"inLanguage":"fr-FR","potentialAction":[{"@type":"CommentAction","name":"Comment","target":["https:\/\/www.leprojecteurguinee.com\/index.php\/2025\/09\/03\/cellou-dalein-ce-nest-pas-exclu-que-les-partis-les-plus-representatifs-soient-dissous\/#respond"]}]},{"@type":"WebPage","@id":"https:\/\/www.leprojecteurguinee.com\/index.php\/2025\/09\/03\/cellou-dalein-ce-nest-pas-exclu-que-les-partis-les-plus-representatifs-soient-dissous\/","url":"https:\/\/www.leprojecteurguinee.com\/index.php\/2025\/09\/03\/cellou-dalein-ce-nest-pas-exclu-que-les-partis-les-plus-representatifs-soient-dissous\/","name":"Cellou Dalein : \u00ab Ce n\u2019est pas exclu que les partis les plus repr\u00e9sentatifs soient dissous \u00bb - leprojecteurguinee","isPartOf":{"@id":"https:\/\/www.leprojecteurguinee.com\/#website"},"primaryImageOfPage":{"@id":"https:\/\/www.leprojecteurguinee.com\/index.php\/2025\/09\/03\/cellou-dalein-ce-nest-pas-exclu-que-les-partis-les-plus-representatifs-soient-dissous\/#primaryimage"},"image":{"@id":"https:\/\/www.leprojecteurguinee.com\/index.php\/2025\/09\/03\/cellou-dalein-ce-nest-pas-exclu-que-les-partis-les-plus-representatifs-soient-dissous\/#primaryimage"},"thumbnailUrl":"https:\/\/www.leprojecteurguinee.com\/wp-content\/uploads\/2025\/09\/CELLOU-DALEIN.webp","datePublished":"2025-09-03T17:25:46+00:00","dateModified":"2025-09-03T17:26:13+00:00","author":{"@id":"https:\/\/www.leprojecteurguinee.com\/#\/schema\/person\/c9d1602e593b11af0b295bdf5e12a59a"},"breadcrumb":{"@id":"https:\/\/www.leprojecteurguinee.com\/index.php\/2025\/09\/03\/cellou-dalein-ce-nest-pas-exclu-que-les-partis-les-plus-representatifs-soient-dissous\/#breadcrumb"},"inLanguage":"fr-FR","potentialAction":[{"@type":"ReadAction","target":["https:\/\/www.leprojecteurguinee.com\/index.php\/2025\/09\/03\/cellou-dalein-ce-nest-pas-exclu-que-les-partis-les-plus-representatifs-soient-dissous\/"]}]},{"@type":"ImageObject","inLanguage":"fr-FR","@id":"https:\/\/www.leprojecteurguinee.com\/index.php\/2025\/09\/03\/cellou-dalein-ce-nest-pas-exclu-que-les-partis-les-plus-representatifs-soient-dissous\/#primaryimage","url":"https:\/\/www.leprojecteurguinee.com\/wp-content\/uploads\/2025\/09\/CELLOU-DALEIN.webp","contentUrl":"https:\/\/www.leprojecteurguinee.com\/wp-content\/uploads\/2025\/09\/CELLOU-DALEIN.webp","width":675,"height":375},{"@type":"BreadcrumbList","@id":"https:\/\/www.leprojecteurguinee.com\/index.php\/2025\/09\/03\/cellou-dalein-ce-nest-pas-exclu-que-les-partis-les-plus-representatifs-soient-dissous\/#breadcrumb","itemListElement":[{"@type":"ListItem","position":1,"name":"Accueil","item":"https:\/\/www.leprojecteurguinee.com\/"},{"@type":"ListItem","position":2,"name":"Cellou Dalein : \u00ab Ce n\u2019est pas exclu que les partis les plus repr\u00e9sentatifs soient dissous \u00bb"}]},{"@type":"WebSite","@id":"https:\/\/www.leprojecteurguinee.com\/#website","url":"https:\/\/www.leprojecteurguinee.com\/","name":"leprojecteurguinee","description":"Nous luttons contre les pratiques obscures","potentialAction":[{"@type":"SearchAction","target":{"@type":"EntryPoint","urlTemplate":"https:\/\/www.leprojecteurguinee.com\/?s={search_term_string}"},"query-input":{"@type":"PropertyValueSpecification","valueRequired":true,"valueName":"search_term_string"}}],"inLanguage":"fr-FR"},{"@type":"Person","@id":"https:\/\/www.leprojecteurguinee.com\/#\/schema\/person\/c9d1602e593b11af0b295bdf5e12a59a","name":"www.leprojecteurguinee.com","image":{"@type":"ImageObject","inLanguage":"fr-FR","@id":"https:\/\/www.leprojecteurguinee.com\/#\/schema\/person\/image\/","url":"https:\/\/secure.gravatar.com\/avatar\/d73703fcd03dcba36d2bb23326e491935423a46800f1ebf8f61b70e62b70e55a?s=96&d=mm&r=g","contentUrl":"https:\/\/secure.gravatar.com\/avatar\/d73703fcd03dcba36d2bb23326e491935423a46800f1ebf8f61b70e62b70e55a?s=96&d=mm&r=g","caption":"www.leprojecteurguinee.com"},"description":"Administrateur G\u00e9n\u00e9ral","sameAs":["http:\/\/www.leprojeceteurguinee.com"],"url":"https:\/\/www.leprojecteurguinee.com\/index.php\/author\/fadigagn\/"}]}},"_links":{"self":[{"href":"https:\/\/www.leprojecteurguinee.com\/index.php\/wp-json\/wp\/v2\/posts\/13258","targetHints":{"allow":["GET"]}}],"collection":[{"href":"https:\/\/www.leprojecteurguinee.com\/index.php\/wp-json\/wp\/v2\/posts"}],"about":[{"href":"https:\/\/www.leprojecteurguinee.com\/index.php\/wp-json\/wp\/v2\/types\/post"}],"author":[{"embeddable":true,"href":"https:\/\/www.leprojecteurguinee.com\/index.php\/wp-json\/wp\/v2\/users\/2"}],"replies":[{"embeddable":true,"href":"https:\/\/www.leprojecteurguinee.com\/index.php\/wp-json\/wp\/v2\/comments?post=13258"}],"version-history":[{"count":0,"href":"https:\/\/www.leprojecteurguinee.com\/index.php\/wp-json\/wp\/v2\/posts\/13258\/revisions"}],"wp:featuredmedia":[{"embeddable":true,"href":"https:\/\/www.leprojecteurguinee.com\/index.php\/wp-json\/wp\/v2\/media\/13259"}],"wp:attachment":[{"href":"https:\/\/www.leprojecteurguinee.com\/index.php\/wp-json\/wp\/v2\/media?parent=13258"}],"wp:term":[{"taxonomy":"category","embeddable":true,"href":"https:\/\/www.leprojecteurguinee.com\/index.php\/wp-json\/wp\/v2\/categories?post=13258"},{"taxonomy":"post_tag","embeddable":true,"href":"https:\/\/www.leprojecteurguinee.com\/index.php\/wp-json\/wp\/v2\/tags?post=13258"}],"curies":[{"name":"wp","href":"https:\/\/api.w.org\/{rel}","templated":true}]}}