{"id":13249,"date":"2025-09-03T16:52:43","date_gmt":"2025-09-03T16:52:43","guid":{"rendered":"https:\/\/www.leprojecteurguinee.com\/?p=13249"},"modified":"2025-09-03T16:53:13","modified_gmt":"2025-09-03T16:53:13","slug":"tpi-de-coyah-cest-par-peur-que-je-ne-me-suis-pas-rendu-au-chevet-de-la-victime-apres-laccident","status":"publish","type":"post","link":"https:\/\/www.leprojecteurguinee.com\/index.php\/2025\/09\/03\/tpi-de-coyah-cest-par-peur-que-je-ne-me-suis-pas-rendu-au-chevet-de-la-victime-apres-laccident\/","title":{"rendered":"TPI de Coyah : \u00ab c\u2019est par peur que je ne me suis pas rendu au chevet de la victime apr\u00e8s l\u2019accident \u00bb"},"content":{"rendered":"<p>L\u2019artiste Mohamed Seydou Bangoura est \u00e0 la barre au tribunal de premi\u00e8re instance de Coyah depuis 11 heures. Apr\u00e8s qu\u2019il a reconnu les faits et demand\u00e9 pardon, beaucoup de questions de pr\u00e9cisions lui ont \u00e9t\u00e9 pos\u00e9es par le juge, le procureur et les avocats des diff\u00e9rentes parties sur l\u2019accident impliquant son v\u00e9hicule.<\/p>\n<p>Dans ses \u00e9l\u00e9ments de r\u00e9ponse, il a indiqu\u00e9 qu\u2019il a un permis de conduire, mais qui n\u2019est pas vers\u00e9 dans le dossier. Toutefois, le v\u00e9hicule n\u2019est pas assur\u00e9, a reconnu le chanteur. Quand l\u2019accident s\u2019est produit dans la soir\u00e9e du jeudi dernier, il n\u2019a pas pu descendre de son v\u00e9hicule pour aller au chevet de la victime par peur d\u2019\u00eatre pris \u00e0 partie, a-t-il dit.<\/p>\n<p>Beaucoup l\u2019affirment, mais l\u2019artiste est cat\u00e9gorique. Il n\u2019\u00e9tait pas en compagnie d\u2019\u00e9l\u00e9ments des forces sp\u00e9ciales parce qu\u2019il n\u2019est pas un cadre encore moins un chef de guerre, a-t-il pr\u00e9cis\u00e9. Selon lui, il \u00e9tait plut\u00f4t avec sa femme et deux de ses enfants dont un \u00e2g\u00e9 de 9 mois.<\/p>\n<p>Mohamed Seydou Bangoura a \u00e9galement inform\u00e9 qu\u2019il n\u2019\u00e9tait pas en exc\u00e8s de vitesse vu qu\u2019il \u00e9tait dans un virage. Constatant la col\u00e8re des riverains, il n\u2019a pas pu secourir la victime. Il r\u00e9v\u00e8le que ce sont des bonnes personnes qui l\u2019ont aid\u00e9 \u00e0 sortir le corps de la victime du dessous de son v\u00e9hicule pour l\u2019amener \u00e0 l\u2019h\u00f4pital.<\/p>\n<p>Lui a pr\u00e9f\u00e9r\u00e9 rentrer \u00e0 Conakry apr\u00e8s avoir r\u00e9par\u00e9 le pneus de son v\u00e9hicule qui \u00e9tait crev\u00e9. Il dit avoir ensuite inform\u00e9 sa famille. Celle-ci s\u2019est rendue le lendemain pour prendre part aux obs\u00e8ques de la victime.<\/p>\n<p>Il continue de demander pardon \u00e0 la famille de la victime, \u00e0 la justice et \u00e0 la Guin\u00e9e.<\/p>\n<p>mosaiqueguinee.com<\/p>\n","protected":false},"excerpt":{"rendered":"<p>L\u2019artiste Mohamed Seydou Bangoura est \u00e0 la barre au tribunal de premi\u00e8re instance de Coyah depuis 11 heures. Apr\u00e8s qu\u2019il a reconnu les faits et demand\u00e9 pardon, beaucoup de questions de pr\u00e9cisions lui ont \u00e9t\u00e9 pos\u00e9es par le juge, le procureur et les avocats des diff\u00e9rentes parties sur l\u2019accident impliquant son v\u00e9hicule. Dans ses \u00e9l\u00e9ments [&hellip;]<\/p>\n","protected":false},"author":2,"featured_media":13250,"comment_status":"open","ping_status":"open","sticky":false,"template":"","format":"standard","meta":{"footnotes":""},"categories":[20],"tags":[],"class_list":["post-13249","post","type-post","status-publish","format-standard","has-post-thumbnail","hentry","category-societe"],"yoast_head":"<!-- This site is optimized with the Yoast SEO plugin v26.8 - https:\/\/yoast.com\/product\/yoast-seo-wordpress\/ -->\n<title>TPI de Coyah : \u00ab c\u2019est par peur que je ne me suis pas rendu au chevet de la victime apr\u00e8s l\u2019accident \u00bb - leprojecteurguinee<\/title>\n<meta name=\"robots\" content=\"index, follow, max-snippet:-1, max-image-preview:large, max-video-preview:-1\" \/>\n<link rel=\"canonical\" href=\"https:\/\/www.leprojecteurguinee.com\/index.php\/2025\/09\/03\/tpi-de-coyah-cest-par-peur-que-je-ne-me-suis-pas-rendu-au-chevet-de-la-victime-apres-laccident\/\" \/>\n<meta property=\"og:locale\" content=\"fr_FR\" \/>\n<meta property=\"og:type\" content=\"article\" \/>\n<meta property=\"og:title\" content=\"TPI de Coyah : \u00ab c\u2019est par peur que je ne me suis pas rendu au chevet de la victime apr\u00e8s l\u2019accident \u00bb - leprojecteurguinee\" \/>\n<meta property=\"og:description\" content=\"L\u2019artiste Mohamed Seydou Bangoura est \u00e0 la barre au tribunal de premi\u00e8re instance de Coyah depuis 11 heures. Apr\u00e8s qu\u2019il a reconnu les faits et demand\u00e9 pardon, beaucoup de questions de pr\u00e9cisions lui ont \u00e9t\u00e9 pos\u00e9es par le juge, le procureur et les avocats des diff\u00e9rentes parties sur l\u2019accident impliquant son v\u00e9hicule. Dans ses \u00e9l\u00e9ments [&hellip;]\" \/>\n<meta property=\"og:url\" content=\"https:\/\/www.leprojecteurguinee.com\/index.php\/2025\/09\/03\/tpi-de-coyah-cest-par-peur-que-je-ne-me-suis-pas-rendu-au-chevet-de-la-victime-apres-laccident\/\" \/>\n<meta property=\"og:site_name\" content=\"leprojecteurguinee\" \/>\n<meta property=\"article:published_time\" content=\"2025-09-03T16:52:43+00:00\" \/>\n<meta property=\"article:modified_time\" content=\"2025-09-03T16:53:13+00:00\" \/>\n<meta property=\"og:image\" content=\"https:\/\/www.leprojecteurguinee.com\/wp-content\/uploads\/2025\/09\/singleton.webp\" \/>\n\t<meta property=\"og:image:width\" content=\"750\" \/>\n\t<meta property=\"og:image:height\" content=\"375\" \/>\n\t<meta property=\"og:image:type\" content=\"image\/webp\" \/>\n<meta name=\"author\" content=\"www.leprojecteurguinee.com\" \/>\n<meta name=\"twitter:card\" content=\"summary_large_image\" \/>\n<meta name=\"twitter:label1\" content=\"\u00c9crit par\" \/>\n\t<meta name=\"twitter:data1\" content=\"www.leprojecteurguinee.com\" \/>\n\t<meta name=\"twitter:label2\" content=\"Dur\u00e9e de lecture estim\u00e9e\" \/>\n\t<meta name=\"twitter:data2\" content=\"2 minutes\" \/>\n<script type=\"application\/ld+json\" class=\"yoast-schema-graph\">{\"@context\":\"https:\/\/schema.org\",\"@graph\":[{\"@type\":\"Article\",\"@id\":\"https:\/\/www.leprojecteurguinee.com\/index.php\/2025\/09\/03\/tpi-de-coyah-cest-par-peur-que-je-ne-me-suis-pas-rendu-au-chevet-de-la-victime-apres-laccident\/#article\",\"isPartOf\":{\"@id\":\"https:\/\/www.leprojecteurguinee.com\/index.php\/2025\/09\/03\/tpi-de-coyah-cest-par-peur-que-je-ne-me-suis-pas-rendu-au-chevet-de-la-victime-apres-laccident\/\"},\"author\":{\"name\":\"www.leprojecteurguinee.com\",\"@id\":\"https:\/\/www.leprojecteurguinee.com\/#\/schema\/person\/c9d1602e593b11af0b295bdf5e12a59a\"},\"headline\":\"TPI de Coyah : \u00ab c\u2019est par peur que je ne me suis pas rendu au chevet de la victime apr\u00e8s l\u2019accident \u00bb\",\"datePublished\":\"2025-09-03T16:52:43+00:00\",\"dateModified\":\"2025-09-03T16:53:13+00:00\",\"mainEntityOfPage\":{\"@id\":\"https:\/\/www.leprojecteurguinee.com\/index.php\/2025\/09\/03\/tpi-de-coyah-cest-par-peur-que-je-ne-me-suis-pas-rendu-au-chevet-de-la-victime-apres-laccident\/\"},\"wordCount\":346,\"commentCount\":0,\"image\":{\"@id\":\"https:\/\/www.leprojecteurguinee.com\/index.php\/2025\/09\/03\/tpi-de-coyah-cest-par-peur-que-je-ne-me-suis-pas-rendu-au-chevet-de-la-victime-apres-laccident\/#primaryimage\"},\"thumbnailUrl\":\"https:\/\/www.leprojecteurguinee.com\/wp-content\/uploads\/2025\/09\/singleton.webp\",\"articleSection\":[\"Soci\u00e9t\u00e9\"],\"inLanguage\":\"fr-FR\",\"potentialAction\":[{\"@type\":\"CommentAction\",\"name\":\"Comment\",\"target\":[\"https:\/\/www.leprojecteurguinee.com\/index.php\/2025\/09\/03\/tpi-de-coyah-cest-par-peur-que-je-ne-me-suis-pas-rendu-au-chevet-de-la-victime-apres-laccident\/#respond\"]}]},{\"@type\":\"WebPage\",\"@id\":\"https:\/\/www.leprojecteurguinee.com\/index.php\/2025\/09\/03\/tpi-de-coyah-cest-par-peur-que-je-ne-me-suis-pas-rendu-au-chevet-de-la-victime-apres-laccident\/\",\"url\":\"https:\/\/www.leprojecteurguinee.com\/index.php\/2025\/09\/03\/tpi-de-coyah-cest-par-peur-que-je-ne-me-suis-pas-rendu-au-chevet-de-la-victime-apres-laccident\/\",\"name\":\"TPI de Coyah : \u00ab c\u2019est par peur que je ne me suis pas rendu au chevet de la victime apr\u00e8s l\u2019accident \u00bb - leprojecteurguinee\",\"isPartOf\":{\"@id\":\"https:\/\/www.leprojecteurguinee.com\/#website\"},\"primaryImageOfPage\":{\"@id\":\"https:\/\/www.leprojecteurguinee.com\/index.php\/2025\/09\/03\/tpi-de-coyah-cest-par-peur-que-je-ne-me-suis-pas-rendu-au-chevet-de-la-victime-apres-laccident\/#primaryimage\"},\"image\":{\"@id\":\"https:\/\/www.leprojecteurguinee.com\/index.php\/2025\/09\/03\/tpi-de-coyah-cest-par-peur-que-je-ne-me-suis-pas-rendu-au-chevet-de-la-victime-apres-laccident\/#primaryimage\"},\"thumbnailUrl\":\"https:\/\/www.leprojecteurguinee.com\/wp-content\/uploads\/2025\/09\/singleton.webp\",\"datePublished\":\"2025-09-03T16:52:43+00:00\",\"dateModified\":\"2025-09-03T16:53:13+00:00\",\"author\":{\"@id\":\"https:\/\/www.leprojecteurguinee.com\/#\/schema\/person\/c9d1602e593b11af0b295bdf5e12a59a\"},\"breadcrumb\":{\"@id\":\"https:\/\/www.leprojecteurguinee.com\/index.php\/2025\/09\/03\/tpi-de-coyah-cest-par-peur-que-je-ne-me-suis-pas-rendu-au-chevet-de-la-victime-apres-laccident\/#breadcrumb\"},\"inLanguage\":\"fr-FR\",\"potentialAction\":[{\"@type\":\"ReadAction\",\"target\":[\"https:\/\/www.leprojecteurguinee.com\/index.php\/2025\/09\/03\/tpi-de-coyah-cest-par-peur-que-je-ne-me-suis-pas-rendu-au-chevet-de-la-victime-apres-laccident\/\"]}]},{\"@type\":\"ImageObject\",\"inLanguage\":\"fr-FR\",\"@id\":\"https:\/\/www.leprojecteurguinee.com\/index.php\/2025\/09\/03\/tpi-de-coyah-cest-par-peur-que-je-ne-me-suis-pas-rendu-au-chevet-de-la-victime-apres-laccident\/#primaryimage\",\"url\":\"https:\/\/www.leprojecteurguinee.com\/wp-content\/uploads\/2025\/09\/singleton.webp\",\"contentUrl\":\"https:\/\/www.leprojecteurguinee.com\/wp-content\/uploads\/2025\/09\/singleton.webp\",\"width\":750,\"height\":375},{\"@type\":\"BreadcrumbList\",\"@id\":\"https:\/\/www.leprojecteurguinee.com\/index.php\/2025\/09\/03\/tpi-de-coyah-cest-par-peur-que-je-ne-me-suis-pas-rendu-au-chevet-de-la-victime-apres-laccident\/#breadcrumb\",\"itemListElement\":[{\"@type\":\"ListItem\",\"position\":1,\"name\":\"Accueil\",\"item\":\"https:\/\/www.leprojecteurguinee.com\/\"},{\"@type\":\"ListItem\",\"position\":2,\"name\":\"TPI de Coyah : \u00ab c\u2019est par peur que je ne me suis pas rendu au chevet de la victime apr\u00e8s l\u2019accident \u00bb\"}]},{\"@type\":\"WebSite\",\"@id\":\"https:\/\/www.leprojecteurguinee.com\/#website\",\"url\":\"https:\/\/www.leprojecteurguinee.com\/\",\"name\":\"leprojecteurguinee\",\"description\":\"Nous luttons contre les pratiques obscures\",\"potentialAction\":[{\"@type\":\"SearchAction\",\"target\":{\"@type\":\"EntryPoint\",\"urlTemplate\":\"https:\/\/www.leprojecteurguinee.com\/?s={search_term_string}\"},\"query-input\":{\"@type\":\"PropertyValueSpecification\",\"valueRequired\":true,\"valueName\":\"search_term_string\"}}],\"inLanguage\":\"fr-FR\"},{\"@type\":\"Person\",\"@id\":\"https:\/\/www.leprojecteurguinee.com\/#\/schema\/person\/c9d1602e593b11af0b295bdf5e12a59a\",\"name\":\"www.leprojecteurguinee.com\",\"image\":{\"@type\":\"ImageObject\",\"inLanguage\":\"fr-FR\",\"@id\":\"https:\/\/www.leprojecteurguinee.com\/#\/schema\/person\/image\/\",\"url\":\"https:\/\/secure.gravatar.com\/avatar\/d73703fcd03dcba36d2bb23326e491935423a46800f1ebf8f61b70e62b70e55a?s=96&d=mm&r=g\",\"contentUrl\":\"https:\/\/secure.gravatar.com\/avatar\/d73703fcd03dcba36d2bb23326e491935423a46800f1ebf8f61b70e62b70e55a?s=96&d=mm&r=g\",\"caption\":\"www.leprojecteurguinee.com\"},\"description\":\"Administrateur G\u00e9n\u00e9ral\",\"sameAs\":[\"http:\/\/www.leprojeceteurguinee.com\"],\"url\":\"https:\/\/www.leprojecteurguinee.com\/index.php\/author\/fadigagn\/\"}]}<\/script>\n<!-- \/ Yoast SEO plugin. -->","yoast_head_json":{"title":"TPI de Coyah : \u00ab c\u2019est par peur que je ne me suis pas rendu au chevet de la victime apr\u00e8s l\u2019accident \u00bb - leprojecteurguinee","robots":{"index":"index","follow":"follow","max-snippet":"max-snippet:-1","max-image-preview":"max-image-preview:large","max-video-preview":"max-video-preview:-1"},"canonical":"https:\/\/www.leprojecteurguinee.com\/index.php\/2025\/09\/03\/tpi-de-coyah-cest-par-peur-que-je-ne-me-suis-pas-rendu-au-chevet-de-la-victime-apres-laccident\/","og_locale":"fr_FR","og_type":"article","og_title":"TPI de Coyah : \u00ab c\u2019est par peur que je ne me suis pas rendu au chevet de la victime apr\u00e8s l\u2019accident \u00bb - leprojecteurguinee","og_description":"L\u2019artiste Mohamed Seydou Bangoura est \u00e0 la barre au tribunal de premi\u00e8re instance de Coyah depuis 11 heures. Apr\u00e8s qu\u2019il a reconnu les faits et demand\u00e9 pardon, beaucoup de questions de pr\u00e9cisions lui ont \u00e9t\u00e9 pos\u00e9es par le juge, le procureur et les avocats des diff\u00e9rentes parties sur l\u2019accident impliquant son v\u00e9hicule. Dans ses \u00e9l\u00e9ments [&hellip;]","og_url":"https:\/\/www.leprojecteurguinee.com\/index.php\/2025\/09\/03\/tpi-de-coyah-cest-par-peur-que-je-ne-me-suis-pas-rendu-au-chevet-de-la-victime-apres-laccident\/","og_site_name":"leprojecteurguinee","article_published_time":"2025-09-03T16:52:43+00:00","article_modified_time":"2025-09-03T16:53:13+00:00","og_image":[{"width":750,"height":375,"url":"https:\/\/www.leprojecteurguinee.com\/wp-content\/uploads\/2025\/09\/singleton.webp","type":"image\/webp"}],"author":"www.leprojecteurguinee.com","twitter_card":"summary_large_image","twitter_misc":{"\u00c9crit par":"www.leprojecteurguinee.com","Dur\u00e9e de lecture estim\u00e9e":"2 minutes"},"schema":{"@context":"https:\/\/schema.org","@graph":[{"@type":"Article","@id":"https:\/\/www.leprojecteurguinee.com\/index.php\/2025\/09\/03\/tpi-de-coyah-cest-par-peur-que-je-ne-me-suis-pas-rendu-au-chevet-de-la-victime-apres-laccident\/#article","isPartOf":{"@id":"https:\/\/www.leprojecteurguinee.com\/index.php\/2025\/09\/03\/tpi-de-coyah-cest-par-peur-que-je-ne-me-suis-pas-rendu-au-chevet-de-la-victime-apres-laccident\/"},"author":{"name":"www.leprojecteurguinee.com","@id":"https:\/\/www.leprojecteurguinee.com\/#\/schema\/person\/c9d1602e593b11af0b295bdf5e12a59a"},"headline":"TPI de Coyah : \u00ab c\u2019est par peur que je ne me suis pas rendu au chevet de la victime apr\u00e8s l\u2019accident \u00bb","datePublished":"2025-09-03T16:52:43+00:00","dateModified":"2025-09-03T16:53:13+00:00","mainEntityOfPage":{"@id":"https:\/\/www.leprojecteurguinee.com\/index.php\/2025\/09\/03\/tpi-de-coyah-cest-par-peur-que-je-ne-me-suis-pas-rendu-au-chevet-de-la-victime-apres-laccident\/"},"wordCount":346,"commentCount":0,"image":{"@id":"https:\/\/www.leprojecteurguinee.com\/index.php\/2025\/09\/03\/tpi-de-coyah-cest-par-peur-que-je-ne-me-suis-pas-rendu-au-chevet-de-la-victime-apres-laccident\/#primaryimage"},"thumbnailUrl":"https:\/\/www.leprojecteurguinee.com\/wp-content\/uploads\/2025\/09\/singleton.webp","articleSection":["Soci\u00e9t\u00e9"],"inLanguage":"fr-FR","potentialAction":[{"@type":"CommentAction","name":"Comment","target":["https:\/\/www.leprojecteurguinee.com\/index.php\/2025\/09\/03\/tpi-de-coyah-cest-par-peur-que-je-ne-me-suis-pas-rendu-au-chevet-de-la-victime-apres-laccident\/#respond"]}]},{"@type":"WebPage","@id":"https:\/\/www.leprojecteurguinee.com\/index.php\/2025\/09\/03\/tpi-de-coyah-cest-par-peur-que-je-ne-me-suis-pas-rendu-au-chevet-de-la-victime-apres-laccident\/","url":"https:\/\/www.leprojecteurguinee.com\/index.php\/2025\/09\/03\/tpi-de-coyah-cest-par-peur-que-je-ne-me-suis-pas-rendu-au-chevet-de-la-victime-apres-laccident\/","name":"TPI de Coyah : \u00ab c\u2019est par peur que je ne me suis pas rendu au chevet de la victime apr\u00e8s l\u2019accident \u00bb - leprojecteurguinee","isPartOf":{"@id":"https:\/\/www.leprojecteurguinee.com\/#website"},"primaryImageOfPage":{"@id":"https:\/\/www.leprojecteurguinee.com\/index.php\/2025\/09\/03\/tpi-de-coyah-cest-par-peur-que-je-ne-me-suis-pas-rendu-au-chevet-de-la-victime-apres-laccident\/#primaryimage"},"image":{"@id":"https:\/\/www.leprojecteurguinee.com\/index.php\/2025\/09\/03\/tpi-de-coyah-cest-par-peur-que-je-ne-me-suis-pas-rendu-au-chevet-de-la-victime-apres-laccident\/#primaryimage"},"thumbnailUrl":"https:\/\/www.leprojecteurguinee.com\/wp-content\/uploads\/2025\/09\/singleton.webp","datePublished":"2025-09-03T16:52:43+00:00","dateModified":"2025-09-03T16:53:13+00:00","author":{"@id":"https:\/\/www.leprojecteurguinee.com\/#\/schema\/person\/c9d1602e593b11af0b295bdf5e12a59a"},"breadcrumb":{"@id":"https:\/\/www.leprojecteurguinee.com\/index.php\/2025\/09\/03\/tpi-de-coyah-cest-par-peur-que-je-ne-me-suis-pas-rendu-au-chevet-de-la-victime-apres-laccident\/#breadcrumb"},"inLanguage":"fr-FR","potentialAction":[{"@type":"ReadAction","target":["https:\/\/www.leprojecteurguinee.com\/index.php\/2025\/09\/03\/tpi-de-coyah-cest-par-peur-que-je-ne-me-suis-pas-rendu-au-chevet-de-la-victime-apres-laccident\/"]}]},{"@type":"ImageObject","inLanguage":"fr-FR","@id":"https:\/\/www.leprojecteurguinee.com\/index.php\/2025\/09\/03\/tpi-de-coyah-cest-par-peur-que-je-ne-me-suis-pas-rendu-au-chevet-de-la-victime-apres-laccident\/#primaryimage","url":"https:\/\/www.leprojecteurguinee.com\/wp-content\/uploads\/2025\/09\/singleton.webp","contentUrl":"https:\/\/www.leprojecteurguinee.com\/wp-content\/uploads\/2025\/09\/singleton.webp","width":750,"height":375},{"@type":"BreadcrumbList","@id":"https:\/\/www.leprojecteurguinee.com\/index.php\/2025\/09\/03\/tpi-de-coyah-cest-par-peur-que-je-ne-me-suis-pas-rendu-au-chevet-de-la-victime-apres-laccident\/#breadcrumb","itemListElement":[{"@type":"ListItem","position":1,"name":"Accueil","item":"https:\/\/www.leprojecteurguinee.com\/"},{"@type":"ListItem","position":2,"name":"TPI de Coyah : \u00ab c\u2019est par peur que je ne me suis pas rendu au chevet de la victime apr\u00e8s l\u2019accident \u00bb"}]},{"@type":"WebSite","@id":"https:\/\/www.leprojecteurguinee.com\/#website","url":"https:\/\/www.leprojecteurguinee.com\/","name":"leprojecteurguinee","description":"Nous luttons contre les pratiques obscures","potentialAction":[{"@type":"SearchAction","target":{"@type":"EntryPoint","urlTemplate":"https:\/\/www.leprojecteurguinee.com\/?s={search_term_string}"},"query-input":{"@type":"PropertyValueSpecification","valueRequired":true,"valueName":"search_term_string"}}],"inLanguage":"fr-FR"},{"@type":"Person","@id":"https:\/\/www.leprojecteurguinee.com\/#\/schema\/person\/c9d1602e593b11af0b295bdf5e12a59a","name":"www.leprojecteurguinee.com","image":{"@type":"ImageObject","inLanguage":"fr-FR","@id":"https:\/\/www.leprojecteurguinee.com\/#\/schema\/person\/image\/","url":"https:\/\/secure.gravatar.com\/avatar\/d73703fcd03dcba36d2bb23326e491935423a46800f1ebf8f61b70e62b70e55a?s=96&d=mm&r=g","contentUrl":"https:\/\/secure.gravatar.com\/avatar\/d73703fcd03dcba36d2bb23326e491935423a46800f1ebf8f61b70e62b70e55a?s=96&d=mm&r=g","caption":"www.leprojecteurguinee.com"},"description":"Administrateur G\u00e9n\u00e9ral","sameAs":["http:\/\/www.leprojeceteurguinee.com"],"url":"https:\/\/www.leprojecteurguinee.com\/index.php\/author\/fadigagn\/"}]}},"_links":{"self":[{"href":"https:\/\/www.leprojecteurguinee.com\/index.php\/wp-json\/wp\/v2\/posts\/13249","targetHints":{"allow":["GET"]}}],"collection":[{"href":"https:\/\/www.leprojecteurguinee.com\/index.php\/wp-json\/wp\/v2\/posts"}],"about":[{"href":"https:\/\/www.leprojecteurguinee.com\/index.php\/wp-json\/wp\/v2\/types\/post"}],"author":[{"embeddable":true,"href":"https:\/\/www.leprojecteurguinee.com\/index.php\/wp-json\/wp\/v2\/users\/2"}],"replies":[{"embeddable":true,"href":"https:\/\/www.leprojecteurguinee.com\/index.php\/wp-json\/wp\/v2\/comments?post=13249"}],"version-history":[{"count":0,"href":"https:\/\/www.leprojecteurguinee.com\/index.php\/wp-json\/wp\/v2\/posts\/13249\/revisions"}],"wp:featuredmedia":[{"embeddable":true,"href":"https:\/\/www.leprojecteurguinee.com\/index.php\/wp-json\/wp\/v2\/media\/13250"}],"wp:attachment":[{"href":"https:\/\/www.leprojecteurguinee.com\/index.php\/wp-json\/wp\/v2\/media?parent=13249"}],"wp:term":[{"taxonomy":"category","embeddable":true,"href":"https:\/\/www.leprojecteurguinee.com\/index.php\/wp-json\/wp\/v2\/categories?post=13249"},{"taxonomy":"post_tag","embeddable":true,"href":"https:\/\/www.leprojecteurguinee.com\/index.php\/wp-json\/wp\/v2\/tags?post=13249"}],"curies":[{"name":"wp","href":"https:\/\/api.w.org\/{rel}","templated":true}]}}