{"id":13207,"date":"2025-08-16T11:20:32","date_gmt":"2025-08-16T11:20:32","guid":{"rendered":"https:\/\/www.leprojecteurguinee.com\/?p=13207"},"modified":"2025-08-16T11:47:01","modified_gmt":"2025-08-16T11:47:01","slug":"le-journaliste-taban-sylla-decede-a-tunis","status":"publish","type":"post","link":"https:\/\/www.leprojecteurguinee.com\/index.php\/2025\/08\/16\/le-journaliste-taban-sylla-decede-a-tunis\/","title":{"rendered":"Le journaliste Taban Sylla d\u00e9c\u00e8de \u00e0 Tunis"},"content":{"rendered":"<p>Il \u00e9tait l\u2019un des journalistes les plus engag\u00e9s de sa g\u00e9n\u00e9ration. Daouda Taban Sylla, connu pour son affabilit\u00e9 et sa courtoisie, s\u2019est \u00e9teint ce vendredi soir \u00e0 Tunis, en R\u00e9publique de Tunisie, o\u00f9 il avait \u00e9t\u00e9 \u00e9vacu\u00e9 pour des soins suite \u00e0 une maladie.<\/p>\n<p>Amoureux du micro et de la plume, Taban appelait affectueusement tous ses a\u00een\u00e9s \u00ab grand-fr\u00e8res \u00bb et se montrait toujours disponible. \u00c0 la RTG, ce journaliste dans l\u2019\u00e2me cherchait constamment \u00e0 donner le meilleur de lui-m\u00eame, refusant l\u2019adversit\u00e9 et visant l\u2019excellence.<\/p>\n<p>Sa disparition laisse un grand vide au sein de la RTG et de la presse nationale. Dors en paix, guerrier !<\/p>\n<p><strong>Ousmane CAMARA<\/strong><\/p>\n","protected":false},"excerpt":{"rendered":"<p>Il \u00e9tait l\u2019un des journalistes les plus engag\u00e9s de sa g\u00e9n\u00e9ration. Daouda Taban Sylla, connu pour son affabilit\u00e9 et sa courtoisie, s\u2019est \u00e9teint ce vendredi soir \u00e0 Tunis, en R\u00e9publique de Tunisie, o\u00f9 il avait \u00e9t\u00e9 \u00e9vacu\u00e9 pour des soins suite \u00e0 une maladie. Amoureux du micro et de la plume, Taban appelait affectueusement tous [&hellip;]<\/p>\n","protected":false},"author":2,"featured_media":13208,"comment_status":"open","ping_status":"open","sticky":false,"template":"","format":"standard","meta":{"footnotes":""},"categories":[20],"tags":[],"class_list":["post-13207","post","type-post","status-publish","format-standard","has-post-thumbnail","hentry","category-societe"],"yoast_head":"<!-- This site is optimized with the Yoast SEO plugin v26.8 - https:\/\/yoast.com\/product\/yoast-seo-wordpress\/ -->\n<title>Le journaliste Taban Sylla d\u00e9c\u00e8de \u00e0 Tunis - leprojecteurguinee<\/title>\n<meta name=\"robots\" content=\"index, follow, max-snippet:-1, max-image-preview:large, max-video-preview:-1\" \/>\n<link rel=\"canonical\" href=\"https:\/\/www.leprojecteurguinee.com\/index.php\/2025\/08\/16\/le-journaliste-taban-sylla-decede-a-tunis\/\" \/>\n<meta property=\"og:locale\" content=\"fr_FR\" \/>\n<meta property=\"og:type\" content=\"article\" \/>\n<meta property=\"og:title\" content=\"Le journaliste Taban Sylla d\u00e9c\u00e8de \u00e0 Tunis - leprojecteurguinee\" \/>\n<meta property=\"og:description\" content=\"Il \u00e9tait l\u2019un des journalistes les plus engag\u00e9s de sa g\u00e9n\u00e9ration. Daouda Taban Sylla, connu pour son affabilit\u00e9 et sa courtoisie, s\u2019est \u00e9teint ce vendredi soir \u00e0 Tunis, en R\u00e9publique de Tunisie, o\u00f9 il avait \u00e9t\u00e9 \u00e9vacu\u00e9 pour des soins suite \u00e0 une maladie. Amoureux du micro et de la plume, Taban appelait affectueusement tous [&hellip;]\" \/>\n<meta property=\"og:url\" content=\"https:\/\/www.leprojecteurguinee.com\/index.php\/2025\/08\/16\/le-journaliste-taban-sylla-decede-a-tunis\/\" \/>\n<meta property=\"og:site_name\" content=\"leprojecteurguinee\" \/>\n<meta property=\"article:published_time\" content=\"2025-08-16T11:20:32+00:00\" \/>\n<meta property=\"article:modified_time\" content=\"2025-08-16T11:47:01+00:00\" \/>\n<meta property=\"og:image\" content=\"https:\/\/www.leprojecteurguinee.com\/wp-content\/uploads\/2025\/08\/Taban.webp\" \/>\n\t<meta property=\"og:image:width\" content=\"720\" \/>\n\t<meta property=\"og:image:height\" content=\"659\" \/>\n\t<meta property=\"og:image:type\" content=\"image\/webp\" \/>\n<meta name=\"author\" content=\"www.leprojecteurguinee.com\" \/>\n<meta name=\"twitter:card\" content=\"summary_large_image\" \/>\n<meta name=\"twitter:label1\" content=\"\u00c9crit par\" \/>\n\t<meta name=\"twitter:data1\" content=\"www.leprojecteurguinee.com\" \/>\n\t<meta name=\"twitter:label2\" content=\"Dur\u00e9e de lecture estim\u00e9e\" \/>\n\t<meta name=\"twitter:data2\" content=\"1 minute\" \/>\n<script type=\"application\/ld+json\" class=\"yoast-schema-graph\">{\"@context\":\"https:\/\/schema.org\",\"@graph\":[{\"@type\":\"Article\",\"@id\":\"https:\/\/www.leprojecteurguinee.com\/index.php\/2025\/08\/16\/le-journaliste-taban-sylla-decede-a-tunis\/#article\",\"isPartOf\":{\"@id\":\"https:\/\/www.leprojecteurguinee.com\/index.php\/2025\/08\/16\/le-journaliste-taban-sylla-decede-a-tunis\/\"},\"author\":{\"name\":\"www.leprojecteurguinee.com\",\"@id\":\"https:\/\/www.leprojecteurguinee.com\/#\/schema\/person\/c9d1602e593b11af0b295bdf5e12a59a\"},\"headline\":\"Le journaliste Taban Sylla d\u00e9c\u00e8de \u00e0 Tunis\",\"datePublished\":\"2025-08-16T11:20:32+00:00\",\"dateModified\":\"2025-08-16T11:47:01+00:00\",\"mainEntityOfPage\":{\"@id\":\"https:\/\/www.leprojecteurguinee.com\/index.php\/2025\/08\/16\/le-journaliste-taban-sylla-decede-a-tunis\/\"},\"wordCount\":122,\"commentCount\":0,\"image\":{\"@id\":\"https:\/\/www.leprojecteurguinee.com\/index.php\/2025\/08\/16\/le-journaliste-taban-sylla-decede-a-tunis\/#primaryimage\"},\"thumbnailUrl\":\"https:\/\/www.leprojecteurguinee.com\/wp-content\/uploads\/2025\/08\/Taban.webp\",\"articleSection\":[\"Soci\u00e9t\u00e9\"],\"inLanguage\":\"fr-FR\",\"potentialAction\":[{\"@type\":\"CommentAction\",\"name\":\"Comment\",\"target\":[\"https:\/\/www.leprojecteurguinee.com\/index.php\/2025\/08\/16\/le-journaliste-taban-sylla-decede-a-tunis\/#respond\"]}]},{\"@type\":\"WebPage\",\"@id\":\"https:\/\/www.leprojecteurguinee.com\/index.php\/2025\/08\/16\/le-journaliste-taban-sylla-decede-a-tunis\/\",\"url\":\"https:\/\/www.leprojecteurguinee.com\/index.php\/2025\/08\/16\/le-journaliste-taban-sylla-decede-a-tunis\/\",\"name\":\"Le journaliste Taban Sylla d\u00e9c\u00e8de \u00e0 Tunis - leprojecteurguinee\",\"isPartOf\":{\"@id\":\"https:\/\/www.leprojecteurguinee.com\/#website\"},\"primaryImageOfPage\":{\"@id\":\"https:\/\/www.leprojecteurguinee.com\/index.php\/2025\/08\/16\/le-journaliste-taban-sylla-decede-a-tunis\/#primaryimage\"},\"image\":{\"@id\":\"https:\/\/www.leprojecteurguinee.com\/index.php\/2025\/08\/16\/le-journaliste-taban-sylla-decede-a-tunis\/#primaryimage\"},\"thumbnailUrl\":\"https:\/\/www.leprojecteurguinee.com\/wp-content\/uploads\/2025\/08\/Taban.webp\",\"datePublished\":\"2025-08-16T11:20:32+00:00\",\"dateModified\":\"2025-08-16T11:47:01+00:00\",\"author\":{\"@id\":\"https:\/\/www.leprojecteurguinee.com\/#\/schema\/person\/c9d1602e593b11af0b295bdf5e12a59a\"},\"breadcrumb\":{\"@id\":\"https:\/\/www.leprojecteurguinee.com\/index.php\/2025\/08\/16\/le-journaliste-taban-sylla-decede-a-tunis\/#breadcrumb\"},\"inLanguage\":\"fr-FR\",\"potentialAction\":[{\"@type\":\"ReadAction\",\"target\":[\"https:\/\/www.leprojecteurguinee.com\/index.php\/2025\/08\/16\/le-journaliste-taban-sylla-decede-a-tunis\/\"]}]},{\"@type\":\"ImageObject\",\"inLanguage\":\"fr-FR\",\"@id\":\"https:\/\/www.leprojecteurguinee.com\/index.php\/2025\/08\/16\/le-journaliste-taban-sylla-decede-a-tunis\/#primaryimage\",\"url\":\"https:\/\/www.leprojecteurguinee.com\/wp-content\/uploads\/2025\/08\/Taban.webp\",\"contentUrl\":\"https:\/\/www.leprojecteurguinee.com\/wp-content\/uploads\/2025\/08\/Taban.webp\",\"width\":720,\"height\":659},{\"@type\":\"BreadcrumbList\",\"@id\":\"https:\/\/www.leprojecteurguinee.com\/index.php\/2025\/08\/16\/le-journaliste-taban-sylla-decede-a-tunis\/#breadcrumb\",\"itemListElement\":[{\"@type\":\"ListItem\",\"position\":1,\"name\":\"Accueil\",\"item\":\"https:\/\/www.leprojecteurguinee.com\/\"},{\"@type\":\"ListItem\",\"position\":2,\"name\":\"Le journaliste Taban Sylla d\u00e9c\u00e8de \u00e0 Tunis\"}]},{\"@type\":\"WebSite\",\"@id\":\"https:\/\/www.leprojecteurguinee.com\/#website\",\"url\":\"https:\/\/www.leprojecteurguinee.com\/\",\"name\":\"leprojecteurguinee\",\"description\":\"Nous luttons contre les pratiques obscures\",\"potentialAction\":[{\"@type\":\"SearchAction\",\"target\":{\"@type\":\"EntryPoint\",\"urlTemplate\":\"https:\/\/www.leprojecteurguinee.com\/?s={search_term_string}\"},\"query-input\":{\"@type\":\"PropertyValueSpecification\",\"valueRequired\":true,\"valueName\":\"search_term_string\"}}],\"inLanguage\":\"fr-FR\"},{\"@type\":\"Person\",\"@id\":\"https:\/\/www.leprojecteurguinee.com\/#\/schema\/person\/c9d1602e593b11af0b295bdf5e12a59a\",\"name\":\"www.leprojecteurguinee.com\",\"image\":{\"@type\":\"ImageObject\",\"inLanguage\":\"fr-FR\",\"@id\":\"https:\/\/www.leprojecteurguinee.com\/#\/schema\/person\/image\/\",\"url\":\"https:\/\/secure.gravatar.com\/avatar\/d73703fcd03dcba36d2bb23326e491935423a46800f1ebf8f61b70e62b70e55a?s=96&d=mm&r=g\",\"contentUrl\":\"https:\/\/secure.gravatar.com\/avatar\/d73703fcd03dcba36d2bb23326e491935423a46800f1ebf8f61b70e62b70e55a?s=96&d=mm&r=g\",\"caption\":\"www.leprojecteurguinee.com\"},\"description\":\"Administrateur G\u00e9n\u00e9ral\",\"sameAs\":[\"http:\/\/www.leprojeceteurguinee.com\"],\"url\":\"https:\/\/www.leprojecteurguinee.com\/index.php\/author\/fadigagn\/\"}]}<\/script>\n<!-- \/ Yoast SEO plugin. -->","yoast_head_json":{"title":"Le journaliste Taban Sylla d\u00e9c\u00e8de \u00e0 Tunis - leprojecteurguinee","robots":{"index":"index","follow":"follow","max-snippet":"max-snippet:-1","max-image-preview":"max-image-preview:large","max-video-preview":"max-video-preview:-1"},"canonical":"https:\/\/www.leprojecteurguinee.com\/index.php\/2025\/08\/16\/le-journaliste-taban-sylla-decede-a-tunis\/","og_locale":"fr_FR","og_type":"article","og_title":"Le journaliste Taban Sylla d\u00e9c\u00e8de \u00e0 Tunis - leprojecteurguinee","og_description":"Il \u00e9tait l\u2019un des journalistes les plus engag\u00e9s de sa g\u00e9n\u00e9ration. Daouda Taban Sylla, connu pour son affabilit\u00e9 et sa courtoisie, s\u2019est \u00e9teint ce vendredi soir \u00e0 Tunis, en R\u00e9publique de Tunisie, o\u00f9 il avait \u00e9t\u00e9 \u00e9vacu\u00e9 pour des soins suite \u00e0 une maladie. Amoureux du micro et de la plume, Taban appelait affectueusement tous [&hellip;]","og_url":"https:\/\/www.leprojecteurguinee.com\/index.php\/2025\/08\/16\/le-journaliste-taban-sylla-decede-a-tunis\/","og_site_name":"leprojecteurguinee","article_published_time":"2025-08-16T11:20:32+00:00","article_modified_time":"2025-08-16T11:47:01+00:00","og_image":[{"width":720,"height":659,"url":"https:\/\/www.leprojecteurguinee.com\/wp-content\/uploads\/2025\/08\/Taban.webp","type":"image\/webp"}],"author":"www.leprojecteurguinee.com","twitter_card":"summary_large_image","twitter_misc":{"\u00c9crit par":"www.leprojecteurguinee.com","Dur\u00e9e de lecture estim\u00e9e":"1 minute"},"schema":{"@context":"https:\/\/schema.org","@graph":[{"@type":"Article","@id":"https:\/\/www.leprojecteurguinee.com\/index.php\/2025\/08\/16\/le-journaliste-taban-sylla-decede-a-tunis\/#article","isPartOf":{"@id":"https:\/\/www.leprojecteurguinee.com\/index.php\/2025\/08\/16\/le-journaliste-taban-sylla-decede-a-tunis\/"},"author":{"name":"www.leprojecteurguinee.com","@id":"https:\/\/www.leprojecteurguinee.com\/#\/schema\/person\/c9d1602e593b11af0b295bdf5e12a59a"},"headline":"Le journaliste Taban Sylla d\u00e9c\u00e8de \u00e0 Tunis","datePublished":"2025-08-16T11:20:32+00:00","dateModified":"2025-08-16T11:47:01+00:00","mainEntityOfPage":{"@id":"https:\/\/www.leprojecteurguinee.com\/index.php\/2025\/08\/16\/le-journaliste-taban-sylla-decede-a-tunis\/"},"wordCount":122,"commentCount":0,"image":{"@id":"https:\/\/www.leprojecteurguinee.com\/index.php\/2025\/08\/16\/le-journaliste-taban-sylla-decede-a-tunis\/#primaryimage"},"thumbnailUrl":"https:\/\/www.leprojecteurguinee.com\/wp-content\/uploads\/2025\/08\/Taban.webp","articleSection":["Soci\u00e9t\u00e9"],"inLanguage":"fr-FR","potentialAction":[{"@type":"CommentAction","name":"Comment","target":["https:\/\/www.leprojecteurguinee.com\/index.php\/2025\/08\/16\/le-journaliste-taban-sylla-decede-a-tunis\/#respond"]}]},{"@type":"WebPage","@id":"https:\/\/www.leprojecteurguinee.com\/index.php\/2025\/08\/16\/le-journaliste-taban-sylla-decede-a-tunis\/","url":"https:\/\/www.leprojecteurguinee.com\/index.php\/2025\/08\/16\/le-journaliste-taban-sylla-decede-a-tunis\/","name":"Le journaliste Taban Sylla d\u00e9c\u00e8de \u00e0 Tunis - leprojecteurguinee","isPartOf":{"@id":"https:\/\/www.leprojecteurguinee.com\/#website"},"primaryImageOfPage":{"@id":"https:\/\/www.leprojecteurguinee.com\/index.php\/2025\/08\/16\/le-journaliste-taban-sylla-decede-a-tunis\/#primaryimage"},"image":{"@id":"https:\/\/www.leprojecteurguinee.com\/index.php\/2025\/08\/16\/le-journaliste-taban-sylla-decede-a-tunis\/#primaryimage"},"thumbnailUrl":"https:\/\/www.leprojecteurguinee.com\/wp-content\/uploads\/2025\/08\/Taban.webp","datePublished":"2025-08-16T11:20:32+00:00","dateModified":"2025-08-16T11:47:01+00:00","author":{"@id":"https:\/\/www.leprojecteurguinee.com\/#\/schema\/person\/c9d1602e593b11af0b295bdf5e12a59a"},"breadcrumb":{"@id":"https:\/\/www.leprojecteurguinee.com\/index.php\/2025\/08\/16\/le-journaliste-taban-sylla-decede-a-tunis\/#breadcrumb"},"inLanguage":"fr-FR","potentialAction":[{"@type":"ReadAction","target":["https:\/\/www.leprojecteurguinee.com\/index.php\/2025\/08\/16\/le-journaliste-taban-sylla-decede-a-tunis\/"]}]},{"@type":"ImageObject","inLanguage":"fr-FR","@id":"https:\/\/www.leprojecteurguinee.com\/index.php\/2025\/08\/16\/le-journaliste-taban-sylla-decede-a-tunis\/#primaryimage","url":"https:\/\/www.leprojecteurguinee.com\/wp-content\/uploads\/2025\/08\/Taban.webp","contentUrl":"https:\/\/www.leprojecteurguinee.com\/wp-content\/uploads\/2025\/08\/Taban.webp","width":720,"height":659},{"@type":"BreadcrumbList","@id":"https:\/\/www.leprojecteurguinee.com\/index.php\/2025\/08\/16\/le-journaliste-taban-sylla-decede-a-tunis\/#breadcrumb","itemListElement":[{"@type":"ListItem","position":1,"name":"Accueil","item":"https:\/\/www.leprojecteurguinee.com\/"},{"@type":"ListItem","position":2,"name":"Le journaliste Taban Sylla d\u00e9c\u00e8de \u00e0 Tunis"}]},{"@type":"WebSite","@id":"https:\/\/www.leprojecteurguinee.com\/#website","url":"https:\/\/www.leprojecteurguinee.com\/","name":"leprojecteurguinee","description":"Nous luttons contre les pratiques obscures","potentialAction":[{"@type":"SearchAction","target":{"@type":"EntryPoint","urlTemplate":"https:\/\/www.leprojecteurguinee.com\/?s={search_term_string}"},"query-input":{"@type":"PropertyValueSpecification","valueRequired":true,"valueName":"search_term_string"}}],"inLanguage":"fr-FR"},{"@type":"Person","@id":"https:\/\/www.leprojecteurguinee.com\/#\/schema\/person\/c9d1602e593b11af0b295bdf5e12a59a","name":"www.leprojecteurguinee.com","image":{"@type":"ImageObject","inLanguage":"fr-FR","@id":"https:\/\/www.leprojecteurguinee.com\/#\/schema\/person\/image\/","url":"https:\/\/secure.gravatar.com\/avatar\/d73703fcd03dcba36d2bb23326e491935423a46800f1ebf8f61b70e62b70e55a?s=96&d=mm&r=g","contentUrl":"https:\/\/secure.gravatar.com\/avatar\/d73703fcd03dcba36d2bb23326e491935423a46800f1ebf8f61b70e62b70e55a?s=96&d=mm&r=g","caption":"www.leprojecteurguinee.com"},"description":"Administrateur G\u00e9n\u00e9ral","sameAs":["http:\/\/www.leprojeceteurguinee.com"],"url":"https:\/\/www.leprojecteurguinee.com\/index.php\/author\/fadigagn\/"}]}},"_links":{"self":[{"href":"https:\/\/www.leprojecteurguinee.com\/index.php\/wp-json\/wp\/v2\/posts\/13207","targetHints":{"allow":["GET"]}}],"collection":[{"href":"https:\/\/www.leprojecteurguinee.com\/index.php\/wp-json\/wp\/v2\/posts"}],"about":[{"href":"https:\/\/www.leprojecteurguinee.com\/index.php\/wp-json\/wp\/v2\/types\/post"}],"author":[{"embeddable":true,"href":"https:\/\/www.leprojecteurguinee.com\/index.php\/wp-json\/wp\/v2\/users\/2"}],"replies":[{"embeddable":true,"href":"https:\/\/www.leprojecteurguinee.com\/index.php\/wp-json\/wp\/v2\/comments?post=13207"}],"version-history":[{"count":0,"href":"https:\/\/www.leprojecteurguinee.com\/index.php\/wp-json\/wp\/v2\/posts\/13207\/revisions"}],"wp:featuredmedia":[{"embeddable":true,"href":"https:\/\/www.leprojecteurguinee.com\/index.php\/wp-json\/wp\/v2\/media\/13208"}],"wp:attachment":[{"href":"https:\/\/www.leprojecteurguinee.com\/index.php\/wp-json\/wp\/v2\/media?parent=13207"}],"wp:term":[{"taxonomy":"category","embeddable":true,"href":"https:\/\/www.leprojecteurguinee.com\/index.php\/wp-json\/wp\/v2\/categories?post=13207"},{"taxonomy":"post_tag","embeddable":true,"href":"https:\/\/www.leprojecteurguinee.com\/index.php\/wp-json\/wp\/v2\/tags?post=13207"}],"curies":[{"name":"wp","href":"https:\/\/api.w.org\/{rel}","templated":true}]}}