{"id":13203,"date":"2025-08-13T21:12:28","date_gmt":"2025-08-13T21:12:28","guid":{"rendered":"https:\/\/www.leprojecteurguinee.com\/?p=13203"},"modified":"2025-08-13T21:12:38","modified_gmt":"2025-08-13T21:12:38","slug":"mobilisation-pour-le-president-general-mamadi-doumbouya-cheick-nbany-et-soumah-veulent-tenir-tete-a-makanera","status":"publish","type":"post","link":"https:\/\/www.leprojecteurguinee.com\/index.php\/2025\/08\/13\/mobilisation-pour-le-president-general-mamadi-doumbouya-cheick-nbany-et-soumah-veulent-tenir-tete-a-makanera\/","title":{"rendered":"Mobilisation pour le Pr\u00e9sident G\u00e9n\u00e9ral Mamadi Doumbouya : Cheick, N&rsquo;bany et Soumah veulent tenir t\u00eate \u00e0 Makan\u00e9ra&#8230;"},"content":{"rendered":"<p>L\u2019\u00e9clatement de la Synergie GMD25 est act\u00e9. Une frange reste avec Alhoussein Makanera Kak\u00e9, coordinateur national du mouvement. L\u2019autre est partie avec Cheick Traor\u00e9, anciennement secr\u00e9taire ex\u00e9cutif national. C\u2019est cette derni\u00e8re frange qui a \u00e9t\u00e9 absorb\u00e9e ce mercredi 13 ao\u00fbt 2025 par l\u2019Alliance des Forces Patriotiques dirig\u00e9e par Aboubacar Soumah \u00e0 travers la signature d\u2019un protocole de fusion.<\/p>\n<p>Dans le discours qu\u2019il a servi \u00e0 cette occasion, Cheick Traor\u00e9 assure qu\u2019il est parti avec la Synergie GMD25 et toutes ses composantes.<\/p>\n<p><em>\u00ab\u00a0En ce jour solennel, nous, dirigeants, cadres et membres de la Synergie GMD25 et de l\u2019AFP, unissons nos voix et proclamons avec fiert\u00e9, devant le peuple de Guin\u00e9e et devant l\u2019histoire, la fusion-absorption de notre mouvement par l\u2019Alliance des Forces Patriotiques (\u2026) \u00c0 compter de ce jour, toutes les structures, antennes et coordinations de la Synergie rejoignent pleinement l\u2019AFP et agiront dans le strict respect de ses orientations strat\u00e9giques, sous un seul mot d\u2019ordre, unit\u00e9, discipline, victoire \u00bb<\/em>, a-t-il d\u00e9clar\u00e9.<\/p>\n<p>La d\u00e9marche de l\u2019ancien secr\u00e9taire ex\u00e9cutif national de la Synergie n\u2019est pas partag\u00e9e par son d\u00e9sormais ex collaborateur qui est Alhoussein Makanera Kak\u00e9. Ce dernier nous confiait mardi 12 ao\u00fbt 2025 \u00e0 Mosaiqueguinee qu\u2019il n\u2019est pas du tout concern\u00e9 par cette fusion et qu\u2019il \u00e9tait \u00e0 l\u2019int\u00e9rieur du pays pour valider les antennes r\u00e9gionales dudit mouvement.<\/p>\n<p>Source : mosaiqueguinee.com<\/p>\n<p>Le titre engage Leprojecteurguinee.com<\/p>\n","protected":false},"excerpt":{"rendered":"<p>L\u2019\u00e9clatement de la Synergie GMD25 est act\u00e9. Une frange reste avec Alhoussein Makanera Kak\u00e9, coordinateur national du mouvement. L\u2019autre est partie avec Cheick Traor\u00e9, anciennement secr\u00e9taire ex\u00e9cutif national. C\u2019est cette derni\u00e8re frange qui a \u00e9t\u00e9 absorb\u00e9e ce mercredi 13 ao\u00fbt 2025 par l\u2019Alliance des Forces Patriotiques dirig\u00e9e par Aboubacar Soumah \u00e0 travers la signature d\u2019un [&hellip;]<\/p>\n","protected":false},"author":2,"featured_media":13204,"comment_status":"open","ping_status":"open","sticky":false,"template":"","format":"standard","meta":{"footnotes":""},"categories":[80],"tags":[],"class_list":["post-13203","post","type-post","status-publish","format-standard","has-post-thumbnail","hentry","category-politique"],"yoast_head":"<!-- This site is optimized with the Yoast SEO plugin v26.8 - https:\/\/yoast.com\/product\/yoast-seo-wordpress\/ -->\n<title>Mobilisation pour le Pr\u00e9sident G\u00e9n\u00e9ral Mamadi Doumbouya : Cheick, N&#039;bany et Soumah veulent tenir t\u00eate \u00e0 Makan\u00e9ra... - leprojecteurguinee<\/title>\n<meta name=\"robots\" content=\"index, follow, max-snippet:-1, max-image-preview:large, max-video-preview:-1\" \/>\n<link rel=\"canonical\" href=\"https:\/\/www.leprojecteurguinee.com\/index.php\/2025\/08\/13\/mobilisation-pour-le-president-general-mamadi-doumbouya-cheick-nbany-et-soumah-veulent-tenir-tete-a-makanera\/\" \/>\n<meta property=\"og:locale\" content=\"fr_FR\" \/>\n<meta property=\"og:type\" content=\"article\" \/>\n<meta property=\"og:title\" content=\"Mobilisation pour le Pr\u00e9sident G\u00e9n\u00e9ral Mamadi Doumbouya : Cheick, N&#039;bany et Soumah veulent tenir t\u00eate \u00e0 Makan\u00e9ra... - leprojecteurguinee\" \/>\n<meta property=\"og:description\" content=\"L\u2019\u00e9clatement de la Synergie GMD25 est act\u00e9. Une frange reste avec Alhoussein Makanera Kak\u00e9, coordinateur national du mouvement. L\u2019autre est partie avec Cheick Traor\u00e9, anciennement secr\u00e9taire ex\u00e9cutif national. C\u2019est cette derni\u00e8re frange qui a \u00e9t\u00e9 absorb\u00e9e ce mercredi 13 ao\u00fbt 2025 par l\u2019Alliance des Forces Patriotiques dirig\u00e9e par Aboubacar Soumah \u00e0 travers la signature d\u2019un [&hellip;]\" \/>\n<meta property=\"og:url\" content=\"https:\/\/www.leprojecteurguinee.com\/index.php\/2025\/08\/13\/mobilisation-pour-le-president-general-mamadi-doumbouya-cheick-nbany-et-soumah-veulent-tenir-tete-a-makanera\/\" \/>\n<meta property=\"og:site_name\" content=\"leprojecteurguinee\" \/>\n<meta property=\"article:published_time\" content=\"2025-08-13T21:12:28+00:00\" \/>\n<meta property=\"article:modified_time\" content=\"2025-08-13T21:12:38+00:00\" \/>\n<meta property=\"og:image\" content=\"https:\/\/www.leprojecteurguinee.com\/wp-content\/uploads\/2025\/08\/Cheick-Traore-et-lAFP.webp\" \/>\n\t<meta property=\"og:image:width\" content=\"700\" \/>\n\t<meta property=\"og:image:height\" content=\"375\" \/>\n\t<meta property=\"og:image:type\" content=\"image\/webp\" \/>\n<meta name=\"author\" content=\"www.leprojecteurguinee.com\" \/>\n<meta name=\"twitter:card\" content=\"summary_large_image\" \/>\n<meta name=\"twitter:label1\" content=\"\u00c9crit par\" \/>\n\t<meta name=\"twitter:data1\" content=\"www.leprojecteurguinee.com\" \/>\n\t<meta name=\"twitter:label2\" content=\"Dur\u00e9e de lecture estim\u00e9e\" \/>\n\t<meta name=\"twitter:data2\" content=\"2 minutes\" \/>\n<script type=\"application\/ld+json\" class=\"yoast-schema-graph\">{\"@context\":\"https:\/\/schema.org\",\"@graph\":[{\"@type\":\"Article\",\"@id\":\"https:\/\/www.leprojecteurguinee.com\/index.php\/2025\/08\/13\/mobilisation-pour-le-president-general-mamadi-doumbouya-cheick-nbany-et-soumah-veulent-tenir-tete-a-makanera\/#article\",\"isPartOf\":{\"@id\":\"https:\/\/www.leprojecteurguinee.com\/index.php\/2025\/08\/13\/mobilisation-pour-le-president-general-mamadi-doumbouya-cheick-nbany-et-soumah-veulent-tenir-tete-a-makanera\/\"},\"author\":{\"name\":\"www.leprojecteurguinee.com\",\"@id\":\"https:\/\/www.leprojecteurguinee.com\/#\/schema\/person\/c9d1602e593b11af0b295bdf5e12a59a\"},\"headline\":\"Mobilisation pour le Pr\u00e9sident G\u00e9n\u00e9ral Mamadi Doumbouya : Cheick, N&rsquo;bany et Soumah veulent tenir t\u00eate \u00e0 Makan\u00e9ra&#8230;\",\"datePublished\":\"2025-08-13T21:12:28+00:00\",\"dateModified\":\"2025-08-13T21:12:38+00:00\",\"mainEntityOfPage\":{\"@id\":\"https:\/\/www.leprojecteurguinee.com\/index.php\/2025\/08\/13\/mobilisation-pour-le-president-general-mamadi-doumbouya-cheick-nbany-et-soumah-veulent-tenir-tete-a-makanera\/\"},\"wordCount\":270,\"commentCount\":0,\"image\":{\"@id\":\"https:\/\/www.leprojecteurguinee.com\/index.php\/2025\/08\/13\/mobilisation-pour-le-president-general-mamadi-doumbouya-cheick-nbany-et-soumah-veulent-tenir-tete-a-makanera\/#primaryimage\"},\"thumbnailUrl\":\"https:\/\/www.leprojecteurguinee.com\/wp-content\/uploads\/2025\/08\/Cheick-Traore-et-lAFP.webp\",\"articleSection\":[\"Politique\"],\"inLanguage\":\"fr-FR\",\"potentialAction\":[{\"@type\":\"CommentAction\",\"name\":\"Comment\",\"target\":[\"https:\/\/www.leprojecteurguinee.com\/index.php\/2025\/08\/13\/mobilisation-pour-le-president-general-mamadi-doumbouya-cheick-nbany-et-soumah-veulent-tenir-tete-a-makanera\/#respond\"]}]},{\"@type\":\"WebPage\",\"@id\":\"https:\/\/www.leprojecteurguinee.com\/index.php\/2025\/08\/13\/mobilisation-pour-le-president-general-mamadi-doumbouya-cheick-nbany-et-soumah-veulent-tenir-tete-a-makanera\/\",\"url\":\"https:\/\/www.leprojecteurguinee.com\/index.php\/2025\/08\/13\/mobilisation-pour-le-president-general-mamadi-doumbouya-cheick-nbany-et-soumah-veulent-tenir-tete-a-makanera\/\",\"name\":\"Mobilisation pour le Pr\u00e9sident G\u00e9n\u00e9ral Mamadi Doumbouya : Cheick, N'bany et Soumah veulent tenir t\u00eate \u00e0 Makan\u00e9ra... - leprojecteurguinee\",\"isPartOf\":{\"@id\":\"https:\/\/www.leprojecteurguinee.com\/#website\"},\"primaryImageOfPage\":{\"@id\":\"https:\/\/www.leprojecteurguinee.com\/index.php\/2025\/08\/13\/mobilisation-pour-le-president-general-mamadi-doumbouya-cheick-nbany-et-soumah-veulent-tenir-tete-a-makanera\/#primaryimage\"},\"image\":{\"@id\":\"https:\/\/www.leprojecteurguinee.com\/index.php\/2025\/08\/13\/mobilisation-pour-le-president-general-mamadi-doumbouya-cheick-nbany-et-soumah-veulent-tenir-tete-a-makanera\/#primaryimage\"},\"thumbnailUrl\":\"https:\/\/www.leprojecteurguinee.com\/wp-content\/uploads\/2025\/08\/Cheick-Traore-et-lAFP.webp\",\"datePublished\":\"2025-08-13T21:12:28+00:00\",\"dateModified\":\"2025-08-13T21:12:38+00:00\",\"author\":{\"@id\":\"https:\/\/www.leprojecteurguinee.com\/#\/schema\/person\/c9d1602e593b11af0b295bdf5e12a59a\"},\"breadcrumb\":{\"@id\":\"https:\/\/www.leprojecteurguinee.com\/index.php\/2025\/08\/13\/mobilisation-pour-le-president-general-mamadi-doumbouya-cheick-nbany-et-soumah-veulent-tenir-tete-a-makanera\/#breadcrumb\"},\"inLanguage\":\"fr-FR\",\"potentialAction\":[{\"@type\":\"ReadAction\",\"target\":[\"https:\/\/www.leprojecteurguinee.com\/index.php\/2025\/08\/13\/mobilisation-pour-le-president-general-mamadi-doumbouya-cheick-nbany-et-soumah-veulent-tenir-tete-a-makanera\/\"]}]},{\"@type\":\"ImageObject\",\"inLanguage\":\"fr-FR\",\"@id\":\"https:\/\/www.leprojecteurguinee.com\/index.php\/2025\/08\/13\/mobilisation-pour-le-president-general-mamadi-doumbouya-cheick-nbany-et-soumah-veulent-tenir-tete-a-makanera\/#primaryimage\",\"url\":\"https:\/\/www.leprojecteurguinee.com\/wp-content\/uploads\/2025\/08\/Cheick-Traore-et-lAFP.webp\",\"contentUrl\":\"https:\/\/www.leprojecteurguinee.com\/wp-content\/uploads\/2025\/08\/Cheick-Traore-et-lAFP.webp\",\"width\":700,\"height\":375},{\"@type\":\"BreadcrumbList\",\"@id\":\"https:\/\/www.leprojecteurguinee.com\/index.php\/2025\/08\/13\/mobilisation-pour-le-president-general-mamadi-doumbouya-cheick-nbany-et-soumah-veulent-tenir-tete-a-makanera\/#breadcrumb\",\"itemListElement\":[{\"@type\":\"ListItem\",\"position\":1,\"name\":\"Accueil\",\"item\":\"https:\/\/www.leprojecteurguinee.com\/\"},{\"@type\":\"ListItem\",\"position\":2,\"name\":\"Mobilisation pour le Pr\u00e9sident G\u00e9n\u00e9ral Mamadi Doumbouya : Cheick, N&rsquo;bany et Soumah veulent tenir t\u00eate \u00e0 Makan\u00e9ra&#8230;\"}]},{\"@type\":\"WebSite\",\"@id\":\"https:\/\/www.leprojecteurguinee.com\/#website\",\"url\":\"https:\/\/www.leprojecteurguinee.com\/\",\"name\":\"leprojecteurguinee\",\"description\":\"Nous luttons contre les pratiques obscures\",\"potentialAction\":[{\"@type\":\"SearchAction\",\"target\":{\"@type\":\"EntryPoint\",\"urlTemplate\":\"https:\/\/www.leprojecteurguinee.com\/?s={search_term_string}\"},\"query-input\":{\"@type\":\"PropertyValueSpecification\",\"valueRequired\":true,\"valueName\":\"search_term_string\"}}],\"inLanguage\":\"fr-FR\"},{\"@type\":\"Person\",\"@id\":\"https:\/\/www.leprojecteurguinee.com\/#\/schema\/person\/c9d1602e593b11af0b295bdf5e12a59a\",\"name\":\"www.leprojecteurguinee.com\",\"image\":{\"@type\":\"ImageObject\",\"inLanguage\":\"fr-FR\",\"@id\":\"https:\/\/www.leprojecteurguinee.com\/#\/schema\/person\/image\/\",\"url\":\"https:\/\/secure.gravatar.com\/avatar\/d73703fcd03dcba36d2bb23326e491935423a46800f1ebf8f61b70e62b70e55a?s=96&d=mm&r=g\",\"contentUrl\":\"https:\/\/secure.gravatar.com\/avatar\/d73703fcd03dcba36d2bb23326e491935423a46800f1ebf8f61b70e62b70e55a?s=96&d=mm&r=g\",\"caption\":\"www.leprojecteurguinee.com\"},\"description\":\"Administrateur G\u00e9n\u00e9ral\",\"sameAs\":[\"http:\/\/www.leprojeceteurguinee.com\"],\"url\":\"https:\/\/www.leprojecteurguinee.com\/index.php\/author\/fadigagn\/\"}]}<\/script>\n<!-- \/ Yoast SEO plugin. -->","yoast_head_json":{"title":"Mobilisation pour le Pr\u00e9sident G\u00e9n\u00e9ral Mamadi Doumbouya : Cheick, N'bany et Soumah veulent tenir t\u00eate \u00e0 Makan\u00e9ra... - leprojecteurguinee","robots":{"index":"index","follow":"follow","max-snippet":"max-snippet:-1","max-image-preview":"max-image-preview:large","max-video-preview":"max-video-preview:-1"},"canonical":"https:\/\/www.leprojecteurguinee.com\/index.php\/2025\/08\/13\/mobilisation-pour-le-president-general-mamadi-doumbouya-cheick-nbany-et-soumah-veulent-tenir-tete-a-makanera\/","og_locale":"fr_FR","og_type":"article","og_title":"Mobilisation pour le Pr\u00e9sident G\u00e9n\u00e9ral Mamadi Doumbouya : Cheick, N'bany et Soumah veulent tenir t\u00eate \u00e0 Makan\u00e9ra... - leprojecteurguinee","og_description":"L\u2019\u00e9clatement de la Synergie GMD25 est act\u00e9. Une frange reste avec Alhoussein Makanera Kak\u00e9, coordinateur national du mouvement. L\u2019autre est partie avec Cheick Traor\u00e9, anciennement secr\u00e9taire ex\u00e9cutif national. C\u2019est cette derni\u00e8re frange qui a \u00e9t\u00e9 absorb\u00e9e ce mercredi 13 ao\u00fbt 2025 par l\u2019Alliance des Forces Patriotiques dirig\u00e9e par Aboubacar Soumah \u00e0 travers la signature d\u2019un [&hellip;]","og_url":"https:\/\/www.leprojecteurguinee.com\/index.php\/2025\/08\/13\/mobilisation-pour-le-president-general-mamadi-doumbouya-cheick-nbany-et-soumah-veulent-tenir-tete-a-makanera\/","og_site_name":"leprojecteurguinee","article_published_time":"2025-08-13T21:12:28+00:00","article_modified_time":"2025-08-13T21:12:38+00:00","og_image":[{"width":700,"height":375,"url":"https:\/\/www.leprojecteurguinee.com\/wp-content\/uploads\/2025\/08\/Cheick-Traore-et-lAFP.webp","type":"image\/webp"}],"author":"www.leprojecteurguinee.com","twitter_card":"summary_large_image","twitter_misc":{"\u00c9crit par":"www.leprojecteurguinee.com","Dur\u00e9e de lecture estim\u00e9e":"2 minutes"},"schema":{"@context":"https:\/\/schema.org","@graph":[{"@type":"Article","@id":"https:\/\/www.leprojecteurguinee.com\/index.php\/2025\/08\/13\/mobilisation-pour-le-president-general-mamadi-doumbouya-cheick-nbany-et-soumah-veulent-tenir-tete-a-makanera\/#article","isPartOf":{"@id":"https:\/\/www.leprojecteurguinee.com\/index.php\/2025\/08\/13\/mobilisation-pour-le-president-general-mamadi-doumbouya-cheick-nbany-et-soumah-veulent-tenir-tete-a-makanera\/"},"author":{"name":"www.leprojecteurguinee.com","@id":"https:\/\/www.leprojecteurguinee.com\/#\/schema\/person\/c9d1602e593b11af0b295bdf5e12a59a"},"headline":"Mobilisation pour le Pr\u00e9sident G\u00e9n\u00e9ral Mamadi Doumbouya : Cheick, N&rsquo;bany et Soumah veulent tenir t\u00eate \u00e0 Makan\u00e9ra&#8230;","datePublished":"2025-08-13T21:12:28+00:00","dateModified":"2025-08-13T21:12:38+00:00","mainEntityOfPage":{"@id":"https:\/\/www.leprojecteurguinee.com\/index.php\/2025\/08\/13\/mobilisation-pour-le-president-general-mamadi-doumbouya-cheick-nbany-et-soumah-veulent-tenir-tete-a-makanera\/"},"wordCount":270,"commentCount":0,"image":{"@id":"https:\/\/www.leprojecteurguinee.com\/index.php\/2025\/08\/13\/mobilisation-pour-le-president-general-mamadi-doumbouya-cheick-nbany-et-soumah-veulent-tenir-tete-a-makanera\/#primaryimage"},"thumbnailUrl":"https:\/\/www.leprojecteurguinee.com\/wp-content\/uploads\/2025\/08\/Cheick-Traore-et-lAFP.webp","articleSection":["Politique"],"inLanguage":"fr-FR","potentialAction":[{"@type":"CommentAction","name":"Comment","target":["https:\/\/www.leprojecteurguinee.com\/index.php\/2025\/08\/13\/mobilisation-pour-le-president-general-mamadi-doumbouya-cheick-nbany-et-soumah-veulent-tenir-tete-a-makanera\/#respond"]}]},{"@type":"WebPage","@id":"https:\/\/www.leprojecteurguinee.com\/index.php\/2025\/08\/13\/mobilisation-pour-le-president-general-mamadi-doumbouya-cheick-nbany-et-soumah-veulent-tenir-tete-a-makanera\/","url":"https:\/\/www.leprojecteurguinee.com\/index.php\/2025\/08\/13\/mobilisation-pour-le-president-general-mamadi-doumbouya-cheick-nbany-et-soumah-veulent-tenir-tete-a-makanera\/","name":"Mobilisation pour le Pr\u00e9sident G\u00e9n\u00e9ral Mamadi Doumbouya : Cheick, N'bany et Soumah veulent tenir t\u00eate \u00e0 Makan\u00e9ra... - leprojecteurguinee","isPartOf":{"@id":"https:\/\/www.leprojecteurguinee.com\/#website"},"primaryImageOfPage":{"@id":"https:\/\/www.leprojecteurguinee.com\/index.php\/2025\/08\/13\/mobilisation-pour-le-president-general-mamadi-doumbouya-cheick-nbany-et-soumah-veulent-tenir-tete-a-makanera\/#primaryimage"},"image":{"@id":"https:\/\/www.leprojecteurguinee.com\/index.php\/2025\/08\/13\/mobilisation-pour-le-president-general-mamadi-doumbouya-cheick-nbany-et-soumah-veulent-tenir-tete-a-makanera\/#primaryimage"},"thumbnailUrl":"https:\/\/www.leprojecteurguinee.com\/wp-content\/uploads\/2025\/08\/Cheick-Traore-et-lAFP.webp","datePublished":"2025-08-13T21:12:28+00:00","dateModified":"2025-08-13T21:12:38+00:00","author":{"@id":"https:\/\/www.leprojecteurguinee.com\/#\/schema\/person\/c9d1602e593b11af0b295bdf5e12a59a"},"breadcrumb":{"@id":"https:\/\/www.leprojecteurguinee.com\/index.php\/2025\/08\/13\/mobilisation-pour-le-president-general-mamadi-doumbouya-cheick-nbany-et-soumah-veulent-tenir-tete-a-makanera\/#breadcrumb"},"inLanguage":"fr-FR","potentialAction":[{"@type":"ReadAction","target":["https:\/\/www.leprojecteurguinee.com\/index.php\/2025\/08\/13\/mobilisation-pour-le-president-general-mamadi-doumbouya-cheick-nbany-et-soumah-veulent-tenir-tete-a-makanera\/"]}]},{"@type":"ImageObject","inLanguage":"fr-FR","@id":"https:\/\/www.leprojecteurguinee.com\/index.php\/2025\/08\/13\/mobilisation-pour-le-president-general-mamadi-doumbouya-cheick-nbany-et-soumah-veulent-tenir-tete-a-makanera\/#primaryimage","url":"https:\/\/www.leprojecteurguinee.com\/wp-content\/uploads\/2025\/08\/Cheick-Traore-et-lAFP.webp","contentUrl":"https:\/\/www.leprojecteurguinee.com\/wp-content\/uploads\/2025\/08\/Cheick-Traore-et-lAFP.webp","width":700,"height":375},{"@type":"BreadcrumbList","@id":"https:\/\/www.leprojecteurguinee.com\/index.php\/2025\/08\/13\/mobilisation-pour-le-president-general-mamadi-doumbouya-cheick-nbany-et-soumah-veulent-tenir-tete-a-makanera\/#breadcrumb","itemListElement":[{"@type":"ListItem","position":1,"name":"Accueil","item":"https:\/\/www.leprojecteurguinee.com\/"},{"@type":"ListItem","position":2,"name":"Mobilisation pour le Pr\u00e9sident G\u00e9n\u00e9ral Mamadi Doumbouya : Cheick, N&rsquo;bany et Soumah veulent tenir t\u00eate \u00e0 Makan\u00e9ra&#8230;"}]},{"@type":"WebSite","@id":"https:\/\/www.leprojecteurguinee.com\/#website","url":"https:\/\/www.leprojecteurguinee.com\/","name":"leprojecteurguinee","description":"Nous luttons contre les pratiques obscures","potentialAction":[{"@type":"SearchAction","target":{"@type":"EntryPoint","urlTemplate":"https:\/\/www.leprojecteurguinee.com\/?s={search_term_string}"},"query-input":{"@type":"PropertyValueSpecification","valueRequired":true,"valueName":"search_term_string"}}],"inLanguage":"fr-FR"},{"@type":"Person","@id":"https:\/\/www.leprojecteurguinee.com\/#\/schema\/person\/c9d1602e593b11af0b295bdf5e12a59a","name":"www.leprojecteurguinee.com","image":{"@type":"ImageObject","inLanguage":"fr-FR","@id":"https:\/\/www.leprojecteurguinee.com\/#\/schema\/person\/image\/","url":"https:\/\/secure.gravatar.com\/avatar\/d73703fcd03dcba36d2bb23326e491935423a46800f1ebf8f61b70e62b70e55a?s=96&d=mm&r=g","contentUrl":"https:\/\/secure.gravatar.com\/avatar\/d73703fcd03dcba36d2bb23326e491935423a46800f1ebf8f61b70e62b70e55a?s=96&d=mm&r=g","caption":"www.leprojecteurguinee.com"},"description":"Administrateur G\u00e9n\u00e9ral","sameAs":["http:\/\/www.leprojeceteurguinee.com"],"url":"https:\/\/www.leprojecteurguinee.com\/index.php\/author\/fadigagn\/"}]}},"_links":{"self":[{"href":"https:\/\/www.leprojecteurguinee.com\/index.php\/wp-json\/wp\/v2\/posts\/13203","targetHints":{"allow":["GET"]}}],"collection":[{"href":"https:\/\/www.leprojecteurguinee.com\/index.php\/wp-json\/wp\/v2\/posts"}],"about":[{"href":"https:\/\/www.leprojecteurguinee.com\/index.php\/wp-json\/wp\/v2\/types\/post"}],"author":[{"embeddable":true,"href":"https:\/\/www.leprojecteurguinee.com\/index.php\/wp-json\/wp\/v2\/users\/2"}],"replies":[{"embeddable":true,"href":"https:\/\/www.leprojecteurguinee.com\/index.php\/wp-json\/wp\/v2\/comments?post=13203"}],"version-history":[{"count":0,"href":"https:\/\/www.leprojecteurguinee.com\/index.php\/wp-json\/wp\/v2\/posts\/13203\/revisions"}],"wp:featuredmedia":[{"embeddable":true,"href":"https:\/\/www.leprojecteurguinee.com\/index.php\/wp-json\/wp\/v2\/media\/13204"}],"wp:attachment":[{"href":"https:\/\/www.leprojecteurguinee.com\/index.php\/wp-json\/wp\/v2\/media?parent=13203"}],"wp:term":[{"taxonomy":"category","embeddable":true,"href":"https:\/\/www.leprojecteurguinee.com\/index.php\/wp-json\/wp\/v2\/categories?post=13203"},{"taxonomy":"post_tag","embeddable":true,"href":"https:\/\/www.leprojecteurguinee.com\/index.php\/wp-json\/wp\/v2\/tags?post=13203"}],"curies":[{"name":"wp","href":"https:\/\/api.w.org\/{rel}","templated":true}]}}