{"id":13191,"date":"2025-08-13T01:13:52","date_gmt":"2025-08-13T01:13:52","guid":{"rendered":"https:\/\/www.leprojecteurguinee.com\/?p=13191"},"modified":"2025-08-13T01:14:10","modified_gmt":"2025-08-13T01:14:10","slug":"mali-lancien-premier-ministre-choguel-maiga-place-en-garde-a-vue-pour-atteinte-aux-biens-publics","status":"publish","type":"post","link":"https:\/\/www.leprojecteurguinee.com\/index.php\/2025\/08\/13\/mali-lancien-premier-ministre-choguel-maiga-place-en-garde-a-vue-pour-atteinte-aux-biens-publics\/","title":{"rendered":"Mali : l\u2019ancien premier ministre Choguel Ma\u00efga plac\u00e9 en garde \u00e0 vue pour atteinte aux biens publics"},"content":{"rendered":"<p>L\u2019ex-premier ministre malien, Choguel Kokala Ma\u00efga, un de ses ex-directeurs de cabinet et trois de ses ex-directeurs administratifs et financiers passent cette nuit en garde \u00e0 vue \u00e0 Bamako.<\/p>\n<p>Ils y ont \u00e9t\u00e9 plac\u00e9s dans l\u2019apr\u00e8s-midi de ce mardi 12 ao\u00fbt 2025 aux environs de 16 heures par la brigade du p\u00f4le national \u00e9conomique et financier.<\/p>\n<p>Ils sont reproch\u00e9s d\u2019atteinte aux biens publics, faux et usage de faux. Les mis en cause ont \u00e9t\u00e9 auditionn\u00e9s, la premi\u00e8re fois, vendredi 1er ao\u00fbt 2025, par la m\u00eame brigade.<\/p>\n<p>Le premier ministre Choguel Kokala avait \u00e9t\u00e9 convoqu\u00e9 ce mardi en vue, selon les enqu\u00eateurs, de confrontations avec certains de ses anciens collaborateurs, a pr\u00e9cis\u00e9 un de ses avocats.<\/p>\n<p>Selon Me Cheick Oumar Konar\u00e9, son client est arriv\u00e9 au P\u00f4le \u00e0 9 heures, mais il a attendu jusqu\u2019\u00e0 14 heures sans que les confrontations annonc\u00e9es n\u2019aient lieu.<\/p>\n<p>En fin de compte, r\u00e9v\u00e8le l\u2019avocat, les agents de la brigade lui ont notifi\u00e9 formellement son placement en garde \u00e0 vue, en attendant la transmission du dossier aux autorit\u00e9s comp\u00e9tentes.<\/p>\n<p>Cette m\u00e9saventure de l\u2019ex-premier ministre et certains de ses ex collaborateurs est partie d\u2019un rapport du V\u00e9rificateur g\u00e9n\u00e9ral.<\/p>\n<p><strong>Mosaiqueguinee.com<\/strong><\/p>\n","protected":false},"excerpt":{"rendered":"<p>L\u2019ex-premier ministre malien, Choguel Kokala Ma\u00efga, un de ses ex-directeurs de cabinet et trois de ses ex-directeurs administratifs et financiers passent cette nuit en garde \u00e0 vue \u00e0 Bamako. Ils y ont \u00e9t\u00e9 plac\u00e9s dans l\u2019apr\u00e8s-midi de ce mardi 12 ao\u00fbt 2025 aux environs de 16 heures par la brigade du p\u00f4le national \u00e9conomique et [&hellip;]<\/p>\n","protected":false},"author":2,"featured_media":13197,"comment_status":"open","ping_status":"open","sticky":false,"template":"","format":"standard","meta":{"footnotes":""},"categories":[9],"tags":[],"class_list":["post-13191","post","type-post","status-publish","format-standard","has-post-thumbnail","hentry","category-afrique"],"yoast_head":"<!-- This site is optimized with the Yoast SEO plugin v26.8 - https:\/\/yoast.com\/product\/yoast-seo-wordpress\/ -->\n<title>Mali : l\u2019ancien premier ministre Choguel Ma\u00efga plac\u00e9 en garde \u00e0 vue pour atteinte aux biens publics - leprojecteurguinee<\/title>\n<meta name=\"robots\" content=\"index, follow, max-snippet:-1, max-image-preview:large, max-video-preview:-1\" \/>\n<link rel=\"canonical\" href=\"https:\/\/www.leprojecteurguinee.com\/index.php\/2025\/08\/13\/mali-lancien-premier-ministre-choguel-maiga-place-en-garde-a-vue-pour-atteinte-aux-biens-publics\/\" \/>\n<meta property=\"og:locale\" content=\"fr_FR\" \/>\n<meta property=\"og:type\" content=\"article\" \/>\n<meta property=\"og:title\" content=\"Mali : l\u2019ancien premier ministre Choguel Ma\u00efga plac\u00e9 en garde \u00e0 vue pour atteinte aux biens publics - leprojecteurguinee\" \/>\n<meta property=\"og:description\" content=\"L\u2019ex-premier ministre malien, Choguel Kokala Ma\u00efga, un de ses ex-directeurs de cabinet et trois de ses ex-directeurs administratifs et financiers passent cette nuit en garde \u00e0 vue \u00e0 Bamako. Ils y ont \u00e9t\u00e9 plac\u00e9s dans l\u2019apr\u00e8s-midi de ce mardi 12 ao\u00fbt 2025 aux environs de 16 heures par la brigade du p\u00f4le national \u00e9conomique et [&hellip;]\" \/>\n<meta property=\"og:url\" content=\"https:\/\/www.leprojecteurguinee.com\/index.php\/2025\/08\/13\/mali-lancien-premier-ministre-choguel-maiga-place-en-garde-a-vue-pour-atteinte-aux-biens-publics\/\" \/>\n<meta property=\"og:site_name\" content=\"leprojecteurguinee\" \/>\n<meta property=\"article:published_time\" content=\"2025-08-13T01:13:52+00:00\" \/>\n<meta property=\"article:modified_time\" content=\"2025-08-13T01:14:10+00:00\" \/>\n<meta property=\"og:image\" content=\"https:\/\/www.leprojecteurguinee.com\/wp-content\/uploads\/2025\/08\/chauguel.webp\" \/>\n\t<meta property=\"og:image:width\" content=\"750\" \/>\n\t<meta property=\"og:image:height\" content=\"375\" \/>\n\t<meta property=\"og:image:type\" content=\"image\/webp\" \/>\n<meta name=\"author\" content=\"www.leprojecteurguinee.com\" \/>\n<meta name=\"twitter:card\" content=\"summary_large_image\" \/>\n<meta name=\"twitter:label1\" content=\"\u00c9crit par\" \/>\n\t<meta name=\"twitter:data1\" content=\"www.leprojecteurguinee.com\" \/>\n\t<meta name=\"twitter:label2\" content=\"Dur\u00e9e de lecture estim\u00e9e\" \/>\n\t<meta name=\"twitter:data2\" content=\"2 minutes\" \/>\n<script type=\"application\/ld+json\" class=\"yoast-schema-graph\">{\"@context\":\"https:\/\/schema.org\",\"@graph\":[{\"@type\":\"Article\",\"@id\":\"https:\/\/www.leprojecteurguinee.com\/index.php\/2025\/08\/13\/mali-lancien-premier-ministre-choguel-maiga-place-en-garde-a-vue-pour-atteinte-aux-biens-publics\/#article\",\"isPartOf\":{\"@id\":\"https:\/\/www.leprojecteurguinee.com\/index.php\/2025\/08\/13\/mali-lancien-premier-ministre-choguel-maiga-place-en-garde-a-vue-pour-atteinte-aux-biens-publics\/\"},\"author\":{\"name\":\"www.leprojecteurguinee.com\",\"@id\":\"https:\/\/www.leprojecteurguinee.com\/#\/schema\/person\/c9d1602e593b11af0b295bdf5e12a59a\"},\"headline\":\"Mali : l\u2019ancien premier ministre Choguel Ma\u00efga plac\u00e9 en garde \u00e0 vue pour atteinte aux biens publics\",\"datePublished\":\"2025-08-13T01:13:52+00:00\",\"dateModified\":\"2025-08-13T01:14:10+00:00\",\"mainEntityOfPage\":{\"@id\":\"https:\/\/www.leprojecteurguinee.com\/index.php\/2025\/08\/13\/mali-lancien-premier-ministre-choguel-maiga-place-en-garde-a-vue-pour-atteinte-aux-biens-publics\/\"},\"wordCount\":229,\"commentCount\":0,\"image\":{\"@id\":\"https:\/\/www.leprojecteurguinee.com\/index.php\/2025\/08\/13\/mali-lancien-premier-ministre-choguel-maiga-place-en-garde-a-vue-pour-atteinte-aux-biens-publics\/#primaryimage\"},\"thumbnailUrl\":\"https:\/\/www.leprojecteurguinee.com\/wp-content\/uploads\/2025\/08\/chauguel.webp\",\"articleSection\":[\"Afrique\"],\"inLanguage\":\"fr-FR\",\"potentialAction\":[{\"@type\":\"CommentAction\",\"name\":\"Comment\",\"target\":[\"https:\/\/www.leprojecteurguinee.com\/index.php\/2025\/08\/13\/mali-lancien-premier-ministre-choguel-maiga-place-en-garde-a-vue-pour-atteinte-aux-biens-publics\/#respond\"]}]},{\"@type\":\"WebPage\",\"@id\":\"https:\/\/www.leprojecteurguinee.com\/index.php\/2025\/08\/13\/mali-lancien-premier-ministre-choguel-maiga-place-en-garde-a-vue-pour-atteinte-aux-biens-publics\/\",\"url\":\"https:\/\/www.leprojecteurguinee.com\/index.php\/2025\/08\/13\/mali-lancien-premier-ministre-choguel-maiga-place-en-garde-a-vue-pour-atteinte-aux-biens-publics\/\",\"name\":\"Mali : l\u2019ancien premier ministre Choguel Ma\u00efga plac\u00e9 en garde \u00e0 vue pour atteinte aux biens publics - leprojecteurguinee\",\"isPartOf\":{\"@id\":\"https:\/\/www.leprojecteurguinee.com\/#website\"},\"primaryImageOfPage\":{\"@id\":\"https:\/\/www.leprojecteurguinee.com\/index.php\/2025\/08\/13\/mali-lancien-premier-ministre-choguel-maiga-place-en-garde-a-vue-pour-atteinte-aux-biens-publics\/#primaryimage\"},\"image\":{\"@id\":\"https:\/\/www.leprojecteurguinee.com\/index.php\/2025\/08\/13\/mali-lancien-premier-ministre-choguel-maiga-place-en-garde-a-vue-pour-atteinte-aux-biens-publics\/#primaryimage\"},\"thumbnailUrl\":\"https:\/\/www.leprojecteurguinee.com\/wp-content\/uploads\/2025\/08\/chauguel.webp\",\"datePublished\":\"2025-08-13T01:13:52+00:00\",\"dateModified\":\"2025-08-13T01:14:10+00:00\",\"author\":{\"@id\":\"https:\/\/www.leprojecteurguinee.com\/#\/schema\/person\/c9d1602e593b11af0b295bdf5e12a59a\"},\"breadcrumb\":{\"@id\":\"https:\/\/www.leprojecteurguinee.com\/index.php\/2025\/08\/13\/mali-lancien-premier-ministre-choguel-maiga-place-en-garde-a-vue-pour-atteinte-aux-biens-publics\/#breadcrumb\"},\"inLanguage\":\"fr-FR\",\"potentialAction\":[{\"@type\":\"ReadAction\",\"target\":[\"https:\/\/www.leprojecteurguinee.com\/index.php\/2025\/08\/13\/mali-lancien-premier-ministre-choguel-maiga-place-en-garde-a-vue-pour-atteinte-aux-biens-publics\/\"]}]},{\"@type\":\"ImageObject\",\"inLanguage\":\"fr-FR\",\"@id\":\"https:\/\/www.leprojecteurguinee.com\/index.php\/2025\/08\/13\/mali-lancien-premier-ministre-choguel-maiga-place-en-garde-a-vue-pour-atteinte-aux-biens-publics\/#primaryimage\",\"url\":\"https:\/\/www.leprojecteurguinee.com\/wp-content\/uploads\/2025\/08\/chauguel.webp\",\"contentUrl\":\"https:\/\/www.leprojecteurguinee.com\/wp-content\/uploads\/2025\/08\/chauguel.webp\",\"width\":750,\"height\":375},{\"@type\":\"BreadcrumbList\",\"@id\":\"https:\/\/www.leprojecteurguinee.com\/index.php\/2025\/08\/13\/mali-lancien-premier-ministre-choguel-maiga-place-en-garde-a-vue-pour-atteinte-aux-biens-publics\/#breadcrumb\",\"itemListElement\":[{\"@type\":\"ListItem\",\"position\":1,\"name\":\"Accueil\",\"item\":\"https:\/\/www.leprojecteurguinee.com\/\"},{\"@type\":\"ListItem\",\"position\":2,\"name\":\"Mali : l\u2019ancien premier ministre Choguel Ma\u00efga plac\u00e9 en garde \u00e0 vue pour atteinte aux biens publics\"}]},{\"@type\":\"WebSite\",\"@id\":\"https:\/\/www.leprojecteurguinee.com\/#website\",\"url\":\"https:\/\/www.leprojecteurguinee.com\/\",\"name\":\"leprojecteurguinee\",\"description\":\"Nous luttons contre les pratiques obscures\",\"potentialAction\":[{\"@type\":\"SearchAction\",\"target\":{\"@type\":\"EntryPoint\",\"urlTemplate\":\"https:\/\/www.leprojecteurguinee.com\/?s={search_term_string}\"},\"query-input\":{\"@type\":\"PropertyValueSpecification\",\"valueRequired\":true,\"valueName\":\"search_term_string\"}}],\"inLanguage\":\"fr-FR\"},{\"@type\":\"Person\",\"@id\":\"https:\/\/www.leprojecteurguinee.com\/#\/schema\/person\/c9d1602e593b11af0b295bdf5e12a59a\",\"name\":\"www.leprojecteurguinee.com\",\"image\":{\"@type\":\"ImageObject\",\"inLanguage\":\"fr-FR\",\"@id\":\"https:\/\/www.leprojecteurguinee.com\/#\/schema\/person\/image\/\",\"url\":\"https:\/\/secure.gravatar.com\/avatar\/d73703fcd03dcba36d2bb23326e491935423a46800f1ebf8f61b70e62b70e55a?s=96&d=mm&r=g\",\"contentUrl\":\"https:\/\/secure.gravatar.com\/avatar\/d73703fcd03dcba36d2bb23326e491935423a46800f1ebf8f61b70e62b70e55a?s=96&d=mm&r=g\",\"caption\":\"www.leprojecteurguinee.com\"},\"description\":\"Administrateur G\u00e9n\u00e9ral\",\"sameAs\":[\"http:\/\/www.leprojeceteurguinee.com\"],\"url\":\"https:\/\/www.leprojecteurguinee.com\/index.php\/author\/fadigagn\/\"}]}<\/script>\n<!-- \/ Yoast SEO plugin. -->","yoast_head_json":{"title":"Mali : l\u2019ancien premier ministre Choguel Ma\u00efga plac\u00e9 en garde \u00e0 vue pour atteinte aux biens publics - leprojecteurguinee","robots":{"index":"index","follow":"follow","max-snippet":"max-snippet:-1","max-image-preview":"max-image-preview:large","max-video-preview":"max-video-preview:-1"},"canonical":"https:\/\/www.leprojecteurguinee.com\/index.php\/2025\/08\/13\/mali-lancien-premier-ministre-choguel-maiga-place-en-garde-a-vue-pour-atteinte-aux-biens-publics\/","og_locale":"fr_FR","og_type":"article","og_title":"Mali : l\u2019ancien premier ministre Choguel Ma\u00efga plac\u00e9 en garde \u00e0 vue pour atteinte aux biens publics - leprojecteurguinee","og_description":"L\u2019ex-premier ministre malien, Choguel Kokala Ma\u00efga, un de ses ex-directeurs de cabinet et trois de ses ex-directeurs administratifs et financiers passent cette nuit en garde \u00e0 vue \u00e0 Bamako. Ils y ont \u00e9t\u00e9 plac\u00e9s dans l\u2019apr\u00e8s-midi de ce mardi 12 ao\u00fbt 2025 aux environs de 16 heures par la brigade du p\u00f4le national \u00e9conomique et [&hellip;]","og_url":"https:\/\/www.leprojecteurguinee.com\/index.php\/2025\/08\/13\/mali-lancien-premier-ministre-choguel-maiga-place-en-garde-a-vue-pour-atteinte-aux-biens-publics\/","og_site_name":"leprojecteurguinee","article_published_time":"2025-08-13T01:13:52+00:00","article_modified_time":"2025-08-13T01:14:10+00:00","og_image":[{"width":750,"height":375,"url":"https:\/\/www.leprojecteurguinee.com\/wp-content\/uploads\/2025\/08\/chauguel.webp","type":"image\/webp"}],"author":"www.leprojecteurguinee.com","twitter_card":"summary_large_image","twitter_misc":{"\u00c9crit par":"www.leprojecteurguinee.com","Dur\u00e9e de lecture estim\u00e9e":"2 minutes"},"schema":{"@context":"https:\/\/schema.org","@graph":[{"@type":"Article","@id":"https:\/\/www.leprojecteurguinee.com\/index.php\/2025\/08\/13\/mali-lancien-premier-ministre-choguel-maiga-place-en-garde-a-vue-pour-atteinte-aux-biens-publics\/#article","isPartOf":{"@id":"https:\/\/www.leprojecteurguinee.com\/index.php\/2025\/08\/13\/mali-lancien-premier-ministre-choguel-maiga-place-en-garde-a-vue-pour-atteinte-aux-biens-publics\/"},"author":{"name":"www.leprojecteurguinee.com","@id":"https:\/\/www.leprojecteurguinee.com\/#\/schema\/person\/c9d1602e593b11af0b295bdf5e12a59a"},"headline":"Mali : l\u2019ancien premier ministre Choguel Ma\u00efga plac\u00e9 en garde \u00e0 vue pour atteinte aux biens publics","datePublished":"2025-08-13T01:13:52+00:00","dateModified":"2025-08-13T01:14:10+00:00","mainEntityOfPage":{"@id":"https:\/\/www.leprojecteurguinee.com\/index.php\/2025\/08\/13\/mali-lancien-premier-ministre-choguel-maiga-place-en-garde-a-vue-pour-atteinte-aux-biens-publics\/"},"wordCount":229,"commentCount":0,"image":{"@id":"https:\/\/www.leprojecteurguinee.com\/index.php\/2025\/08\/13\/mali-lancien-premier-ministre-choguel-maiga-place-en-garde-a-vue-pour-atteinte-aux-biens-publics\/#primaryimage"},"thumbnailUrl":"https:\/\/www.leprojecteurguinee.com\/wp-content\/uploads\/2025\/08\/chauguel.webp","articleSection":["Afrique"],"inLanguage":"fr-FR","potentialAction":[{"@type":"CommentAction","name":"Comment","target":["https:\/\/www.leprojecteurguinee.com\/index.php\/2025\/08\/13\/mali-lancien-premier-ministre-choguel-maiga-place-en-garde-a-vue-pour-atteinte-aux-biens-publics\/#respond"]}]},{"@type":"WebPage","@id":"https:\/\/www.leprojecteurguinee.com\/index.php\/2025\/08\/13\/mali-lancien-premier-ministre-choguel-maiga-place-en-garde-a-vue-pour-atteinte-aux-biens-publics\/","url":"https:\/\/www.leprojecteurguinee.com\/index.php\/2025\/08\/13\/mali-lancien-premier-ministre-choguel-maiga-place-en-garde-a-vue-pour-atteinte-aux-biens-publics\/","name":"Mali : l\u2019ancien premier ministre Choguel Ma\u00efga plac\u00e9 en garde \u00e0 vue pour atteinte aux biens publics - leprojecteurguinee","isPartOf":{"@id":"https:\/\/www.leprojecteurguinee.com\/#website"},"primaryImageOfPage":{"@id":"https:\/\/www.leprojecteurguinee.com\/index.php\/2025\/08\/13\/mali-lancien-premier-ministre-choguel-maiga-place-en-garde-a-vue-pour-atteinte-aux-biens-publics\/#primaryimage"},"image":{"@id":"https:\/\/www.leprojecteurguinee.com\/index.php\/2025\/08\/13\/mali-lancien-premier-ministre-choguel-maiga-place-en-garde-a-vue-pour-atteinte-aux-biens-publics\/#primaryimage"},"thumbnailUrl":"https:\/\/www.leprojecteurguinee.com\/wp-content\/uploads\/2025\/08\/chauguel.webp","datePublished":"2025-08-13T01:13:52+00:00","dateModified":"2025-08-13T01:14:10+00:00","author":{"@id":"https:\/\/www.leprojecteurguinee.com\/#\/schema\/person\/c9d1602e593b11af0b295bdf5e12a59a"},"breadcrumb":{"@id":"https:\/\/www.leprojecteurguinee.com\/index.php\/2025\/08\/13\/mali-lancien-premier-ministre-choguel-maiga-place-en-garde-a-vue-pour-atteinte-aux-biens-publics\/#breadcrumb"},"inLanguage":"fr-FR","potentialAction":[{"@type":"ReadAction","target":["https:\/\/www.leprojecteurguinee.com\/index.php\/2025\/08\/13\/mali-lancien-premier-ministre-choguel-maiga-place-en-garde-a-vue-pour-atteinte-aux-biens-publics\/"]}]},{"@type":"ImageObject","inLanguage":"fr-FR","@id":"https:\/\/www.leprojecteurguinee.com\/index.php\/2025\/08\/13\/mali-lancien-premier-ministre-choguel-maiga-place-en-garde-a-vue-pour-atteinte-aux-biens-publics\/#primaryimage","url":"https:\/\/www.leprojecteurguinee.com\/wp-content\/uploads\/2025\/08\/chauguel.webp","contentUrl":"https:\/\/www.leprojecteurguinee.com\/wp-content\/uploads\/2025\/08\/chauguel.webp","width":750,"height":375},{"@type":"BreadcrumbList","@id":"https:\/\/www.leprojecteurguinee.com\/index.php\/2025\/08\/13\/mali-lancien-premier-ministre-choguel-maiga-place-en-garde-a-vue-pour-atteinte-aux-biens-publics\/#breadcrumb","itemListElement":[{"@type":"ListItem","position":1,"name":"Accueil","item":"https:\/\/www.leprojecteurguinee.com\/"},{"@type":"ListItem","position":2,"name":"Mali : l\u2019ancien premier ministre Choguel Ma\u00efga plac\u00e9 en garde \u00e0 vue pour atteinte aux biens publics"}]},{"@type":"WebSite","@id":"https:\/\/www.leprojecteurguinee.com\/#website","url":"https:\/\/www.leprojecteurguinee.com\/","name":"leprojecteurguinee","description":"Nous luttons contre les pratiques obscures","potentialAction":[{"@type":"SearchAction","target":{"@type":"EntryPoint","urlTemplate":"https:\/\/www.leprojecteurguinee.com\/?s={search_term_string}"},"query-input":{"@type":"PropertyValueSpecification","valueRequired":true,"valueName":"search_term_string"}}],"inLanguage":"fr-FR"},{"@type":"Person","@id":"https:\/\/www.leprojecteurguinee.com\/#\/schema\/person\/c9d1602e593b11af0b295bdf5e12a59a","name":"www.leprojecteurguinee.com","image":{"@type":"ImageObject","inLanguage":"fr-FR","@id":"https:\/\/www.leprojecteurguinee.com\/#\/schema\/person\/image\/","url":"https:\/\/secure.gravatar.com\/avatar\/d73703fcd03dcba36d2bb23326e491935423a46800f1ebf8f61b70e62b70e55a?s=96&d=mm&r=g","contentUrl":"https:\/\/secure.gravatar.com\/avatar\/d73703fcd03dcba36d2bb23326e491935423a46800f1ebf8f61b70e62b70e55a?s=96&d=mm&r=g","caption":"www.leprojecteurguinee.com"},"description":"Administrateur G\u00e9n\u00e9ral","sameAs":["http:\/\/www.leprojeceteurguinee.com"],"url":"https:\/\/www.leprojecteurguinee.com\/index.php\/author\/fadigagn\/"}]}},"_links":{"self":[{"href":"https:\/\/www.leprojecteurguinee.com\/index.php\/wp-json\/wp\/v2\/posts\/13191","targetHints":{"allow":["GET"]}}],"collection":[{"href":"https:\/\/www.leprojecteurguinee.com\/index.php\/wp-json\/wp\/v2\/posts"}],"about":[{"href":"https:\/\/www.leprojecteurguinee.com\/index.php\/wp-json\/wp\/v2\/types\/post"}],"author":[{"embeddable":true,"href":"https:\/\/www.leprojecteurguinee.com\/index.php\/wp-json\/wp\/v2\/users\/2"}],"replies":[{"embeddable":true,"href":"https:\/\/www.leprojecteurguinee.com\/index.php\/wp-json\/wp\/v2\/comments?post=13191"}],"version-history":[{"count":0,"href":"https:\/\/www.leprojecteurguinee.com\/index.php\/wp-json\/wp\/v2\/posts\/13191\/revisions"}],"wp:featuredmedia":[{"embeddable":true,"href":"https:\/\/www.leprojecteurguinee.com\/index.php\/wp-json\/wp\/v2\/media\/13197"}],"wp:attachment":[{"href":"https:\/\/www.leprojecteurguinee.com\/index.php\/wp-json\/wp\/v2\/media?parent=13191"}],"wp:term":[{"taxonomy":"category","embeddable":true,"href":"https:\/\/www.leprojecteurguinee.com\/index.php\/wp-json\/wp\/v2\/categories?post=13191"},{"taxonomy":"post_tag","embeddable":true,"href":"https:\/\/www.leprojecteurguinee.com\/index.php\/wp-json\/wp\/v2\/tags?post=13191"}],"curies":[{"name":"wp","href":"https:\/\/api.w.org\/{rel}","templated":true}]}}