{"id":13105,"date":"2024-12-11T12:13:11","date_gmt":"2024-12-11T12:13:11","guid":{"rendered":"https:\/\/www.leprojecteurguinee.com\/?p=13105"},"modified":"2025-07-11T19:18:36","modified_gmt":"2025-07-11T19:18:36","slug":"manifestations-politiques-a-ratoma-faya-mathieu-tolno-est-il-parmi-des-jeunes-arretes-ou-tues-par-les-gendarmes-reportage","status":"publish","type":"post","link":"https:\/\/www.leprojecteurguinee.com\/index.php\/2024\/12\/11\/manifestations-politiques-a-ratoma-faya-mathieu-tolno-est-il-parmi-des-jeunes-arretes-ou-tues-par-les-gendarmes-reportage\/","title":{"rendered":"Manifestations politiques \u00e0 Ratoma : Faya Mathieu Tolno est-il parmi des jeunes arr\u00eat\u00e9s ou tu\u00e9s par les gendarmes ? (Reportage)\u2026"},"content":{"rendered":"<p><strong>Des gendarmes ont r\u00e9cemment pris pour habitude de proc\u00e9der \u00e0 des arrestations arbitraires sur fond de tortures et de menaces de mort des militants de partis politiques. A cause de ces pratiques anti-d\u00e9mocratiques des forces de l\u2019ordre et gendarmes, plusieurs jeunes ont succomb\u00e9 \u00e0 leur douleur, d\u2019autres sont rest\u00e9s sans nouvelles. Nous vous proposons ces violences polici\u00e8res dans les manifestations politiques \u00e0 Ratoma, Conakry, sur la route Le Prince\u2026<\/strong><\/p>\n<div style=\"width: 640px;\" class=\"wp-video\"><video class=\"wp-video-shortcode\" id=\"video-13105-1\" width=\"640\" height=\"368\" preload=\"metadata\" controls=\"controls\"><source type=\"video\/mp4\" src=\"https:\/\/www.leprojecteurguinee.com\/wp-content\/uploads\/2025\/07\/8a70e3fa-421b-41f4-8647-d5b29de32094-4.mp4?_=1\" \/><a href=\"https:\/\/www.leprojecteurguinee.com\/wp-content\/uploads\/2025\/07\/8a70e3fa-421b-41f4-8647-d5b29de32094-4.mp4\">https:\/\/www.leprojecteurguinee.com\/wp-content\/uploads\/2025\/07\/8a70e3fa-421b-41f4-8647-d5b29de32094-4.mp4<\/a><\/video><\/div>\n<p>Depuis les pr\u00e9paratifs des manifestations de rue pr\u00e9vues du 31 Juillet au 1<sup>er<\/sup> Aout 2024, appel\u00e9es par le Front National pour la D\u00e9fense de la Constitution (FNDC), les nouvelles \u00e0 Coyah, sa ville de r\u00e9sidence, font \u00e9tat de la disparition du jeune militant du parti l\u2019Union des Forces D\u00e9mocratiques de Guin\u00e9e(UFDG), Faya Mathieu Tolno pour son engagement politique. Apprend-t-on de sources s\u00fbres.<\/p>\n<p>D\u2019autres sources nous confient que, c\u2019est lors d\u2019une r\u00e9union \u00e0 Ratoma, le 02 juillet 2024 que Faya Mathieu Tolno a \u00e9t\u00e9 brutalement arr\u00eat\u00e9 par les agents de la gendarmerie et conduit\u00a0 \u00e0 l\u2019escadron mobile N-6 de Km 36 avec plusieurs autres jeunes militants de leur parti.<\/p>\n<p>Pour des t\u00e9moins, Faya Mathieu Tolno est simplement victime de son appartenance \u00e0 l\u2019Union des Forces D\u00e9mocratiques de Guin\u00e9e (UFDG), de par sa mobilisation d\u2019autres militants, son r\u00f4le meneur dans les manifestations appel\u00e9es par ses chefs hi\u00e9rarchiques et leurs associations similaires, le FNDC, notamment.<\/p>\n<p>Selon eux, Il a plusieurs fois subi de violences physiques, de tortures et de menaces de mort de la part des gendarmes lors de ses multiples et pr\u00e9c\u00e9dentes arrestations jug\u00e9es brutales.<\/p>\n<p>&nbsp;<\/p>\n<p><strong>Mamoudou Sylla<\/strong><\/p>\n<p>&nbsp;<\/p>\n","protected":false},"excerpt":{"rendered":"<p>Des gendarmes ont r\u00e9cemment pris pour habitude de proc\u00e9der \u00e0 des arrestations arbitraires sur fond de tortures et de menaces de mort des militants de partis politiques. A cause de ces pratiques anti-d\u00e9mocratiques des forces de l\u2019ordre et gendarmes, plusieurs jeunes ont succomb\u00e9 \u00e0 leur douleur, d\u2019autres sont rest\u00e9s sans nouvelles. Nous vous proposons ces [&hellip;]<\/p>\n","protected":false},"author":2,"featured_media":13107,"comment_status":"open","ping_status":"open","sticky":false,"template":"","format":"standard","meta":{"footnotes":""},"categories":[80,617],"tags":[],"class_list":["post-13105","post","type-post","status-publish","format-standard","has-post-thumbnail","hentry","category-politique","category-pratiques-obscures"],"yoast_head":"<!-- This site is optimized with the Yoast SEO plugin v26.8 - https:\/\/yoast.com\/product\/yoast-seo-wordpress\/ -->\n<title>Manifestations politiques \u00e0 Ratoma : Faya Mathieu Tolno est-il parmi des jeunes arr\u00eat\u00e9s ou tu\u00e9s par les gendarmes ? (Reportage)\u2026 - leprojecteurguinee<\/title>\n<meta name=\"robots\" content=\"index, follow, max-snippet:-1, max-image-preview:large, max-video-preview:-1\" \/>\n<link rel=\"canonical\" href=\"https:\/\/www.leprojecteurguinee.com\/index.php\/2024\/12\/11\/manifestations-politiques-a-ratoma-faya-mathieu-tolno-est-il-parmi-des-jeunes-arretes-ou-tues-par-les-gendarmes-reportage\/\" \/>\n<meta property=\"og:locale\" content=\"fr_FR\" \/>\n<meta property=\"og:type\" content=\"article\" \/>\n<meta property=\"og:title\" content=\"Manifestations politiques \u00e0 Ratoma : Faya Mathieu Tolno est-il parmi des jeunes arr\u00eat\u00e9s ou tu\u00e9s par les gendarmes ? (Reportage)\u2026 - leprojecteurguinee\" \/>\n<meta property=\"og:description\" content=\"Des gendarmes ont r\u00e9cemment pris pour habitude de proc\u00e9der \u00e0 des arrestations arbitraires sur fond de tortures et de menaces de mort des militants de partis politiques. A cause de ces pratiques anti-d\u00e9mocratiques des forces de l\u2019ordre et gendarmes, plusieurs jeunes ont succomb\u00e9 \u00e0 leur douleur, d\u2019autres sont rest\u00e9s sans nouvelles. Nous vous proposons ces [&hellip;]\" \/>\n<meta property=\"og:url\" content=\"https:\/\/www.leprojecteurguinee.com\/index.php\/2024\/12\/11\/manifestations-politiques-a-ratoma-faya-mathieu-tolno-est-il-parmi-des-jeunes-arretes-ou-tues-par-les-gendarmes-reportage\/\" \/>\n<meta property=\"og:site_name\" content=\"leprojecteurguinee\" \/>\n<meta property=\"article:published_time\" content=\"2024-12-11T12:13:11+00:00\" \/>\n<meta property=\"article:modified_time\" content=\"2025-07-11T19:18:36+00:00\" \/>\n<meta property=\"og:image\" content=\"https:\/\/www.leprojecteurguinee.com\/wp-content\/uploads\/2025\/07\/f68e872b-56b0-479b-8013-20ea7b536c14-1.jpg\" \/>\n\t<meta property=\"og:image:width\" content=\"951\" \/>\n\t<meta property=\"og:image:height\" content=\"535\" \/>\n\t<meta property=\"og:image:type\" content=\"image\/jpeg\" \/>\n<meta name=\"author\" content=\"www.leprojecteurguinee.com\" \/>\n<meta name=\"twitter:card\" content=\"summary_large_image\" \/>\n<meta name=\"twitter:label1\" content=\"\u00c9crit par\" \/>\n\t<meta name=\"twitter:data1\" content=\"www.leprojecteurguinee.com\" \/>\n\t<meta name=\"twitter:label2\" content=\"Dur\u00e9e de lecture estim\u00e9e\" \/>\n\t<meta name=\"twitter:data2\" content=\"2 minutes\" \/>\n<script type=\"application\/ld+json\" class=\"yoast-schema-graph\">{\"@context\":\"https:\/\/schema.org\",\"@graph\":[{\"@type\":\"Article\",\"@id\":\"https:\/\/www.leprojecteurguinee.com\/index.php\/2024\/12\/11\/manifestations-politiques-a-ratoma-faya-mathieu-tolno-est-il-parmi-des-jeunes-arretes-ou-tues-par-les-gendarmes-reportage\/#article\",\"isPartOf\":{\"@id\":\"https:\/\/www.leprojecteurguinee.com\/index.php\/2024\/12\/11\/manifestations-politiques-a-ratoma-faya-mathieu-tolno-est-il-parmi-des-jeunes-arretes-ou-tues-par-les-gendarmes-reportage\/\"},\"author\":{\"name\":\"www.leprojecteurguinee.com\",\"@id\":\"https:\/\/www.leprojecteurguinee.com\/#\/schema\/person\/c9d1602e593b11af0b295bdf5e12a59a\"},\"headline\":\"Manifestations politiques \u00e0 Ratoma : Faya Mathieu Tolno est-il parmi des jeunes arr\u00eat\u00e9s ou tu\u00e9s par les gendarmes ? (Reportage)\u2026\",\"datePublished\":\"2024-12-11T12:13:11+00:00\",\"dateModified\":\"2025-07-11T19:18:36+00:00\",\"mainEntityOfPage\":{\"@id\":\"https:\/\/www.leprojecteurguinee.com\/index.php\/2024\/12\/11\/manifestations-politiques-a-ratoma-faya-mathieu-tolno-est-il-parmi-des-jeunes-arretes-ou-tues-par-les-gendarmes-reportage\/\"},\"wordCount\":320,\"commentCount\":0,\"image\":{\"@id\":\"https:\/\/www.leprojecteurguinee.com\/index.php\/2024\/12\/11\/manifestations-politiques-a-ratoma-faya-mathieu-tolno-est-il-parmi-des-jeunes-arretes-ou-tues-par-les-gendarmes-reportage\/#primaryimage\"},\"thumbnailUrl\":\"https:\/\/www.leprojecteurguinee.com\/wp-content\/uploads\/2025\/07\/f68e872b-56b0-479b-8013-20ea7b536c14-1.jpg\",\"articleSection\":[\"Politique\",\"Pratiques obscures\"],\"inLanguage\":\"fr-FR\",\"potentialAction\":[{\"@type\":\"CommentAction\",\"name\":\"Comment\",\"target\":[\"https:\/\/www.leprojecteurguinee.com\/index.php\/2024\/12\/11\/manifestations-politiques-a-ratoma-faya-mathieu-tolno-est-il-parmi-des-jeunes-arretes-ou-tues-par-les-gendarmes-reportage\/#respond\"]}]},{\"@type\":\"WebPage\",\"@id\":\"https:\/\/www.leprojecteurguinee.com\/index.php\/2024\/12\/11\/manifestations-politiques-a-ratoma-faya-mathieu-tolno-est-il-parmi-des-jeunes-arretes-ou-tues-par-les-gendarmes-reportage\/\",\"url\":\"https:\/\/www.leprojecteurguinee.com\/index.php\/2024\/12\/11\/manifestations-politiques-a-ratoma-faya-mathieu-tolno-est-il-parmi-des-jeunes-arretes-ou-tues-par-les-gendarmes-reportage\/\",\"name\":\"Manifestations politiques \u00e0 Ratoma : Faya Mathieu Tolno est-il parmi des jeunes arr\u00eat\u00e9s ou tu\u00e9s par les gendarmes ? (Reportage)\u2026 - leprojecteurguinee\",\"isPartOf\":{\"@id\":\"https:\/\/www.leprojecteurguinee.com\/#website\"},\"primaryImageOfPage\":{\"@id\":\"https:\/\/www.leprojecteurguinee.com\/index.php\/2024\/12\/11\/manifestations-politiques-a-ratoma-faya-mathieu-tolno-est-il-parmi-des-jeunes-arretes-ou-tues-par-les-gendarmes-reportage\/#primaryimage\"},\"image\":{\"@id\":\"https:\/\/www.leprojecteurguinee.com\/index.php\/2024\/12\/11\/manifestations-politiques-a-ratoma-faya-mathieu-tolno-est-il-parmi-des-jeunes-arretes-ou-tues-par-les-gendarmes-reportage\/#primaryimage\"},\"thumbnailUrl\":\"https:\/\/www.leprojecteurguinee.com\/wp-content\/uploads\/2025\/07\/f68e872b-56b0-479b-8013-20ea7b536c14-1.jpg\",\"datePublished\":\"2024-12-11T12:13:11+00:00\",\"dateModified\":\"2025-07-11T19:18:36+00:00\",\"author\":{\"@id\":\"https:\/\/www.leprojecteurguinee.com\/#\/schema\/person\/c9d1602e593b11af0b295bdf5e12a59a\"},\"breadcrumb\":{\"@id\":\"https:\/\/www.leprojecteurguinee.com\/index.php\/2024\/12\/11\/manifestations-politiques-a-ratoma-faya-mathieu-tolno-est-il-parmi-des-jeunes-arretes-ou-tues-par-les-gendarmes-reportage\/#breadcrumb\"},\"inLanguage\":\"fr-FR\",\"potentialAction\":[{\"@type\":\"ReadAction\",\"target\":[\"https:\/\/www.leprojecteurguinee.com\/index.php\/2024\/12\/11\/manifestations-politiques-a-ratoma-faya-mathieu-tolno-est-il-parmi-des-jeunes-arretes-ou-tues-par-les-gendarmes-reportage\/\"]}]},{\"@type\":\"ImageObject\",\"inLanguage\":\"fr-FR\",\"@id\":\"https:\/\/www.leprojecteurguinee.com\/index.php\/2024\/12\/11\/manifestations-politiques-a-ratoma-faya-mathieu-tolno-est-il-parmi-des-jeunes-arretes-ou-tues-par-les-gendarmes-reportage\/#primaryimage\",\"url\":\"https:\/\/www.leprojecteurguinee.com\/wp-content\/uploads\/2025\/07\/f68e872b-56b0-479b-8013-20ea7b536c14-1.jpg\",\"contentUrl\":\"https:\/\/www.leprojecteurguinee.com\/wp-content\/uploads\/2025\/07\/f68e872b-56b0-479b-8013-20ea7b536c14-1.jpg\",\"width\":951,\"height\":535},{\"@type\":\"BreadcrumbList\",\"@id\":\"https:\/\/www.leprojecteurguinee.com\/index.php\/2024\/12\/11\/manifestations-politiques-a-ratoma-faya-mathieu-tolno-est-il-parmi-des-jeunes-arretes-ou-tues-par-les-gendarmes-reportage\/#breadcrumb\",\"itemListElement\":[{\"@type\":\"ListItem\",\"position\":1,\"name\":\"Accueil\",\"item\":\"https:\/\/www.leprojecteurguinee.com\/\"},{\"@type\":\"ListItem\",\"position\":2,\"name\":\"Manifestations politiques \u00e0 Ratoma : Faya Mathieu Tolno est-il parmi des jeunes arr\u00eat\u00e9s ou tu\u00e9s par les gendarmes ? (Reportage)\u2026\"}]},{\"@type\":\"WebSite\",\"@id\":\"https:\/\/www.leprojecteurguinee.com\/#website\",\"url\":\"https:\/\/www.leprojecteurguinee.com\/\",\"name\":\"leprojecteurguinee\",\"description\":\"Nous luttons contre les pratiques obscures\",\"potentialAction\":[{\"@type\":\"SearchAction\",\"target\":{\"@type\":\"EntryPoint\",\"urlTemplate\":\"https:\/\/www.leprojecteurguinee.com\/?s={search_term_string}\"},\"query-input\":{\"@type\":\"PropertyValueSpecification\",\"valueRequired\":true,\"valueName\":\"search_term_string\"}}],\"inLanguage\":\"fr-FR\"},{\"@type\":\"Person\",\"@id\":\"https:\/\/www.leprojecteurguinee.com\/#\/schema\/person\/c9d1602e593b11af0b295bdf5e12a59a\",\"name\":\"www.leprojecteurguinee.com\",\"image\":{\"@type\":\"ImageObject\",\"inLanguage\":\"fr-FR\",\"@id\":\"https:\/\/www.leprojecteurguinee.com\/#\/schema\/person\/image\/\",\"url\":\"https:\/\/secure.gravatar.com\/avatar\/d73703fcd03dcba36d2bb23326e491935423a46800f1ebf8f61b70e62b70e55a?s=96&d=mm&r=g\",\"contentUrl\":\"https:\/\/secure.gravatar.com\/avatar\/d73703fcd03dcba36d2bb23326e491935423a46800f1ebf8f61b70e62b70e55a?s=96&d=mm&r=g\",\"caption\":\"www.leprojecteurguinee.com\"},\"description\":\"Administrateur G\u00e9n\u00e9ral\",\"sameAs\":[\"http:\/\/www.leprojeceteurguinee.com\"],\"url\":\"https:\/\/www.leprojecteurguinee.com\/index.php\/author\/fadigagn\/\"}]}<\/script>\n<!-- \/ Yoast SEO plugin. -->","yoast_head_json":{"title":"Manifestations politiques \u00e0 Ratoma : Faya Mathieu Tolno est-il parmi des jeunes arr\u00eat\u00e9s ou tu\u00e9s par les gendarmes ? (Reportage)\u2026 - leprojecteurguinee","robots":{"index":"index","follow":"follow","max-snippet":"max-snippet:-1","max-image-preview":"max-image-preview:large","max-video-preview":"max-video-preview:-1"},"canonical":"https:\/\/www.leprojecteurguinee.com\/index.php\/2024\/12\/11\/manifestations-politiques-a-ratoma-faya-mathieu-tolno-est-il-parmi-des-jeunes-arretes-ou-tues-par-les-gendarmes-reportage\/","og_locale":"fr_FR","og_type":"article","og_title":"Manifestations politiques \u00e0 Ratoma : Faya Mathieu Tolno est-il parmi des jeunes arr\u00eat\u00e9s ou tu\u00e9s par les gendarmes ? (Reportage)\u2026 - leprojecteurguinee","og_description":"Des gendarmes ont r\u00e9cemment pris pour habitude de proc\u00e9der \u00e0 des arrestations arbitraires sur fond de tortures et de menaces de mort des militants de partis politiques. A cause de ces pratiques anti-d\u00e9mocratiques des forces de l\u2019ordre et gendarmes, plusieurs jeunes ont succomb\u00e9 \u00e0 leur douleur, d\u2019autres sont rest\u00e9s sans nouvelles. Nous vous proposons ces [&hellip;]","og_url":"https:\/\/www.leprojecteurguinee.com\/index.php\/2024\/12\/11\/manifestations-politiques-a-ratoma-faya-mathieu-tolno-est-il-parmi-des-jeunes-arretes-ou-tues-par-les-gendarmes-reportage\/","og_site_name":"leprojecteurguinee","article_published_time":"2024-12-11T12:13:11+00:00","article_modified_time":"2025-07-11T19:18:36+00:00","og_image":[{"width":951,"height":535,"url":"https:\/\/www.leprojecteurguinee.com\/wp-content\/uploads\/2025\/07\/f68e872b-56b0-479b-8013-20ea7b536c14-1.jpg","type":"image\/jpeg"}],"author":"www.leprojecteurguinee.com","twitter_card":"summary_large_image","twitter_misc":{"\u00c9crit par":"www.leprojecteurguinee.com","Dur\u00e9e de lecture estim\u00e9e":"2 minutes"},"schema":{"@context":"https:\/\/schema.org","@graph":[{"@type":"Article","@id":"https:\/\/www.leprojecteurguinee.com\/index.php\/2024\/12\/11\/manifestations-politiques-a-ratoma-faya-mathieu-tolno-est-il-parmi-des-jeunes-arretes-ou-tues-par-les-gendarmes-reportage\/#article","isPartOf":{"@id":"https:\/\/www.leprojecteurguinee.com\/index.php\/2024\/12\/11\/manifestations-politiques-a-ratoma-faya-mathieu-tolno-est-il-parmi-des-jeunes-arretes-ou-tues-par-les-gendarmes-reportage\/"},"author":{"name":"www.leprojecteurguinee.com","@id":"https:\/\/www.leprojecteurguinee.com\/#\/schema\/person\/c9d1602e593b11af0b295bdf5e12a59a"},"headline":"Manifestations politiques \u00e0 Ratoma : Faya Mathieu Tolno est-il parmi des jeunes arr\u00eat\u00e9s ou tu\u00e9s par les gendarmes ? (Reportage)\u2026","datePublished":"2024-12-11T12:13:11+00:00","dateModified":"2025-07-11T19:18:36+00:00","mainEntityOfPage":{"@id":"https:\/\/www.leprojecteurguinee.com\/index.php\/2024\/12\/11\/manifestations-politiques-a-ratoma-faya-mathieu-tolno-est-il-parmi-des-jeunes-arretes-ou-tues-par-les-gendarmes-reportage\/"},"wordCount":320,"commentCount":0,"image":{"@id":"https:\/\/www.leprojecteurguinee.com\/index.php\/2024\/12\/11\/manifestations-politiques-a-ratoma-faya-mathieu-tolno-est-il-parmi-des-jeunes-arretes-ou-tues-par-les-gendarmes-reportage\/#primaryimage"},"thumbnailUrl":"https:\/\/www.leprojecteurguinee.com\/wp-content\/uploads\/2025\/07\/f68e872b-56b0-479b-8013-20ea7b536c14-1.jpg","articleSection":["Politique","Pratiques obscures"],"inLanguage":"fr-FR","potentialAction":[{"@type":"CommentAction","name":"Comment","target":["https:\/\/www.leprojecteurguinee.com\/index.php\/2024\/12\/11\/manifestations-politiques-a-ratoma-faya-mathieu-tolno-est-il-parmi-des-jeunes-arretes-ou-tues-par-les-gendarmes-reportage\/#respond"]}]},{"@type":"WebPage","@id":"https:\/\/www.leprojecteurguinee.com\/index.php\/2024\/12\/11\/manifestations-politiques-a-ratoma-faya-mathieu-tolno-est-il-parmi-des-jeunes-arretes-ou-tues-par-les-gendarmes-reportage\/","url":"https:\/\/www.leprojecteurguinee.com\/index.php\/2024\/12\/11\/manifestations-politiques-a-ratoma-faya-mathieu-tolno-est-il-parmi-des-jeunes-arretes-ou-tues-par-les-gendarmes-reportage\/","name":"Manifestations politiques \u00e0 Ratoma : Faya Mathieu Tolno est-il parmi des jeunes arr\u00eat\u00e9s ou tu\u00e9s par les gendarmes ? (Reportage)\u2026 - leprojecteurguinee","isPartOf":{"@id":"https:\/\/www.leprojecteurguinee.com\/#website"},"primaryImageOfPage":{"@id":"https:\/\/www.leprojecteurguinee.com\/index.php\/2024\/12\/11\/manifestations-politiques-a-ratoma-faya-mathieu-tolno-est-il-parmi-des-jeunes-arretes-ou-tues-par-les-gendarmes-reportage\/#primaryimage"},"image":{"@id":"https:\/\/www.leprojecteurguinee.com\/index.php\/2024\/12\/11\/manifestations-politiques-a-ratoma-faya-mathieu-tolno-est-il-parmi-des-jeunes-arretes-ou-tues-par-les-gendarmes-reportage\/#primaryimage"},"thumbnailUrl":"https:\/\/www.leprojecteurguinee.com\/wp-content\/uploads\/2025\/07\/f68e872b-56b0-479b-8013-20ea7b536c14-1.jpg","datePublished":"2024-12-11T12:13:11+00:00","dateModified":"2025-07-11T19:18:36+00:00","author":{"@id":"https:\/\/www.leprojecteurguinee.com\/#\/schema\/person\/c9d1602e593b11af0b295bdf5e12a59a"},"breadcrumb":{"@id":"https:\/\/www.leprojecteurguinee.com\/index.php\/2024\/12\/11\/manifestations-politiques-a-ratoma-faya-mathieu-tolno-est-il-parmi-des-jeunes-arretes-ou-tues-par-les-gendarmes-reportage\/#breadcrumb"},"inLanguage":"fr-FR","potentialAction":[{"@type":"ReadAction","target":["https:\/\/www.leprojecteurguinee.com\/index.php\/2024\/12\/11\/manifestations-politiques-a-ratoma-faya-mathieu-tolno-est-il-parmi-des-jeunes-arretes-ou-tues-par-les-gendarmes-reportage\/"]}]},{"@type":"ImageObject","inLanguage":"fr-FR","@id":"https:\/\/www.leprojecteurguinee.com\/index.php\/2024\/12\/11\/manifestations-politiques-a-ratoma-faya-mathieu-tolno-est-il-parmi-des-jeunes-arretes-ou-tues-par-les-gendarmes-reportage\/#primaryimage","url":"https:\/\/www.leprojecteurguinee.com\/wp-content\/uploads\/2025\/07\/f68e872b-56b0-479b-8013-20ea7b536c14-1.jpg","contentUrl":"https:\/\/www.leprojecteurguinee.com\/wp-content\/uploads\/2025\/07\/f68e872b-56b0-479b-8013-20ea7b536c14-1.jpg","width":951,"height":535},{"@type":"BreadcrumbList","@id":"https:\/\/www.leprojecteurguinee.com\/index.php\/2024\/12\/11\/manifestations-politiques-a-ratoma-faya-mathieu-tolno-est-il-parmi-des-jeunes-arretes-ou-tues-par-les-gendarmes-reportage\/#breadcrumb","itemListElement":[{"@type":"ListItem","position":1,"name":"Accueil","item":"https:\/\/www.leprojecteurguinee.com\/"},{"@type":"ListItem","position":2,"name":"Manifestations politiques \u00e0 Ratoma : Faya Mathieu Tolno est-il parmi des jeunes arr\u00eat\u00e9s ou tu\u00e9s par les gendarmes ? (Reportage)\u2026"}]},{"@type":"WebSite","@id":"https:\/\/www.leprojecteurguinee.com\/#website","url":"https:\/\/www.leprojecteurguinee.com\/","name":"leprojecteurguinee","description":"Nous luttons contre les pratiques obscures","potentialAction":[{"@type":"SearchAction","target":{"@type":"EntryPoint","urlTemplate":"https:\/\/www.leprojecteurguinee.com\/?s={search_term_string}"},"query-input":{"@type":"PropertyValueSpecification","valueRequired":true,"valueName":"search_term_string"}}],"inLanguage":"fr-FR"},{"@type":"Person","@id":"https:\/\/www.leprojecteurguinee.com\/#\/schema\/person\/c9d1602e593b11af0b295bdf5e12a59a","name":"www.leprojecteurguinee.com","image":{"@type":"ImageObject","inLanguage":"fr-FR","@id":"https:\/\/www.leprojecteurguinee.com\/#\/schema\/person\/image\/","url":"https:\/\/secure.gravatar.com\/avatar\/d73703fcd03dcba36d2bb23326e491935423a46800f1ebf8f61b70e62b70e55a?s=96&d=mm&r=g","contentUrl":"https:\/\/secure.gravatar.com\/avatar\/d73703fcd03dcba36d2bb23326e491935423a46800f1ebf8f61b70e62b70e55a?s=96&d=mm&r=g","caption":"www.leprojecteurguinee.com"},"description":"Administrateur G\u00e9n\u00e9ral","sameAs":["http:\/\/www.leprojeceteurguinee.com"],"url":"https:\/\/www.leprojecteurguinee.com\/index.php\/author\/fadigagn\/"}]}},"_links":{"self":[{"href":"https:\/\/www.leprojecteurguinee.com\/index.php\/wp-json\/wp\/v2\/posts\/13105","targetHints":{"allow":["GET"]}}],"collection":[{"href":"https:\/\/www.leprojecteurguinee.com\/index.php\/wp-json\/wp\/v2\/posts"}],"about":[{"href":"https:\/\/www.leprojecteurguinee.com\/index.php\/wp-json\/wp\/v2\/types\/post"}],"author":[{"embeddable":true,"href":"https:\/\/www.leprojecteurguinee.com\/index.php\/wp-json\/wp\/v2\/users\/2"}],"replies":[{"embeddable":true,"href":"https:\/\/www.leprojecteurguinee.com\/index.php\/wp-json\/wp\/v2\/comments?post=13105"}],"version-history":[{"count":0,"href":"https:\/\/www.leprojecteurguinee.com\/index.php\/wp-json\/wp\/v2\/posts\/13105\/revisions"}],"wp:featuredmedia":[{"embeddable":true,"href":"https:\/\/www.leprojecteurguinee.com\/index.php\/wp-json\/wp\/v2\/media\/13107"}],"wp:attachment":[{"href":"https:\/\/www.leprojecteurguinee.com\/index.php\/wp-json\/wp\/v2\/media?parent=13105"}],"wp:term":[{"taxonomy":"category","embeddable":true,"href":"https:\/\/www.leprojecteurguinee.com\/index.php\/wp-json\/wp\/v2\/categories?post=13105"},{"taxonomy":"post_tag","embeddable":true,"href":"https:\/\/www.leprojecteurguinee.com\/index.php\/wp-json\/wp\/v2\/tags?post=13105"}],"curies":[{"name":"wp","href":"https:\/\/api.w.org\/{rel}","templated":true}]}}