{"id":13093,"date":"2025-06-30T10:59:07","date_gmt":"2025-06-30T10:59:07","guid":{"rendered":"https:\/\/www.leprojecteurguinee.com\/?p=13093"},"modified":"2025-06-30T11:42:46","modified_gmt":"2025-06-30T11:42:46","slug":"mauvaise-gestion-au-ministere-de-la-cooperation-le-ministre-ismael-nabe-fait-perdre-la-guinee-du-projet-sweed","status":"publish","type":"post","link":"https:\/\/www.leprojecteurguinee.com\/index.php\/2025\/06\/30\/mauvaise-gestion-au-ministere-de-la-cooperation-le-ministre-ismael-nabe-fait-perdre-la-guinee-du-projet-sweed\/","title":{"rendered":"Mauvaise gestion au Minist\u00e8re de la Coop\u00e9ration : Le Ministre Ismael Nab\u00e9 fait perdre la Guin\u00e9e du projet Sweed\u2026"},"content":{"rendered":"<p class=\"p1\"><span style=\"text-transform: initial;\"><b>Comme nous vous l\u2019annoncions dans nos pr\u00e9c\u00e9dents articles, c\u2019est fait. Par l\u2019amateurisme et la mauvaise gestion du Ministre Ismael Nab\u00e9, la Guin\u00e9e vient de perdre la 2\u00e8 phase du projet Sweed, un projet de la banque mondiale ax\u00e9 sur l\u2019autonomisation des femmes.<\/b><\/span><\/p>\n<p class=\"p1\"><span class=\"s1\">Pour rappel, tous les seize (16) pays b\u00e9n\u00e9ficiaires du projet sont rest\u00e9s dans la course pour l\u2019ex\u00e9cution de la 2\u00e8 phase du projet et la Guin\u00e9e, elle, est absente. <\/span><\/p>\n<p class=\"p1\"><span class=\"s1\">Pour conduire la Guin\u00e9e \u00e0 une autre humiliation, le Ministre Ismael Nab\u00e9 devrait aller d\u00e9fendre l\u2019ind\u00e9fendable \u00e0 Cotonou au B\u00e9nin pour la r\u00e9int\u00e9gration de la Guin\u00e9e alors qu\u2019il est conscient de la gestion clanique et anarchique dont le projet a l\u2019objet dans l\u2019ex\u00e9cution de la premi\u00e8re phase. <\/span><\/p>\n<p class=\"p1\"><span class=\"s1\">De nombreux observateurs disent ne pas comprendre que tous les indicateurs du projet soient atteints et que la Guin\u00e9e soit exclue du projet. Pour eux, c\u2019est crucial et inqui\u00e9tant. <\/span><\/p>\n<p class=\"p1\"><span class=\"s1\">\u00ab\u00a0Il y a eu quelque chose qui n\u2019a pas march\u00e9 normalement dans ce projet\u00a0\u00bb nous confie-t-on. <\/span><\/p>\n<p class=\"p1\"><span class=\"s1\">Affaire \u00e0 suivre<\/span><\/p>\n","protected":false},"excerpt":{"rendered":"<p>Comme nous vous l\u2019annoncions dans nos pr\u00e9c\u00e9dents articles, c\u2019est fait. Par l\u2019amateurisme et la mauvaise gestion du Ministre Ismael Nab\u00e9, la Guin\u00e9e vient de perdre la 2\u00e8 phase du projet Sweed, un projet de la banque mondiale ax\u00e9 sur l\u2019autonomisation des femmes. Pour rappel, tous les seize (16) pays b\u00e9n\u00e9ficiaires du projet sont rest\u00e9s dans [&hellip;]<\/p>\n","protected":false},"author":2,"featured_media":5305,"comment_status":"open","ping_status":"open","sticky":false,"template":"","format":"standard","meta":{"footnotes":""},"categories":[616],"tags":[],"class_list":["post-13093","post","type-post","status-publish","format-standard","has-post-thumbnail","hentry","category-investigation"],"yoast_head":"<!-- This site is optimized with the Yoast SEO plugin v26.8 - https:\/\/yoast.com\/product\/yoast-seo-wordpress\/ -->\n<title>Mauvaise gestion au Minist\u00e8re de la Coop\u00e9ration : Le Ministre Ismael Nab\u00e9 fait perdre la Guin\u00e9e du projet Sweed\u2026 - leprojecteurguinee<\/title>\n<meta name=\"robots\" content=\"index, follow, max-snippet:-1, max-image-preview:large, max-video-preview:-1\" \/>\n<link rel=\"canonical\" href=\"https:\/\/www.leprojecteurguinee.com\/index.php\/2025\/06\/30\/mauvaise-gestion-au-ministere-de-la-cooperation-le-ministre-ismael-nabe-fait-perdre-la-guinee-du-projet-sweed\/\" \/>\n<meta property=\"og:locale\" content=\"fr_FR\" \/>\n<meta property=\"og:type\" content=\"article\" \/>\n<meta property=\"og:title\" content=\"Mauvaise gestion au Minist\u00e8re de la Coop\u00e9ration : Le Ministre Ismael Nab\u00e9 fait perdre la Guin\u00e9e du projet Sweed\u2026 - leprojecteurguinee\" \/>\n<meta property=\"og:description\" content=\"Comme nous vous l\u2019annoncions dans nos pr\u00e9c\u00e9dents articles, c\u2019est fait. Par l\u2019amateurisme et la mauvaise gestion du Ministre Ismael Nab\u00e9, la Guin\u00e9e vient de perdre la 2\u00e8 phase du projet Sweed, un projet de la banque mondiale ax\u00e9 sur l\u2019autonomisation des femmes. Pour rappel, tous les seize (16) pays b\u00e9n\u00e9ficiaires du projet sont rest\u00e9s dans [&hellip;]\" \/>\n<meta property=\"og:url\" content=\"https:\/\/www.leprojecteurguinee.com\/index.php\/2025\/06\/30\/mauvaise-gestion-au-ministere-de-la-cooperation-le-ministre-ismael-nabe-fait-perdre-la-guinee-du-projet-sweed\/\" \/>\n<meta property=\"og:site_name\" content=\"leprojecteurguinee\" \/>\n<meta property=\"article:published_time\" content=\"2025-06-30T10:59:07+00:00\" \/>\n<meta property=\"article:modified_time\" content=\"2025-06-30T11:42:46+00:00\" \/>\n<meta property=\"og:image\" content=\"https:\/\/www.leprojecteurguinee.com\/wp-content\/uploads\/2025\/03\/7A4C65B5-2903-4657-B910-19A79E94679C.jpeg\" \/>\n\t<meta property=\"og:image:width\" content=\"2048\" \/>\n\t<meta property=\"og:image:height\" content=\"1365\" \/>\n\t<meta property=\"og:image:type\" content=\"image\/jpeg\" \/>\n<meta name=\"author\" content=\"www.leprojecteurguinee.com\" \/>\n<meta name=\"twitter:card\" content=\"summary_large_image\" \/>\n<meta name=\"twitter:label1\" content=\"\u00c9crit par\" \/>\n\t<meta name=\"twitter:data1\" content=\"www.leprojecteurguinee.com\" \/>\n\t<meta name=\"twitter:label2\" content=\"Dur\u00e9e de lecture estim\u00e9e\" \/>\n\t<meta name=\"twitter:data2\" content=\"2 minutes\" \/>\n<script type=\"application\/ld+json\" class=\"yoast-schema-graph\">{\"@context\":\"https:\/\/schema.org\",\"@graph\":[{\"@type\":\"Article\",\"@id\":\"https:\/\/www.leprojecteurguinee.com\/index.php\/2025\/06\/30\/mauvaise-gestion-au-ministere-de-la-cooperation-le-ministre-ismael-nabe-fait-perdre-la-guinee-du-projet-sweed\/#article\",\"isPartOf\":{\"@id\":\"https:\/\/www.leprojecteurguinee.com\/index.php\/2025\/06\/30\/mauvaise-gestion-au-ministere-de-la-cooperation-le-ministre-ismael-nabe-fait-perdre-la-guinee-du-projet-sweed\/\"},\"author\":{\"name\":\"www.leprojecteurguinee.com\",\"@id\":\"https:\/\/www.leprojecteurguinee.com\/#\/schema\/person\/c9d1602e593b11af0b295bdf5e12a59a\"},\"headline\":\"Mauvaise gestion au Minist\u00e8re de la Coop\u00e9ration : Le Ministre Ismael Nab\u00e9 fait perdre la Guin\u00e9e du projet Sweed\u2026\",\"datePublished\":\"2025-06-30T10:59:07+00:00\",\"dateModified\":\"2025-06-30T11:42:46+00:00\",\"mainEntityOfPage\":{\"@id\":\"https:\/\/www.leprojecteurguinee.com\/index.php\/2025\/06\/30\/mauvaise-gestion-au-ministere-de-la-cooperation-le-ministre-ismael-nabe-fait-perdre-la-guinee-du-projet-sweed\/\"},\"wordCount\":211,\"commentCount\":0,\"image\":{\"@id\":\"https:\/\/www.leprojecteurguinee.com\/index.php\/2025\/06\/30\/mauvaise-gestion-au-ministere-de-la-cooperation-le-ministre-ismael-nabe-fait-perdre-la-guinee-du-projet-sweed\/#primaryimage\"},\"thumbnailUrl\":\"https:\/\/www.leprojecteurguinee.com\/wp-content\/uploads\/2025\/03\/7A4C65B5-2903-4657-B910-19A79E94679C.jpeg\",\"articleSection\":[\"Investigation\"],\"inLanguage\":\"fr-FR\",\"potentialAction\":[{\"@type\":\"CommentAction\",\"name\":\"Comment\",\"target\":[\"https:\/\/www.leprojecteurguinee.com\/index.php\/2025\/06\/30\/mauvaise-gestion-au-ministere-de-la-cooperation-le-ministre-ismael-nabe-fait-perdre-la-guinee-du-projet-sweed\/#respond\"]}]},{\"@type\":\"WebPage\",\"@id\":\"https:\/\/www.leprojecteurguinee.com\/index.php\/2025\/06\/30\/mauvaise-gestion-au-ministere-de-la-cooperation-le-ministre-ismael-nabe-fait-perdre-la-guinee-du-projet-sweed\/\",\"url\":\"https:\/\/www.leprojecteurguinee.com\/index.php\/2025\/06\/30\/mauvaise-gestion-au-ministere-de-la-cooperation-le-ministre-ismael-nabe-fait-perdre-la-guinee-du-projet-sweed\/\",\"name\":\"Mauvaise gestion au Minist\u00e8re de la Coop\u00e9ration : Le Ministre Ismael Nab\u00e9 fait perdre la Guin\u00e9e du projet Sweed\u2026 - leprojecteurguinee\",\"isPartOf\":{\"@id\":\"https:\/\/www.leprojecteurguinee.com\/#website\"},\"primaryImageOfPage\":{\"@id\":\"https:\/\/www.leprojecteurguinee.com\/index.php\/2025\/06\/30\/mauvaise-gestion-au-ministere-de-la-cooperation-le-ministre-ismael-nabe-fait-perdre-la-guinee-du-projet-sweed\/#primaryimage\"},\"image\":{\"@id\":\"https:\/\/www.leprojecteurguinee.com\/index.php\/2025\/06\/30\/mauvaise-gestion-au-ministere-de-la-cooperation-le-ministre-ismael-nabe-fait-perdre-la-guinee-du-projet-sweed\/#primaryimage\"},\"thumbnailUrl\":\"https:\/\/www.leprojecteurguinee.com\/wp-content\/uploads\/2025\/03\/7A4C65B5-2903-4657-B910-19A79E94679C.jpeg\",\"datePublished\":\"2025-06-30T10:59:07+00:00\",\"dateModified\":\"2025-06-30T11:42:46+00:00\",\"author\":{\"@id\":\"https:\/\/www.leprojecteurguinee.com\/#\/schema\/person\/c9d1602e593b11af0b295bdf5e12a59a\"},\"breadcrumb\":{\"@id\":\"https:\/\/www.leprojecteurguinee.com\/index.php\/2025\/06\/30\/mauvaise-gestion-au-ministere-de-la-cooperation-le-ministre-ismael-nabe-fait-perdre-la-guinee-du-projet-sweed\/#breadcrumb\"},\"inLanguage\":\"fr-FR\",\"potentialAction\":[{\"@type\":\"ReadAction\",\"target\":[\"https:\/\/www.leprojecteurguinee.com\/index.php\/2025\/06\/30\/mauvaise-gestion-au-ministere-de-la-cooperation-le-ministre-ismael-nabe-fait-perdre-la-guinee-du-projet-sweed\/\"]}]},{\"@type\":\"ImageObject\",\"inLanguage\":\"fr-FR\",\"@id\":\"https:\/\/www.leprojecteurguinee.com\/index.php\/2025\/06\/30\/mauvaise-gestion-au-ministere-de-la-cooperation-le-ministre-ismael-nabe-fait-perdre-la-guinee-du-projet-sweed\/#primaryimage\",\"url\":\"https:\/\/www.leprojecteurguinee.com\/wp-content\/uploads\/2025\/03\/7A4C65B5-2903-4657-B910-19A79E94679C.jpeg\",\"contentUrl\":\"https:\/\/www.leprojecteurguinee.com\/wp-content\/uploads\/2025\/03\/7A4C65B5-2903-4657-B910-19A79E94679C.jpeg\",\"width\":2048,\"height\":1365},{\"@type\":\"BreadcrumbList\",\"@id\":\"https:\/\/www.leprojecteurguinee.com\/index.php\/2025\/06\/30\/mauvaise-gestion-au-ministere-de-la-cooperation-le-ministre-ismael-nabe-fait-perdre-la-guinee-du-projet-sweed\/#breadcrumb\",\"itemListElement\":[{\"@type\":\"ListItem\",\"position\":1,\"name\":\"Accueil\",\"item\":\"https:\/\/www.leprojecteurguinee.com\/\"},{\"@type\":\"ListItem\",\"position\":2,\"name\":\"Mauvaise gestion au Minist\u00e8re de la Coop\u00e9ration : Le Ministre Ismael Nab\u00e9 fait perdre la Guin\u00e9e du projet Sweed\u2026\"}]},{\"@type\":\"WebSite\",\"@id\":\"https:\/\/www.leprojecteurguinee.com\/#website\",\"url\":\"https:\/\/www.leprojecteurguinee.com\/\",\"name\":\"leprojecteurguinee\",\"description\":\"Nous luttons contre les pratiques obscures\",\"potentialAction\":[{\"@type\":\"SearchAction\",\"target\":{\"@type\":\"EntryPoint\",\"urlTemplate\":\"https:\/\/www.leprojecteurguinee.com\/?s={search_term_string}\"},\"query-input\":{\"@type\":\"PropertyValueSpecification\",\"valueRequired\":true,\"valueName\":\"search_term_string\"}}],\"inLanguage\":\"fr-FR\"},{\"@type\":\"Person\",\"@id\":\"https:\/\/www.leprojecteurguinee.com\/#\/schema\/person\/c9d1602e593b11af0b295bdf5e12a59a\",\"name\":\"www.leprojecteurguinee.com\",\"image\":{\"@type\":\"ImageObject\",\"inLanguage\":\"fr-FR\",\"@id\":\"https:\/\/www.leprojecteurguinee.com\/#\/schema\/person\/image\/\",\"url\":\"https:\/\/secure.gravatar.com\/avatar\/d73703fcd03dcba36d2bb23326e491935423a46800f1ebf8f61b70e62b70e55a?s=96&d=mm&r=g\",\"contentUrl\":\"https:\/\/secure.gravatar.com\/avatar\/d73703fcd03dcba36d2bb23326e491935423a46800f1ebf8f61b70e62b70e55a?s=96&d=mm&r=g\",\"caption\":\"www.leprojecteurguinee.com\"},\"description\":\"Administrateur G\u00e9n\u00e9ral\",\"sameAs\":[\"http:\/\/www.leprojeceteurguinee.com\"],\"url\":\"https:\/\/www.leprojecteurguinee.com\/index.php\/author\/fadigagn\/\"}]}<\/script>\n<!-- \/ Yoast SEO plugin. -->","yoast_head_json":{"title":"Mauvaise gestion au Minist\u00e8re de la Coop\u00e9ration : Le Ministre Ismael Nab\u00e9 fait perdre la Guin\u00e9e du projet Sweed\u2026 - leprojecteurguinee","robots":{"index":"index","follow":"follow","max-snippet":"max-snippet:-1","max-image-preview":"max-image-preview:large","max-video-preview":"max-video-preview:-1"},"canonical":"https:\/\/www.leprojecteurguinee.com\/index.php\/2025\/06\/30\/mauvaise-gestion-au-ministere-de-la-cooperation-le-ministre-ismael-nabe-fait-perdre-la-guinee-du-projet-sweed\/","og_locale":"fr_FR","og_type":"article","og_title":"Mauvaise gestion au Minist\u00e8re de la Coop\u00e9ration : Le Ministre Ismael Nab\u00e9 fait perdre la Guin\u00e9e du projet Sweed\u2026 - leprojecteurguinee","og_description":"Comme nous vous l\u2019annoncions dans nos pr\u00e9c\u00e9dents articles, c\u2019est fait. Par l\u2019amateurisme et la mauvaise gestion du Ministre Ismael Nab\u00e9, la Guin\u00e9e vient de perdre la 2\u00e8 phase du projet Sweed, un projet de la banque mondiale ax\u00e9 sur l\u2019autonomisation des femmes. Pour rappel, tous les seize (16) pays b\u00e9n\u00e9ficiaires du projet sont rest\u00e9s dans [&hellip;]","og_url":"https:\/\/www.leprojecteurguinee.com\/index.php\/2025\/06\/30\/mauvaise-gestion-au-ministere-de-la-cooperation-le-ministre-ismael-nabe-fait-perdre-la-guinee-du-projet-sweed\/","og_site_name":"leprojecteurguinee","article_published_time":"2025-06-30T10:59:07+00:00","article_modified_time":"2025-06-30T11:42:46+00:00","og_image":[{"width":2048,"height":1365,"url":"https:\/\/www.leprojecteurguinee.com\/wp-content\/uploads\/2025\/03\/7A4C65B5-2903-4657-B910-19A79E94679C.jpeg","type":"image\/jpeg"}],"author":"www.leprojecteurguinee.com","twitter_card":"summary_large_image","twitter_misc":{"\u00c9crit par":"www.leprojecteurguinee.com","Dur\u00e9e de lecture estim\u00e9e":"2 minutes"},"schema":{"@context":"https:\/\/schema.org","@graph":[{"@type":"Article","@id":"https:\/\/www.leprojecteurguinee.com\/index.php\/2025\/06\/30\/mauvaise-gestion-au-ministere-de-la-cooperation-le-ministre-ismael-nabe-fait-perdre-la-guinee-du-projet-sweed\/#article","isPartOf":{"@id":"https:\/\/www.leprojecteurguinee.com\/index.php\/2025\/06\/30\/mauvaise-gestion-au-ministere-de-la-cooperation-le-ministre-ismael-nabe-fait-perdre-la-guinee-du-projet-sweed\/"},"author":{"name":"www.leprojecteurguinee.com","@id":"https:\/\/www.leprojecteurguinee.com\/#\/schema\/person\/c9d1602e593b11af0b295bdf5e12a59a"},"headline":"Mauvaise gestion au Minist\u00e8re de la Coop\u00e9ration : Le Ministre Ismael Nab\u00e9 fait perdre la Guin\u00e9e du projet Sweed\u2026","datePublished":"2025-06-30T10:59:07+00:00","dateModified":"2025-06-30T11:42:46+00:00","mainEntityOfPage":{"@id":"https:\/\/www.leprojecteurguinee.com\/index.php\/2025\/06\/30\/mauvaise-gestion-au-ministere-de-la-cooperation-le-ministre-ismael-nabe-fait-perdre-la-guinee-du-projet-sweed\/"},"wordCount":211,"commentCount":0,"image":{"@id":"https:\/\/www.leprojecteurguinee.com\/index.php\/2025\/06\/30\/mauvaise-gestion-au-ministere-de-la-cooperation-le-ministre-ismael-nabe-fait-perdre-la-guinee-du-projet-sweed\/#primaryimage"},"thumbnailUrl":"https:\/\/www.leprojecteurguinee.com\/wp-content\/uploads\/2025\/03\/7A4C65B5-2903-4657-B910-19A79E94679C.jpeg","articleSection":["Investigation"],"inLanguage":"fr-FR","potentialAction":[{"@type":"CommentAction","name":"Comment","target":["https:\/\/www.leprojecteurguinee.com\/index.php\/2025\/06\/30\/mauvaise-gestion-au-ministere-de-la-cooperation-le-ministre-ismael-nabe-fait-perdre-la-guinee-du-projet-sweed\/#respond"]}]},{"@type":"WebPage","@id":"https:\/\/www.leprojecteurguinee.com\/index.php\/2025\/06\/30\/mauvaise-gestion-au-ministere-de-la-cooperation-le-ministre-ismael-nabe-fait-perdre-la-guinee-du-projet-sweed\/","url":"https:\/\/www.leprojecteurguinee.com\/index.php\/2025\/06\/30\/mauvaise-gestion-au-ministere-de-la-cooperation-le-ministre-ismael-nabe-fait-perdre-la-guinee-du-projet-sweed\/","name":"Mauvaise gestion au Minist\u00e8re de la Coop\u00e9ration : Le Ministre Ismael Nab\u00e9 fait perdre la Guin\u00e9e du projet Sweed\u2026 - leprojecteurguinee","isPartOf":{"@id":"https:\/\/www.leprojecteurguinee.com\/#website"},"primaryImageOfPage":{"@id":"https:\/\/www.leprojecteurguinee.com\/index.php\/2025\/06\/30\/mauvaise-gestion-au-ministere-de-la-cooperation-le-ministre-ismael-nabe-fait-perdre-la-guinee-du-projet-sweed\/#primaryimage"},"image":{"@id":"https:\/\/www.leprojecteurguinee.com\/index.php\/2025\/06\/30\/mauvaise-gestion-au-ministere-de-la-cooperation-le-ministre-ismael-nabe-fait-perdre-la-guinee-du-projet-sweed\/#primaryimage"},"thumbnailUrl":"https:\/\/www.leprojecteurguinee.com\/wp-content\/uploads\/2025\/03\/7A4C65B5-2903-4657-B910-19A79E94679C.jpeg","datePublished":"2025-06-30T10:59:07+00:00","dateModified":"2025-06-30T11:42:46+00:00","author":{"@id":"https:\/\/www.leprojecteurguinee.com\/#\/schema\/person\/c9d1602e593b11af0b295bdf5e12a59a"},"breadcrumb":{"@id":"https:\/\/www.leprojecteurguinee.com\/index.php\/2025\/06\/30\/mauvaise-gestion-au-ministere-de-la-cooperation-le-ministre-ismael-nabe-fait-perdre-la-guinee-du-projet-sweed\/#breadcrumb"},"inLanguage":"fr-FR","potentialAction":[{"@type":"ReadAction","target":["https:\/\/www.leprojecteurguinee.com\/index.php\/2025\/06\/30\/mauvaise-gestion-au-ministere-de-la-cooperation-le-ministre-ismael-nabe-fait-perdre-la-guinee-du-projet-sweed\/"]}]},{"@type":"ImageObject","inLanguage":"fr-FR","@id":"https:\/\/www.leprojecteurguinee.com\/index.php\/2025\/06\/30\/mauvaise-gestion-au-ministere-de-la-cooperation-le-ministre-ismael-nabe-fait-perdre-la-guinee-du-projet-sweed\/#primaryimage","url":"https:\/\/www.leprojecteurguinee.com\/wp-content\/uploads\/2025\/03\/7A4C65B5-2903-4657-B910-19A79E94679C.jpeg","contentUrl":"https:\/\/www.leprojecteurguinee.com\/wp-content\/uploads\/2025\/03\/7A4C65B5-2903-4657-B910-19A79E94679C.jpeg","width":2048,"height":1365},{"@type":"BreadcrumbList","@id":"https:\/\/www.leprojecteurguinee.com\/index.php\/2025\/06\/30\/mauvaise-gestion-au-ministere-de-la-cooperation-le-ministre-ismael-nabe-fait-perdre-la-guinee-du-projet-sweed\/#breadcrumb","itemListElement":[{"@type":"ListItem","position":1,"name":"Accueil","item":"https:\/\/www.leprojecteurguinee.com\/"},{"@type":"ListItem","position":2,"name":"Mauvaise gestion au Minist\u00e8re de la Coop\u00e9ration : Le Ministre Ismael Nab\u00e9 fait perdre la Guin\u00e9e du projet Sweed\u2026"}]},{"@type":"WebSite","@id":"https:\/\/www.leprojecteurguinee.com\/#website","url":"https:\/\/www.leprojecteurguinee.com\/","name":"leprojecteurguinee","description":"Nous luttons contre les pratiques obscures","potentialAction":[{"@type":"SearchAction","target":{"@type":"EntryPoint","urlTemplate":"https:\/\/www.leprojecteurguinee.com\/?s={search_term_string}"},"query-input":{"@type":"PropertyValueSpecification","valueRequired":true,"valueName":"search_term_string"}}],"inLanguage":"fr-FR"},{"@type":"Person","@id":"https:\/\/www.leprojecteurguinee.com\/#\/schema\/person\/c9d1602e593b11af0b295bdf5e12a59a","name":"www.leprojecteurguinee.com","image":{"@type":"ImageObject","inLanguage":"fr-FR","@id":"https:\/\/www.leprojecteurguinee.com\/#\/schema\/person\/image\/","url":"https:\/\/secure.gravatar.com\/avatar\/d73703fcd03dcba36d2bb23326e491935423a46800f1ebf8f61b70e62b70e55a?s=96&d=mm&r=g","contentUrl":"https:\/\/secure.gravatar.com\/avatar\/d73703fcd03dcba36d2bb23326e491935423a46800f1ebf8f61b70e62b70e55a?s=96&d=mm&r=g","caption":"www.leprojecteurguinee.com"},"description":"Administrateur G\u00e9n\u00e9ral","sameAs":["http:\/\/www.leprojeceteurguinee.com"],"url":"https:\/\/www.leprojecteurguinee.com\/index.php\/author\/fadigagn\/"}]}},"_links":{"self":[{"href":"https:\/\/www.leprojecteurguinee.com\/index.php\/wp-json\/wp\/v2\/posts\/13093","targetHints":{"allow":["GET"]}}],"collection":[{"href":"https:\/\/www.leprojecteurguinee.com\/index.php\/wp-json\/wp\/v2\/posts"}],"about":[{"href":"https:\/\/www.leprojecteurguinee.com\/index.php\/wp-json\/wp\/v2\/types\/post"}],"author":[{"embeddable":true,"href":"https:\/\/www.leprojecteurguinee.com\/index.php\/wp-json\/wp\/v2\/users\/2"}],"replies":[{"embeddable":true,"href":"https:\/\/www.leprojecteurguinee.com\/index.php\/wp-json\/wp\/v2\/comments?post=13093"}],"version-history":[{"count":0,"href":"https:\/\/www.leprojecteurguinee.com\/index.php\/wp-json\/wp\/v2\/posts\/13093\/revisions"}],"wp:featuredmedia":[{"embeddable":true,"href":"https:\/\/www.leprojecteurguinee.com\/index.php\/wp-json\/wp\/v2\/media\/5305"}],"wp:attachment":[{"href":"https:\/\/www.leprojecteurguinee.com\/index.php\/wp-json\/wp\/v2\/media?parent=13093"}],"wp:term":[{"taxonomy":"category","embeddable":true,"href":"https:\/\/www.leprojecteurguinee.com\/index.php\/wp-json\/wp\/v2\/categories?post=13093"},{"taxonomy":"post_tag","embeddable":true,"href":"https:\/\/www.leprojecteurguinee.com\/index.php\/wp-json\/wp\/v2\/tags?post=13093"}],"curies":[{"name":"wp","href":"https:\/\/api.w.org\/{rel}","templated":true}]}}