{"id":13060,"date":"2025-06-24T13:08:12","date_gmt":"2025-06-24T13:08:12","guid":{"rendered":"https:\/\/www.leprojecteurguinee.com\/?p=13060"},"modified":"2025-06-24T13:08:58","modified_gmt":"2025-06-24T13:08:58","slug":"guinee-la-conference-internationale-des-barreaux-apporte-son-soutien-a-me-traore-exige-la-verite-et-louverture-immediate-dune-enquete","status":"publish","type":"post","link":"https:\/\/www.leprojecteurguinee.com\/index.php\/2025\/06\/24\/guinee-la-conference-internationale-des-barreaux-apporte-son-soutien-a-me-traore-exige-la-verite-et-louverture-immediate-dune-enquete\/","title":{"rendered":"Guin\u00e9e: la conf\u00e9rence internationale des barreaux apporte son soutien \u00e0 Me Traor\u00e9, exige la v\u00e9rit\u00e9 et l\u2019ouverture imm\u00e9diate d\u2019une enqu\u00eate"},"content":{"rendered":"<p>Dans un communiqu\u00e9 publi\u00e9 le 23 juin 2025, la Conf\u00e9rence Internationale des Barreaux de tradition juridique commune (CIB) apporte son soutien \u00e0 l\u2019ancien B\u00e2tonnier Me Mohamed Traor\u00e9 enlev\u00e9, s\u00e9questr\u00e9 et tortur\u00e9 par des inconnus le week-end dernier.<\/p>\n<p>La CIB exprime sa totale solidarit\u00e9 au barreau de Guin\u00e9e et exige que lumi\u00e8re soit faite sur les auteurs et une enqu\u00eate ind\u00e9pendante, impartiale et cr\u00e9dible.<\/p>\n<p><strong>Ci-dessous le communiqu\u00e9 de la CIB :<\/strong><\/p>\n<p>\u00c0 l\u2019attention du Barreau de Guin\u00e9e,<\/p>\n<p>En solidarit\u00e9 avec Ma\u00eetre Mohamed TRAOR\u00c9, ancien B\u00e2tonnier,<\/p>\n<p>La Conf\u00e9rence Internationale des Barreaux de tradition juridique commune (CIB) a pris connaissance avec effroi et indignation du communiqu\u00e9 \u00e9mis ce 21 juin 2025 par le Barreau de Guin\u00e9e, relatif \u00e0 l\u2019enl\u00e8vement, aux actes de torture et \u00e0 la s\u00e9questration inqualifiable dont a \u00e9t\u00e9 victime Ma\u00eetre Mohamed TRAOR\u00c9, avocat au Barreau de Guin\u00e9e et ancien B\u00e2tonnier.<\/p>\n<p>Ces actes d\u2019une brutalit\u00e9 extr\u00eame, perp\u00e9tr\u00e9s dans la nuit du 20 au 21 juin 2025, ne visent pas seulement un avocat : ils portent atteinte \u00e0 l\u2019ind\u00e9pendance de toute la profession, \u00e0 la justice et \u00e0 l\u2019\u00c9tat de droit.<\/p>\n<p>La CIB exprime sa totale solidarit\u00e9 au Barreau de Guin\u00e9e, \u00e0 Ma\u00eetre Mohamed TRAOR\u00c9, \u00e0 son \u00e9pouse, ses enfants, ainsi qu\u2019\u00e0 l\u2019ensemble des avocats \u00e9pris de libert\u00e9 et de justice.<\/p>\n<p>Elle condamne avec la plus grande fermet\u00e9 ces violences qui, si elles restent impunies, fragiliseraient davantage les principes d\u00e9mocratiques et les garanties fondamentales de toute soci\u00e9t\u00e9 fond\u00e9e sur le droit.<\/p>\n<p>La CIB :<\/p>\n<ul>\n<li>se joint \u00e0 l\u2019appel du Barreau de Guin\u00e9e pour que toute la lumi\u00e8re soit faite sur les auteurs, les complices et les commanditaires de ces actes ;<\/li>\n<li>exige l\u2019ouverture imm\u00e9diate d\u2019une enqu\u00eate ind\u00e9pendante, impartiale et cr\u00e9dible\u00a0;<\/li>\n<li>appelle les autorit\u00e9s de la R\u00e9publique de Guin\u00e9e \u00e0 garantir la protection des avocats dans l\u2019exercice de leur mission, conform\u00e9ment aux engagements internationaux auxquels l\u2019\u00c9tat guin\u00e9en a souscrit.<\/li>\n<\/ul>\n<p>&nbsp;<\/p>\n<p>La CIB rappelle que les avocats ne sont pas les ennemis de l\u2019\u00c9tat, mais les gardiens du droit, les d\u00e9fenseurs des libert\u00e9s fondamentales, et les piliers d\u2019une justice \u00e9quitable.<\/p>\n<p>Elle restera mobilis\u00e9e aux c\u00f4t\u00e9s du Barreau de Guin\u00e9e et poursuivra sa mission de veille, de d\u00e9nonciation et de soutien chaque fois qu\u2019un avocat, o\u00f9 qu\u2019il soit, sera injustement pris pour cible.<\/p>\n<p>Aucune tyrannie ne saurait faire taire le droit.<\/p>\n<p><strong>Fait \u00e0 Paris, le 21 juin 2025<\/strong><\/p>\n<p><strong>Pour la CIB,<\/strong><\/p>\n<div class=\"jeg_ad jeg_ad_article jnews_content_inline_ads \">\n<div class=\"ads-wrapper align-center \">\n<div class=\"ads_code\"><\/div>\n<\/div>\n<\/div>\n","protected":false},"excerpt":{"rendered":"<p>Dans un communiqu\u00e9 publi\u00e9 le 23 juin 2025, la Conf\u00e9rence Internationale des Barreaux de tradition juridique commune (CIB) apporte son soutien \u00e0 l\u2019ancien B\u00e2tonnier Me Mohamed Traor\u00e9 enlev\u00e9, s\u00e9questr\u00e9 et tortur\u00e9 par des inconnus le week-end dernier. La CIB exprime sa totale solidarit\u00e9 au barreau de Guin\u00e9e et exige que lumi\u00e8re soit faite sur les [&hellip;]<\/p>\n","protected":false},"author":2,"featured_media":13061,"comment_status":"open","ping_status":"open","sticky":false,"template":"","format":"standard","meta":{"footnotes":""},"categories":[16],"tags":[],"class_list":["post-13060","post","type-post","status-publish","format-standard","has-post-thumbnail","hentry","category-actualites"],"yoast_head":"<!-- This site is optimized with the Yoast SEO plugin v26.8 - https:\/\/yoast.com\/product\/yoast-seo-wordpress\/ -->\n<title>Guin\u00e9e: la conf\u00e9rence internationale des barreaux apporte son soutien \u00e0 Me Traor\u00e9, exige la v\u00e9rit\u00e9 et l\u2019ouverture imm\u00e9diate d\u2019une enqu\u00eate - leprojecteurguinee<\/title>\n<meta name=\"robots\" content=\"index, follow, max-snippet:-1, max-image-preview:large, max-video-preview:-1\" \/>\n<link rel=\"canonical\" href=\"https:\/\/www.leprojecteurguinee.com\/index.php\/2025\/06\/24\/guinee-la-conference-internationale-des-barreaux-apporte-son-soutien-a-me-traore-exige-la-verite-et-louverture-immediate-dune-enquete\/\" \/>\n<meta property=\"og:locale\" content=\"fr_FR\" \/>\n<meta property=\"og:type\" content=\"article\" \/>\n<meta property=\"og:title\" content=\"Guin\u00e9e: la conf\u00e9rence internationale des barreaux apporte son soutien \u00e0 Me Traor\u00e9, exige la v\u00e9rit\u00e9 et l\u2019ouverture imm\u00e9diate d\u2019une enqu\u00eate - leprojecteurguinee\" \/>\n<meta property=\"og:description\" content=\"Dans un communiqu\u00e9 publi\u00e9 le 23 juin 2025, la Conf\u00e9rence Internationale des Barreaux de tradition juridique commune (CIB) apporte son soutien \u00e0 l\u2019ancien B\u00e2tonnier Me Mohamed Traor\u00e9 enlev\u00e9, s\u00e9questr\u00e9 et tortur\u00e9 par des inconnus le week-end dernier. La CIB exprime sa totale solidarit\u00e9 au barreau de Guin\u00e9e et exige que lumi\u00e8re soit faite sur les [&hellip;]\" \/>\n<meta property=\"og:url\" content=\"https:\/\/www.leprojecteurguinee.com\/index.php\/2025\/06\/24\/guinee-la-conference-internationale-des-barreaux-apporte-son-soutien-a-me-traore-exige-la-verite-et-louverture-immediate-dune-enquete\/\" \/>\n<meta property=\"og:site_name\" content=\"leprojecteurguinee\" \/>\n<meta property=\"article:published_time\" content=\"2025-06-24T13:08:12+00:00\" \/>\n<meta property=\"article:modified_time\" content=\"2025-06-24T13:08:58+00:00\" \/>\n<meta property=\"og:image\" content=\"https:\/\/www.leprojecteurguinee.com\/wp-content\/uploads\/2025\/06\/Me-Mohamed-Traore-.jpg\" \/>\n\t<meta property=\"og:image:width\" content=\"700\" \/>\n\t<meta property=\"og:image:height\" content=\"375\" \/>\n\t<meta property=\"og:image:type\" content=\"image\/jpeg\" \/>\n<meta name=\"author\" content=\"www.leprojecteurguinee.com\" \/>\n<meta name=\"twitter:card\" content=\"summary_large_image\" \/>\n<meta name=\"twitter:label1\" content=\"\u00c9crit par\" \/>\n\t<meta name=\"twitter:data1\" content=\"www.leprojecteurguinee.com\" \/>\n\t<meta name=\"twitter:label2\" content=\"Dur\u00e9e de lecture estim\u00e9e\" \/>\n\t<meta name=\"twitter:data2\" content=\"3 minutes\" \/>\n<script type=\"application\/ld+json\" class=\"yoast-schema-graph\">{\"@context\":\"https:\/\/schema.org\",\"@graph\":[{\"@type\":\"Article\",\"@id\":\"https:\/\/www.leprojecteurguinee.com\/index.php\/2025\/06\/24\/guinee-la-conference-internationale-des-barreaux-apporte-son-soutien-a-me-traore-exige-la-verite-et-louverture-immediate-dune-enquete\/#article\",\"isPartOf\":{\"@id\":\"https:\/\/www.leprojecteurguinee.com\/index.php\/2025\/06\/24\/guinee-la-conference-internationale-des-barreaux-apporte-son-soutien-a-me-traore-exige-la-verite-et-louverture-immediate-dune-enquete\/\"},\"author\":{\"name\":\"www.leprojecteurguinee.com\",\"@id\":\"https:\/\/www.leprojecteurguinee.com\/#\/schema\/person\/c9d1602e593b11af0b295bdf5e12a59a\"},\"headline\":\"Guin\u00e9e: la conf\u00e9rence internationale des barreaux apporte son soutien \u00e0 Me Traor\u00e9, exige la v\u00e9rit\u00e9 et l\u2019ouverture imm\u00e9diate d\u2019une enqu\u00eate\",\"datePublished\":\"2025-06-24T13:08:12+00:00\",\"dateModified\":\"2025-06-24T13:08:58+00:00\",\"mainEntityOfPage\":{\"@id\":\"https:\/\/www.leprojecteurguinee.com\/index.php\/2025\/06\/24\/guinee-la-conference-internationale-des-barreaux-apporte-son-soutien-a-me-traore-exige-la-verite-et-louverture-immediate-dune-enquete\/\"},\"wordCount\":448,\"commentCount\":0,\"image\":{\"@id\":\"https:\/\/www.leprojecteurguinee.com\/index.php\/2025\/06\/24\/guinee-la-conference-internationale-des-barreaux-apporte-son-soutien-a-me-traore-exige-la-verite-et-louverture-immediate-dune-enquete\/#primaryimage\"},\"thumbnailUrl\":\"https:\/\/www.leprojecteurguinee.com\/wp-content\/uploads\/2025\/06\/Me-Mohamed-Traore-.jpg\",\"articleSection\":[\"Actualit\u00e9s\"],\"inLanguage\":\"fr-FR\",\"potentialAction\":[{\"@type\":\"CommentAction\",\"name\":\"Comment\",\"target\":[\"https:\/\/www.leprojecteurguinee.com\/index.php\/2025\/06\/24\/guinee-la-conference-internationale-des-barreaux-apporte-son-soutien-a-me-traore-exige-la-verite-et-louverture-immediate-dune-enquete\/#respond\"]}]},{\"@type\":\"WebPage\",\"@id\":\"https:\/\/www.leprojecteurguinee.com\/index.php\/2025\/06\/24\/guinee-la-conference-internationale-des-barreaux-apporte-son-soutien-a-me-traore-exige-la-verite-et-louverture-immediate-dune-enquete\/\",\"url\":\"https:\/\/www.leprojecteurguinee.com\/index.php\/2025\/06\/24\/guinee-la-conference-internationale-des-barreaux-apporte-son-soutien-a-me-traore-exige-la-verite-et-louverture-immediate-dune-enquete\/\",\"name\":\"Guin\u00e9e: la conf\u00e9rence internationale des barreaux apporte son soutien \u00e0 Me Traor\u00e9, exige la v\u00e9rit\u00e9 et l\u2019ouverture imm\u00e9diate d\u2019une enqu\u00eate - leprojecteurguinee\",\"isPartOf\":{\"@id\":\"https:\/\/www.leprojecteurguinee.com\/#website\"},\"primaryImageOfPage\":{\"@id\":\"https:\/\/www.leprojecteurguinee.com\/index.php\/2025\/06\/24\/guinee-la-conference-internationale-des-barreaux-apporte-son-soutien-a-me-traore-exige-la-verite-et-louverture-immediate-dune-enquete\/#primaryimage\"},\"image\":{\"@id\":\"https:\/\/www.leprojecteurguinee.com\/index.php\/2025\/06\/24\/guinee-la-conference-internationale-des-barreaux-apporte-son-soutien-a-me-traore-exige-la-verite-et-louverture-immediate-dune-enquete\/#primaryimage\"},\"thumbnailUrl\":\"https:\/\/www.leprojecteurguinee.com\/wp-content\/uploads\/2025\/06\/Me-Mohamed-Traore-.jpg\",\"datePublished\":\"2025-06-24T13:08:12+00:00\",\"dateModified\":\"2025-06-24T13:08:58+00:00\",\"author\":{\"@id\":\"https:\/\/www.leprojecteurguinee.com\/#\/schema\/person\/c9d1602e593b11af0b295bdf5e12a59a\"},\"breadcrumb\":{\"@id\":\"https:\/\/www.leprojecteurguinee.com\/index.php\/2025\/06\/24\/guinee-la-conference-internationale-des-barreaux-apporte-son-soutien-a-me-traore-exige-la-verite-et-louverture-immediate-dune-enquete\/#breadcrumb\"},\"inLanguage\":\"fr-FR\",\"potentialAction\":[{\"@type\":\"ReadAction\",\"target\":[\"https:\/\/www.leprojecteurguinee.com\/index.php\/2025\/06\/24\/guinee-la-conference-internationale-des-barreaux-apporte-son-soutien-a-me-traore-exige-la-verite-et-louverture-immediate-dune-enquete\/\"]}]},{\"@type\":\"ImageObject\",\"inLanguage\":\"fr-FR\",\"@id\":\"https:\/\/www.leprojecteurguinee.com\/index.php\/2025\/06\/24\/guinee-la-conference-internationale-des-barreaux-apporte-son-soutien-a-me-traore-exige-la-verite-et-louverture-immediate-dune-enquete\/#primaryimage\",\"url\":\"https:\/\/www.leprojecteurguinee.com\/wp-content\/uploads\/2025\/06\/Me-Mohamed-Traore-.jpg\",\"contentUrl\":\"https:\/\/www.leprojecteurguinee.com\/wp-content\/uploads\/2025\/06\/Me-Mohamed-Traore-.jpg\",\"width\":700,\"height\":375},{\"@type\":\"BreadcrumbList\",\"@id\":\"https:\/\/www.leprojecteurguinee.com\/index.php\/2025\/06\/24\/guinee-la-conference-internationale-des-barreaux-apporte-son-soutien-a-me-traore-exige-la-verite-et-louverture-immediate-dune-enquete\/#breadcrumb\",\"itemListElement\":[{\"@type\":\"ListItem\",\"position\":1,\"name\":\"Accueil\",\"item\":\"https:\/\/www.leprojecteurguinee.com\/\"},{\"@type\":\"ListItem\",\"position\":2,\"name\":\"Guin\u00e9e: la conf\u00e9rence internationale des barreaux apporte son soutien \u00e0 Me Traor\u00e9, exige la v\u00e9rit\u00e9 et l\u2019ouverture imm\u00e9diate d\u2019une enqu\u00eate\"}]},{\"@type\":\"WebSite\",\"@id\":\"https:\/\/www.leprojecteurguinee.com\/#website\",\"url\":\"https:\/\/www.leprojecteurguinee.com\/\",\"name\":\"leprojecteurguinee\",\"description\":\"Nous luttons contre les pratiques obscures\",\"potentialAction\":[{\"@type\":\"SearchAction\",\"target\":{\"@type\":\"EntryPoint\",\"urlTemplate\":\"https:\/\/www.leprojecteurguinee.com\/?s={search_term_string}\"},\"query-input\":{\"@type\":\"PropertyValueSpecification\",\"valueRequired\":true,\"valueName\":\"search_term_string\"}}],\"inLanguage\":\"fr-FR\"},{\"@type\":\"Person\",\"@id\":\"https:\/\/www.leprojecteurguinee.com\/#\/schema\/person\/c9d1602e593b11af0b295bdf5e12a59a\",\"name\":\"www.leprojecteurguinee.com\",\"image\":{\"@type\":\"ImageObject\",\"inLanguage\":\"fr-FR\",\"@id\":\"https:\/\/www.leprojecteurguinee.com\/#\/schema\/person\/image\/\",\"url\":\"https:\/\/secure.gravatar.com\/avatar\/d73703fcd03dcba36d2bb23326e491935423a46800f1ebf8f61b70e62b70e55a?s=96&d=mm&r=g\",\"contentUrl\":\"https:\/\/secure.gravatar.com\/avatar\/d73703fcd03dcba36d2bb23326e491935423a46800f1ebf8f61b70e62b70e55a?s=96&d=mm&r=g\",\"caption\":\"www.leprojecteurguinee.com\"},\"description\":\"Administrateur G\u00e9n\u00e9ral\",\"sameAs\":[\"http:\/\/www.leprojeceteurguinee.com\"],\"url\":\"https:\/\/www.leprojecteurguinee.com\/index.php\/author\/fadigagn\/\"}]}<\/script>\n<!-- \/ Yoast SEO plugin. -->","yoast_head_json":{"title":"Guin\u00e9e: la conf\u00e9rence internationale des barreaux apporte son soutien \u00e0 Me Traor\u00e9, exige la v\u00e9rit\u00e9 et l\u2019ouverture imm\u00e9diate d\u2019une enqu\u00eate - leprojecteurguinee","robots":{"index":"index","follow":"follow","max-snippet":"max-snippet:-1","max-image-preview":"max-image-preview:large","max-video-preview":"max-video-preview:-1"},"canonical":"https:\/\/www.leprojecteurguinee.com\/index.php\/2025\/06\/24\/guinee-la-conference-internationale-des-barreaux-apporte-son-soutien-a-me-traore-exige-la-verite-et-louverture-immediate-dune-enquete\/","og_locale":"fr_FR","og_type":"article","og_title":"Guin\u00e9e: la conf\u00e9rence internationale des barreaux apporte son soutien \u00e0 Me Traor\u00e9, exige la v\u00e9rit\u00e9 et l\u2019ouverture imm\u00e9diate d\u2019une enqu\u00eate - leprojecteurguinee","og_description":"Dans un communiqu\u00e9 publi\u00e9 le 23 juin 2025, la Conf\u00e9rence Internationale des Barreaux de tradition juridique commune (CIB) apporte son soutien \u00e0 l\u2019ancien B\u00e2tonnier Me Mohamed Traor\u00e9 enlev\u00e9, s\u00e9questr\u00e9 et tortur\u00e9 par des inconnus le week-end dernier. La CIB exprime sa totale solidarit\u00e9 au barreau de Guin\u00e9e et exige que lumi\u00e8re soit faite sur les [&hellip;]","og_url":"https:\/\/www.leprojecteurguinee.com\/index.php\/2025\/06\/24\/guinee-la-conference-internationale-des-barreaux-apporte-son-soutien-a-me-traore-exige-la-verite-et-louverture-immediate-dune-enquete\/","og_site_name":"leprojecteurguinee","article_published_time":"2025-06-24T13:08:12+00:00","article_modified_time":"2025-06-24T13:08:58+00:00","og_image":[{"width":700,"height":375,"url":"https:\/\/www.leprojecteurguinee.com\/wp-content\/uploads\/2025\/06\/Me-Mohamed-Traore-.jpg","type":"image\/jpeg"}],"author":"www.leprojecteurguinee.com","twitter_card":"summary_large_image","twitter_misc":{"\u00c9crit par":"www.leprojecteurguinee.com","Dur\u00e9e de lecture estim\u00e9e":"3 minutes"},"schema":{"@context":"https:\/\/schema.org","@graph":[{"@type":"Article","@id":"https:\/\/www.leprojecteurguinee.com\/index.php\/2025\/06\/24\/guinee-la-conference-internationale-des-barreaux-apporte-son-soutien-a-me-traore-exige-la-verite-et-louverture-immediate-dune-enquete\/#article","isPartOf":{"@id":"https:\/\/www.leprojecteurguinee.com\/index.php\/2025\/06\/24\/guinee-la-conference-internationale-des-barreaux-apporte-son-soutien-a-me-traore-exige-la-verite-et-louverture-immediate-dune-enquete\/"},"author":{"name":"www.leprojecteurguinee.com","@id":"https:\/\/www.leprojecteurguinee.com\/#\/schema\/person\/c9d1602e593b11af0b295bdf5e12a59a"},"headline":"Guin\u00e9e: la conf\u00e9rence internationale des barreaux apporte son soutien \u00e0 Me Traor\u00e9, exige la v\u00e9rit\u00e9 et l\u2019ouverture imm\u00e9diate d\u2019une enqu\u00eate","datePublished":"2025-06-24T13:08:12+00:00","dateModified":"2025-06-24T13:08:58+00:00","mainEntityOfPage":{"@id":"https:\/\/www.leprojecteurguinee.com\/index.php\/2025\/06\/24\/guinee-la-conference-internationale-des-barreaux-apporte-son-soutien-a-me-traore-exige-la-verite-et-louverture-immediate-dune-enquete\/"},"wordCount":448,"commentCount":0,"image":{"@id":"https:\/\/www.leprojecteurguinee.com\/index.php\/2025\/06\/24\/guinee-la-conference-internationale-des-barreaux-apporte-son-soutien-a-me-traore-exige-la-verite-et-louverture-immediate-dune-enquete\/#primaryimage"},"thumbnailUrl":"https:\/\/www.leprojecteurguinee.com\/wp-content\/uploads\/2025\/06\/Me-Mohamed-Traore-.jpg","articleSection":["Actualit\u00e9s"],"inLanguage":"fr-FR","potentialAction":[{"@type":"CommentAction","name":"Comment","target":["https:\/\/www.leprojecteurguinee.com\/index.php\/2025\/06\/24\/guinee-la-conference-internationale-des-barreaux-apporte-son-soutien-a-me-traore-exige-la-verite-et-louverture-immediate-dune-enquete\/#respond"]}]},{"@type":"WebPage","@id":"https:\/\/www.leprojecteurguinee.com\/index.php\/2025\/06\/24\/guinee-la-conference-internationale-des-barreaux-apporte-son-soutien-a-me-traore-exige-la-verite-et-louverture-immediate-dune-enquete\/","url":"https:\/\/www.leprojecteurguinee.com\/index.php\/2025\/06\/24\/guinee-la-conference-internationale-des-barreaux-apporte-son-soutien-a-me-traore-exige-la-verite-et-louverture-immediate-dune-enquete\/","name":"Guin\u00e9e: la conf\u00e9rence internationale des barreaux apporte son soutien \u00e0 Me Traor\u00e9, exige la v\u00e9rit\u00e9 et l\u2019ouverture imm\u00e9diate d\u2019une enqu\u00eate - leprojecteurguinee","isPartOf":{"@id":"https:\/\/www.leprojecteurguinee.com\/#website"},"primaryImageOfPage":{"@id":"https:\/\/www.leprojecteurguinee.com\/index.php\/2025\/06\/24\/guinee-la-conference-internationale-des-barreaux-apporte-son-soutien-a-me-traore-exige-la-verite-et-louverture-immediate-dune-enquete\/#primaryimage"},"image":{"@id":"https:\/\/www.leprojecteurguinee.com\/index.php\/2025\/06\/24\/guinee-la-conference-internationale-des-barreaux-apporte-son-soutien-a-me-traore-exige-la-verite-et-louverture-immediate-dune-enquete\/#primaryimage"},"thumbnailUrl":"https:\/\/www.leprojecteurguinee.com\/wp-content\/uploads\/2025\/06\/Me-Mohamed-Traore-.jpg","datePublished":"2025-06-24T13:08:12+00:00","dateModified":"2025-06-24T13:08:58+00:00","author":{"@id":"https:\/\/www.leprojecteurguinee.com\/#\/schema\/person\/c9d1602e593b11af0b295bdf5e12a59a"},"breadcrumb":{"@id":"https:\/\/www.leprojecteurguinee.com\/index.php\/2025\/06\/24\/guinee-la-conference-internationale-des-barreaux-apporte-son-soutien-a-me-traore-exige-la-verite-et-louverture-immediate-dune-enquete\/#breadcrumb"},"inLanguage":"fr-FR","potentialAction":[{"@type":"ReadAction","target":["https:\/\/www.leprojecteurguinee.com\/index.php\/2025\/06\/24\/guinee-la-conference-internationale-des-barreaux-apporte-son-soutien-a-me-traore-exige-la-verite-et-louverture-immediate-dune-enquete\/"]}]},{"@type":"ImageObject","inLanguage":"fr-FR","@id":"https:\/\/www.leprojecteurguinee.com\/index.php\/2025\/06\/24\/guinee-la-conference-internationale-des-barreaux-apporte-son-soutien-a-me-traore-exige-la-verite-et-louverture-immediate-dune-enquete\/#primaryimage","url":"https:\/\/www.leprojecteurguinee.com\/wp-content\/uploads\/2025\/06\/Me-Mohamed-Traore-.jpg","contentUrl":"https:\/\/www.leprojecteurguinee.com\/wp-content\/uploads\/2025\/06\/Me-Mohamed-Traore-.jpg","width":700,"height":375},{"@type":"BreadcrumbList","@id":"https:\/\/www.leprojecteurguinee.com\/index.php\/2025\/06\/24\/guinee-la-conference-internationale-des-barreaux-apporte-son-soutien-a-me-traore-exige-la-verite-et-louverture-immediate-dune-enquete\/#breadcrumb","itemListElement":[{"@type":"ListItem","position":1,"name":"Accueil","item":"https:\/\/www.leprojecteurguinee.com\/"},{"@type":"ListItem","position":2,"name":"Guin\u00e9e: la conf\u00e9rence internationale des barreaux apporte son soutien \u00e0 Me Traor\u00e9, exige la v\u00e9rit\u00e9 et l\u2019ouverture imm\u00e9diate d\u2019une enqu\u00eate"}]},{"@type":"WebSite","@id":"https:\/\/www.leprojecteurguinee.com\/#website","url":"https:\/\/www.leprojecteurguinee.com\/","name":"leprojecteurguinee","description":"Nous luttons contre les pratiques obscures","potentialAction":[{"@type":"SearchAction","target":{"@type":"EntryPoint","urlTemplate":"https:\/\/www.leprojecteurguinee.com\/?s={search_term_string}"},"query-input":{"@type":"PropertyValueSpecification","valueRequired":true,"valueName":"search_term_string"}}],"inLanguage":"fr-FR"},{"@type":"Person","@id":"https:\/\/www.leprojecteurguinee.com\/#\/schema\/person\/c9d1602e593b11af0b295bdf5e12a59a","name":"www.leprojecteurguinee.com","image":{"@type":"ImageObject","inLanguage":"fr-FR","@id":"https:\/\/www.leprojecteurguinee.com\/#\/schema\/person\/image\/","url":"https:\/\/secure.gravatar.com\/avatar\/d73703fcd03dcba36d2bb23326e491935423a46800f1ebf8f61b70e62b70e55a?s=96&d=mm&r=g","contentUrl":"https:\/\/secure.gravatar.com\/avatar\/d73703fcd03dcba36d2bb23326e491935423a46800f1ebf8f61b70e62b70e55a?s=96&d=mm&r=g","caption":"www.leprojecteurguinee.com"},"description":"Administrateur G\u00e9n\u00e9ral","sameAs":["http:\/\/www.leprojeceteurguinee.com"],"url":"https:\/\/www.leprojecteurguinee.com\/index.php\/author\/fadigagn\/"}]}},"_links":{"self":[{"href":"https:\/\/www.leprojecteurguinee.com\/index.php\/wp-json\/wp\/v2\/posts\/13060","targetHints":{"allow":["GET"]}}],"collection":[{"href":"https:\/\/www.leprojecteurguinee.com\/index.php\/wp-json\/wp\/v2\/posts"}],"about":[{"href":"https:\/\/www.leprojecteurguinee.com\/index.php\/wp-json\/wp\/v2\/types\/post"}],"author":[{"embeddable":true,"href":"https:\/\/www.leprojecteurguinee.com\/index.php\/wp-json\/wp\/v2\/users\/2"}],"replies":[{"embeddable":true,"href":"https:\/\/www.leprojecteurguinee.com\/index.php\/wp-json\/wp\/v2\/comments?post=13060"}],"version-history":[{"count":0,"href":"https:\/\/www.leprojecteurguinee.com\/index.php\/wp-json\/wp\/v2\/posts\/13060\/revisions"}],"wp:featuredmedia":[{"embeddable":true,"href":"https:\/\/www.leprojecteurguinee.com\/index.php\/wp-json\/wp\/v2\/media\/13061"}],"wp:attachment":[{"href":"https:\/\/www.leprojecteurguinee.com\/index.php\/wp-json\/wp\/v2\/media?parent=13060"}],"wp:term":[{"taxonomy":"category","embeddable":true,"href":"https:\/\/www.leprojecteurguinee.com\/index.php\/wp-json\/wp\/v2\/categories?post=13060"},{"taxonomy":"post_tag","embeddable":true,"href":"https:\/\/www.leprojecteurguinee.com\/index.php\/wp-json\/wp\/v2\/tags?post=13060"}],"curies":[{"name":"wp","href":"https:\/\/api.w.org\/{rel}","templated":true}]}}