{"id":13057,"date":"2025-06-23T23:40:02","date_gmt":"2025-06-23T23:40:02","guid":{"rendered":"https:\/\/www.leprojecteurguinee.com\/?p=13057"},"modified":"2025-06-23T23:41:10","modified_gmt":"2025-06-23T23:41:10","slug":"enlevement-de-me-traore-le-parquet-general-annonce-louverture-dune-enquete-et-invite-le-barreau-au-dialogue","status":"publish","type":"post","link":"https:\/\/www.leprojecteurguinee.com\/index.php\/2025\/06\/23\/enlevement-de-me-traore-le-parquet-general-annonce-louverture-dune-enquete-et-invite-le-barreau-au-dialogue\/","title":{"rendered":"Enl\u00e8vement de Me Traor\u00e9: le parquet g\u00e9n\u00e9ral annonce l\u2019ouverture d\u2019une enqu\u00eate et invite le barreau au dialogue"},"content":{"rendered":"<p>Dans un communiqu\u00e9 publi\u00e9 ce lundi 23 juin 2025, le proctureur g\u00e9n\u00e9ral sort du bois au lendemain de l\u2019enl\u00e8vement de Me Mohamed Traor\u00e9.<\/p>\n<p>Fallou Doumbouya annonce l\u2019ouverture d\u2019une enqu\u00eate et invite le barreau au dialogue.<\/p>\n<p><strong>Ci-dessous le Communiqu\u00e9 du Procureur g\u00e9n\u00e9ral Fallou Doumbouya :<\/strong><\/p>\n<p>Le Parquet G\u00e9n\u00e9ral pr\u00e8s la Cour d\u2019appel de Conakry exprime sa profonde consternation suite \u00e0 l\u2019enl\u00e8vement et aux violences subies dans la nuit du 20 au 21 Juin 2025, par ma\u00eetre Mohamed Traor\u00e9, avocat \u00e0 la cour et ancien b\u00e2tonnier.<br \/>\nSelon les premi\u00e8res informations, il aurait \u00e9t\u00e9 enlev\u00e9 chez lui par des individus inconnus, emmen\u00e9 dans un endroit isol\u00e9, et soumis \u00e0 des actes de violences graves, y compris des coups et des menaces de mort.<br \/>\nCes \u00e9v\u00e9nements portent atteinte \u00e0 la dignit\u00e9 humaine et \u00e0 la s\u00e9curit\u00e9 des Avocats, ce qui suscite une r\u00e9action l\u00e9gitime au sein de la communaut\u00e9 judiciaire.<\/p>\n<p><strong>1. Sur l\u2019action judiciaire engag\u00e9e<\/strong><\/p>\n<p>D\u00e8s qu\u2019il a \u00e9t\u00e9 inform\u00e9, le Parquet g\u00e9n\u00e9ral a agi le m\u00eame jour et ce, conform\u00e9ment \u00e0 ses responsabilit\u00e9s en instruisant, Monsieur le Procureur de la R\u00e9publique pr\u00e8s le Tribunal de premi\u00e8re instance de Dixinn, territorialement comp\u00e9tent, d\u2019ouvrir une enqu\u00eate approfondie sur les faits, ce qui fut fait.<\/p>\n<p><strong>2. Sur la position du Parquet G\u00e9n\u00e9ral concernant l\u2019Assembl\u00e9e du Barreau<\/strong><\/p>\n<p>Le Parquet G\u00e9n\u00e9ral a pris acte des r\u00e9solutions adopt\u00e9es par l\u2019Assembl\u00e9e g\u00e9n\u00e9rale extraordinaire du Barreau de Guin\u00e9e, tenue ce lundi 23 juin 2025 dans l\u2019enceinte de la Cour d\u2019appel de Conakry.<\/p>\n<p>Il souligne l\u2019importance du dialogue entre les institutions judiciaires et le barreau tout en pr\u00e9cisant toutefois pour des raisons \u00e9videntes de d\u00e9corum judiciaire, le Parquet G\u00e9n\u00e9ral n\u2019est pas en mesure de recevoir simultan\u00e9ment tous les avocats dans son bureau en raison de leur nombre. Cependant, il est ouvert \u00e0 rencontrer une d\u00e9l\u00e9gation restreinte du conseil de l\u2019ordre.<\/p>\n<p><strong>3. Appel \u00e0 l\u2019unit\u00e9 de la famille judiciaire:<\/strong><\/p>\n<p>Dans ce contexte difficile, le Parquet G\u00e9n\u00e9ral affirme sa solidarit\u00e9 au barreau et rappelle que la justice ne tol\u00e9rera aucune violence contre ses membres. Il appelle \u00e0 l\u2019apaisement et au respect des proc\u00e9dures l\u00e9gales pour garantir l\u2019int\u00e9grit\u00e9 de la justice et de la R\u00e9publique.<br \/>\nLe parquet G\u00e9n\u00e9ral reste engag\u00e9 dans le dialogue et la coop\u00e9ration, tout en respectant les principes de l\u00e9galit\u00e9 et d\u2019ind\u00e9pendance.<\/p>\n<p>Fait Conakry le 23 Juin 2025<\/p>\n<p><strong>LE PROCUREUR GENERAL<\/strong><\/p>\n<p><strong>FALLOU BOUMBOUYA<\/strong><\/p>\n<p><img loading=\"lazy\" decoding=\"async\" class=\"aligncenter wp-image-318980 size-full lazyloaded\" src=\"https:\/\/i0.wp.com\/mosaiqueguinee.com\/wp-content\/uploads\/2025\/06\/Com-Parquet.jpeg?resize=700%2C977&amp;ssl=1\" alt=\"\" width=\"700\" height=\"977\" data-recalc-dims=\"1\" data-src=\"https:\/\/i0.wp.com\/mosaiqueguinee.com\/wp-content\/uploads\/2025\/06\/Com-Parquet.jpeg?resize=700%2C977&amp;ssl=1\" data-pin-no-hover=\"true\" \/><\/p>\n<p><strong>Mosaiqueguinee.com<\/strong><img loading=\"lazy\" decoding=\"async\" class=\"alignnone size-medium wp-image-13058\" src=\"https:\/\/www.leprojecteurguinee.com\/wp-content\/uploads\/2025\/06\/Fallou-Doumbouya-1-300x161.webp\" alt=\"\" width=\"300\" height=\"161\" srcset=\"https:\/\/www.leprojecteurguinee.com\/wp-content\/uploads\/2025\/06\/Fallou-Doumbouya-1-300x161.webp 300w, https:\/\/www.leprojecteurguinee.com\/wp-content\/uploads\/2025\/06\/Fallou-Doumbouya-1.webp 700w\" sizes=\"auto, (max-width: 300px) 100vw, 300px\" \/><\/p>\n","protected":false},"excerpt":{"rendered":"<p>Dans un communiqu\u00e9 publi\u00e9 ce lundi 23 juin 2025, le proctureur g\u00e9n\u00e9ral sort du bois au lendemain de l\u2019enl\u00e8vement de Me Mohamed Traor\u00e9. Fallou Doumbouya annonce l\u2019ouverture d\u2019une enqu\u00eate et invite le barreau au dialogue. Ci-dessous le Communiqu\u00e9 du Procureur g\u00e9n\u00e9ral Fallou Doumbouya : Le Parquet G\u00e9n\u00e9ral pr\u00e8s la Cour d\u2019appel de Conakry exprime sa [&hellip;]<\/p>\n","protected":false},"author":2,"featured_media":0,"comment_status":"open","ping_status":"open","sticky":false,"template":"","format":"standard","meta":{"footnotes":""},"categories":[16],"tags":[],"class_list":["post-13057","post","type-post","status-publish","format-standard","hentry","category-actualites"],"yoast_head":"<!-- This site is optimized with the Yoast SEO plugin v26.8 - https:\/\/yoast.com\/product\/yoast-seo-wordpress\/ -->\n<title>Enl\u00e8vement de Me Traor\u00e9: le parquet g\u00e9n\u00e9ral annonce l\u2019ouverture d\u2019une enqu\u00eate et invite le barreau au dialogue - leprojecteurguinee<\/title>\n<meta name=\"robots\" content=\"index, follow, max-snippet:-1, max-image-preview:large, max-video-preview:-1\" \/>\n<link rel=\"canonical\" href=\"https:\/\/www.leprojecteurguinee.com\/index.php\/2025\/06\/23\/enlevement-de-me-traore-le-parquet-general-annonce-louverture-dune-enquete-et-invite-le-barreau-au-dialogue\/\" \/>\n<meta property=\"og:locale\" content=\"fr_FR\" \/>\n<meta property=\"og:type\" content=\"article\" \/>\n<meta property=\"og:title\" content=\"Enl\u00e8vement de Me Traor\u00e9: le parquet g\u00e9n\u00e9ral annonce l\u2019ouverture d\u2019une enqu\u00eate et invite le barreau au dialogue - leprojecteurguinee\" \/>\n<meta property=\"og:description\" content=\"Dans un communiqu\u00e9 publi\u00e9 ce lundi 23 juin 2025, le proctureur g\u00e9n\u00e9ral sort du bois au lendemain de l\u2019enl\u00e8vement de Me Mohamed Traor\u00e9. Fallou Doumbouya annonce l\u2019ouverture d\u2019une enqu\u00eate et invite le barreau au dialogue. Ci-dessous le Communiqu\u00e9 du Procureur g\u00e9n\u00e9ral Fallou Doumbouya : Le Parquet G\u00e9n\u00e9ral pr\u00e8s la Cour d\u2019appel de Conakry exprime sa [&hellip;]\" \/>\n<meta property=\"og:url\" content=\"https:\/\/www.leprojecteurguinee.com\/index.php\/2025\/06\/23\/enlevement-de-me-traore-le-parquet-general-annonce-louverture-dune-enquete-et-invite-le-barreau-au-dialogue\/\" \/>\n<meta property=\"og:site_name\" content=\"leprojecteurguinee\" \/>\n<meta property=\"article:published_time\" content=\"2025-06-23T23:40:02+00:00\" \/>\n<meta property=\"article:modified_time\" content=\"2025-06-23T23:41:10+00:00\" \/>\n<meta property=\"og:image\" content=\"https:\/\/i0.wp.com\/mosaiqueguinee.com\/wp-content\/uploads\/2025\/06\/Com-Parquet.jpeg?resize=700%2C977&amp;ssl=1\" \/>\n<meta name=\"author\" content=\"www.leprojecteurguinee.com\" \/>\n<meta name=\"twitter:card\" content=\"summary_large_image\" \/>\n<meta name=\"twitter:label1\" content=\"\u00c9crit par\" \/>\n\t<meta name=\"twitter:data1\" content=\"www.leprojecteurguinee.com\" \/>\n\t<meta name=\"twitter:label2\" content=\"Dur\u00e9e de lecture estim\u00e9e\" \/>\n\t<meta name=\"twitter:data2\" content=\"3 minutes\" \/>\n<script type=\"application\/ld+json\" class=\"yoast-schema-graph\">{\"@context\":\"https:\/\/schema.org\",\"@graph\":[{\"@type\":\"Article\",\"@id\":\"https:\/\/www.leprojecteurguinee.com\/index.php\/2025\/06\/23\/enlevement-de-me-traore-le-parquet-general-annonce-louverture-dune-enquete-et-invite-le-barreau-au-dialogue\/#article\",\"isPartOf\":{\"@id\":\"https:\/\/www.leprojecteurguinee.com\/index.php\/2025\/06\/23\/enlevement-de-me-traore-le-parquet-general-annonce-louverture-dune-enquete-et-invite-le-barreau-au-dialogue\/\"},\"author\":{\"name\":\"www.leprojecteurguinee.com\",\"@id\":\"https:\/\/www.leprojecteurguinee.com\/#\/schema\/person\/c9d1602e593b11af0b295bdf5e12a59a\"},\"headline\":\"Enl\u00e8vement de Me Traor\u00e9: le parquet g\u00e9n\u00e9ral annonce l\u2019ouverture d\u2019une enqu\u00eate et invite le barreau au dialogue\",\"datePublished\":\"2025-06-23T23:40:02+00:00\",\"dateModified\":\"2025-06-23T23:41:10+00:00\",\"mainEntityOfPage\":{\"@id\":\"https:\/\/www.leprojecteurguinee.com\/index.php\/2025\/06\/23\/enlevement-de-me-traore-le-parquet-general-annonce-louverture-dune-enquete-et-invite-le-barreau-au-dialogue\/\"},\"wordCount\":462,\"commentCount\":0,\"image\":{\"@id\":\"https:\/\/www.leprojecteurguinee.com\/index.php\/2025\/06\/23\/enlevement-de-me-traore-le-parquet-general-annonce-louverture-dune-enquete-et-invite-le-barreau-au-dialogue\/#primaryimage\"},\"thumbnailUrl\":\"https:\/\/i0.wp.com\/mosaiqueguinee.com\/wp-content\/uploads\/2025\/06\/Com-Parquet.jpeg?resize=700%2C977&amp;ssl=1\",\"articleSection\":[\"Actualit\u00e9s\"],\"inLanguage\":\"fr-FR\",\"potentialAction\":[{\"@type\":\"CommentAction\",\"name\":\"Comment\",\"target\":[\"https:\/\/www.leprojecteurguinee.com\/index.php\/2025\/06\/23\/enlevement-de-me-traore-le-parquet-general-annonce-louverture-dune-enquete-et-invite-le-barreau-au-dialogue\/#respond\"]}]},{\"@type\":\"WebPage\",\"@id\":\"https:\/\/www.leprojecteurguinee.com\/index.php\/2025\/06\/23\/enlevement-de-me-traore-le-parquet-general-annonce-louverture-dune-enquete-et-invite-le-barreau-au-dialogue\/\",\"url\":\"https:\/\/www.leprojecteurguinee.com\/index.php\/2025\/06\/23\/enlevement-de-me-traore-le-parquet-general-annonce-louverture-dune-enquete-et-invite-le-barreau-au-dialogue\/\",\"name\":\"Enl\u00e8vement de Me Traor\u00e9: le parquet g\u00e9n\u00e9ral annonce l\u2019ouverture d\u2019une enqu\u00eate et invite le barreau au dialogue - leprojecteurguinee\",\"isPartOf\":{\"@id\":\"https:\/\/www.leprojecteurguinee.com\/#website\"},\"primaryImageOfPage\":{\"@id\":\"https:\/\/www.leprojecteurguinee.com\/index.php\/2025\/06\/23\/enlevement-de-me-traore-le-parquet-general-annonce-louverture-dune-enquete-et-invite-le-barreau-au-dialogue\/#primaryimage\"},\"image\":{\"@id\":\"https:\/\/www.leprojecteurguinee.com\/index.php\/2025\/06\/23\/enlevement-de-me-traore-le-parquet-general-annonce-louverture-dune-enquete-et-invite-le-barreau-au-dialogue\/#primaryimage\"},\"thumbnailUrl\":\"https:\/\/i0.wp.com\/mosaiqueguinee.com\/wp-content\/uploads\/2025\/06\/Com-Parquet.jpeg?resize=700%2C977&amp;ssl=1\",\"datePublished\":\"2025-06-23T23:40:02+00:00\",\"dateModified\":\"2025-06-23T23:41:10+00:00\",\"author\":{\"@id\":\"https:\/\/www.leprojecteurguinee.com\/#\/schema\/person\/c9d1602e593b11af0b295bdf5e12a59a\"},\"breadcrumb\":{\"@id\":\"https:\/\/www.leprojecteurguinee.com\/index.php\/2025\/06\/23\/enlevement-de-me-traore-le-parquet-general-annonce-louverture-dune-enquete-et-invite-le-barreau-au-dialogue\/#breadcrumb\"},\"inLanguage\":\"fr-FR\",\"potentialAction\":[{\"@type\":\"ReadAction\",\"target\":[\"https:\/\/www.leprojecteurguinee.com\/index.php\/2025\/06\/23\/enlevement-de-me-traore-le-parquet-general-annonce-louverture-dune-enquete-et-invite-le-barreau-au-dialogue\/\"]}]},{\"@type\":\"ImageObject\",\"inLanguage\":\"fr-FR\",\"@id\":\"https:\/\/www.leprojecteurguinee.com\/index.php\/2025\/06\/23\/enlevement-de-me-traore-le-parquet-general-annonce-louverture-dune-enquete-et-invite-le-barreau-au-dialogue\/#primaryimage\",\"url\":\"https:\/\/i0.wp.com\/mosaiqueguinee.com\/wp-content\/uploads\/2025\/06\/Com-Parquet.jpeg?resize=700%2C977&amp;ssl=1\",\"contentUrl\":\"https:\/\/i0.wp.com\/mosaiqueguinee.com\/wp-content\/uploads\/2025\/06\/Com-Parquet.jpeg?resize=700%2C977&amp;ssl=1\"},{\"@type\":\"BreadcrumbList\",\"@id\":\"https:\/\/www.leprojecteurguinee.com\/index.php\/2025\/06\/23\/enlevement-de-me-traore-le-parquet-general-annonce-louverture-dune-enquete-et-invite-le-barreau-au-dialogue\/#breadcrumb\",\"itemListElement\":[{\"@type\":\"ListItem\",\"position\":1,\"name\":\"Accueil\",\"item\":\"https:\/\/www.leprojecteurguinee.com\/\"},{\"@type\":\"ListItem\",\"position\":2,\"name\":\"Enl\u00e8vement de Me Traor\u00e9: le parquet g\u00e9n\u00e9ral annonce l\u2019ouverture d\u2019une enqu\u00eate et invite le barreau au dialogue\"}]},{\"@type\":\"WebSite\",\"@id\":\"https:\/\/www.leprojecteurguinee.com\/#website\",\"url\":\"https:\/\/www.leprojecteurguinee.com\/\",\"name\":\"leprojecteurguinee\",\"description\":\"Nous luttons contre les pratiques obscures\",\"potentialAction\":[{\"@type\":\"SearchAction\",\"target\":{\"@type\":\"EntryPoint\",\"urlTemplate\":\"https:\/\/www.leprojecteurguinee.com\/?s={search_term_string}\"},\"query-input\":{\"@type\":\"PropertyValueSpecification\",\"valueRequired\":true,\"valueName\":\"search_term_string\"}}],\"inLanguage\":\"fr-FR\"},{\"@type\":\"Person\",\"@id\":\"https:\/\/www.leprojecteurguinee.com\/#\/schema\/person\/c9d1602e593b11af0b295bdf5e12a59a\",\"name\":\"www.leprojecteurguinee.com\",\"image\":{\"@type\":\"ImageObject\",\"inLanguage\":\"fr-FR\",\"@id\":\"https:\/\/www.leprojecteurguinee.com\/#\/schema\/person\/image\/\",\"url\":\"https:\/\/secure.gravatar.com\/avatar\/d73703fcd03dcba36d2bb23326e491935423a46800f1ebf8f61b70e62b70e55a?s=96&d=mm&r=g\",\"contentUrl\":\"https:\/\/secure.gravatar.com\/avatar\/d73703fcd03dcba36d2bb23326e491935423a46800f1ebf8f61b70e62b70e55a?s=96&d=mm&r=g\",\"caption\":\"www.leprojecteurguinee.com\"},\"description\":\"Administrateur G\u00e9n\u00e9ral\",\"sameAs\":[\"http:\/\/www.leprojeceteurguinee.com\"],\"url\":\"https:\/\/www.leprojecteurguinee.com\/index.php\/author\/fadigagn\/\"}]}<\/script>\n<!-- \/ Yoast SEO plugin. -->","yoast_head_json":{"title":"Enl\u00e8vement de Me Traor\u00e9: le parquet g\u00e9n\u00e9ral annonce l\u2019ouverture d\u2019une enqu\u00eate et invite le barreau au dialogue - leprojecteurguinee","robots":{"index":"index","follow":"follow","max-snippet":"max-snippet:-1","max-image-preview":"max-image-preview:large","max-video-preview":"max-video-preview:-1"},"canonical":"https:\/\/www.leprojecteurguinee.com\/index.php\/2025\/06\/23\/enlevement-de-me-traore-le-parquet-general-annonce-louverture-dune-enquete-et-invite-le-barreau-au-dialogue\/","og_locale":"fr_FR","og_type":"article","og_title":"Enl\u00e8vement de Me Traor\u00e9: le parquet g\u00e9n\u00e9ral annonce l\u2019ouverture d\u2019une enqu\u00eate et invite le barreau au dialogue - leprojecteurguinee","og_description":"Dans un communiqu\u00e9 publi\u00e9 ce lundi 23 juin 2025, le proctureur g\u00e9n\u00e9ral sort du bois au lendemain de l\u2019enl\u00e8vement de Me Mohamed Traor\u00e9. Fallou Doumbouya annonce l\u2019ouverture d\u2019une enqu\u00eate et invite le barreau au dialogue. Ci-dessous le Communiqu\u00e9 du Procureur g\u00e9n\u00e9ral Fallou Doumbouya : Le Parquet G\u00e9n\u00e9ral pr\u00e8s la Cour d\u2019appel de Conakry exprime sa [&hellip;]","og_url":"https:\/\/www.leprojecteurguinee.com\/index.php\/2025\/06\/23\/enlevement-de-me-traore-le-parquet-general-annonce-louverture-dune-enquete-et-invite-le-barreau-au-dialogue\/","og_site_name":"leprojecteurguinee","article_published_time":"2025-06-23T23:40:02+00:00","article_modified_time":"2025-06-23T23:41:10+00:00","og_image":[{"url":"https:\/\/i0.wp.com\/mosaiqueguinee.com\/wp-content\/uploads\/2025\/06\/Com-Parquet.jpeg?resize=700%2C977&amp;ssl=1","type":"","width":"","height":""}],"author":"www.leprojecteurguinee.com","twitter_card":"summary_large_image","twitter_misc":{"\u00c9crit par":"www.leprojecteurguinee.com","Dur\u00e9e de lecture estim\u00e9e":"3 minutes"},"schema":{"@context":"https:\/\/schema.org","@graph":[{"@type":"Article","@id":"https:\/\/www.leprojecteurguinee.com\/index.php\/2025\/06\/23\/enlevement-de-me-traore-le-parquet-general-annonce-louverture-dune-enquete-et-invite-le-barreau-au-dialogue\/#article","isPartOf":{"@id":"https:\/\/www.leprojecteurguinee.com\/index.php\/2025\/06\/23\/enlevement-de-me-traore-le-parquet-general-annonce-louverture-dune-enquete-et-invite-le-barreau-au-dialogue\/"},"author":{"name":"www.leprojecteurguinee.com","@id":"https:\/\/www.leprojecteurguinee.com\/#\/schema\/person\/c9d1602e593b11af0b295bdf5e12a59a"},"headline":"Enl\u00e8vement de Me Traor\u00e9: le parquet g\u00e9n\u00e9ral annonce l\u2019ouverture d\u2019une enqu\u00eate et invite le barreau au dialogue","datePublished":"2025-06-23T23:40:02+00:00","dateModified":"2025-06-23T23:41:10+00:00","mainEntityOfPage":{"@id":"https:\/\/www.leprojecteurguinee.com\/index.php\/2025\/06\/23\/enlevement-de-me-traore-le-parquet-general-annonce-louverture-dune-enquete-et-invite-le-barreau-au-dialogue\/"},"wordCount":462,"commentCount":0,"image":{"@id":"https:\/\/www.leprojecteurguinee.com\/index.php\/2025\/06\/23\/enlevement-de-me-traore-le-parquet-general-annonce-louverture-dune-enquete-et-invite-le-barreau-au-dialogue\/#primaryimage"},"thumbnailUrl":"https:\/\/i0.wp.com\/mosaiqueguinee.com\/wp-content\/uploads\/2025\/06\/Com-Parquet.jpeg?resize=700%2C977&amp;ssl=1","articleSection":["Actualit\u00e9s"],"inLanguage":"fr-FR","potentialAction":[{"@type":"CommentAction","name":"Comment","target":["https:\/\/www.leprojecteurguinee.com\/index.php\/2025\/06\/23\/enlevement-de-me-traore-le-parquet-general-annonce-louverture-dune-enquete-et-invite-le-barreau-au-dialogue\/#respond"]}]},{"@type":"WebPage","@id":"https:\/\/www.leprojecteurguinee.com\/index.php\/2025\/06\/23\/enlevement-de-me-traore-le-parquet-general-annonce-louverture-dune-enquete-et-invite-le-barreau-au-dialogue\/","url":"https:\/\/www.leprojecteurguinee.com\/index.php\/2025\/06\/23\/enlevement-de-me-traore-le-parquet-general-annonce-louverture-dune-enquete-et-invite-le-barreau-au-dialogue\/","name":"Enl\u00e8vement de Me Traor\u00e9: le parquet g\u00e9n\u00e9ral annonce l\u2019ouverture d\u2019une enqu\u00eate et invite le barreau au dialogue - leprojecteurguinee","isPartOf":{"@id":"https:\/\/www.leprojecteurguinee.com\/#website"},"primaryImageOfPage":{"@id":"https:\/\/www.leprojecteurguinee.com\/index.php\/2025\/06\/23\/enlevement-de-me-traore-le-parquet-general-annonce-louverture-dune-enquete-et-invite-le-barreau-au-dialogue\/#primaryimage"},"image":{"@id":"https:\/\/www.leprojecteurguinee.com\/index.php\/2025\/06\/23\/enlevement-de-me-traore-le-parquet-general-annonce-louverture-dune-enquete-et-invite-le-barreau-au-dialogue\/#primaryimage"},"thumbnailUrl":"https:\/\/i0.wp.com\/mosaiqueguinee.com\/wp-content\/uploads\/2025\/06\/Com-Parquet.jpeg?resize=700%2C977&amp;ssl=1","datePublished":"2025-06-23T23:40:02+00:00","dateModified":"2025-06-23T23:41:10+00:00","author":{"@id":"https:\/\/www.leprojecteurguinee.com\/#\/schema\/person\/c9d1602e593b11af0b295bdf5e12a59a"},"breadcrumb":{"@id":"https:\/\/www.leprojecteurguinee.com\/index.php\/2025\/06\/23\/enlevement-de-me-traore-le-parquet-general-annonce-louverture-dune-enquete-et-invite-le-barreau-au-dialogue\/#breadcrumb"},"inLanguage":"fr-FR","potentialAction":[{"@type":"ReadAction","target":["https:\/\/www.leprojecteurguinee.com\/index.php\/2025\/06\/23\/enlevement-de-me-traore-le-parquet-general-annonce-louverture-dune-enquete-et-invite-le-barreau-au-dialogue\/"]}]},{"@type":"ImageObject","inLanguage":"fr-FR","@id":"https:\/\/www.leprojecteurguinee.com\/index.php\/2025\/06\/23\/enlevement-de-me-traore-le-parquet-general-annonce-louverture-dune-enquete-et-invite-le-barreau-au-dialogue\/#primaryimage","url":"https:\/\/i0.wp.com\/mosaiqueguinee.com\/wp-content\/uploads\/2025\/06\/Com-Parquet.jpeg?resize=700%2C977&amp;ssl=1","contentUrl":"https:\/\/i0.wp.com\/mosaiqueguinee.com\/wp-content\/uploads\/2025\/06\/Com-Parquet.jpeg?resize=700%2C977&amp;ssl=1"},{"@type":"BreadcrumbList","@id":"https:\/\/www.leprojecteurguinee.com\/index.php\/2025\/06\/23\/enlevement-de-me-traore-le-parquet-general-annonce-louverture-dune-enquete-et-invite-le-barreau-au-dialogue\/#breadcrumb","itemListElement":[{"@type":"ListItem","position":1,"name":"Accueil","item":"https:\/\/www.leprojecteurguinee.com\/"},{"@type":"ListItem","position":2,"name":"Enl\u00e8vement de Me Traor\u00e9: le parquet g\u00e9n\u00e9ral annonce l\u2019ouverture d\u2019une enqu\u00eate et invite le barreau au dialogue"}]},{"@type":"WebSite","@id":"https:\/\/www.leprojecteurguinee.com\/#website","url":"https:\/\/www.leprojecteurguinee.com\/","name":"leprojecteurguinee","description":"Nous luttons contre les pratiques obscures","potentialAction":[{"@type":"SearchAction","target":{"@type":"EntryPoint","urlTemplate":"https:\/\/www.leprojecteurguinee.com\/?s={search_term_string}"},"query-input":{"@type":"PropertyValueSpecification","valueRequired":true,"valueName":"search_term_string"}}],"inLanguage":"fr-FR"},{"@type":"Person","@id":"https:\/\/www.leprojecteurguinee.com\/#\/schema\/person\/c9d1602e593b11af0b295bdf5e12a59a","name":"www.leprojecteurguinee.com","image":{"@type":"ImageObject","inLanguage":"fr-FR","@id":"https:\/\/www.leprojecteurguinee.com\/#\/schema\/person\/image\/","url":"https:\/\/secure.gravatar.com\/avatar\/d73703fcd03dcba36d2bb23326e491935423a46800f1ebf8f61b70e62b70e55a?s=96&d=mm&r=g","contentUrl":"https:\/\/secure.gravatar.com\/avatar\/d73703fcd03dcba36d2bb23326e491935423a46800f1ebf8f61b70e62b70e55a?s=96&d=mm&r=g","caption":"www.leprojecteurguinee.com"},"description":"Administrateur G\u00e9n\u00e9ral","sameAs":["http:\/\/www.leprojeceteurguinee.com"],"url":"https:\/\/www.leprojecteurguinee.com\/index.php\/author\/fadigagn\/"}]}},"_links":{"self":[{"href":"https:\/\/www.leprojecteurguinee.com\/index.php\/wp-json\/wp\/v2\/posts\/13057","targetHints":{"allow":["GET"]}}],"collection":[{"href":"https:\/\/www.leprojecteurguinee.com\/index.php\/wp-json\/wp\/v2\/posts"}],"about":[{"href":"https:\/\/www.leprojecteurguinee.com\/index.php\/wp-json\/wp\/v2\/types\/post"}],"author":[{"embeddable":true,"href":"https:\/\/www.leprojecteurguinee.com\/index.php\/wp-json\/wp\/v2\/users\/2"}],"replies":[{"embeddable":true,"href":"https:\/\/www.leprojecteurguinee.com\/index.php\/wp-json\/wp\/v2\/comments?post=13057"}],"version-history":[{"count":0,"href":"https:\/\/www.leprojecteurguinee.com\/index.php\/wp-json\/wp\/v2\/posts\/13057\/revisions"}],"wp:attachment":[{"href":"https:\/\/www.leprojecteurguinee.com\/index.php\/wp-json\/wp\/v2\/media?parent=13057"}],"wp:term":[{"taxonomy":"category","embeddable":true,"href":"https:\/\/www.leprojecteurguinee.com\/index.php\/wp-json\/wp\/v2\/categories?post=13057"},{"taxonomy":"post_tag","embeddable":true,"href":"https:\/\/www.leprojecteurguinee.com\/index.php\/wp-json\/wp\/v2\/tags?post=13057"}],"curies":[{"name":"wp","href":"https:\/\/api.w.org\/{rel}","templated":true}]}}