{"id":13034,"date":"2025-06-19T00:16:51","date_gmt":"2025-06-19T00:16:51","guid":{"rendered":"https:\/\/www.leprojecteurguinee.com\/?p=13034"},"modified":"2025-06-19T00:21:27","modified_gmt":"2025-06-19T00:21:27","slug":"scandale-au-ministere-de-la-communication-les-stagiaires-de-la-rtg-engages-ceux-dhoroya-laisses-pour-compte","status":"publish","type":"post","link":"https:\/\/www.leprojecteurguinee.com\/index.php\/2025\/06\/19\/scandale-au-ministere-de-la-communication-les-stagiaires-de-la-rtg-engages-ceux-dhoroya-laisses-pour-compte\/","title":{"rendered":"Scandale au minist\u00e8re de la Communication : Les stagiaires de la RTG engag\u00e9s, ceux d\u2019Horoya laiss\u00e9s pour compte"},"content":{"rendered":"<p><strong>C\u2019est avec une profonde surprise et un immense regret que nous portons \u00e0 l\u2019attention de l\u2019opinion publique une flagrante injustice qui secoue le Minist\u00e8re de la Communication. Personne n\u2019aurait imagin\u00e9 qu\u2019une telle discrimination puisse voir le jour au sein de ce d\u00e9partement, pourtant cens\u00e9 incarner l\u2019\u00e9quit\u00e9 et l\u2019information pour tous.<\/strong><\/p>\n<p>Les faits sont \u00e9difiants : les stagiaires de la Radio T\u00e9l\u00e9vision Guin\u00e9enne (RTG), visiblement trait\u00e9s avec une consid\u00e9ration sup\u00e9rieure, viennent d\u2019\u00eatre engag\u00e9s \u00e0 la fonction publique \u00e0 l\u2019issue d\u2019un \u00ab\u00a0concours imaginaire\u00a0\u00bb.<\/p>\n<p>Ce processus opaque aurait conduit \u00e0 l\u2019admission de plus de 330 stagiaires de la RTG. Pendant ce temps, les 49 stagiaires du quotidien national Horoya, qui ont pourtant \u0153uvr\u00e9 avec d\u00e9vouement, se retrouvent inexplicablement mis de c\u00f4t\u00e9. Une injustice criante qui ne dit pas son nom !<\/p>\n<p>Cette situation est d\u2019autant plus consternante que, lors du recrutement national, le d\u00e9partement de la Fonction Publique avait allou\u00e9 au Minist\u00e8re de la Communication un quota de 156 places. C\u2019est dans ce cadre que les stagiaires de toutes les directions confondues du d\u00e9partement de l\u2019information avaient postul\u00e9. Chacun a d\u00fb s\u2019acquitter des 100 000 GNF exig\u00e9s pour l\u2019inscription, sans compter les frais de dossier, nourrissant un espoir l\u00e9gitime.<\/p>\n<p>\u00c0 la grande surprise g\u00e9n\u00e9rale, la Fonction Publique a subitement retir\u00e9 le Minist\u00e8re de la Communication de la plateforme d\u2019inscription.<\/p>\n<p>Pire encore, alors que cette exclusion frappait les uns, les stagiaires de la RTG \u00e9taient parall\u00e8lement invit\u00e9s \u00e0 s\u2019enr\u00f4ler, au nom d\u2019un \u00ab\u00a0protocole\u00a0\u00bb sign\u00e9 entre les syndicats de la RTG et le gouvernement.<\/p>\n<p>La question fondamentale qui se pose aujourd\u2019hui est la suivante : un protocole d\u2019accord peut-il l\u00e9gitimement priver les stagiaires de Horoya et d\u2019Akbar de leur droit \u00e0 concourir au recrutement national ?<\/p>\n<p>Le d\u00e9partement de l\u2019information et de la communication est-il \u00e0 ce point r\u00e9sum\u00e9 \u00e0 la seule RTG ? Cet \u00e9tat de fait prouve \u00e0 suffisance l\u2019existence de deux poids deux mesures dans le traitement des stagiaires au sein de ce m\u00eame d\u00e9partement.<\/p>\n<p>La promesse du Ministre de la Communication, Monsieur Fana Soumah, avait pourtant insuffl\u00e9 une lueur d\u2019espoir. Nous citons : \u00ab\u00a0Il m\u2019est difficile de prendre un engagement, mais je vais me battre pour qu\u2019on puisse prendre certains d\u2019entre vous. Ce qui est s\u00fbr, on ne prendra pas tout le monde.\u00a0\u00bb Cet engagement avait fait na\u00eetre une liesse d\u2019espoir chez les stagiaires du quotidien, malheureusement de courte dur\u00e9e.<\/p>\n<p>Apr\u00e8s quelques semaines d\u2019une attente angoissante, la cruelle r\u00e9alit\u00e9 s\u2019est impos\u00e9e sur les visages innocents des stagiaires : ils ne pourraient pas participer au concours au nom du Minist\u00e8re de la Communication et de l\u2019Information, au motif que ceux de la RTG avaient d\u00e9j\u00e0 \u00e9t\u00e9 recrut\u00e9s.<\/p>\n<p>C\u2019est une confusion totale ! Si nous nous r\u00e9f\u00e9rons \u00e0 l\u2019esprit du protocole d\u2019accord, il y est sp\u00e9cifiquement question des stagiaires de la RTG, et non du Minist\u00e8re de l\u2019Information dans son ensemble, ce qui inclurait naturellement ceux du quotidien national Horoya et d\u2019Akbar.<\/p>\n<p>\u00c0 en croire les propos d\u2019un syndicaliste de l\u2019USTG, le nom du quotidien national n\u2019a m\u00eame pas \u00e9t\u00e9 mentionn\u00e9 lors des n\u00e9gociations. \u00ab\u00a0Nous avions pens\u00e9 que le minist\u00e8re de l\u2019information se r\u00e9sume qu\u2019\u00e0 la RTG\u00a0\u00bb, a-t-il affirm\u00e9, d\u00e9voilant une vision restrictive et inqui\u00e9tante.<\/p>\n<p>S\u2019agit-il d\u2019un manque de volont\u00e9 ou d\u2019un refus manifeste des autorit\u00e9s du d\u00e9partement ? S\u2019il y avait eu une volont\u00e9 manifeste d\u2019\u00e9quit\u00e9, les 49 stagiaires d\u2019Horoya auraient \u00e9t\u00e9 associ\u00e9s aux 330 de la RTG pour participer \u00e0 ce \u00ab\u00a0concours imaginaire\u00a0\u00bb, histoire de donner une chance \u00e0 tous.<\/p>\n<p>Connaissant le c\u00f4t\u00e9 social du CNRD, \u00e0 sa t\u00eate le G\u00e9n\u00e9ral Mamadi Doumbouya, et le combat qu\u2019il m\u00e8ne au quotidien pour l\u2019instauration de la justice en Guin\u00e9e, nous sommes convaincus qu\u2019il n\u2019acceptera jamais une telle discrimination au sein d\u2019un m\u00eame d\u00e9partement sans la rectifier.<\/p>\n<p>C\u2019est dans cet \u00e9lan de frustration et d\u2019injustice que le collectif des stagiaires du quotidien national se tourne aujourd\u2019hui vers le Pr\u00e9sident de la R\u00e9publique, le G\u00e9n\u00e9ral Mamadi Doumbouya, ainsi que vers le Premier Ministre et son gouvernement.<\/p>\n<p>Leur seul objectif est d\u2019\u00eatre r\u00e9tablis dans leurs droits et d\u2019\u00eatre trait\u00e9s sur un pied d\u2019\u00e9galit\u00e9 avec les stagiaires de la RTG, d\u00e9sormais engag\u00e9s dans la fonction publique, au d\u00e9triment inacceptable de ceux du quotidien national et d\u2019Akbar.<\/p>\n<p>Nous y reviendrons !<\/p>\n<p>Le Collectif des Stagiaires Discrimin\u00e9s du Quotidien National.<\/p>\n<p>ALSENY FADIGA, DEPUIS CANADA<\/p>\n","protected":false},"excerpt":{"rendered":"<p>C\u2019est avec une profonde surprise et un immense regret que nous portons \u00e0 l\u2019attention de l\u2019opinion publique une flagrante injustice qui secoue le Minist\u00e8re de la Communication. Personne n\u2019aurait imagin\u00e9 qu\u2019une telle discrimination puisse voir le jour au sein de ce d\u00e9partement, pourtant cens\u00e9 incarner l\u2019\u00e9quit\u00e9 et l\u2019information pour tous. Les faits sont \u00e9difiants : [&hellip;]<\/p>\n","protected":false},"author":2,"featured_media":13035,"comment_status":"open","ping_status":"open","sticky":false,"template":"","format":"standard","meta":{"footnotes":""},"categories":[617],"tags":[],"class_list":["post-13034","post","type-post","status-publish","format-standard","has-post-thumbnail","hentry","category-pratiques-obscures"],"yoast_head":"<!-- This site is optimized with the Yoast SEO plugin v26.8 - https:\/\/yoast.com\/product\/yoast-seo-wordpress\/ -->\n<title>Scandale au minist\u00e8re de la Communication : Les stagiaires de la RTG engag\u00e9s, ceux d\u2019Horoya laiss\u00e9s pour compte - leprojecteurguinee<\/title>\n<meta name=\"robots\" content=\"index, follow, max-snippet:-1, max-image-preview:large, max-video-preview:-1\" \/>\n<link rel=\"canonical\" href=\"https:\/\/www.leprojecteurguinee.com\/index.php\/2025\/06\/19\/scandale-au-ministere-de-la-communication-les-stagiaires-de-la-rtg-engages-ceux-dhoroya-laisses-pour-compte\/\" \/>\n<meta property=\"og:locale\" content=\"fr_FR\" \/>\n<meta property=\"og:type\" content=\"article\" \/>\n<meta property=\"og:title\" content=\"Scandale au minist\u00e8re de la Communication : Les stagiaires de la RTG engag\u00e9s, ceux d\u2019Horoya laiss\u00e9s pour compte - leprojecteurguinee\" \/>\n<meta property=\"og:description\" content=\"C\u2019est avec une profonde surprise et un immense regret que nous portons \u00e0 l\u2019attention de l\u2019opinion publique une flagrante injustice qui secoue le Minist\u00e8re de la Communication. Personne n\u2019aurait imagin\u00e9 qu\u2019une telle discrimination puisse voir le jour au sein de ce d\u00e9partement, pourtant cens\u00e9 incarner l\u2019\u00e9quit\u00e9 et l\u2019information pour tous. Les faits sont \u00e9difiants : [&hellip;]\" \/>\n<meta property=\"og:url\" content=\"https:\/\/www.leprojecteurguinee.com\/index.php\/2025\/06\/19\/scandale-au-ministere-de-la-communication-les-stagiaires-de-la-rtg-engages-ceux-dhoroya-laisses-pour-compte\/\" \/>\n<meta property=\"og:site_name\" content=\"leprojecteurguinee\" \/>\n<meta property=\"article:published_time\" content=\"2025-06-19T00:16:51+00:00\" \/>\n<meta property=\"article:modified_time\" content=\"2025-06-19T00:21:27+00:00\" \/>\n<meta property=\"og:image\" content=\"https:\/\/www.leprojecteurguinee.com\/wp-content\/uploads\/2025\/06\/Fana-Soumah.jpg\" \/>\n\t<meta property=\"og:image:width\" content=\"720\" \/>\n\t<meta property=\"og:image:height\" content=\"480\" \/>\n\t<meta property=\"og:image:type\" content=\"image\/jpeg\" \/>\n<meta name=\"author\" content=\"www.leprojecteurguinee.com\" \/>\n<meta name=\"twitter:card\" content=\"summary_large_image\" \/>\n<meta name=\"twitter:label1\" content=\"\u00c9crit par\" \/>\n\t<meta name=\"twitter:data1\" content=\"www.leprojecteurguinee.com\" \/>\n\t<meta name=\"twitter:label2\" content=\"Dur\u00e9e de lecture estim\u00e9e\" \/>\n\t<meta name=\"twitter:data2\" content=\"4 minutes\" \/>\n<script type=\"application\/ld+json\" class=\"yoast-schema-graph\">{\"@context\":\"https:\/\/schema.org\",\"@graph\":[{\"@type\":\"Article\",\"@id\":\"https:\/\/www.leprojecteurguinee.com\/index.php\/2025\/06\/19\/scandale-au-ministere-de-la-communication-les-stagiaires-de-la-rtg-engages-ceux-dhoroya-laisses-pour-compte\/#article\",\"isPartOf\":{\"@id\":\"https:\/\/www.leprojecteurguinee.com\/index.php\/2025\/06\/19\/scandale-au-ministere-de-la-communication-les-stagiaires-de-la-rtg-engages-ceux-dhoroya-laisses-pour-compte\/\"},\"author\":{\"name\":\"www.leprojecteurguinee.com\",\"@id\":\"https:\/\/www.leprojecteurguinee.com\/#\/schema\/person\/c9d1602e593b11af0b295bdf5e12a59a\"},\"headline\":\"Scandale au minist\u00e8re de la Communication : Les stagiaires de la RTG engag\u00e9s, ceux d\u2019Horoya laiss\u00e9s pour compte\",\"datePublished\":\"2025-06-19T00:16:51+00:00\",\"dateModified\":\"2025-06-19T00:21:27+00:00\",\"mainEntityOfPage\":{\"@id\":\"https:\/\/www.leprojecteurguinee.com\/index.php\/2025\/06\/19\/scandale-au-ministere-de-la-communication-les-stagiaires-de-la-rtg-engages-ceux-dhoroya-laisses-pour-compte\/\"},\"wordCount\":820,\"commentCount\":0,\"image\":{\"@id\":\"https:\/\/www.leprojecteurguinee.com\/index.php\/2025\/06\/19\/scandale-au-ministere-de-la-communication-les-stagiaires-de-la-rtg-engages-ceux-dhoroya-laisses-pour-compte\/#primaryimage\"},\"thumbnailUrl\":\"https:\/\/www.leprojecteurguinee.com\/wp-content\/uploads\/2025\/06\/Fana-Soumah.jpg\",\"articleSection\":[\"Pratiques obscures\"],\"inLanguage\":\"fr-FR\",\"potentialAction\":[{\"@type\":\"CommentAction\",\"name\":\"Comment\",\"target\":[\"https:\/\/www.leprojecteurguinee.com\/index.php\/2025\/06\/19\/scandale-au-ministere-de-la-communication-les-stagiaires-de-la-rtg-engages-ceux-dhoroya-laisses-pour-compte\/#respond\"]}]},{\"@type\":\"WebPage\",\"@id\":\"https:\/\/www.leprojecteurguinee.com\/index.php\/2025\/06\/19\/scandale-au-ministere-de-la-communication-les-stagiaires-de-la-rtg-engages-ceux-dhoroya-laisses-pour-compte\/\",\"url\":\"https:\/\/www.leprojecteurguinee.com\/index.php\/2025\/06\/19\/scandale-au-ministere-de-la-communication-les-stagiaires-de-la-rtg-engages-ceux-dhoroya-laisses-pour-compte\/\",\"name\":\"Scandale au minist\u00e8re de la Communication : Les stagiaires de la RTG engag\u00e9s, ceux d\u2019Horoya laiss\u00e9s pour compte - leprojecteurguinee\",\"isPartOf\":{\"@id\":\"https:\/\/www.leprojecteurguinee.com\/#website\"},\"primaryImageOfPage\":{\"@id\":\"https:\/\/www.leprojecteurguinee.com\/index.php\/2025\/06\/19\/scandale-au-ministere-de-la-communication-les-stagiaires-de-la-rtg-engages-ceux-dhoroya-laisses-pour-compte\/#primaryimage\"},\"image\":{\"@id\":\"https:\/\/www.leprojecteurguinee.com\/index.php\/2025\/06\/19\/scandale-au-ministere-de-la-communication-les-stagiaires-de-la-rtg-engages-ceux-dhoroya-laisses-pour-compte\/#primaryimage\"},\"thumbnailUrl\":\"https:\/\/www.leprojecteurguinee.com\/wp-content\/uploads\/2025\/06\/Fana-Soumah.jpg\",\"datePublished\":\"2025-06-19T00:16:51+00:00\",\"dateModified\":\"2025-06-19T00:21:27+00:00\",\"author\":{\"@id\":\"https:\/\/www.leprojecteurguinee.com\/#\/schema\/person\/c9d1602e593b11af0b295bdf5e12a59a\"},\"breadcrumb\":{\"@id\":\"https:\/\/www.leprojecteurguinee.com\/index.php\/2025\/06\/19\/scandale-au-ministere-de-la-communication-les-stagiaires-de-la-rtg-engages-ceux-dhoroya-laisses-pour-compte\/#breadcrumb\"},\"inLanguage\":\"fr-FR\",\"potentialAction\":[{\"@type\":\"ReadAction\",\"target\":[\"https:\/\/www.leprojecteurguinee.com\/index.php\/2025\/06\/19\/scandale-au-ministere-de-la-communication-les-stagiaires-de-la-rtg-engages-ceux-dhoroya-laisses-pour-compte\/\"]}]},{\"@type\":\"ImageObject\",\"inLanguage\":\"fr-FR\",\"@id\":\"https:\/\/www.leprojecteurguinee.com\/index.php\/2025\/06\/19\/scandale-au-ministere-de-la-communication-les-stagiaires-de-la-rtg-engages-ceux-dhoroya-laisses-pour-compte\/#primaryimage\",\"url\":\"https:\/\/www.leprojecteurguinee.com\/wp-content\/uploads\/2025\/06\/Fana-Soumah.jpg\",\"contentUrl\":\"https:\/\/www.leprojecteurguinee.com\/wp-content\/uploads\/2025\/06\/Fana-Soumah.jpg\",\"width\":720,\"height\":480},{\"@type\":\"BreadcrumbList\",\"@id\":\"https:\/\/www.leprojecteurguinee.com\/index.php\/2025\/06\/19\/scandale-au-ministere-de-la-communication-les-stagiaires-de-la-rtg-engages-ceux-dhoroya-laisses-pour-compte\/#breadcrumb\",\"itemListElement\":[{\"@type\":\"ListItem\",\"position\":1,\"name\":\"Accueil\",\"item\":\"https:\/\/www.leprojecteurguinee.com\/\"},{\"@type\":\"ListItem\",\"position\":2,\"name\":\"Scandale au minist\u00e8re de la Communication : Les stagiaires de la RTG engag\u00e9s, ceux d\u2019Horoya laiss\u00e9s pour compte\"}]},{\"@type\":\"WebSite\",\"@id\":\"https:\/\/www.leprojecteurguinee.com\/#website\",\"url\":\"https:\/\/www.leprojecteurguinee.com\/\",\"name\":\"leprojecteurguinee\",\"description\":\"Nous luttons contre les pratiques obscures\",\"potentialAction\":[{\"@type\":\"SearchAction\",\"target\":{\"@type\":\"EntryPoint\",\"urlTemplate\":\"https:\/\/www.leprojecteurguinee.com\/?s={search_term_string}\"},\"query-input\":{\"@type\":\"PropertyValueSpecification\",\"valueRequired\":true,\"valueName\":\"search_term_string\"}}],\"inLanguage\":\"fr-FR\"},{\"@type\":\"Person\",\"@id\":\"https:\/\/www.leprojecteurguinee.com\/#\/schema\/person\/c9d1602e593b11af0b295bdf5e12a59a\",\"name\":\"www.leprojecteurguinee.com\",\"image\":{\"@type\":\"ImageObject\",\"inLanguage\":\"fr-FR\",\"@id\":\"https:\/\/www.leprojecteurguinee.com\/#\/schema\/person\/image\/\",\"url\":\"https:\/\/secure.gravatar.com\/avatar\/d73703fcd03dcba36d2bb23326e491935423a46800f1ebf8f61b70e62b70e55a?s=96&d=mm&r=g\",\"contentUrl\":\"https:\/\/secure.gravatar.com\/avatar\/d73703fcd03dcba36d2bb23326e491935423a46800f1ebf8f61b70e62b70e55a?s=96&d=mm&r=g\",\"caption\":\"www.leprojecteurguinee.com\"},\"description\":\"Administrateur G\u00e9n\u00e9ral\",\"sameAs\":[\"http:\/\/www.leprojeceteurguinee.com\"],\"url\":\"https:\/\/www.leprojecteurguinee.com\/index.php\/author\/fadigagn\/\"}]}<\/script>\n<!-- \/ Yoast SEO plugin. -->","yoast_head_json":{"title":"Scandale au minist\u00e8re de la Communication : Les stagiaires de la RTG engag\u00e9s, ceux d\u2019Horoya laiss\u00e9s pour compte - leprojecteurguinee","robots":{"index":"index","follow":"follow","max-snippet":"max-snippet:-1","max-image-preview":"max-image-preview:large","max-video-preview":"max-video-preview:-1"},"canonical":"https:\/\/www.leprojecteurguinee.com\/index.php\/2025\/06\/19\/scandale-au-ministere-de-la-communication-les-stagiaires-de-la-rtg-engages-ceux-dhoroya-laisses-pour-compte\/","og_locale":"fr_FR","og_type":"article","og_title":"Scandale au minist\u00e8re de la Communication : Les stagiaires de la RTG engag\u00e9s, ceux d\u2019Horoya laiss\u00e9s pour compte - leprojecteurguinee","og_description":"C\u2019est avec une profonde surprise et un immense regret que nous portons \u00e0 l\u2019attention de l\u2019opinion publique une flagrante injustice qui secoue le Minist\u00e8re de la Communication. Personne n\u2019aurait imagin\u00e9 qu\u2019une telle discrimination puisse voir le jour au sein de ce d\u00e9partement, pourtant cens\u00e9 incarner l\u2019\u00e9quit\u00e9 et l\u2019information pour tous. Les faits sont \u00e9difiants : [&hellip;]","og_url":"https:\/\/www.leprojecteurguinee.com\/index.php\/2025\/06\/19\/scandale-au-ministere-de-la-communication-les-stagiaires-de-la-rtg-engages-ceux-dhoroya-laisses-pour-compte\/","og_site_name":"leprojecteurguinee","article_published_time":"2025-06-19T00:16:51+00:00","article_modified_time":"2025-06-19T00:21:27+00:00","og_image":[{"width":720,"height":480,"url":"https:\/\/www.leprojecteurguinee.com\/wp-content\/uploads\/2025\/06\/Fana-Soumah.jpg","type":"image\/jpeg"}],"author":"www.leprojecteurguinee.com","twitter_card":"summary_large_image","twitter_misc":{"\u00c9crit par":"www.leprojecteurguinee.com","Dur\u00e9e de lecture estim\u00e9e":"4 minutes"},"schema":{"@context":"https:\/\/schema.org","@graph":[{"@type":"Article","@id":"https:\/\/www.leprojecteurguinee.com\/index.php\/2025\/06\/19\/scandale-au-ministere-de-la-communication-les-stagiaires-de-la-rtg-engages-ceux-dhoroya-laisses-pour-compte\/#article","isPartOf":{"@id":"https:\/\/www.leprojecteurguinee.com\/index.php\/2025\/06\/19\/scandale-au-ministere-de-la-communication-les-stagiaires-de-la-rtg-engages-ceux-dhoroya-laisses-pour-compte\/"},"author":{"name":"www.leprojecteurguinee.com","@id":"https:\/\/www.leprojecteurguinee.com\/#\/schema\/person\/c9d1602e593b11af0b295bdf5e12a59a"},"headline":"Scandale au minist\u00e8re de la Communication : Les stagiaires de la RTG engag\u00e9s, ceux d\u2019Horoya laiss\u00e9s pour compte","datePublished":"2025-06-19T00:16:51+00:00","dateModified":"2025-06-19T00:21:27+00:00","mainEntityOfPage":{"@id":"https:\/\/www.leprojecteurguinee.com\/index.php\/2025\/06\/19\/scandale-au-ministere-de-la-communication-les-stagiaires-de-la-rtg-engages-ceux-dhoroya-laisses-pour-compte\/"},"wordCount":820,"commentCount":0,"image":{"@id":"https:\/\/www.leprojecteurguinee.com\/index.php\/2025\/06\/19\/scandale-au-ministere-de-la-communication-les-stagiaires-de-la-rtg-engages-ceux-dhoroya-laisses-pour-compte\/#primaryimage"},"thumbnailUrl":"https:\/\/www.leprojecteurguinee.com\/wp-content\/uploads\/2025\/06\/Fana-Soumah.jpg","articleSection":["Pratiques obscures"],"inLanguage":"fr-FR","potentialAction":[{"@type":"CommentAction","name":"Comment","target":["https:\/\/www.leprojecteurguinee.com\/index.php\/2025\/06\/19\/scandale-au-ministere-de-la-communication-les-stagiaires-de-la-rtg-engages-ceux-dhoroya-laisses-pour-compte\/#respond"]}]},{"@type":"WebPage","@id":"https:\/\/www.leprojecteurguinee.com\/index.php\/2025\/06\/19\/scandale-au-ministere-de-la-communication-les-stagiaires-de-la-rtg-engages-ceux-dhoroya-laisses-pour-compte\/","url":"https:\/\/www.leprojecteurguinee.com\/index.php\/2025\/06\/19\/scandale-au-ministere-de-la-communication-les-stagiaires-de-la-rtg-engages-ceux-dhoroya-laisses-pour-compte\/","name":"Scandale au minist\u00e8re de la Communication : Les stagiaires de la RTG engag\u00e9s, ceux d\u2019Horoya laiss\u00e9s pour compte - leprojecteurguinee","isPartOf":{"@id":"https:\/\/www.leprojecteurguinee.com\/#website"},"primaryImageOfPage":{"@id":"https:\/\/www.leprojecteurguinee.com\/index.php\/2025\/06\/19\/scandale-au-ministere-de-la-communication-les-stagiaires-de-la-rtg-engages-ceux-dhoroya-laisses-pour-compte\/#primaryimage"},"image":{"@id":"https:\/\/www.leprojecteurguinee.com\/index.php\/2025\/06\/19\/scandale-au-ministere-de-la-communication-les-stagiaires-de-la-rtg-engages-ceux-dhoroya-laisses-pour-compte\/#primaryimage"},"thumbnailUrl":"https:\/\/www.leprojecteurguinee.com\/wp-content\/uploads\/2025\/06\/Fana-Soumah.jpg","datePublished":"2025-06-19T00:16:51+00:00","dateModified":"2025-06-19T00:21:27+00:00","author":{"@id":"https:\/\/www.leprojecteurguinee.com\/#\/schema\/person\/c9d1602e593b11af0b295bdf5e12a59a"},"breadcrumb":{"@id":"https:\/\/www.leprojecteurguinee.com\/index.php\/2025\/06\/19\/scandale-au-ministere-de-la-communication-les-stagiaires-de-la-rtg-engages-ceux-dhoroya-laisses-pour-compte\/#breadcrumb"},"inLanguage":"fr-FR","potentialAction":[{"@type":"ReadAction","target":["https:\/\/www.leprojecteurguinee.com\/index.php\/2025\/06\/19\/scandale-au-ministere-de-la-communication-les-stagiaires-de-la-rtg-engages-ceux-dhoroya-laisses-pour-compte\/"]}]},{"@type":"ImageObject","inLanguage":"fr-FR","@id":"https:\/\/www.leprojecteurguinee.com\/index.php\/2025\/06\/19\/scandale-au-ministere-de-la-communication-les-stagiaires-de-la-rtg-engages-ceux-dhoroya-laisses-pour-compte\/#primaryimage","url":"https:\/\/www.leprojecteurguinee.com\/wp-content\/uploads\/2025\/06\/Fana-Soumah.jpg","contentUrl":"https:\/\/www.leprojecteurguinee.com\/wp-content\/uploads\/2025\/06\/Fana-Soumah.jpg","width":720,"height":480},{"@type":"BreadcrumbList","@id":"https:\/\/www.leprojecteurguinee.com\/index.php\/2025\/06\/19\/scandale-au-ministere-de-la-communication-les-stagiaires-de-la-rtg-engages-ceux-dhoroya-laisses-pour-compte\/#breadcrumb","itemListElement":[{"@type":"ListItem","position":1,"name":"Accueil","item":"https:\/\/www.leprojecteurguinee.com\/"},{"@type":"ListItem","position":2,"name":"Scandale au minist\u00e8re de la Communication : Les stagiaires de la RTG engag\u00e9s, ceux d\u2019Horoya laiss\u00e9s pour compte"}]},{"@type":"WebSite","@id":"https:\/\/www.leprojecteurguinee.com\/#website","url":"https:\/\/www.leprojecteurguinee.com\/","name":"leprojecteurguinee","description":"Nous luttons contre les pratiques obscures","potentialAction":[{"@type":"SearchAction","target":{"@type":"EntryPoint","urlTemplate":"https:\/\/www.leprojecteurguinee.com\/?s={search_term_string}"},"query-input":{"@type":"PropertyValueSpecification","valueRequired":true,"valueName":"search_term_string"}}],"inLanguage":"fr-FR"},{"@type":"Person","@id":"https:\/\/www.leprojecteurguinee.com\/#\/schema\/person\/c9d1602e593b11af0b295bdf5e12a59a","name":"www.leprojecteurguinee.com","image":{"@type":"ImageObject","inLanguage":"fr-FR","@id":"https:\/\/www.leprojecteurguinee.com\/#\/schema\/person\/image\/","url":"https:\/\/secure.gravatar.com\/avatar\/d73703fcd03dcba36d2bb23326e491935423a46800f1ebf8f61b70e62b70e55a?s=96&d=mm&r=g","contentUrl":"https:\/\/secure.gravatar.com\/avatar\/d73703fcd03dcba36d2bb23326e491935423a46800f1ebf8f61b70e62b70e55a?s=96&d=mm&r=g","caption":"www.leprojecteurguinee.com"},"description":"Administrateur G\u00e9n\u00e9ral","sameAs":["http:\/\/www.leprojeceteurguinee.com"],"url":"https:\/\/www.leprojecteurguinee.com\/index.php\/author\/fadigagn\/"}]}},"_links":{"self":[{"href":"https:\/\/www.leprojecteurguinee.com\/index.php\/wp-json\/wp\/v2\/posts\/13034","targetHints":{"allow":["GET"]}}],"collection":[{"href":"https:\/\/www.leprojecteurguinee.com\/index.php\/wp-json\/wp\/v2\/posts"}],"about":[{"href":"https:\/\/www.leprojecteurguinee.com\/index.php\/wp-json\/wp\/v2\/types\/post"}],"author":[{"embeddable":true,"href":"https:\/\/www.leprojecteurguinee.com\/index.php\/wp-json\/wp\/v2\/users\/2"}],"replies":[{"embeddable":true,"href":"https:\/\/www.leprojecteurguinee.com\/index.php\/wp-json\/wp\/v2\/comments?post=13034"}],"version-history":[{"count":0,"href":"https:\/\/www.leprojecteurguinee.com\/index.php\/wp-json\/wp\/v2\/posts\/13034\/revisions"}],"wp:featuredmedia":[{"embeddable":true,"href":"https:\/\/www.leprojecteurguinee.com\/index.php\/wp-json\/wp\/v2\/media\/13035"}],"wp:attachment":[{"href":"https:\/\/www.leprojecteurguinee.com\/index.php\/wp-json\/wp\/v2\/media?parent=13034"}],"wp:term":[{"taxonomy":"category","embeddable":true,"href":"https:\/\/www.leprojecteurguinee.com\/index.php\/wp-json\/wp\/v2\/categories?post=13034"},{"taxonomy":"post_tag","embeddable":true,"href":"https:\/\/www.leprojecteurguinee.com\/index.php\/wp-json\/wp\/v2\/tags?post=13034"}],"curies":[{"name":"wp","href":"https:\/\/api.w.org\/{rel}","templated":true}]}}