{"id":1297,"date":"2023-10-18T10:16:10","date_gmt":"2023-10-18T08:16:10","guid":{"rendered":"https:\/\/www.leprojecteurguinee.com\/?p=1297"},"modified":"2023-10-18T10:16:13","modified_gmt":"2023-10-18T08:16:13","slug":"senegal-lopposant-ousmane-sonko-reprend-sa-greve-de-la-faim","status":"publish","type":"post","link":"https:\/\/www.leprojecteurguinee.com\/index.php\/2023\/10\/18\/senegal-lopposant-ousmane-sonko-reprend-sa-greve-de-la-faim\/","title":{"rendered":"S\u00e9n\u00e9gal: l&rsquo;opposant Ousmane Sonko reprend sa gr\u00e8ve de la faim"},"content":{"rendered":"\n<p>C\u2019est via les r\u00e9seaux sociaux qu\u2019Ousmane Sonko\u00a0a annonc\u00e9 reprendre sa gr\u00e8ve de la faim. Il s&rsquo;agit du seul \u00ab\u00a0<em>moyen de r\u00e9sistance<\/em>\u00a0\u00bb possible selon lui dans sa situation actuelle.\u00a0Cette gr\u00e8ve de la faim a pour objectif de marquer sa \u00ab\u00a0<em>solidarit\u00e9<\/em>\u00a0\u00bb avec tous les militants \u00ab<em>\u00a0injustement arr\u00eat\u00e9s pour avoir exprim\u00e9 leurs opinions politiques<\/em>\u00a0\u00bb et toujours d\u00e9tenus aujourd\u2019hui.\u00a0Certains sont priv\u00e9s de tout contact avec leurs proches, affirme Ousmane Sonko dans un long message publi\u00e9 sur Twitter et Facebook.\u00a0 L\u2019homme politique et candidat \u00e0 la pr\u00e9sidentielle de 2024, incarc\u00e9r\u00e9 depuis fin juillet, dit vouloir aussi protester contre sa \u00ab\u00a0<em>d\u00e9tention arbitraire et \u00e9lectoraliste<\/em>\u00a0\u00bb, selon ses termes, et \u00ab\u00a0<em>en exiger la fin<\/em>\u00a0\u00bb. Il entend protester aussi contre l\u2019incarc\u00e9ration de centaines de membres de son parti<\/p>\n","protected":false},"excerpt":{"rendered":"<p>C\u2019est via les r\u00e9seaux sociaux qu\u2019Ousmane Sonko\u00a0a annonc\u00e9 reprendre sa gr\u00e8ve de la faim. Il s&rsquo;agit du seul \u00ab\u00a0moyen de r\u00e9sistance\u00a0\u00bb possible selon lui dans sa situation actuelle.\u00a0Cette gr\u00e8ve de la faim a pour objectif de marquer sa \u00ab\u00a0solidarit\u00e9\u00a0\u00bb avec tous les militants \u00ab\u00a0injustement arr\u00eat\u00e9s pour avoir exprim\u00e9 leurs opinions politiques\u00a0\u00bb et toujours d\u00e9tenus aujourd\u2019hui.\u00a0Certains [&hellip;]<\/p>\n","protected":false},"author":1,"featured_media":27,"comment_status":"open","ping_status":"open","sticky":true,"template":"","format":"standard","meta":{"footnotes":""},"categories":[80],"tags":[27,26],"class_list":["post-1297","post","type-post","status-publish","format-standard","has-post-thumbnail","hentry","category-politique","tag-ousmane-sonko","tag-senegal"],"yoast_head":"<!-- This site is optimized with the Yoast SEO plugin v26.8 - https:\/\/yoast.com\/product\/yoast-seo-wordpress\/ -->\n<title>S\u00e9n\u00e9gal: l&#039;opposant Ousmane Sonko reprend sa gr\u00e8ve de la faim - leprojecteurguinee<\/title>\n<meta name=\"robots\" content=\"index, follow, max-snippet:-1, max-image-preview:large, max-video-preview:-1\" \/>\n<link rel=\"canonical\" href=\"https:\/\/www.leprojecteurguinee.com\/index.php\/2023\/10\/18\/senegal-lopposant-ousmane-sonko-reprend-sa-greve-de-la-faim\/\" \/>\n<meta property=\"og:locale\" content=\"fr_FR\" \/>\n<meta property=\"og:type\" content=\"article\" \/>\n<meta property=\"og:title\" content=\"S\u00e9n\u00e9gal: l&#039;opposant Ousmane Sonko reprend sa gr\u00e8ve de la faim - leprojecteurguinee\" \/>\n<meta property=\"og:description\" content=\"C\u2019est via les r\u00e9seaux sociaux qu\u2019Ousmane Sonko\u00a0a annonc\u00e9 reprendre sa gr\u00e8ve de la faim. Il s&rsquo;agit du seul \u00ab\u00a0moyen de r\u00e9sistance\u00a0\u00bb possible selon lui dans sa situation actuelle.\u00a0Cette gr\u00e8ve de la faim a pour objectif de marquer sa \u00ab\u00a0solidarit\u00e9\u00a0\u00bb avec tous les militants \u00ab\u00a0injustement arr\u00eat\u00e9s pour avoir exprim\u00e9 leurs opinions politiques\u00a0\u00bb et toujours d\u00e9tenus aujourd\u2019hui.\u00a0Certains [&hellip;]\" \/>\n<meta property=\"og:url\" content=\"https:\/\/www.leprojecteurguinee.com\/index.php\/2023\/10\/18\/senegal-lopposant-ousmane-sonko-reprend-sa-greve-de-la-faim\/\" \/>\n<meta property=\"og:site_name\" content=\"leprojecteurguinee\" \/>\n<meta property=\"article:published_time\" content=\"2023-10-18T08:16:10+00:00\" \/>\n<meta property=\"article:modified_time\" content=\"2023-10-18T08:16:13+00:00\" \/>\n<meta property=\"og:image\" content=\"https:\/\/www.leprojecteurguinee.com\/wp-content\/uploads\/2023\/07\/Ousmane-Sonko.jpg\" \/>\n\t<meta property=\"og:image:width\" content=\"244\" \/>\n\t<meta property=\"og:image:height\" content=\"207\" \/>\n\t<meta property=\"og:image:type\" content=\"image\/jpeg\" \/>\n<meta name=\"author\" content=\"Leprojecteurguinee\" \/>\n<meta name=\"twitter:card\" content=\"summary_large_image\" \/>\n<meta name=\"twitter:label1\" content=\"\u00c9crit par\" \/>\n\t<meta name=\"twitter:data1\" content=\"Leprojecteurguinee\" \/>\n\t<meta name=\"twitter:label2\" content=\"Dur\u00e9e de lecture estim\u00e9e\" \/>\n\t<meta name=\"twitter:data2\" content=\"1 minute\" \/>\n<script type=\"application\/ld+json\" class=\"yoast-schema-graph\">{\"@context\":\"https:\/\/schema.org\",\"@graph\":[{\"@type\":\"Article\",\"@id\":\"https:\/\/www.leprojecteurguinee.com\/index.php\/2023\/10\/18\/senegal-lopposant-ousmane-sonko-reprend-sa-greve-de-la-faim\/#article\",\"isPartOf\":{\"@id\":\"https:\/\/www.leprojecteurguinee.com\/index.php\/2023\/10\/18\/senegal-lopposant-ousmane-sonko-reprend-sa-greve-de-la-faim\/\"},\"author\":{\"name\":\"Leprojecteurguinee\",\"@id\":\"https:\/\/www.leprojecteurguinee.com\/#\/schema\/person\/389671d1a3f0c66e6c91c4a765990c1b\"},\"headline\":\"S\u00e9n\u00e9gal: l&rsquo;opposant Ousmane Sonko reprend sa gr\u00e8ve de la faim\",\"datePublished\":\"2023-10-18T08:16:10+00:00\",\"dateModified\":\"2023-10-18T08:16:13+00:00\",\"mainEntityOfPage\":{\"@id\":\"https:\/\/www.leprojecteurguinee.com\/index.php\/2023\/10\/18\/senegal-lopposant-ousmane-sonko-reprend-sa-greve-de-la-faim\/\"},\"wordCount\":152,\"commentCount\":0,\"image\":{\"@id\":\"https:\/\/www.leprojecteurguinee.com\/index.php\/2023\/10\/18\/senegal-lopposant-ousmane-sonko-reprend-sa-greve-de-la-faim\/#primaryimage\"},\"thumbnailUrl\":\"https:\/\/www.leprojecteurguinee.com\/wp-content\/uploads\/2023\/07\/Ousmane-Sonko.jpg\",\"keywords\":[\"Ousmane Sonko\",\"S\u00e9n\u00e9gal\"],\"articleSection\":[\"Politique\"],\"inLanguage\":\"fr-FR\",\"potentialAction\":[{\"@type\":\"CommentAction\",\"name\":\"Comment\",\"target\":[\"https:\/\/www.leprojecteurguinee.com\/index.php\/2023\/10\/18\/senegal-lopposant-ousmane-sonko-reprend-sa-greve-de-la-faim\/#respond\"]}]},{\"@type\":\"WebPage\",\"@id\":\"https:\/\/www.leprojecteurguinee.com\/index.php\/2023\/10\/18\/senegal-lopposant-ousmane-sonko-reprend-sa-greve-de-la-faim\/\",\"url\":\"https:\/\/www.leprojecteurguinee.com\/index.php\/2023\/10\/18\/senegal-lopposant-ousmane-sonko-reprend-sa-greve-de-la-faim\/\",\"name\":\"S\u00e9n\u00e9gal: l'opposant Ousmane Sonko reprend sa gr\u00e8ve de la faim - leprojecteurguinee\",\"isPartOf\":{\"@id\":\"https:\/\/www.leprojecteurguinee.com\/#website\"},\"primaryImageOfPage\":{\"@id\":\"https:\/\/www.leprojecteurguinee.com\/index.php\/2023\/10\/18\/senegal-lopposant-ousmane-sonko-reprend-sa-greve-de-la-faim\/#primaryimage\"},\"image\":{\"@id\":\"https:\/\/www.leprojecteurguinee.com\/index.php\/2023\/10\/18\/senegal-lopposant-ousmane-sonko-reprend-sa-greve-de-la-faim\/#primaryimage\"},\"thumbnailUrl\":\"https:\/\/www.leprojecteurguinee.com\/wp-content\/uploads\/2023\/07\/Ousmane-Sonko.jpg\",\"datePublished\":\"2023-10-18T08:16:10+00:00\",\"dateModified\":\"2023-10-18T08:16:13+00:00\",\"author\":{\"@id\":\"https:\/\/www.leprojecteurguinee.com\/#\/schema\/person\/389671d1a3f0c66e6c91c4a765990c1b\"},\"breadcrumb\":{\"@id\":\"https:\/\/www.leprojecteurguinee.com\/index.php\/2023\/10\/18\/senegal-lopposant-ousmane-sonko-reprend-sa-greve-de-la-faim\/#breadcrumb\"},\"inLanguage\":\"fr-FR\",\"potentialAction\":[{\"@type\":\"ReadAction\",\"target\":[\"https:\/\/www.leprojecteurguinee.com\/index.php\/2023\/10\/18\/senegal-lopposant-ousmane-sonko-reprend-sa-greve-de-la-faim\/\"]}]},{\"@type\":\"ImageObject\",\"inLanguage\":\"fr-FR\",\"@id\":\"https:\/\/www.leprojecteurguinee.com\/index.php\/2023\/10\/18\/senegal-lopposant-ousmane-sonko-reprend-sa-greve-de-la-faim\/#primaryimage\",\"url\":\"https:\/\/www.leprojecteurguinee.com\/wp-content\/uploads\/2023\/07\/Ousmane-Sonko.jpg\",\"contentUrl\":\"https:\/\/www.leprojecteurguinee.com\/wp-content\/uploads\/2023\/07\/Ousmane-Sonko.jpg\",\"width\":244,\"height\":207,\"caption\":\"Ousmane Sonko, image d'archives\"},{\"@type\":\"BreadcrumbList\",\"@id\":\"https:\/\/www.leprojecteurguinee.com\/index.php\/2023\/10\/18\/senegal-lopposant-ousmane-sonko-reprend-sa-greve-de-la-faim\/#breadcrumb\",\"itemListElement\":[{\"@type\":\"ListItem\",\"position\":1,\"name\":\"Accueil\",\"item\":\"https:\/\/www.leprojecteurguinee.com\/\"},{\"@type\":\"ListItem\",\"position\":2,\"name\":\"S\u00e9n\u00e9gal: l&rsquo;opposant Ousmane Sonko reprend sa gr\u00e8ve de la faim\"}]},{\"@type\":\"WebSite\",\"@id\":\"https:\/\/www.leprojecteurguinee.com\/#website\",\"url\":\"https:\/\/www.leprojecteurguinee.com\/\",\"name\":\"leprojecteurguinee\",\"description\":\"Nous luttons contre les pratiques obscures\",\"potentialAction\":[{\"@type\":\"SearchAction\",\"target\":{\"@type\":\"EntryPoint\",\"urlTemplate\":\"https:\/\/www.leprojecteurguinee.com\/?s={search_term_string}\"},\"query-input\":{\"@type\":\"PropertyValueSpecification\",\"valueRequired\":true,\"valueName\":\"search_term_string\"}}],\"inLanguage\":\"fr-FR\"},{\"@type\":\"Person\",\"@id\":\"https:\/\/www.leprojecteurguinee.com\/#\/schema\/person\/389671d1a3f0c66e6c91c4a765990c1b\",\"name\":\"Leprojecteurguinee\",\"image\":{\"@type\":\"ImageObject\",\"inLanguage\":\"fr-FR\",\"@id\":\"https:\/\/www.leprojecteurguinee.com\/#\/schema\/person\/image\/\",\"url\":\"https:\/\/secure.gravatar.com\/avatar\/c0faa0f472c43eff99fecb0bd2a1c6782e80a162c9fcb7ed2d48bb42ea619f30?s=96&d=mm&r=g\",\"contentUrl\":\"https:\/\/secure.gravatar.com\/avatar\/c0faa0f472c43eff99fecb0bd2a1c6782e80a162c9fcb7ed2d48bb42ea619f30?s=96&d=mm&r=g\",\"caption\":\"Leprojecteurguinee\"},\"sameAs\":[\"https:\/\/www.leprojecteurguinee.com\"],\"url\":\"https:\/\/www.leprojecteurguinee.com\/index.php\/author\/madame\/\"}]}<\/script>\n<!-- \/ Yoast SEO plugin. -->","yoast_head_json":{"title":"S\u00e9n\u00e9gal: l'opposant Ousmane Sonko reprend sa gr\u00e8ve de la faim - leprojecteurguinee","robots":{"index":"index","follow":"follow","max-snippet":"max-snippet:-1","max-image-preview":"max-image-preview:large","max-video-preview":"max-video-preview:-1"},"canonical":"https:\/\/www.leprojecteurguinee.com\/index.php\/2023\/10\/18\/senegal-lopposant-ousmane-sonko-reprend-sa-greve-de-la-faim\/","og_locale":"fr_FR","og_type":"article","og_title":"S\u00e9n\u00e9gal: l'opposant Ousmane Sonko reprend sa gr\u00e8ve de la faim - leprojecteurguinee","og_description":"C\u2019est via les r\u00e9seaux sociaux qu\u2019Ousmane Sonko\u00a0a annonc\u00e9 reprendre sa gr\u00e8ve de la faim. Il s&rsquo;agit du seul \u00ab\u00a0moyen de r\u00e9sistance\u00a0\u00bb possible selon lui dans sa situation actuelle.\u00a0Cette gr\u00e8ve de la faim a pour objectif de marquer sa \u00ab\u00a0solidarit\u00e9\u00a0\u00bb avec tous les militants \u00ab\u00a0injustement arr\u00eat\u00e9s pour avoir exprim\u00e9 leurs opinions politiques\u00a0\u00bb et toujours d\u00e9tenus aujourd\u2019hui.\u00a0Certains [&hellip;]","og_url":"https:\/\/www.leprojecteurguinee.com\/index.php\/2023\/10\/18\/senegal-lopposant-ousmane-sonko-reprend-sa-greve-de-la-faim\/","og_site_name":"leprojecteurguinee","article_published_time":"2023-10-18T08:16:10+00:00","article_modified_time":"2023-10-18T08:16:13+00:00","og_image":[{"width":244,"height":207,"url":"https:\/\/www.leprojecteurguinee.com\/wp-content\/uploads\/2023\/07\/Ousmane-Sonko.jpg","type":"image\/jpeg"}],"author":"Leprojecteurguinee","twitter_card":"summary_large_image","twitter_misc":{"\u00c9crit par":"Leprojecteurguinee","Dur\u00e9e de lecture estim\u00e9e":"1 minute"},"schema":{"@context":"https:\/\/schema.org","@graph":[{"@type":"Article","@id":"https:\/\/www.leprojecteurguinee.com\/index.php\/2023\/10\/18\/senegal-lopposant-ousmane-sonko-reprend-sa-greve-de-la-faim\/#article","isPartOf":{"@id":"https:\/\/www.leprojecteurguinee.com\/index.php\/2023\/10\/18\/senegal-lopposant-ousmane-sonko-reprend-sa-greve-de-la-faim\/"},"author":{"name":"Leprojecteurguinee","@id":"https:\/\/www.leprojecteurguinee.com\/#\/schema\/person\/389671d1a3f0c66e6c91c4a765990c1b"},"headline":"S\u00e9n\u00e9gal: l&rsquo;opposant Ousmane Sonko reprend sa gr\u00e8ve de la faim","datePublished":"2023-10-18T08:16:10+00:00","dateModified":"2023-10-18T08:16:13+00:00","mainEntityOfPage":{"@id":"https:\/\/www.leprojecteurguinee.com\/index.php\/2023\/10\/18\/senegal-lopposant-ousmane-sonko-reprend-sa-greve-de-la-faim\/"},"wordCount":152,"commentCount":0,"image":{"@id":"https:\/\/www.leprojecteurguinee.com\/index.php\/2023\/10\/18\/senegal-lopposant-ousmane-sonko-reprend-sa-greve-de-la-faim\/#primaryimage"},"thumbnailUrl":"https:\/\/www.leprojecteurguinee.com\/wp-content\/uploads\/2023\/07\/Ousmane-Sonko.jpg","keywords":["Ousmane Sonko","S\u00e9n\u00e9gal"],"articleSection":["Politique"],"inLanguage":"fr-FR","potentialAction":[{"@type":"CommentAction","name":"Comment","target":["https:\/\/www.leprojecteurguinee.com\/index.php\/2023\/10\/18\/senegal-lopposant-ousmane-sonko-reprend-sa-greve-de-la-faim\/#respond"]}]},{"@type":"WebPage","@id":"https:\/\/www.leprojecteurguinee.com\/index.php\/2023\/10\/18\/senegal-lopposant-ousmane-sonko-reprend-sa-greve-de-la-faim\/","url":"https:\/\/www.leprojecteurguinee.com\/index.php\/2023\/10\/18\/senegal-lopposant-ousmane-sonko-reprend-sa-greve-de-la-faim\/","name":"S\u00e9n\u00e9gal: l'opposant Ousmane Sonko reprend sa gr\u00e8ve de la faim - leprojecteurguinee","isPartOf":{"@id":"https:\/\/www.leprojecteurguinee.com\/#website"},"primaryImageOfPage":{"@id":"https:\/\/www.leprojecteurguinee.com\/index.php\/2023\/10\/18\/senegal-lopposant-ousmane-sonko-reprend-sa-greve-de-la-faim\/#primaryimage"},"image":{"@id":"https:\/\/www.leprojecteurguinee.com\/index.php\/2023\/10\/18\/senegal-lopposant-ousmane-sonko-reprend-sa-greve-de-la-faim\/#primaryimage"},"thumbnailUrl":"https:\/\/www.leprojecteurguinee.com\/wp-content\/uploads\/2023\/07\/Ousmane-Sonko.jpg","datePublished":"2023-10-18T08:16:10+00:00","dateModified":"2023-10-18T08:16:13+00:00","author":{"@id":"https:\/\/www.leprojecteurguinee.com\/#\/schema\/person\/389671d1a3f0c66e6c91c4a765990c1b"},"breadcrumb":{"@id":"https:\/\/www.leprojecteurguinee.com\/index.php\/2023\/10\/18\/senegal-lopposant-ousmane-sonko-reprend-sa-greve-de-la-faim\/#breadcrumb"},"inLanguage":"fr-FR","potentialAction":[{"@type":"ReadAction","target":["https:\/\/www.leprojecteurguinee.com\/index.php\/2023\/10\/18\/senegal-lopposant-ousmane-sonko-reprend-sa-greve-de-la-faim\/"]}]},{"@type":"ImageObject","inLanguage":"fr-FR","@id":"https:\/\/www.leprojecteurguinee.com\/index.php\/2023\/10\/18\/senegal-lopposant-ousmane-sonko-reprend-sa-greve-de-la-faim\/#primaryimage","url":"https:\/\/www.leprojecteurguinee.com\/wp-content\/uploads\/2023\/07\/Ousmane-Sonko.jpg","contentUrl":"https:\/\/www.leprojecteurguinee.com\/wp-content\/uploads\/2023\/07\/Ousmane-Sonko.jpg","width":244,"height":207,"caption":"Ousmane Sonko, image d'archives"},{"@type":"BreadcrumbList","@id":"https:\/\/www.leprojecteurguinee.com\/index.php\/2023\/10\/18\/senegal-lopposant-ousmane-sonko-reprend-sa-greve-de-la-faim\/#breadcrumb","itemListElement":[{"@type":"ListItem","position":1,"name":"Accueil","item":"https:\/\/www.leprojecteurguinee.com\/"},{"@type":"ListItem","position":2,"name":"S\u00e9n\u00e9gal: l&rsquo;opposant Ousmane Sonko reprend sa gr\u00e8ve de la faim"}]},{"@type":"WebSite","@id":"https:\/\/www.leprojecteurguinee.com\/#website","url":"https:\/\/www.leprojecteurguinee.com\/","name":"leprojecteurguinee","description":"Nous luttons contre les pratiques obscures","potentialAction":[{"@type":"SearchAction","target":{"@type":"EntryPoint","urlTemplate":"https:\/\/www.leprojecteurguinee.com\/?s={search_term_string}"},"query-input":{"@type":"PropertyValueSpecification","valueRequired":true,"valueName":"search_term_string"}}],"inLanguage":"fr-FR"},{"@type":"Person","@id":"https:\/\/www.leprojecteurguinee.com\/#\/schema\/person\/389671d1a3f0c66e6c91c4a765990c1b","name":"Leprojecteurguinee","image":{"@type":"ImageObject","inLanguage":"fr-FR","@id":"https:\/\/www.leprojecteurguinee.com\/#\/schema\/person\/image\/","url":"https:\/\/secure.gravatar.com\/avatar\/c0faa0f472c43eff99fecb0bd2a1c6782e80a162c9fcb7ed2d48bb42ea619f30?s=96&d=mm&r=g","contentUrl":"https:\/\/secure.gravatar.com\/avatar\/c0faa0f472c43eff99fecb0bd2a1c6782e80a162c9fcb7ed2d48bb42ea619f30?s=96&d=mm&r=g","caption":"Leprojecteurguinee"},"sameAs":["https:\/\/www.leprojecteurguinee.com"],"url":"https:\/\/www.leprojecteurguinee.com\/index.php\/author\/madame\/"}]}},"_links":{"self":[{"href":"https:\/\/www.leprojecteurguinee.com\/index.php\/wp-json\/wp\/v2\/posts\/1297","targetHints":{"allow":["GET"]}}],"collection":[{"href":"https:\/\/www.leprojecteurguinee.com\/index.php\/wp-json\/wp\/v2\/posts"}],"about":[{"href":"https:\/\/www.leprojecteurguinee.com\/index.php\/wp-json\/wp\/v2\/types\/post"}],"author":[{"embeddable":true,"href":"https:\/\/www.leprojecteurguinee.com\/index.php\/wp-json\/wp\/v2\/users\/1"}],"replies":[{"embeddable":true,"href":"https:\/\/www.leprojecteurguinee.com\/index.php\/wp-json\/wp\/v2\/comments?post=1297"}],"version-history":[{"count":0,"href":"https:\/\/www.leprojecteurguinee.com\/index.php\/wp-json\/wp\/v2\/posts\/1297\/revisions"}],"wp:featuredmedia":[{"embeddable":true,"href":"https:\/\/www.leprojecteurguinee.com\/index.php\/wp-json\/wp\/v2\/media\/27"}],"wp:attachment":[{"href":"https:\/\/www.leprojecteurguinee.com\/index.php\/wp-json\/wp\/v2\/media?parent=1297"}],"wp:term":[{"taxonomy":"category","embeddable":true,"href":"https:\/\/www.leprojecteurguinee.com\/index.php\/wp-json\/wp\/v2\/categories?post=1297"},{"taxonomy":"post_tag","embeddable":true,"href":"https:\/\/www.leprojecteurguinee.com\/index.php\/wp-json\/wp\/v2\/tags?post=1297"}],"curies":[{"name":"wp","href":"https:\/\/api.w.org\/{rel}","templated":true}]}}