{"id":1295,"date":"2023-10-16T18:53:55","date_gmt":"2023-10-16T16:53:55","guid":{"rendered":"https:\/\/www.leprojecteurguinee.com\/?p=1295"},"modified":"2023-10-16T18:55:35","modified_gmt":"2023-10-16T16:55:35","slug":"kankan-le-representant-du-sppg-denonce-larrestation-des-journalistes","status":"publish","type":"post","link":"https:\/\/www.leprojecteurguinee.com\/index.php\/2023\/10\/16\/kankan-le-representant-du-sppg-denonce-larrestation-des-journalistes\/","title":{"rendered":"Kankan : le repr\u00e9sentant du SPPG d\u00e9nonce l&rsquo;arrestation des journalistes"},"content":{"rendered":"\n<p>Cette indignation, et d\u00e9solation du secr\u00e9taire g\u00e9n\u00e9ral professionnel de la presse de Kankan, fait suite \u00e0 l&rsquo;arrestation d&rsquo;une dizaine de journalistes par les services de s\u00e9curit\u00e9 dans la matin\u00e9e de ce lundi 16 octobre 2023 \u00e0 Kaloum pour d\u00e9noncer la restriction du site d\u2019information guineematin.com. Michel Pivi d\u00e9plore cette situation.<br><br>\u00ab\u00a0<em>c&rsquo;est une d\u00e9solation et un acte de barbarie total parce qu&rsquo;on ne peut pas parler de la d\u00e9mocratie aujourd&rsquo;hui sans parler de la libert\u00e9 de la presse. Si nous apprenons que les journalistes ont \u00e9t\u00e9 arr\u00eat\u00e9s suite \u00e0 la manifestation et la r\u00e9clamation d&rsquo;un droit dans un pays d\u00e9mocratique, c&rsquo;est vraiment d\u00e9plorable. Depuis l&rsquo;arriv\u00e9e du CNRD au pouvoir, ils ont promis monts et merveilles \u00e0 la presse, en d\u00e9clarant que la justice sera la boussole de cette transition, mais ce qu&rsquo;on voit est que la Guin\u00e9e n&rsquo;est pas dans la loi.<\/em> \u00ab\u00a0<br><br>Il faut rappeler que, dans cette marche pacifique parmi les journalistes arr\u00eat\u00e9s, figure le secr\u00e9taire g\u00e9n\u00e9ral du SPPG lui-m\u00eame, S\u00e9kou Jamal Pendessa.<br><br>Kokoly joseph Koli\u00e9, correspondant \u00e0 kankan.<\/p>\n","protected":false},"excerpt":{"rendered":"<p>Cette indignation, et d\u00e9solation du secr\u00e9taire g\u00e9n\u00e9ral professionnel de la presse de Kankan, fait suite \u00e0 l&rsquo;arrestation d&rsquo;une dizaine de journalistes par les services de s\u00e9curit\u00e9 dans la matin\u00e9e de ce lundi 16 octobre 2023 \u00e0 Kaloum pour d\u00e9noncer la restriction du site d\u2019information guineematin.com. Michel Pivi d\u00e9plore cette situation. \u00ab\u00a0c&rsquo;est une d\u00e9solation et un [&hellip;]<\/p>\n","protected":false},"author":1,"featured_media":1294,"comment_status":"open","ping_status":"open","sticky":false,"template":"","format":"standard","meta":{"footnotes":""},"categories":[20],"tags":[295,369],"class_list":["post-1295","post","type-post","status-publish","format-standard","has-post-thumbnail","hentry","category-societe","tag-kankan","tag-sppg"],"yoast_head":"<!-- This site is optimized with the Yoast SEO plugin v26.8 - https:\/\/yoast.com\/product\/yoast-seo-wordpress\/ -->\n<title>Kankan : le repr\u00e9sentant du SPPG d\u00e9nonce l&#039;arrestation des journalistes - leprojecteurguinee<\/title>\n<meta name=\"robots\" content=\"index, follow, max-snippet:-1, max-image-preview:large, max-video-preview:-1\" \/>\n<link rel=\"canonical\" href=\"https:\/\/www.leprojecteurguinee.com\/index.php\/2023\/10\/16\/kankan-le-representant-du-sppg-denonce-larrestation-des-journalistes\/\" \/>\n<meta property=\"og:locale\" content=\"fr_FR\" \/>\n<meta property=\"og:type\" content=\"article\" \/>\n<meta property=\"og:title\" content=\"Kankan : le repr\u00e9sentant du SPPG d\u00e9nonce l&#039;arrestation des journalistes - leprojecteurguinee\" \/>\n<meta property=\"og:description\" content=\"Cette indignation, et d\u00e9solation du secr\u00e9taire g\u00e9n\u00e9ral professionnel de la presse de Kankan, fait suite \u00e0 l&rsquo;arrestation d&rsquo;une dizaine de journalistes par les services de s\u00e9curit\u00e9 dans la matin\u00e9e de ce lundi 16 octobre 2023 \u00e0 Kaloum pour d\u00e9noncer la restriction du site d\u2019information guineematin.com. Michel Pivi d\u00e9plore cette situation. \u00ab\u00a0c&rsquo;est une d\u00e9solation et un [&hellip;]\" \/>\n<meta property=\"og:url\" content=\"https:\/\/www.leprojecteurguinee.com\/index.php\/2023\/10\/16\/kankan-le-representant-du-sppg-denonce-larrestation-des-journalistes\/\" \/>\n<meta property=\"og:site_name\" content=\"leprojecteurguinee\" \/>\n<meta property=\"article:published_time\" content=\"2023-10-16T16:53:55+00:00\" \/>\n<meta property=\"article:modified_time\" content=\"2023-10-16T16:55:35+00:00\" \/>\n<meta property=\"og:image\" content=\"https:\/\/www.leprojecteurguinee.com\/wp-content\/uploads\/2023\/10\/IMG-20231016-WA00431.jpg\" \/>\n\t<meta property=\"og:image:width\" content=\"468\" \/>\n\t<meta property=\"og:image:height\" content=\"610\" \/>\n\t<meta property=\"og:image:type\" content=\"image\/jpeg\" \/>\n<meta name=\"author\" content=\"Leprojecteurguinee\" \/>\n<meta name=\"twitter:card\" content=\"summary_large_image\" \/>\n<meta name=\"twitter:label1\" content=\"\u00c9crit par\" \/>\n\t<meta name=\"twitter:data1\" content=\"Leprojecteurguinee\" \/>\n\t<meta name=\"twitter:label2\" content=\"Dur\u00e9e de lecture estim\u00e9e\" \/>\n\t<meta name=\"twitter:data2\" content=\"1 minute\" \/>\n<script type=\"application\/ld+json\" class=\"yoast-schema-graph\">{\"@context\":\"https:\/\/schema.org\",\"@graph\":[{\"@type\":\"Article\",\"@id\":\"https:\/\/www.leprojecteurguinee.com\/index.php\/2023\/10\/16\/kankan-le-representant-du-sppg-denonce-larrestation-des-journalistes\/#article\",\"isPartOf\":{\"@id\":\"https:\/\/www.leprojecteurguinee.com\/index.php\/2023\/10\/16\/kankan-le-representant-du-sppg-denonce-larrestation-des-journalistes\/\"},\"author\":{\"name\":\"Leprojecteurguinee\",\"@id\":\"https:\/\/www.leprojecteurguinee.com\/#\/schema\/person\/389671d1a3f0c66e6c91c4a765990c1b\"},\"headline\":\"Kankan : le repr\u00e9sentant du SPPG d\u00e9nonce l&rsquo;arrestation des journalistes\",\"datePublished\":\"2023-10-16T16:53:55+00:00\",\"dateModified\":\"2023-10-16T16:55:35+00:00\",\"mainEntityOfPage\":{\"@id\":\"https:\/\/www.leprojecteurguinee.com\/index.php\/2023\/10\/16\/kankan-le-representant-du-sppg-denonce-larrestation-des-journalistes\/\"},\"wordCount\":211,\"commentCount\":0,\"image\":{\"@id\":\"https:\/\/www.leprojecteurguinee.com\/index.php\/2023\/10\/16\/kankan-le-representant-du-sppg-denonce-larrestation-des-journalistes\/#primaryimage\"},\"thumbnailUrl\":\"https:\/\/www.leprojecteurguinee.com\/wp-content\/uploads\/2023\/10\/IMG-20231016-WA00431.jpg\",\"keywords\":[\"Kankan\",\"SPPG\"],\"articleSection\":[\"Soci\u00e9t\u00e9\"],\"inLanguage\":\"fr-FR\",\"potentialAction\":[{\"@type\":\"CommentAction\",\"name\":\"Comment\",\"target\":[\"https:\/\/www.leprojecteurguinee.com\/index.php\/2023\/10\/16\/kankan-le-representant-du-sppg-denonce-larrestation-des-journalistes\/#respond\"]}]},{\"@type\":\"WebPage\",\"@id\":\"https:\/\/www.leprojecteurguinee.com\/index.php\/2023\/10\/16\/kankan-le-representant-du-sppg-denonce-larrestation-des-journalistes\/\",\"url\":\"https:\/\/www.leprojecteurguinee.com\/index.php\/2023\/10\/16\/kankan-le-representant-du-sppg-denonce-larrestation-des-journalistes\/\",\"name\":\"Kankan : le repr\u00e9sentant du SPPG d\u00e9nonce l'arrestation des journalistes - leprojecteurguinee\",\"isPartOf\":{\"@id\":\"https:\/\/www.leprojecteurguinee.com\/#website\"},\"primaryImageOfPage\":{\"@id\":\"https:\/\/www.leprojecteurguinee.com\/index.php\/2023\/10\/16\/kankan-le-representant-du-sppg-denonce-larrestation-des-journalistes\/#primaryimage\"},\"image\":{\"@id\":\"https:\/\/www.leprojecteurguinee.com\/index.php\/2023\/10\/16\/kankan-le-representant-du-sppg-denonce-larrestation-des-journalistes\/#primaryimage\"},\"thumbnailUrl\":\"https:\/\/www.leprojecteurguinee.com\/wp-content\/uploads\/2023\/10\/IMG-20231016-WA00431.jpg\",\"datePublished\":\"2023-10-16T16:53:55+00:00\",\"dateModified\":\"2023-10-16T16:55:35+00:00\",\"author\":{\"@id\":\"https:\/\/www.leprojecteurguinee.com\/#\/schema\/person\/389671d1a3f0c66e6c91c4a765990c1b\"},\"breadcrumb\":{\"@id\":\"https:\/\/www.leprojecteurguinee.com\/index.php\/2023\/10\/16\/kankan-le-representant-du-sppg-denonce-larrestation-des-journalistes\/#breadcrumb\"},\"inLanguage\":\"fr-FR\",\"potentialAction\":[{\"@type\":\"ReadAction\",\"target\":[\"https:\/\/www.leprojecteurguinee.com\/index.php\/2023\/10\/16\/kankan-le-representant-du-sppg-denonce-larrestation-des-journalistes\/\"]}]},{\"@type\":\"ImageObject\",\"inLanguage\":\"fr-FR\",\"@id\":\"https:\/\/www.leprojecteurguinee.com\/index.php\/2023\/10\/16\/kankan-le-representant-du-sppg-denonce-larrestation-des-journalistes\/#primaryimage\",\"url\":\"https:\/\/www.leprojecteurguinee.com\/wp-content\/uploads\/2023\/10\/IMG-20231016-WA00431.jpg\",\"contentUrl\":\"https:\/\/www.leprojecteurguinee.com\/wp-content\/uploads\/2023\/10\/IMG-20231016-WA00431.jpg\",\"width\":468,\"height\":610},{\"@type\":\"BreadcrumbList\",\"@id\":\"https:\/\/www.leprojecteurguinee.com\/index.php\/2023\/10\/16\/kankan-le-representant-du-sppg-denonce-larrestation-des-journalistes\/#breadcrumb\",\"itemListElement\":[{\"@type\":\"ListItem\",\"position\":1,\"name\":\"Accueil\",\"item\":\"https:\/\/www.leprojecteurguinee.com\/\"},{\"@type\":\"ListItem\",\"position\":2,\"name\":\"Kankan : le repr\u00e9sentant du SPPG d\u00e9nonce l&rsquo;arrestation des journalistes\"}]},{\"@type\":\"WebSite\",\"@id\":\"https:\/\/www.leprojecteurguinee.com\/#website\",\"url\":\"https:\/\/www.leprojecteurguinee.com\/\",\"name\":\"leprojecteurguinee\",\"description\":\"Nous luttons contre les pratiques obscures\",\"potentialAction\":[{\"@type\":\"SearchAction\",\"target\":{\"@type\":\"EntryPoint\",\"urlTemplate\":\"https:\/\/www.leprojecteurguinee.com\/?s={search_term_string}\"},\"query-input\":{\"@type\":\"PropertyValueSpecification\",\"valueRequired\":true,\"valueName\":\"search_term_string\"}}],\"inLanguage\":\"fr-FR\"},{\"@type\":\"Person\",\"@id\":\"https:\/\/www.leprojecteurguinee.com\/#\/schema\/person\/389671d1a3f0c66e6c91c4a765990c1b\",\"name\":\"Leprojecteurguinee\",\"image\":{\"@type\":\"ImageObject\",\"inLanguage\":\"fr-FR\",\"@id\":\"https:\/\/www.leprojecteurguinee.com\/#\/schema\/person\/image\/\",\"url\":\"https:\/\/secure.gravatar.com\/avatar\/c0faa0f472c43eff99fecb0bd2a1c6782e80a162c9fcb7ed2d48bb42ea619f30?s=96&d=mm&r=g\",\"contentUrl\":\"https:\/\/secure.gravatar.com\/avatar\/c0faa0f472c43eff99fecb0bd2a1c6782e80a162c9fcb7ed2d48bb42ea619f30?s=96&d=mm&r=g\",\"caption\":\"Leprojecteurguinee\"},\"sameAs\":[\"https:\/\/www.leprojecteurguinee.com\"],\"url\":\"https:\/\/www.leprojecteurguinee.com\/index.php\/author\/madame\/\"}]}<\/script>\n<!-- \/ Yoast SEO plugin. -->","yoast_head_json":{"title":"Kankan : le repr\u00e9sentant du SPPG d\u00e9nonce l'arrestation des journalistes - leprojecteurguinee","robots":{"index":"index","follow":"follow","max-snippet":"max-snippet:-1","max-image-preview":"max-image-preview:large","max-video-preview":"max-video-preview:-1"},"canonical":"https:\/\/www.leprojecteurguinee.com\/index.php\/2023\/10\/16\/kankan-le-representant-du-sppg-denonce-larrestation-des-journalistes\/","og_locale":"fr_FR","og_type":"article","og_title":"Kankan : le repr\u00e9sentant du SPPG d\u00e9nonce l'arrestation des journalistes - leprojecteurguinee","og_description":"Cette indignation, et d\u00e9solation du secr\u00e9taire g\u00e9n\u00e9ral professionnel de la presse de Kankan, fait suite \u00e0 l&rsquo;arrestation d&rsquo;une dizaine de journalistes par les services de s\u00e9curit\u00e9 dans la matin\u00e9e de ce lundi 16 octobre 2023 \u00e0 Kaloum pour d\u00e9noncer la restriction du site d\u2019information guineematin.com. Michel Pivi d\u00e9plore cette situation. \u00ab\u00a0c&rsquo;est une d\u00e9solation et un [&hellip;]","og_url":"https:\/\/www.leprojecteurguinee.com\/index.php\/2023\/10\/16\/kankan-le-representant-du-sppg-denonce-larrestation-des-journalistes\/","og_site_name":"leprojecteurguinee","article_published_time":"2023-10-16T16:53:55+00:00","article_modified_time":"2023-10-16T16:55:35+00:00","og_image":[{"width":468,"height":610,"url":"https:\/\/www.leprojecteurguinee.com\/wp-content\/uploads\/2023\/10\/IMG-20231016-WA00431.jpg","type":"image\/jpeg"}],"author":"Leprojecteurguinee","twitter_card":"summary_large_image","twitter_misc":{"\u00c9crit par":"Leprojecteurguinee","Dur\u00e9e de lecture estim\u00e9e":"1 minute"},"schema":{"@context":"https:\/\/schema.org","@graph":[{"@type":"Article","@id":"https:\/\/www.leprojecteurguinee.com\/index.php\/2023\/10\/16\/kankan-le-representant-du-sppg-denonce-larrestation-des-journalistes\/#article","isPartOf":{"@id":"https:\/\/www.leprojecteurguinee.com\/index.php\/2023\/10\/16\/kankan-le-representant-du-sppg-denonce-larrestation-des-journalistes\/"},"author":{"name":"Leprojecteurguinee","@id":"https:\/\/www.leprojecteurguinee.com\/#\/schema\/person\/389671d1a3f0c66e6c91c4a765990c1b"},"headline":"Kankan : le repr\u00e9sentant du SPPG d\u00e9nonce l&rsquo;arrestation des journalistes","datePublished":"2023-10-16T16:53:55+00:00","dateModified":"2023-10-16T16:55:35+00:00","mainEntityOfPage":{"@id":"https:\/\/www.leprojecteurguinee.com\/index.php\/2023\/10\/16\/kankan-le-representant-du-sppg-denonce-larrestation-des-journalistes\/"},"wordCount":211,"commentCount":0,"image":{"@id":"https:\/\/www.leprojecteurguinee.com\/index.php\/2023\/10\/16\/kankan-le-representant-du-sppg-denonce-larrestation-des-journalistes\/#primaryimage"},"thumbnailUrl":"https:\/\/www.leprojecteurguinee.com\/wp-content\/uploads\/2023\/10\/IMG-20231016-WA00431.jpg","keywords":["Kankan","SPPG"],"articleSection":["Soci\u00e9t\u00e9"],"inLanguage":"fr-FR","potentialAction":[{"@type":"CommentAction","name":"Comment","target":["https:\/\/www.leprojecteurguinee.com\/index.php\/2023\/10\/16\/kankan-le-representant-du-sppg-denonce-larrestation-des-journalistes\/#respond"]}]},{"@type":"WebPage","@id":"https:\/\/www.leprojecteurguinee.com\/index.php\/2023\/10\/16\/kankan-le-representant-du-sppg-denonce-larrestation-des-journalistes\/","url":"https:\/\/www.leprojecteurguinee.com\/index.php\/2023\/10\/16\/kankan-le-representant-du-sppg-denonce-larrestation-des-journalistes\/","name":"Kankan : le repr\u00e9sentant du SPPG d\u00e9nonce l'arrestation des journalistes - leprojecteurguinee","isPartOf":{"@id":"https:\/\/www.leprojecteurguinee.com\/#website"},"primaryImageOfPage":{"@id":"https:\/\/www.leprojecteurguinee.com\/index.php\/2023\/10\/16\/kankan-le-representant-du-sppg-denonce-larrestation-des-journalistes\/#primaryimage"},"image":{"@id":"https:\/\/www.leprojecteurguinee.com\/index.php\/2023\/10\/16\/kankan-le-representant-du-sppg-denonce-larrestation-des-journalistes\/#primaryimage"},"thumbnailUrl":"https:\/\/www.leprojecteurguinee.com\/wp-content\/uploads\/2023\/10\/IMG-20231016-WA00431.jpg","datePublished":"2023-10-16T16:53:55+00:00","dateModified":"2023-10-16T16:55:35+00:00","author":{"@id":"https:\/\/www.leprojecteurguinee.com\/#\/schema\/person\/389671d1a3f0c66e6c91c4a765990c1b"},"breadcrumb":{"@id":"https:\/\/www.leprojecteurguinee.com\/index.php\/2023\/10\/16\/kankan-le-representant-du-sppg-denonce-larrestation-des-journalistes\/#breadcrumb"},"inLanguage":"fr-FR","potentialAction":[{"@type":"ReadAction","target":["https:\/\/www.leprojecteurguinee.com\/index.php\/2023\/10\/16\/kankan-le-representant-du-sppg-denonce-larrestation-des-journalistes\/"]}]},{"@type":"ImageObject","inLanguage":"fr-FR","@id":"https:\/\/www.leprojecteurguinee.com\/index.php\/2023\/10\/16\/kankan-le-representant-du-sppg-denonce-larrestation-des-journalistes\/#primaryimage","url":"https:\/\/www.leprojecteurguinee.com\/wp-content\/uploads\/2023\/10\/IMG-20231016-WA00431.jpg","contentUrl":"https:\/\/www.leprojecteurguinee.com\/wp-content\/uploads\/2023\/10\/IMG-20231016-WA00431.jpg","width":468,"height":610},{"@type":"BreadcrumbList","@id":"https:\/\/www.leprojecteurguinee.com\/index.php\/2023\/10\/16\/kankan-le-representant-du-sppg-denonce-larrestation-des-journalistes\/#breadcrumb","itemListElement":[{"@type":"ListItem","position":1,"name":"Accueil","item":"https:\/\/www.leprojecteurguinee.com\/"},{"@type":"ListItem","position":2,"name":"Kankan : le repr\u00e9sentant du SPPG d\u00e9nonce l&rsquo;arrestation des journalistes"}]},{"@type":"WebSite","@id":"https:\/\/www.leprojecteurguinee.com\/#website","url":"https:\/\/www.leprojecteurguinee.com\/","name":"leprojecteurguinee","description":"Nous luttons contre les pratiques obscures","potentialAction":[{"@type":"SearchAction","target":{"@type":"EntryPoint","urlTemplate":"https:\/\/www.leprojecteurguinee.com\/?s={search_term_string}"},"query-input":{"@type":"PropertyValueSpecification","valueRequired":true,"valueName":"search_term_string"}}],"inLanguage":"fr-FR"},{"@type":"Person","@id":"https:\/\/www.leprojecteurguinee.com\/#\/schema\/person\/389671d1a3f0c66e6c91c4a765990c1b","name":"Leprojecteurguinee","image":{"@type":"ImageObject","inLanguage":"fr-FR","@id":"https:\/\/www.leprojecteurguinee.com\/#\/schema\/person\/image\/","url":"https:\/\/secure.gravatar.com\/avatar\/c0faa0f472c43eff99fecb0bd2a1c6782e80a162c9fcb7ed2d48bb42ea619f30?s=96&d=mm&r=g","contentUrl":"https:\/\/secure.gravatar.com\/avatar\/c0faa0f472c43eff99fecb0bd2a1c6782e80a162c9fcb7ed2d48bb42ea619f30?s=96&d=mm&r=g","caption":"Leprojecteurguinee"},"sameAs":["https:\/\/www.leprojecteurguinee.com"],"url":"https:\/\/www.leprojecteurguinee.com\/index.php\/author\/madame\/"}]}},"_links":{"self":[{"href":"https:\/\/www.leprojecteurguinee.com\/index.php\/wp-json\/wp\/v2\/posts\/1295","targetHints":{"allow":["GET"]}}],"collection":[{"href":"https:\/\/www.leprojecteurguinee.com\/index.php\/wp-json\/wp\/v2\/posts"}],"about":[{"href":"https:\/\/www.leprojecteurguinee.com\/index.php\/wp-json\/wp\/v2\/types\/post"}],"author":[{"embeddable":true,"href":"https:\/\/www.leprojecteurguinee.com\/index.php\/wp-json\/wp\/v2\/users\/1"}],"replies":[{"embeddable":true,"href":"https:\/\/www.leprojecteurguinee.com\/index.php\/wp-json\/wp\/v2\/comments?post=1295"}],"version-history":[{"count":0,"href":"https:\/\/www.leprojecteurguinee.com\/index.php\/wp-json\/wp\/v2\/posts\/1295\/revisions"}],"wp:featuredmedia":[{"embeddable":true,"href":"https:\/\/www.leprojecteurguinee.com\/index.php\/wp-json\/wp\/v2\/media\/1294"}],"wp:attachment":[{"href":"https:\/\/www.leprojecteurguinee.com\/index.php\/wp-json\/wp\/v2\/media?parent=1295"}],"wp:term":[{"taxonomy":"category","embeddable":true,"href":"https:\/\/www.leprojecteurguinee.com\/index.php\/wp-json\/wp\/v2\/categories?post=1295"},{"taxonomy":"post_tag","embeddable":true,"href":"https:\/\/www.leprojecteurguinee.com\/index.php\/wp-json\/wp\/v2\/tags?post=1295"}],"curies":[{"name":"wp","href":"https:\/\/api.w.org\/{rel}","templated":true}]}}