{"id":1260,"date":"2023-10-14T09:11:41","date_gmt":"2023-10-14T07:11:41","guid":{"rendered":"https:\/\/www.leprojecteurguinee.com\/?p=1260"},"modified":"2023-10-14T09:11:43","modified_gmt":"2023-10-14T07:11:43","slug":"tunisie-une-manifestation-de-soutien-en-soutien-a-la-palestine","status":"publish","type":"post","link":"https:\/\/www.leprojecteurguinee.com\/index.php\/2023\/10\/14\/tunisie-une-manifestation-de-soutien-en-soutien-a-la-palestine\/","title":{"rendered":"Tunisie\u00a0: une manifestation de soutien en soutien \u00e0 la Palestine"},"content":{"rendered":"\n<p>Des centaines de Tunisiens ont d\u00e9fil\u00e9 vendredi sur l\u2019avenue Habib Bourguiba, art\u00e8re centrale de la capitale Tunis, pour \u00ab d\u00e9noncer les raids isra\u00e9liennes sur la bande de Gaza \u00bb et en solidarit\u00e9 avec les Palestiniens.<\/p>\n\n\n\n<p>L&rsquo;Union g\u00e9n\u00e9rale tunisienne des \u00e9tudiants (syndicat \u00e9tudiant ind\u00e9pendant)\u200b\u200b\u200b\u200b\u200b\u200b\u200b a appel\u00e9 jeudi dans un communiqu\u00e9 \u00e0 \u00ab r\u00e9pondre \u00e0 l&rsquo;appel de la r\u00e9sistance pour faire du vendredi une journ\u00e9e de mobilisation g\u00e9n\u00e9rale et de soutien \u00e0 la cause palestinienne dans l&rsquo;ensemble de la nation arabe et islamique \u00bb.<\/p>\n\n\n\n<p>Selon des communiqu\u00e9s publi\u00e9s vendredi par l&rsquo;organisation \u00e9tudiante sur ses r\u00e9seaux sociaux, plusieurs \u00e9v\u00e9nements ont \u00e9t\u00e9 organis\u00e9s cette semaine dans diff\u00e9rentes villes universitaires<\/p>\n\n\n\n<p>Pour le septi\u00e8me jour cons\u00e9cutif, la bande de Gaza, assi\u00e9g\u00e9e depuis 2006, est pilonn\u00e9e par des raids isra\u00e9liens intensifs qui ont ras\u00e9 des quartiers entiers, tu\u00e9 et bless\u00e9 des milliers de civils palestiniens et entra\u00een\u00e9 un exode massif de Palestiniens.<\/p>\n\n\n\n<p>Le 7 octobre \u00e0 l&rsquo;aube, le mouvement de r\u00e9sistance islamique Hamas et d&rsquo;autres factions palestiniennes ont lanc\u00e9 depuis Gaza l&rsquo;op\u00e9ration \u00ab D\u00e9luge d&rsquo;Al-Aqsa \u00bb, en r\u00e9ponse aux \u00ab attaques incessantes des forces isra\u00e9liennes et des colons contre le peuple palestinien, ses biens et ses lieux saints, en particulier la mosqu\u00e9e Al-Aqsa dans la partie occup\u00e9e de J\u00e9rusalem-Est \u00bb.<\/p>\n\n\n\n<p>De son c\u00f4t\u00e9, l&rsquo;arm\u00e9e isra\u00e9lienne a lanc\u00e9 l&rsquo;op\u00e9ration \u00ab \u00c9p\u00e9es de fer \u00bb et continue de mener des raids intensifs sur plusieurs districts de la bande de Gaza, o\u00f9 vivent plus de deux millions de Palestiniens qui souffrent de la d\u00e9t\u00e9rioration de leurs conditions de vie en raison d&rsquo;un blocus isra\u00e9lien impos\u00e9 depuis 2006.<\/p>\n","protected":false},"excerpt":{"rendered":"<p>Des centaines de Tunisiens ont d\u00e9fil\u00e9 vendredi sur l\u2019avenue Habib Bourguiba, art\u00e8re centrale de la capitale Tunis, pour \u00ab d\u00e9noncer les raids isra\u00e9liennes sur la bande de Gaza \u00bb et en solidarit\u00e9 avec les Palestiniens. L&rsquo;Union g\u00e9n\u00e9rale tunisienne des \u00e9tudiants (syndicat \u00e9tudiant ind\u00e9pendant)\u200b\u200b\u200b\u200b\u200b\u200b\u200b a appel\u00e9 jeudi dans un communiqu\u00e9 \u00e0 \u00ab r\u00e9pondre \u00e0 l&rsquo;appel de [&hellip;]<\/p>\n","protected":false},"author":1,"featured_media":1261,"comment_status":"open","ping_status":"open","sticky":true,"template":"","format":"standard","meta":{"footnotes":""},"categories":[32],"tags":[359,364,39],"class_list":["post-1260","post","type-post","status-publish","format-standard","has-post-thumbnail","hentry","category-monde","tag-israel","tag-palestine","tag-tunisie"],"yoast_head":"<!-- This site is optimized with the Yoast SEO plugin v26.8 - https:\/\/yoast.com\/product\/yoast-seo-wordpress\/ -->\n<title>Tunisie\u00a0: une manifestation de soutien en soutien \u00e0 la Palestine - leprojecteurguinee<\/title>\n<meta name=\"robots\" content=\"index, follow, max-snippet:-1, max-image-preview:large, max-video-preview:-1\" \/>\n<link rel=\"canonical\" href=\"https:\/\/www.leprojecteurguinee.com\/index.php\/2023\/10\/14\/tunisie-une-manifestation-de-soutien-en-soutien-a-la-palestine\/\" \/>\n<meta property=\"og:locale\" content=\"fr_FR\" \/>\n<meta property=\"og:type\" content=\"article\" \/>\n<meta property=\"og:title\" content=\"Tunisie\u00a0: une manifestation de soutien en soutien \u00e0 la Palestine - leprojecteurguinee\" \/>\n<meta property=\"og:description\" content=\"Des centaines de Tunisiens ont d\u00e9fil\u00e9 vendredi sur l\u2019avenue Habib Bourguiba, art\u00e8re centrale de la capitale Tunis, pour \u00ab d\u00e9noncer les raids isra\u00e9liennes sur la bande de Gaza \u00bb et en solidarit\u00e9 avec les Palestiniens. L&rsquo;Union g\u00e9n\u00e9rale tunisienne des \u00e9tudiants (syndicat \u00e9tudiant ind\u00e9pendant)\u200b\u200b\u200b\u200b\u200b\u200b\u200b a appel\u00e9 jeudi dans un communiqu\u00e9 \u00e0 \u00ab r\u00e9pondre \u00e0 l&rsquo;appel de [&hellip;]\" \/>\n<meta property=\"og:url\" content=\"https:\/\/www.leprojecteurguinee.com\/index.php\/2023\/10\/14\/tunisie-une-manifestation-de-soutien-en-soutien-a-la-palestine\/\" \/>\n<meta property=\"og:site_name\" content=\"leprojecteurguinee\" \/>\n<meta property=\"article:published_time\" content=\"2023-10-14T07:11:41+00:00\" \/>\n<meta property=\"article:modified_time\" content=\"2023-10-14T07:11:43+00:00\" \/>\n<meta property=\"og:image\" content=\"https:\/\/www.leprojecteurguinee.com\/wp-content\/uploads\/2023\/10\/manifestant-de-tunisisiens.jpg\" \/>\n\t<meta property=\"og:image:width\" content=\"864\" \/>\n\t<meta property=\"og:image:height\" content=\"576\" \/>\n\t<meta property=\"og:image:type\" content=\"image\/jpeg\" \/>\n<meta name=\"author\" content=\"Leprojecteurguinee\" \/>\n<meta name=\"twitter:card\" content=\"summary_large_image\" \/>\n<meta name=\"twitter:label1\" content=\"\u00c9crit par\" \/>\n\t<meta name=\"twitter:data1\" content=\"Leprojecteurguinee\" \/>\n\t<meta name=\"twitter:label2\" content=\"Dur\u00e9e de lecture estim\u00e9e\" \/>\n\t<meta name=\"twitter:data2\" content=\"2 minutes\" \/>\n<script type=\"application\/ld+json\" class=\"yoast-schema-graph\">{\"@context\":\"https:\/\/schema.org\",\"@graph\":[{\"@type\":\"Article\",\"@id\":\"https:\/\/www.leprojecteurguinee.com\/index.php\/2023\/10\/14\/tunisie-une-manifestation-de-soutien-en-soutien-a-la-palestine\/#article\",\"isPartOf\":{\"@id\":\"https:\/\/www.leprojecteurguinee.com\/index.php\/2023\/10\/14\/tunisie-une-manifestation-de-soutien-en-soutien-a-la-palestine\/\"},\"author\":{\"name\":\"Leprojecteurguinee\",\"@id\":\"https:\/\/www.leprojecteurguinee.com\/#\/schema\/person\/389671d1a3f0c66e6c91c4a765990c1b\"},\"headline\":\"Tunisie\u00a0: une manifestation de soutien en soutien \u00e0 la Palestine\",\"datePublished\":\"2023-10-14T07:11:41+00:00\",\"dateModified\":\"2023-10-14T07:11:43+00:00\",\"mainEntityOfPage\":{\"@id\":\"https:\/\/www.leprojecteurguinee.com\/index.php\/2023\/10\/14\/tunisie-une-manifestation-de-soutien-en-soutien-a-la-palestine\/\"},\"wordCount\":302,\"commentCount\":0,\"image\":{\"@id\":\"https:\/\/www.leprojecteurguinee.com\/index.php\/2023\/10\/14\/tunisie-une-manifestation-de-soutien-en-soutien-a-la-palestine\/#primaryimage\"},\"thumbnailUrl\":\"https:\/\/www.leprojecteurguinee.com\/wp-content\/uploads\/2023\/10\/manifestant-de-tunisisiens.jpg\",\"keywords\":[\"Isra\u00ebl\",\"Palestine\",\"Tunisie\"],\"articleSection\":[\"Monde\"],\"inLanguage\":\"fr-FR\",\"potentialAction\":[{\"@type\":\"CommentAction\",\"name\":\"Comment\",\"target\":[\"https:\/\/www.leprojecteurguinee.com\/index.php\/2023\/10\/14\/tunisie-une-manifestation-de-soutien-en-soutien-a-la-palestine\/#respond\"]}]},{\"@type\":\"WebPage\",\"@id\":\"https:\/\/www.leprojecteurguinee.com\/index.php\/2023\/10\/14\/tunisie-une-manifestation-de-soutien-en-soutien-a-la-palestine\/\",\"url\":\"https:\/\/www.leprojecteurguinee.com\/index.php\/2023\/10\/14\/tunisie-une-manifestation-de-soutien-en-soutien-a-la-palestine\/\",\"name\":\"Tunisie\u00a0: une manifestation de soutien en soutien \u00e0 la Palestine - leprojecteurguinee\",\"isPartOf\":{\"@id\":\"https:\/\/www.leprojecteurguinee.com\/#website\"},\"primaryImageOfPage\":{\"@id\":\"https:\/\/www.leprojecteurguinee.com\/index.php\/2023\/10\/14\/tunisie-une-manifestation-de-soutien-en-soutien-a-la-palestine\/#primaryimage\"},\"image\":{\"@id\":\"https:\/\/www.leprojecteurguinee.com\/index.php\/2023\/10\/14\/tunisie-une-manifestation-de-soutien-en-soutien-a-la-palestine\/#primaryimage\"},\"thumbnailUrl\":\"https:\/\/www.leprojecteurguinee.com\/wp-content\/uploads\/2023\/10\/manifestant-de-tunisisiens.jpg\",\"datePublished\":\"2023-10-14T07:11:41+00:00\",\"dateModified\":\"2023-10-14T07:11:43+00:00\",\"author\":{\"@id\":\"https:\/\/www.leprojecteurguinee.com\/#\/schema\/person\/389671d1a3f0c66e6c91c4a765990c1b\"},\"breadcrumb\":{\"@id\":\"https:\/\/www.leprojecteurguinee.com\/index.php\/2023\/10\/14\/tunisie-une-manifestation-de-soutien-en-soutien-a-la-palestine\/#breadcrumb\"},\"inLanguage\":\"fr-FR\",\"potentialAction\":[{\"@type\":\"ReadAction\",\"target\":[\"https:\/\/www.leprojecteurguinee.com\/index.php\/2023\/10\/14\/tunisie-une-manifestation-de-soutien-en-soutien-a-la-palestine\/\"]}]},{\"@type\":\"ImageObject\",\"inLanguage\":\"fr-FR\",\"@id\":\"https:\/\/www.leprojecteurguinee.com\/index.php\/2023\/10\/14\/tunisie-une-manifestation-de-soutien-en-soutien-a-la-palestine\/#primaryimage\",\"url\":\"https:\/\/www.leprojecteurguinee.com\/wp-content\/uploads\/2023\/10\/manifestant-de-tunisisiens.jpg\",\"contentUrl\":\"https:\/\/www.leprojecteurguinee.com\/wp-content\/uploads\/2023\/10\/manifestant-de-tunisisiens.jpg\",\"width\":864,\"height\":576},{\"@type\":\"BreadcrumbList\",\"@id\":\"https:\/\/www.leprojecteurguinee.com\/index.php\/2023\/10\/14\/tunisie-une-manifestation-de-soutien-en-soutien-a-la-palestine\/#breadcrumb\",\"itemListElement\":[{\"@type\":\"ListItem\",\"position\":1,\"name\":\"Accueil\",\"item\":\"https:\/\/www.leprojecteurguinee.com\/\"},{\"@type\":\"ListItem\",\"position\":2,\"name\":\"Tunisie\u00a0: une manifestation de soutien en soutien \u00e0 la Palestine\"}]},{\"@type\":\"WebSite\",\"@id\":\"https:\/\/www.leprojecteurguinee.com\/#website\",\"url\":\"https:\/\/www.leprojecteurguinee.com\/\",\"name\":\"leprojecteurguinee\",\"description\":\"Nous luttons contre les pratiques obscures\",\"potentialAction\":[{\"@type\":\"SearchAction\",\"target\":{\"@type\":\"EntryPoint\",\"urlTemplate\":\"https:\/\/www.leprojecteurguinee.com\/?s={search_term_string}\"},\"query-input\":{\"@type\":\"PropertyValueSpecification\",\"valueRequired\":true,\"valueName\":\"search_term_string\"}}],\"inLanguage\":\"fr-FR\"},{\"@type\":\"Person\",\"@id\":\"https:\/\/www.leprojecteurguinee.com\/#\/schema\/person\/389671d1a3f0c66e6c91c4a765990c1b\",\"name\":\"Leprojecteurguinee\",\"image\":{\"@type\":\"ImageObject\",\"inLanguage\":\"fr-FR\",\"@id\":\"https:\/\/www.leprojecteurguinee.com\/#\/schema\/person\/image\/\",\"url\":\"https:\/\/secure.gravatar.com\/avatar\/c0faa0f472c43eff99fecb0bd2a1c6782e80a162c9fcb7ed2d48bb42ea619f30?s=96&d=mm&r=g\",\"contentUrl\":\"https:\/\/secure.gravatar.com\/avatar\/c0faa0f472c43eff99fecb0bd2a1c6782e80a162c9fcb7ed2d48bb42ea619f30?s=96&d=mm&r=g\",\"caption\":\"Leprojecteurguinee\"},\"sameAs\":[\"https:\/\/www.leprojecteurguinee.com\"],\"url\":\"https:\/\/www.leprojecteurguinee.com\/index.php\/author\/madame\/\"}]}<\/script>\n<!-- \/ Yoast SEO plugin. -->","yoast_head_json":{"title":"Tunisie\u00a0: une manifestation de soutien en soutien \u00e0 la Palestine - leprojecteurguinee","robots":{"index":"index","follow":"follow","max-snippet":"max-snippet:-1","max-image-preview":"max-image-preview:large","max-video-preview":"max-video-preview:-1"},"canonical":"https:\/\/www.leprojecteurguinee.com\/index.php\/2023\/10\/14\/tunisie-une-manifestation-de-soutien-en-soutien-a-la-palestine\/","og_locale":"fr_FR","og_type":"article","og_title":"Tunisie\u00a0: une manifestation de soutien en soutien \u00e0 la Palestine - leprojecteurguinee","og_description":"Des centaines de Tunisiens ont d\u00e9fil\u00e9 vendredi sur l\u2019avenue Habib Bourguiba, art\u00e8re centrale de la capitale Tunis, pour \u00ab d\u00e9noncer les raids isra\u00e9liennes sur la bande de Gaza \u00bb et en solidarit\u00e9 avec les Palestiniens. L&rsquo;Union g\u00e9n\u00e9rale tunisienne des \u00e9tudiants (syndicat \u00e9tudiant ind\u00e9pendant)\u200b\u200b\u200b\u200b\u200b\u200b\u200b a appel\u00e9 jeudi dans un communiqu\u00e9 \u00e0 \u00ab r\u00e9pondre \u00e0 l&rsquo;appel de [&hellip;]","og_url":"https:\/\/www.leprojecteurguinee.com\/index.php\/2023\/10\/14\/tunisie-une-manifestation-de-soutien-en-soutien-a-la-palestine\/","og_site_name":"leprojecteurguinee","article_published_time":"2023-10-14T07:11:41+00:00","article_modified_time":"2023-10-14T07:11:43+00:00","og_image":[{"width":864,"height":576,"url":"https:\/\/www.leprojecteurguinee.com\/wp-content\/uploads\/2023\/10\/manifestant-de-tunisisiens.jpg","type":"image\/jpeg"}],"author":"Leprojecteurguinee","twitter_card":"summary_large_image","twitter_misc":{"\u00c9crit par":"Leprojecteurguinee","Dur\u00e9e de lecture estim\u00e9e":"2 minutes"},"schema":{"@context":"https:\/\/schema.org","@graph":[{"@type":"Article","@id":"https:\/\/www.leprojecteurguinee.com\/index.php\/2023\/10\/14\/tunisie-une-manifestation-de-soutien-en-soutien-a-la-palestine\/#article","isPartOf":{"@id":"https:\/\/www.leprojecteurguinee.com\/index.php\/2023\/10\/14\/tunisie-une-manifestation-de-soutien-en-soutien-a-la-palestine\/"},"author":{"name":"Leprojecteurguinee","@id":"https:\/\/www.leprojecteurguinee.com\/#\/schema\/person\/389671d1a3f0c66e6c91c4a765990c1b"},"headline":"Tunisie\u00a0: une manifestation de soutien en soutien \u00e0 la Palestine","datePublished":"2023-10-14T07:11:41+00:00","dateModified":"2023-10-14T07:11:43+00:00","mainEntityOfPage":{"@id":"https:\/\/www.leprojecteurguinee.com\/index.php\/2023\/10\/14\/tunisie-une-manifestation-de-soutien-en-soutien-a-la-palestine\/"},"wordCount":302,"commentCount":0,"image":{"@id":"https:\/\/www.leprojecteurguinee.com\/index.php\/2023\/10\/14\/tunisie-une-manifestation-de-soutien-en-soutien-a-la-palestine\/#primaryimage"},"thumbnailUrl":"https:\/\/www.leprojecteurguinee.com\/wp-content\/uploads\/2023\/10\/manifestant-de-tunisisiens.jpg","keywords":["Isra\u00ebl","Palestine","Tunisie"],"articleSection":["Monde"],"inLanguage":"fr-FR","potentialAction":[{"@type":"CommentAction","name":"Comment","target":["https:\/\/www.leprojecteurguinee.com\/index.php\/2023\/10\/14\/tunisie-une-manifestation-de-soutien-en-soutien-a-la-palestine\/#respond"]}]},{"@type":"WebPage","@id":"https:\/\/www.leprojecteurguinee.com\/index.php\/2023\/10\/14\/tunisie-une-manifestation-de-soutien-en-soutien-a-la-palestine\/","url":"https:\/\/www.leprojecteurguinee.com\/index.php\/2023\/10\/14\/tunisie-une-manifestation-de-soutien-en-soutien-a-la-palestine\/","name":"Tunisie\u00a0: une manifestation de soutien en soutien \u00e0 la Palestine - leprojecteurguinee","isPartOf":{"@id":"https:\/\/www.leprojecteurguinee.com\/#website"},"primaryImageOfPage":{"@id":"https:\/\/www.leprojecteurguinee.com\/index.php\/2023\/10\/14\/tunisie-une-manifestation-de-soutien-en-soutien-a-la-palestine\/#primaryimage"},"image":{"@id":"https:\/\/www.leprojecteurguinee.com\/index.php\/2023\/10\/14\/tunisie-une-manifestation-de-soutien-en-soutien-a-la-palestine\/#primaryimage"},"thumbnailUrl":"https:\/\/www.leprojecteurguinee.com\/wp-content\/uploads\/2023\/10\/manifestant-de-tunisisiens.jpg","datePublished":"2023-10-14T07:11:41+00:00","dateModified":"2023-10-14T07:11:43+00:00","author":{"@id":"https:\/\/www.leprojecteurguinee.com\/#\/schema\/person\/389671d1a3f0c66e6c91c4a765990c1b"},"breadcrumb":{"@id":"https:\/\/www.leprojecteurguinee.com\/index.php\/2023\/10\/14\/tunisie-une-manifestation-de-soutien-en-soutien-a-la-palestine\/#breadcrumb"},"inLanguage":"fr-FR","potentialAction":[{"@type":"ReadAction","target":["https:\/\/www.leprojecteurguinee.com\/index.php\/2023\/10\/14\/tunisie-une-manifestation-de-soutien-en-soutien-a-la-palestine\/"]}]},{"@type":"ImageObject","inLanguage":"fr-FR","@id":"https:\/\/www.leprojecteurguinee.com\/index.php\/2023\/10\/14\/tunisie-une-manifestation-de-soutien-en-soutien-a-la-palestine\/#primaryimage","url":"https:\/\/www.leprojecteurguinee.com\/wp-content\/uploads\/2023\/10\/manifestant-de-tunisisiens.jpg","contentUrl":"https:\/\/www.leprojecteurguinee.com\/wp-content\/uploads\/2023\/10\/manifestant-de-tunisisiens.jpg","width":864,"height":576},{"@type":"BreadcrumbList","@id":"https:\/\/www.leprojecteurguinee.com\/index.php\/2023\/10\/14\/tunisie-une-manifestation-de-soutien-en-soutien-a-la-palestine\/#breadcrumb","itemListElement":[{"@type":"ListItem","position":1,"name":"Accueil","item":"https:\/\/www.leprojecteurguinee.com\/"},{"@type":"ListItem","position":2,"name":"Tunisie\u00a0: une manifestation de soutien en soutien \u00e0 la Palestine"}]},{"@type":"WebSite","@id":"https:\/\/www.leprojecteurguinee.com\/#website","url":"https:\/\/www.leprojecteurguinee.com\/","name":"leprojecteurguinee","description":"Nous luttons contre les pratiques obscures","potentialAction":[{"@type":"SearchAction","target":{"@type":"EntryPoint","urlTemplate":"https:\/\/www.leprojecteurguinee.com\/?s={search_term_string}"},"query-input":{"@type":"PropertyValueSpecification","valueRequired":true,"valueName":"search_term_string"}}],"inLanguage":"fr-FR"},{"@type":"Person","@id":"https:\/\/www.leprojecteurguinee.com\/#\/schema\/person\/389671d1a3f0c66e6c91c4a765990c1b","name":"Leprojecteurguinee","image":{"@type":"ImageObject","inLanguage":"fr-FR","@id":"https:\/\/www.leprojecteurguinee.com\/#\/schema\/person\/image\/","url":"https:\/\/secure.gravatar.com\/avatar\/c0faa0f472c43eff99fecb0bd2a1c6782e80a162c9fcb7ed2d48bb42ea619f30?s=96&d=mm&r=g","contentUrl":"https:\/\/secure.gravatar.com\/avatar\/c0faa0f472c43eff99fecb0bd2a1c6782e80a162c9fcb7ed2d48bb42ea619f30?s=96&d=mm&r=g","caption":"Leprojecteurguinee"},"sameAs":["https:\/\/www.leprojecteurguinee.com"],"url":"https:\/\/www.leprojecteurguinee.com\/index.php\/author\/madame\/"}]}},"_links":{"self":[{"href":"https:\/\/www.leprojecteurguinee.com\/index.php\/wp-json\/wp\/v2\/posts\/1260","targetHints":{"allow":["GET"]}}],"collection":[{"href":"https:\/\/www.leprojecteurguinee.com\/index.php\/wp-json\/wp\/v2\/posts"}],"about":[{"href":"https:\/\/www.leprojecteurguinee.com\/index.php\/wp-json\/wp\/v2\/types\/post"}],"author":[{"embeddable":true,"href":"https:\/\/www.leprojecteurguinee.com\/index.php\/wp-json\/wp\/v2\/users\/1"}],"replies":[{"embeddable":true,"href":"https:\/\/www.leprojecteurguinee.com\/index.php\/wp-json\/wp\/v2\/comments?post=1260"}],"version-history":[{"count":0,"href":"https:\/\/www.leprojecteurguinee.com\/index.php\/wp-json\/wp\/v2\/posts\/1260\/revisions"}],"wp:featuredmedia":[{"embeddable":true,"href":"https:\/\/www.leprojecteurguinee.com\/index.php\/wp-json\/wp\/v2\/media\/1261"}],"wp:attachment":[{"href":"https:\/\/www.leprojecteurguinee.com\/index.php\/wp-json\/wp\/v2\/media?parent=1260"}],"wp:term":[{"taxonomy":"category","embeddable":true,"href":"https:\/\/www.leprojecteurguinee.com\/index.php\/wp-json\/wp\/v2\/categories?post=1260"},{"taxonomy":"post_tag","embeddable":true,"href":"https:\/\/www.leprojecteurguinee.com\/index.php\/wp-json\/wp\/v2\/tags?post=1260"}],"curies":[{"name":"wp","href":"https:\/\/api.w.org\/{rel}","templated":true}]}}