{"id":1228,"date":"2023-10-09T21:05:20","date_gmt":"2023-10-09T19:05:20","guid":{"rendered":"https:\/\/www.leprojecteurguinee.com\/?p=1228"},"modified":"2023-10-09T21:07:53","modified_gmt":"2023-10-09T19:07:53","slug":"kankan-les-cours-reprennent-dans-les-ecoles-techniques-et-professionnelles","status":"publish","type":"post","link":"https:\/\/www.leprojecteurguinee.com\/index.php\/2023\/10\/09\/kankan-les-cours-reprennent-dans-les-ecoles-techniques-et-professionnelles\/","title":{"rendered":"Kankan : les cours reprennent dans les \u00e9coles techniques et professionnelles."},"content":{"rendered":"\n<p>Apr\u00e8s quelques mois de repos, les apprenants des institutions d&rsquo;enseignement technique et de la formation professionnelle ont repris le chemin de l&rsquo;\u00e9cole ce lundi 09 octobre 2023 sur toute l&rsquo;\u00e9tendue du territoire national.<br><br>Dans la commune urbaine de Kankan, c&rsquo;est l&rsquo;\u00e9cole des soins de sant\u00e9 communautaire qui a servi de cadre \u00e0 cette c\u00e9r\u00e9monie de lancement. Aly Keita, inspecteur r\u00e9gional de l&rsquo;enseignement technique et de la formation professionnelle \u00e0 kankan parle de satisfaction. \u00ab\u00a0<em>Le centre retenu pour cette rentr\u00e9e a pris toutes les dispositions n\u00e9cessaires pour accueillir les autorit\u00e9s. La direction et les enseignants ont tous r\u00e9pondu \u00e0 l&rsquo;appel, ainsi que quelques \u00e9l\u00e8ves de la deuxi\u00e8me ann\u00e9e, puisque le r\u00e9sultat des \u00e9l\u00e8ves de la premi\u00e8re ann\u00e9e n&rsquo;est pas sorti et les \u00e9l\u00e8ves de la troisi\u00e8me ann\u00e9e sont en stage dans les structures sanitaires de la ville, c&rsquo;est une satisfaction<\/em>.\u00a0\u00bb<br><br>Prenant la parole, le Gouverneur de la r\u00e9gion administrative de kankan a invit\u00e9 les \u00e9l\u00e8ves \u00e0 la vigilance pendant les cours. \u00ab\u00a0<em>l&rsquo;erreur d&rsquo;un m\u00e9decin, d&rsquo;un infirmier ou infirmi\u00e8re n&rsquo;aboutira qu&rsquo;\u00e0 la mort des personnes. Donc, je vous exhorte \u00e0 bien \u00e9couter et \u00e0 appliquer ce qui vous serait l\u00e9gu\u00e9 par vos diff\u00e9rents enseignants<\/em>\u00ab\u00a0. A dit colonel Moussa Cond\u00e9.<br><br><br>Kokoly joseph Koli\u00e9, correspondant \u00e0 Kankan.<\/p>\n","protected":false},"excerpt":{"rendered":"<p>Apr\u00e8s quelques mois de repos, les apprenants des institutions d&rsquo;enseignement technique et de la formation professionnelle ont repris le chemin de l&rsquo;\u00e9cole ce lundi 09 octobre 2023 sur toute l&rsquo;\u00e9tendue du territoire national. Dans la commune urbaine de Kankan, c&rsquo;est l&rsquo;\u00e9cole des soins de sant\u00e9 communautaire qui a servi de cadre \u00e0 cette c\u00e9r\u00e9monie de [&hellip;]<\/p>\n","protected":false},"author":1,"featured_media":1227,"comment_status":"open","ping_status":"open","sticky":false,"template":"","format":"standard","meta":{"footnotes":""},"categories":[1],"tags":[264,295],"class_list":["post-1228","post","type-post","status-publish","format-standard","has-post-thumbnail","hentry","category-blog","tag-education","tag-kankan"],"yoast_head":"<!-- This site is optimized with the Yoast SEO plugin v26.8 - https:\/\/yoast.com\/product\/yoast-seo-wordpress\/ -->\n<title>Kankan : les cours reprennent dans les \u00e9coles techniques et professionnelles. - leprojecteurguinee<\/title>\n<meta name=\"robots\" content=\"index, follow, max-snippet:-1, max-image-preview:large, max-video-preview:-1\" \/>\n<link rel=\"canonical\" href=\"https:\/\/www.leprojecteurguinee.com\/index.php\/2023\/10\/09\/kankan-les-cours-reprennent-dans-les-ecoles-techniques-et-professionnelles\/\" \/>\n<meta property=\"og:locale\" content=\"fr_FR\" \/>\n<meta property=\"og:type\" content=\"article\" \/>\n<meta property=\"og:title\" content=\"Kankan : les cours reprennent dans les \u00e9coles techniques et professionnelles. - leprojecteurguinee\" \/>\n<meta property=\"og:description\" content=\"Apr\u00e8s quelques mois de repos, les apprenants des institutions d&rsquo;enseignement technique et de la formation professionnelle ont repris le chemin de l&rsquo;\u00e9cole ce lundi 09 octobre 2023 sur toute l&rsquo;\u00e9tendue du territoire national. Dans la commune urbaine de Kankan, c&rsquo;est l&rsquo;\u00e9cole des soins de sant\u00e9 communautaire qui a servi de cadre \u00e0 cette c\u00e9r\u00e9monie de [&hellip;]\" \/>\n<meta property=\"og:url\" content=\"https:\/\/www.leprojecteurguinee.com\/index.php\/2023\/10\/09\/kankan-les-cours-reprennent-dans-les-ecoles-techniques-et-professionnelles\/\" \/>\n<meta property=\"og:site_name\" content=\"leprojecteurguinee\" \/>\n<meta property=\"article:published_time\" content=\"2023-10-09T19:05:20+00:00\" \/>\n<meta property=\"article:modified_time\" content=\"2023-10-09T19:07:53+00:00\" \/>\n<meta property=\"og:image\" content=\"https:\/\/www.leprojecteurguinee.com\/wp-content\/uploads\/2023\/10\/IMG-20231009-WA0050.jpg\" \/>\n\t<meta property=\"og:image:width\" content=\"960\" \/>\n\t<meta property=\"og:image:height\" content=\"540\" \/>\n\t<meta property=\"og:image:type\" content=\"image\/jpeg\" \/>\n<meta name=\"author\" content=\"Leprojecteurguinee\" \/>\n<meta name=\"twitter:card\" content=\"summary_large_image\" \/>\n<meta name=\"twitter:label1\" content=\"\u00c9crit par\" \/>\n\t<meta name=\"twitter:data1\" content=\"Leprojecteurguinee\" \/>\n\t<meta name=\"twitter:label2\" content=\"Dur\u00e9e de lecture estim\u00e9e\" \/>\n\t<meta name=\"twitter:data2\" content=\"1 minute\" \/>\n<script type=\"application\/ld+json\" class=\"yoast-schema-graph\">{\"@context\":\"https:\/\/schema.org\",\"@graph\":[{\"@type\":\"Article\",\"@id\":\"https:\/\/www.leprojecteurguinee.com\/index.php\/2023\/10\/09\/kankan-les-cours-reprennent-dans-les-ecoles-techniques-et-professionnelles\/#article\",\"isPartOf\":{\"@id\":\"https:\/\/www.leprojecteurguinee.com\/index.php\/2023\/10\/09\/kankan-les-cours-reprennent-dans-les-ecoles-techniques-et-professionnelles\/\"},\"author\":{\"name\":\"Leprojecteurguinee\",\"@id\":\"https:\/\/www.leprojecteurguinee.com\/#\/schema\/person\/389671d1a3f0c66e6c91c4a765990c1b\"},\"headline\":\"Kankan : les cours reprennent dans les \u00e9coles techniques et professionnelles.\",\"datePublished\":\"2023-10-09T19:05:20+00:00\",\"dateModified\":\"2023-10-09T19:07:53+00:00\",\"mainEntityOfPage\":{\"@id\":\"https:\/\/www.leprojecteurguinee.com\/index.php\/2023\/10\/09\/kankan-les-cours-reprennent-dans-les-ecoles-techniques-et-professionnelles\/\"},\"wordCount\":241,\"commentCount\":0,\"image\":{\"@id\":\"https:\/\/www.leprojecteurguinee.com\/index.php\/2023\/10\/09\/kankan-les-cours-reprennent-dans-les-ecoles-techniques-et-professionnelles\/#primaryimage\"},\"thumbnailUrl\":\"https:\/\/www.leprojecteurguinee.com\/wp-content\/uploads\/2023\/10\/IMG-20231009-WA0050.jpg\",\"keywords\":[\"Education\",\"Kankan\"],\"articleSection\":[\"Blog\"],\"inLanguage\":\"fr-FR\",\"potentialAction\":[{\"@type\":\"CommentAction\",\"name\":\"Comment\",\"target\":[\"https:\/\/www.leprojecteurguinee.com\/index.php\/2023\/10\/09\/kankan-les-cours-reprennent-dans-les-ecoles-techniques-et-professionnelles\/#respond\"]}]},{\"@type\":\"WebPage\",\"@id\":\"https:\/\/www.leprojecteurguinee.com\/index.php\/2023\/10\/09\/kankan-les-cours-reprennent-dans-les-ecoles-techniques-et-professionnelles\/\",\"url\":\"https:\/\/www.leprojecteurguinee.com\/index.php\/2023\/10\/09\/kankan-les-cours-reprennent-dans-les-ecoles-techniques-et-professionnelles\/\",\"name\":\"Kankan : les cours reprennent dans les \u00e9coles techniques et professionnelles. - leprojecteurguinee\",\"isPartOf\":{\"@id\":\"https:\/\/www.leprojecteurguinee.com\/#website\"},\"primaryImageOfPage\":{\"@id\":\"https:\/\/www.leprojecteurguinee.com\/index.php\/2023\/10\/09\/kankan-les-cours-reprennent-dans-les-ecoles-techniques-et-professionnelles\/#primaryimage\"},\"image\":{\"@id\":\"https:\/\/www.leprojecteurguinee.com\/index.php\/2023\/10\/09\/kankan-les-cours-reprennent-dans-les-ecoles-techniques-et-professionnelles\/#primaryimage\"},\"thumbnailUrl\":\"https:\/\/www.leprojecteurguinee.com\/wp-content\/uploads\/2023\/10\/IMG-20231009-WA0050.jpg\",\"datePublished\":\"2023-10-09T19:05:20+00:00\",\"dateModified\":\"2023-10-09T19:07:53+00:00\",\"author\":{\"@id\":\"https:\/\/www.leprojecteurguinee.com\/#\/schema\/person\/389671d1a3f0c66e6c91c4a765990c1b\"},\"breadcrumb\":{\"@id\":\"https:\/\/www.leprojecteurguinee.com\/index.php\/2023\/10\/09\/kankan-les-cours-reprennent-dans-les-ecoles-techniques-et-professionnelles\/#breadcrumb\"},\"inLanguage\":\"fr-FR\",\"potentialAction\":[{\"@type\":\"ReadAction\",\"target\":[\"https:\/\/www.leprojecteurguinee.com\/index.php\/2023\/10\/09\/kankan-les-cours-reprennent-dans-les-ecoles-techniques-et-professionnelles\/\"]}]},{\"@type\":\"ImageObject\",\"inLanguage\":\"fr-FR\",\"@id\":\"https:\/\/www.leprojecteurguinee.com\/index.php\/2023\/10\/09\/kankan-les-cours-reprennent-dans-les-ecoles-techniques-et-professionnelles\/#primaryimage\",\"url\":\"https:\/\/www.leprojecteurguinee.com\/wp-content\/uploads\/2023\/10\/IMG-20231009-WA0050.jpg\",\"contentUrl\":\"https:\/\/www.leprojecteurguinee.com\/wp-content\/uploads\/2023\/10\/IMG-20231009-WA0050.jpg\",\"width\":960,\"height\":540},{\"@type\":\"BreadcrumbList\",\"@id\":\"https:\/\/www.leprojecteurguinee.com\/index.php\/2023\/10\/09\/kankan-les-cours-reprennent-dans-les-ecoles-techniques-et-professionnelles\/#breadcrumb\",\"itemListElement\":[{\"@type\":\"ListItem\",\"position\":1,\"name\":\"Accueil\",\"item\":\"https:\/\/www.leprojecteurguinee.com\/\"},{\"@type\":\"ListItem\",\"position\":2,\"name\":\"Kankan : les cours reprennent dans les \u00e9coles techniques et professionnelles.\"}]},{\"@type\":\"WebSite\",\"@id\":\"https:\/\/www.leprojecteurguinee.com\/#website\",\"url\":\"https:\/\/www.leprojecteurguinee.com\/\",\"name\":\"leprojecteurguinee\",\"description\":\"Nous luttons contre les pratiques obscures\",\"potentialAction\":[{\"@type\":\"SearchAction\",\"target\":{\"@type\":\"EntryPoint\",\"urlTemplate\":\"https:\/\/www.leprojecteurguinee.com\/?s={search_term_string}\"},\"query-input\":{\"@type\":\"PropertyValueSpecification\",\"valueRequired\":true,\"valueName\":\"search_term_string\"}}],\"inLanguage\":\"fr-FR\"},{\"@type\":\"Person\",\"@id\":\"https:\/\/www.leprojecteurguinee.com\/#\/schema\/person\/389671d1a3f0c66e6c91c4a765990c1b\",\"name\":\"Leprojecteurguinee\",\"image\":{\"@type\":\"ImageObject\",\"inLanguage\":\"fr-FR\",\"@id\":\"https:\/\/www.leprojecteurguinee.com\/#\/schema\/person\/image\/\",\"url\":\"https:\/\/secure.gravatar.com\/avatar\/c0faa0f472c43eff99fecb0bd2a1c6782e80a162c9fcb7ed2d48bb42ea619f30?s=96&d=mm&r=g\",\"contentUrl\":\"https:\/\/secure.gravatar.com\/avatar\/c0faa0f472c43eff99fecb0bd2a1c6782e80a162c9fcb7ed2d48bb42ea619f30?s=96&d=mm&r=g\",\"caption\":\"Leprojecteurguinee\"},\"sameAs\":[\"https:\/\/www.leprojecteurguinee.com\"],\"url\":\"https:\/\/www.leprojecteurguinee.com\/index.php\/author\/madame\/\"}]}<\/script>\n<!-- \/ Yoast SEO plugin. -->","yoast_head_json":{"title":"Kankan : les cours reprennent dans les \u00e9coles techniques et professionnelles. - leprojecteurguinee","robots":{"index":"index","follow":"follow","max-snippet":"max-snippet:-1","max-image-preview":"max-image-preview:large","max-video-preview":"max-video-preview:-1"},"canonical":"https:\/\/www.leprojecteurguinee.com\/index.php\/2023\/10\/09\/kankan-les-cours-reprennent-dans-les-ecoles-techniques-et-professionnelles\/","og_locale":"fr_FR","og_type":"article","og_title":"Kankan : les cours reprennent dans les \u00e9coles techniques et professionnelles. - leprojecteurguinee","og_description":"Apr\u00e8s quelques mois de repos, les apprenants des institutions d&rsquo;enseignement technique et de la formation professionnelle ont repris le chemin de l&rsquo;\u00e9cole ce lundi 09 octobre 2023 sur toute l&rsquo;\u00e9tendue du territoire national. Dans la commune urbaine de Kankan, c&rsquo;est l&rsquo;\u00e9cole des soins de sant\u00e9 communautaire qui a servi de cadre \u00e0 cette c\u00e9r\u00e9monie de [&hellip;]","og_url":"https:\/\/www.leprojecteurguinee.com\/index.php\/2023\/10\/09\/kankan-les-cours-reprennent-dans-les-ecoles-techniques-et-professionnelles\/","og_site_name":"leprojecteurguinee","article_published_time":"2023-10-09T19:05:20+00:00","article_modified_time":"2023-10-09T19:07:53+00:00","og_image":[{"width":960,"height":540,"url":"https:\/\/www.leprojecteurguinee.com\/wp-content\/uploads\/2023\/10\/IMG-20231009-WA0050.jpg","type":"image\/jpeg"}],"author":"Leprojecteurguinee","twitter_card":"summary_large_image","twitter_misc":{"\u00c9crit par":"Leprojecteurguinee","Dur\u00e9e de lecture estim\u00e9e":"1 minute"},"schema":{"@context":"https:\/\/schema.org","@graph":[{"@type":"Article","@id":"https:\/\/www.leprojecteurguinee.com\/index.php\/2023\/10\/09\/kankan-les-cours-reprennent-dans-les-ecoles-techniques-et-professionnelles\/#article","isPartOf":{"@id":"https:\/\/www.leprojecteurguinee.com\/index.php\/2023\/10\/09\/kankan-les-cours-reprennent-dans-les-ecoles-techniques-et-professionnelles\/"},"author":{"name":"Leprojecteurguinee","@id":"https:\/\/www.leprojecteurguinee.com\/#\/schema\/person\/389671d1a3f0c66e6c91c4a765990c1b"},"headline":"Kankan : les cours reprennent dans les \u00e9coles techniques et professionnelles.","datePublished":"2023-10-09T19:05:20+00:00","dateModified":"2023-10-09T19:07:53+00:00","mainEntityOfPage":{"@id":"https:\/\/www.leprojecteurguinee.com\/index.php\/2023\/10\/09\/kankan-les-cours-reprennent-dans-les-ecoles-techniques-et-professionnelles\/"},"wordCount":241,"commentCount":0,"image":{"@id":"https:\/\/www.leprojecteurguinee.com\/index.php\/2023\/10\/09\/kankan-les-cours-reprennent-dans-les-ecoles-techniques-et-professionnelles\/#primaryimage"},"thumbnailUrl":"https:\/\/www.leprojecteurguinee.com\/wp-content\/uploads\/2023\/10\/IMG-20231009-WA0050.jpg","keywords":["Education","Kankan"],"articleSection":["Blog"],"inLanguage":"fr-FR","potentialAction":[{"@type":"CommentAction","name":"Comment","target":["https:\/\/www.leprojecteurguinee.com\/index.php\/2023\/10\/09\/kankan-les-cours-reprennent-dans-les-ecoles-techniques-et-professionnelles\/#respond"]}]},{"@type":"WebPage","@id":"https:\/\/www.leprojecteurguinee.com\/index.php\/2023\/10\/09\/kankan-les-cours-reprennent-dans-les-ecoles-techniques-et-professionnelles\/","url":"https:\/\/www.leprojecteurguinee.com\/index.php\/2023\/10\/09\/kankan-les-cours-reprennent-dans-les-ecoles-techniques-et-professionnelles\/","name":"Kankan : les cours reprennent dans les \u00e9coles techniques et professionnelles. - leprojecteurguinee","isPartOf":{"@id":"https:\/\/www.leprojecteurguinee.com\/#website"},"primaryImageOfPage":{"@id":"https:\/\/www.leprojecteurguinee.com\/index.php\/2023\/10\/09\/kankan-les-cours-reprennent-dans-les-ecoles-techniques-et-professionnelles\/#primaryimage"},"image":{"@id":"https:\/\/www.leprojecteurguinee.com\/index.php\/2023\/10\/09\/kankan-les-cours-reprennent-dans-les-ecoles-techniques-et-professionnelles\/#primaryimage"},"thumbnailUrl":"https:\/\/www.leprojecteurguinee.com\/wp-content\/uploads\/2023\/10\/IMG-20231009-WA0050.jpg","datePublished":"2023-10-09T19:05:20+00:00","dateModified":"2023-10-09T19:07:53+00:00","author":{"@id":"https:\/\/www.leprojecteurguinee.com\/#\/schema\/person\/389671d1a3f0c66e6c91c4a765990c1b"},"breadcrumb":{"@id":"https:\/\/www.leprojecteurguinee.com\/index.php\/2023\/10\/09\/kankan-les-cours-reprennent-dans-les-ecoles-techniques-et-professionnelles\/#breadcrumb"},"inLanguage":"fr-FR","potentialAction":[{"@type":"ReadAction","target":["https:\/\/www.leprojecteurguinee.com\/index.php\/2023\/10\/09\/kankan-les-cours-reprennent-dans-les-ecoles-techniques-et-professionnelles\/"]}]},{"@type":"ImageObject","inLanguage":"fr-FR","@id":"https:\/\/www.leprojecteurguinee.com\/index.php\/2023\/10\/09\/kankan-les-cours-reprennent-dans-les-ecoles-techniques-et-professionnelles\/#primaryimage","url":"https:\/\/www.leprojecteurguinee.com\/wp-content\/uploads\/2023\/10\/IMG-20231009-WA0050.jpg","contentUrl":"https:\/\/www.leprojecteurguinee.com\/wp-content\/uploads\/2023\/10\/IMG-20231009-WA0050.jpg","width":960,"height":540},{"@type":"BreadcrumbList","@id":"https:\/\/www.leprojecteurguinee.com\/index.php\/2023\/10\/09\/kankan-les-cours-reprennent-dans-les-ecoles-techniques-et-professionnelles\/#breadcrumb","itemListElement":[{"@type":"ListItem","position":1,"name":"Accueil","item":"https:\/\/www.leprojecteurguinee.com\/"},{"@type":"ListItem","position":2,"name":"Kankan : les cours reprennent dans les \u00e9coles techniques et professionnelles."}]},{"@type":"WebSite","@id":"https:\/\/www.leprojecteurguinee.com\/#website","url":"https:\/\/www.leprojecteurguinee.com\/","name":"leprojecteurguinee","description":"Nous luttons contre les pratiques obscures","potentialAction":[{"@type":"SearchAction","target":{"@type":"EntryPoint","urlTemplate":"https:\/\/www.leprojecteurguinee.com\/?s={search_term_string}"},"query-input":{"@type":"PropertyValueSpecification","valueRequired":true,"valueName":"search_term_string"}}],"inLanguage":"fr-FR"},{"@type":"Person","@id":"https:\/\/www.leprojecteurguinee.com\/#\/schema\/person\/389671d1a3f0c66e6c91c4a765990c1b","name":"Leprojecteurguinee","image":{"@type":"ImageObject","inLanguage":"fr-FR","@id":"https:\/\/www.leprojecteurguinee.com\/#\/schema\/person\/image\/","url":"https:\/\/secure.gravatar.com\/avatar\/c0faa0f472c43eff99fecb0bd2a1c6782e80a162c9fcb7ed2d48bb42ea619f30?s=96&d=mm&r=g","contentUrl":"https:\/\/secure.gravatar.com\/avatar\/c0faa0f472c43eff99fecb0bd2a1c6782e80a162c9fcb7ed2d48bb42ea619f30?s=96&d=mm&r=g","caption":"Leprojecteurguinee"},"sameAs":["https:\/\/www.leprojecteurguinee.com"],"url":"https:\/\/www.leprojecteurguinee.com\/index.php\/author\/madame\/"}]}},"_links":{"self":[{"href":"https:\/\/www.leprojecteurguinee.com\/index.php\/wp-json\/wp\/v2\/posts\/1228","targetHints":{"allow":["GET"]}}],"collection":[{"href":"https:\/\/www.leprojecteurguinee.com\/index.php\/wp-json\/wp\/v2\/posts"}],"about":[{"href":"https:\/\/www.leprojecteurguinee.com\/index.php\/wp-json\/wp\/v2\/types\/post"}],"author":[{"embeddable":true,"href":"https:\/\/www.leprojecteurguinee.com\/index.php\/wp-json\/wp\/v2\/users\/1"}],"replies":[{"embeddable":true,"href":"https:\/\/www.leprojecteurguinee.com\/index.php\/wp-json\/wp\/v2\/comments?post=1228"}],"version-history":[{"count":0,"href":"https:\/\/www.leprojecteurguinee.com\/index.php\/wp-json\/wp\/v2\/posts\/1228\/revisions"}],"wp:featuredmedia":[{"embeddable":true,"href":"https:\/\/www.leprojecteurguinee.com\/index.php\/wp-json\/wp\/v2\/media\/1227"}],"wp:attachment":[{"href":"https:\/\/www.leprojecteurguinee.com\/index.php\/wp-json\/wp\/v2\/media?parent=1228"}],"wp:term":[{"taxonomy":"category","embeddable":true,"href":"https:\/\/www.leprojecteurguinee.com\/index.php\/wp-json\/wp\/v2\/categories?post=1228"},{"taxonomy":"post_tag","embeddable":true,"href":"https:\/\/www.leprojecteurguinee.com\/index.php\/wp-json\/wp\/v2\/tags?post=1228"}],"curies":[{"name":"wp","href":"https:\/\/api.w.org\/{rel}","templated":true}]}}