{"id":1219,"date":"2023-10-06T09:49:07","date_gmt":"2023-10-06T07:49:07","guid":{"rendered":"https:\/\/www.leprojecteurguinee.com\/?p=1219"},"modified":"2023-10-06T09:50:32","modified_gmt":"2023-10-06T07:50:32","slug":"kankan-le-parquet-dans-la-dynamique-de-lutter-contre-linsecurite","status":"publish","type":"post","link":"https:\/\/www.leprojecteurguinee.com\/index.php\/2023\/10\/06\/kankan-le-parquet-dans-la-dynamique-de-lutter-contre-linsecurite\/","title":{"rendered":"Kankan : le parquet dans la dynamique de lutter contre l&rsquo;ins\u00e9curit\u00e9."},"content":{"rendered":"\n<p>Le parquet g\u00e9n\u00e9ral de Kankan \u00e0 sa t\u00eate Fallou Doumbouya a rencontr\u00e9 les autorit\u00e9s administratives de la r\u00e9gion, les citoyens y compris les acteurs de la soci\u00e9t\u00e9 civile dans le but de trouver un terrain d&rsquo;attente \u00e0 fin de lutter contre le ph\u00e9nom\u00e8ne d&rsquo;ins\u00e9curit\u00e9 qui devient de plus en plus r\u00e9current dans la r\u00e9gion administrative de kankan plus pr\u00e9cis\u00e9ment \u00e0 kankan et de Siguiri. Cette s\u00e9rie d&rsquo;\u00e9change avec ces acteurs et autorit\u00e9s judiciaires s&rsquo;est  effectu\u00e9e dans l&rsquo;enceinte de la \u00ab\u00a0Maison des jeunes\u00a0\u00bb connue sous le nom de Batomba.<br>Interrog\u00e9 sur l&rsquo;objectif de la rencontre avec les administrateurs locaux, Fallou Doumbouya, procureur g\u00e9n\u00e9ral pr\u00e8s la cour d&rsquo;appel de kankan, explique.<\/p>\n\n\n\n<p>&lt;&lt;Vous n&rsquo;\u00eates pas sans savoir qu&rsquo;actuellement, il y&rsquo;a un fl\u00e9au qui gangr\u00e8ne certaines localit\u00e9s qui rel\u00e8vent de la cour d&rsquo;appel de kankan, principalement \u00e0 kankan, \u00e0 Siguiri et \u00e0 Mandiana. Ce fl\u00e9au, c&rsquo;est la d\u00e9linquance, la criminalit\u00e9 de tout bord. Alors sur le fondement des dispositions de l&rsquo;article 41 du code de proc\u00e9dure p\u00e9nale, qui conf\u00e8re au procureur g\u00e9n\u00e9ral pr\u00e8s d&rsquo;une cour d&rsquo;appel entre autres des missions de pr\u00e9vention. Si avant, nous n&rsquo;avions qu&rsquo;une mission r\u00e9pressive,  l&rsquo;actuel code p\u00e9nal, conf\u00e8re deux pr\u00e9rogatives au procureur g\u00e9n\u00e9ral. Des pr\u00e9rogatives de pr\u00e9vention et de r\u00e9pression. Alors nous avons opt\u00e9 cette fois ci,  \u00e0 redynamiser la pr\u00e9vention, en lieu et place de la pression.  Mais nous ne pouvons pas r\u00e9ussir dans cette mission sans l&rsquo;accompagnement des forces vives de la localit\u00e9. Vous allez convenir avec nous que nous avons fait venir l&rsquo;administration territoriale r\u00e9gionale et pr\u00e9fectorale, les \u00e9lus locaux, les sous pr\u00e9fets, la soci\u00e9t\u00e9 civile, les syndicats, les religieux autrement dit toute la composante qui est actuellement \u00e0 Kankan, pour qu&rsquo;on prenne des dispositions idoines  pour mettre fin \u00e0 ce fl\u00e9au.&gt;&gt; \u00c0 t&rsquo;il rappeler. <br><br><br>Pour le Colonel Honor\u00e9, premier responsable du departement de la gendarmerie nationale \u00e0 kankan, seul l&rsquo;implication de la population peut faciliter ces op\u00e9rations d&rsquo;arrestations des pr\u00e9sum\u00e9s bandits.<br><br><br>&lt;&lt;Le r\u00f4le de la gendarmerie dans cette affaire c&rsquo;est de lutter contre ce ph\u00e9nom\u00e8ne. Mais seul on ne peut pas, cela ne sera facile quand la population accepte de collaborer avec nous, les bandits dont nous parlions  sont dans les quartiers et familles donc il faut une d\u00e9nonciation,  ce que je demande \u00e0 la population d&rsquo;alerter seulement \u00e0 travers le num\u00e9ro vert qui est mis \u00e0 leur disposition, en un record de temps les hommes vont arriver.&gt;&gt;<br><br><br>Il faut rappeler qu&rsquo;au sortir de cette rencontre d&rsquo;\u00e9change qui a dur\u00e9 plus de 2 heures environs avec les citoyens, les activistes de la soci\u00e9t\u00e9, les politiques, tenanciers de bars et autorit\u00e9s judiciaires, ils disent satisfaits et d\u00e9sormais engag\u00e9s pour la lutte contre l&rsquo;ins\u00e9curit\u00e9 dans la r\u00e9gion de kankan mais en particulier Siguiri, Mandiana, kankan.<br><br>Kokoly joseph Koli\u00e9, correspondant r\u00e9gional \u00e0 kankan. <\/p>\n","protected":false},"excerpt":{"rendered":"<p>Le parquet g\u00e9n\u00e9ral de Kankan \u00e0 sa t\u00eate Fallou Doumbouya a rencontr\u00e9 les autorit\u00e9s administratives de la r\u00e9gion, les citoyens y compris les acteurs de la soci\u00e9t\u00e9 civile dans le but de trouver un terrain d&rsquo;attente \u00e0 fin de lutter contre le ph\u00e9nom\u00e8ne d&rsquo;ins\u00e9curit\u00e9 qui devient de plus en plus r\u00e9current dans la r\u00e9gion administrative [&hellip;]<\/p>\n","protected":false},"author":1,"featured_media":1218,"comment_status":"open","ping_status":"open","sticky":false,"template":"","format":"standard","meta":{"footnotes":""},"categories":[1],"tags":[295,354,139],"class_list":["post-1219","post","type-post","status-publish","format-standard","has-post-thumbnail","hentry","category-blog","tag-kankan","tag-mandiana","tag-siguiri"],"yoast_head":"<!-- This site is optimized with the Yoast SEO plugin v26.8 - https:\/\/yoast.com\/product\/yoast-seo-wordpress\/ -->\n<title>Kankan : le parquet dans la dynamique de lutter contre l&#039;ins\u00e9curit\u00e9. - leprojecteurguinee<\/title>\n<meta name=\"robots\" content=\"index, follow, max-snippet:-1, max-image-preview:large, max-video-preview:-1\" \/>\n<link rel=\"canonical\" href=\"https:\/\/www.leprojecteurguinee.com\/index.php\/2023\/10\/06\/kankan-le-parquet-dans-la-dynamique-de-lutter-contre-linsecurite\/\" \/>\n<meta property=\"og:locale\" content=\"fr_FR\" \/>\n<meta property=\"og:type\" content=\"article\" \/>\n<meta property=\"og:title\" content=\"Kankan : le parquet dans la dynamique de lutter contre l&#039;ins\u00e9curit\u00e9. - leprojecteurguinee\" \/>\n<meta property=\"og:description\" content=\"Le parquet g\u00e9n\u00e9ral de Kankan \u00e0 sa t\u00eate Fallou Doumbouya a rencontr\u00e9 les autorit\u00e9s administratives de la r\u00e9gion, les citoyens y compris les acteurs de la soci\u00e9t\u00e9 civile dans le but de trouver un terrain d&rsquo;attente \u00e0 fin de lutter contre le ph\u00e9nom\u00e8ne d&rsquo;ins\u00e9curit\u00e9 qui devient de plus en plus r\u00e9current dans la r\u00e9gion administrative [&hellip;]\" \/>\n<meta property=\"og:url\" content=\"https:\/\/www.leprojecteurguinee.com\/index.php\/2023\/10\/06\/kankan-le-parquet-dans-la-dynamique-de-lutter-contre-linsecurite\/\" \/>\n<meta property=\"og:site_name\" content=\"leprojecteurguinee\" \/>\n<meta property=\"article:published_time\" content=\"2023-10-06T07:49:07+00:00\" \/>\n<meta property=\"article:modified_time\" content=\"2023-10-06T07:50:32+00:00\" \/>\n<meta property=\"og:image\" content=\"https:\/\/www.leprojecteurguinee.com\/wp-content\/uploads\/2023\/10\/IMG-20231006-WA0004.jpg\" \/>\n\t<meta property=\"og:image:width\" content=\"715\" \/>\n\t<meta property=\"og:image:height\" content=\"455\" \/>\n\t<meta property=\"og:image:type\" content=\"image\/jpeg\" \/>\n<meta name=\"author\" content=\"Leprojecteurguinee\" \/>\n<meta name=\"twitter:card\" content=\"summary_large_image\" \/>\n<meta name=\"twitter:label1\" content=\"\u00c9crit par\" \/>\n\t<meta name=\"twitter:data1\" content=\"Leprojecteurguinee\" \/>\n\t<meta name=\"twitter:label2\" content=\"Dur\u00e9e de lecture estim\u00e9e\" \/>\n\t<meta name=\"twitter:data2\" content=\"3 minutes\" \/>\n<script type=\"application\/ld+json\" class=\"yoast-schema-graph\">{\"@context\":\"https:\/\/schema.org\",\"@graph\":[{\"@type\":\"Article\",\"@id\":\"https:\/\/www.leprojecteurguinee.com\/index.php\/2023\/10\/06\/kankan-le-parquet-dans-la-dynamique-de-lutter-contre-linsecurite\/#article\",\"isPartOf\":{\"@id\":\"https:\/\/www.leprojecteurguinee.com\/index.php\/2023\/10\/06\/kankan-le-parquet-dans-la-dynamique-de-lutter-contre-linsecurite\/\"},\"author\":{\"name\":\"Leprojecteurguinee\",\"@id\":\"https:\/\/www.leprojecteurguinee.com\/#\/schema\/person\/389671d1a3f0c66e6c91c4a765990c1b\"},\"headline\":\"Kankan : le parquet dans la dynamique de lutter contre l&rsquo;ins\u00e9curit\u00e9.\",\"datePublished\":\"2023-10-06T07:49:07+00:00\",\"dateModified\":\"2023-10-06T07:50:32+00:00\",\"mainEntityOfPage\":{\"@id\":\"https:\/\/www.leprojecteurguinee.com\/index.php\/2023\/10\/06\/kankan-le-parquet-dans-la-dynamique-de-lutter-contre-linsecurite\/\"},\"wordCount\":550,\"commentCount\":0,\"image\":{\"@id\":\"https:\/\/www.leprojecteurguinee.com\/index.php\/2023\/10\/06\/kankan-le-parquet-dans-la-dynamique-de-lutter-contre-linsecurite\/#primaryimage\"},\"thumbnailUrl\":\"https:\/\/www.leprojecteurguinee.com\/wp-content\/uploads\/2023\/10\/IMG-20231006-WA0004.jpg\",\"keywords\":[\"Kankan\",\"Mandiana\",\"Siguiri\"],\"articleSection\":[\"Blog\"],\"inLanguage\":\"fr-FR\",\"potentialAction\":[{\"@type\":\"CommentAction\",\"name\":\"Comment\",\"target\":[\"https:\/\/www.leprojecteurguinee.com\/index.php\/2023\/10\/06\/kankan-le-parquet-dans-la-dynamique-de-lutter-contre-linsecurite\/#respond\"]}]},{\"@type\":\"WebPage\",\"@id\":\"https:\/\/www.leprojecteurguinee.com\/index.php\/2023\/10\/06\/kankan-le-parquet-dans-la-dynamique-de-lutter-contre-linsecurite\/\",\"url\":\"https:\/\/www.leprojecteurguinee.com\/index.php\/2023\/10\/06\/kankan-le-parquet-dans-la-dynamique-de-lutter-contre-linsecurite\/\",\"name\":\"Kankan : le parquet dans la dynamique de lutter contre l'ins\u00e9curit\u00e9. - leprojecteurguinee\",\"isPartOf\":{\"@id\":\"https:\/\/www.leprojecteurguinee.com\/#website\"},\"primaryImageOfPage\":{\"@id\":\"https:\/\/www.leprojecteurguinee.com\/index.php\/2023\/10\/06\/kankan-le-parquet-dans-la-dynamique-de-lutter-contre-linsecurite\/#primaryimage\"},\"image\":{\"@id\":\"https:\/\/www.leprojecteurguinee.com\/index.php\/2023\/10\/06\/kankan-le-parquet-dans-la-dynamique-de-lutter-contre-linsecurite\/#primaryimage\"},\"thumbnailUrl\":\"https:\/\/www.leprojecteurguinee.com\/wp-content\/uploads\/2023\/10\/IMG-20231006-WA0004.jpg\",\"datePublished\":\"2023-10-06T07:49:07+00:00\",\"dateModified\":\"2023-10-06T07:50:32+00:00\",\"author\":{\"@id\":\"https:\/\/www.leprojecteurguinee.com\/#\/schema\/person\/389671d1a3f0c66e6c91c4a765990c1b\"},\"breadcrumb\":{\"@id\":\"https:\/\/www.leprojecteurguinee.com\/index.php\/2023\/10\/06\/kankan-le-parquet-dans-la-dynamique-de-lutter-contre-linsecurite\/#breadcrumb\"},\"inLanguage\":\"fr-FR\",\"potentialAction\":[{\"@type\":\"ReadAction\",\"target\":[\"https:\/\/www.leprojecteurguinee.com\/index.php\/2023\/10\/06\/kankan-le-parquet-dans-la-dynamique-de-lutter-contre-linsecurite\/\"]}]},{\"@type\":\"ImageObject\",\"inLanguage\":\"fr-FR\",\"@id\":\"https:\/\/www.leprojecteurguinee.com\/index.php\/2023\/10\/06\/kankan-le-parquet-dans-la-dynamique-de-lutter-contre-linsecurite\/#primaryimage\",\"url\":\"https:\/\/www.leprojecteurguinee.com\/wp-content\/uploads\/2023\/10\/IMG-20231006-WA0004.jpg\",\"contentUrl\":\"https:\/\/www.leprojecteurguinee.com\/wp-content\/uploads\/2023\/10\/IMG-20231006-WA0004.jpg\",\"width\":715,\"height\":455},{\"@type\":\"BreadcrumbList\",\"@id\":\"https:\/\/www.leprojecteurguinee.com\/index.php\/2023\/10\/06\/kankan-le-parquet-dans-la-dynamique-de-lutter-contre-linsecurite\/#breadcrumb\",\"itemListElement\":[{\"@type\":\"ListItem\",\"position\":1,\"name\":\"Accueil\",\"item\":\"https:\/\/www.leprojecteurguinee.com\/\"},{\"@type\":\"ListItem\",\"position\":2,\"name\":\"Kankan : le parquet dans la dynamique de lutter contre l&rsquo;ins\u00e9curit\u00e9.\"}]},{\"@type\":\"WebSite\",\"@id\":\"https:\/\/www.leprojecteurguinee.com\/#website\",\"url\":\"https:\/\/www.leprojecteurguinee.com\/\",\"name\":\"leprojecteurguinee\",\"description\":\"Nous luttons contre les pratiques obscures\",\"potentialAction\":[{\"@type\":\"SearchAction\",\"target\":{\"@type\":\"EntryPoint\",\"urlTemplate\":\"https:\/\/www.leprojecteurguinee.com\/?s={search_term_string}\"},\"query-input\":{\"@type\":\"PropertyValueSpecification\",\"valueRequired\":true,\"valueName\":\"search_term_string\"}}],\"inLanguage\":\"fr-FR\"},{\"@type\":\"Person\",\"@id\":\"https:\/\/www.leprojecteurguinee.com\/#\/schema\/person\/389671d1a3f0c66e6c91c4a765990c1b\",\"name\":\"Leprojecteurguinee\",\"image\":{\"@type\":\"ImageObject\",\"inLanguage\":\"fr-FR\",\"@id\":\"https:\/\/www.leprojecteurguinee.com\/#\/schema\/person\/image\/\",\"url\":\"https:\/\/secure.gravatar.com\/avatar\/c0faa0f472c43eff99fecb0bd2a1c6782e80a162c9fcb7ed2d48bb42ea619f30?s=96&d=mm&r=g\",\"contentUrl\":\"https:\/\/secure.gravatar.com\/avatar\/c0faa0f472c43eff99fecb0bd2a1c6782e80a162c9fcb7ed2d48bb42ea619f30?s=96&d=mm&r=g\",\"caption\":\"Leprojecteurguinee\"},\"sameAs\":[\"https:\/\/www.leprojecteurguinee.com\"],\"url\":\"https:\/\/www.leprojecteurguinee.com\/index.php\/author\/madame\/\"}]}<\/script>\n<!-- \/ Yoast SEO plugin. -->","yoast_head_json":{"title":"Kankan : le parquet dans la dynamique de lutter contre l'ins\u00e9curit\u00e9. - leprojecteurguinee","robots":{"index":"index","follow":"follow","max-snippet":"max-snippet:-1","max-image-preview":"max-image-preview:large","max-video-preview":"max-video-preview:-1"},"canonical":"https:\/\/www.leprojecteurguinee.com\/index.php\/2023\/10\/06\/kankan-le-parquet-dans-la-dynamique-de-lutter-contre-linsecurite\/","og_locale":"fr_FR","og_type":"article","og_title":"Kankan : le parquet dans la dynamique de lutter contre l'ins\u00e9curit\u00e9. - leprojecteurguinee","og_description":"Le parquet g\u00e9n\u00e9ral de Kankan \u00e0 sa t\u00eate Fallou Doumbouya a rencontr\u00e9 les autorit\u00e9s administratives de la r\u00e9gion, les citoyens y compris les acteurs de la soci\u00e9t\u00e9 civile dans le but de trouver un terrain d&rsquo;attente \u00e0 fin de lutter contre le ph\u00e9nom\u00e8ne d&rsquo;ins\u00e9curit\u00e9 qui devient de plus en plus r\u00e9current dans la r\u00e9gion administrative [&hellip;]","og_url":"https:\/\/www.leprojecteurguinee.com\/index.php\/2023\/10\/06\/kankan-le-parquet-dans-la-dynamique-de-lutter-contre-linsecurite\/","og_site_name":"leprojecteurguinee","article_published_time":"2023-10-06T07:49:07+00:00","article_modified_time":"2023-10-06T07:50:32+00:00","og_image":[{"width":715,"height":455,"url":"https:\/\/www.leprojecteurguinee.com\/wp-content\/uploads\/2023\/10\/IMG-20231006-WA0004.jpg","type":"image\/jpeg"}],"author":"Leprojecteurguinee","twitter_card":"summary_large_image","twitter_misc":{"\u00c9crit par":"Leprojecteurguinee","Dur\u00e9e de lecture estim\u00e9e":"3 minutes"},"schema":{"@context":"https:\/\/schema.org","@graph":[{"@type":"Article","@id":"https:\/\/www.leprojecteurguinee.com\/index.php\/2023\/10\/06\/kankan-le-parquet-dans-la-dynamique-de-lutter-contre-linsecurite\/#article","isPartOf":{"@id":"https:\/\/www.leprojecteurguinee.com\/index.php\/2023\/10\/06\/kankan-le-parquet-dans-la-dynamique-de-lutter-contre-linsecurite\/"},"author":{"name":"Leprojecteurguinee","@id":"https:\/\/www.leprojecteurguinee.com\/#\/schema\/person\/389671d1a3f0c66e6c91c4a765990c1b"},"headline":"Kankan : le parquet dans la dynamique de lutter contre l&rsquo;ins\u00e9curit\u00e9.","datePublished":"2023-10-06T07:49:07+00:00","dateModified":"2023-10-06T07:50:32+00:00","mainEntityOfPage":{"@id":"https:\/\/www.leprojecteurguinee.com\/index.php\/2023\/10\/06\/kankan-le-parquet-dans-la-dynamique-de-lutter-contre-linsecurite\/"},"wordCount":550,"commentCount":0,"image":{"@id":"https:\/\/www.leprojecteurguinee.com\/index.php\/2023\/10\/06\/kankan-le-parquet-dans-la-dynamique-de-lutter-contre-linsecurite\/#primaryimage"},"thumbnailUrl":"https:\/\/www.leprojecteurguinee.com\/wp-content\/uploads\/2023\/10\/IMG-20231006-WA0004.jpg","keywords":["Kankan","Mandiana","Siguiri"],"articleSection":["Blog"],"inLanguage":"fr-FR","potentialAction":[{"@type":"CommentAction","name":"Comment","target":["https:\/\/www.leprojecteurguinee.com\/index.php\/2023\/10\/06\/kankan-le-parquet-dans-la-dynamique-de-lutter-contre-linsecurite\/#respond"]}]},{"@type":"WebPage","@id":"https:\/\/www.leprojecteurguinee.com\/index.php\/2023\/10\/06\/kankan-le-parquet-dans-la-dynamique-de-lutter-contre-linsecurite\/","url":"https:\/\/www.leprojecteurguinee.com\/index.php\/2023\/10\/06\/kankan-le-parquet-dans-la-dynamique-de-lutter-contre-linsecurite\/","name":"Kankan : le parquet dans la dynamique de lutter contre l'ins\u00e9curit\u00e9. - leprojecteurguinee","isPartOf":{"@id":"https:\/\/www.leprojecteurguinee.com\/#website"},"primaryImageOfPage":{"@id":"https:\/\/www.leprojecteurguinee.com\/index.php\/2023\/10\/06\/kankan-le-parquet-dans-la-dynamique-de-lutter-contre-linsecurite\/#primaryimage"},"image":{"@id":"https:\/\/www.leprojecteurguinee.com\/index.php\/2023\/10\/06\/kankan-le-parquet-dans-la-dynamique-de-lutter-contre-linsecurite\/#primaryimage"},"thumbnailUrl":"https:\/\/www.leprojecteurguinee.com\/wp-content\/uploads\/2023\/10\/IMG-20231006-WA0004.jpg","datePublished":"2023-10-06T07:49:07+00:00","dateModified":"2023-10-06T07:50:32+00:00","author":{"@id":"https:\/\/www.leprojecteurguinee.com\/#\/schema\/person\/389671d1a3f0c66e6c91c4a765990c1b"},"breadcrumb":{"@id":"https:\/\/www.leprojecteurguinee.com\/index.php\/2023\/10\/06\/kankan-le-parquet-dans-la-dynamique-de-lutter-contre-linsecurite\/#breadcrumb"},"inLanguage":"fr-FR","potentialAction":[{"@type":"ReadAction","target":["https:\/\/www.leprojecteurguinee.com\/index.php\/2023\/10\/06\/kankan-le-parquet-dans-la-dynamique-de-lutter-contre-linsecurite\/"]}]},{"@type":"ImageObject","inLanguage":"fr-FR","@id":"https:\/\/www.leprojecteurguinee.com\/index.php\/2023\/10\/06\/kankan-le-parquet-dans-la-dynamique-de-lutter-contre-linsecurite\/#primaryimage","url":"https:\/\/www.leprojecteurguinee.com\/wp-content\/uploads\/2023\/10\/IMG-20231006-WA0004.jpg","contentUrl":"https:\/\/www.leprojecteurguinee.com\/wp-content\/uploads\/2023\/10\/IMG-20231006-WA0004.jpg","width":715,"height":455},{"@type":"BreadcrumbList","@id":"https:\/\/www.leprojecteurguinee.com\/index.php\/2023\/10\/06\/kankan-le-parquet-dans-la-dynamique-de-lutter-contre-linsecurite\/#breadcrumb","itemListElement":[{"@type":"ListItem","position":1,"name":"Accueil","item":"https:\/\/www.leprojecteurguinee.com\/"},{"@type":"ListItem","position":2,"name":"Kankan : le parquet dans la dynamique de lutter contre l&rsquo;ins\u00e9curit\u00e9."}]},{"@type":"WebSite","@id":"https:\/\/www.leprojecteurguinee.com\/#website","url":"https:\/\/www.leprojecteurguinee.com\/","name":"leprojecteurguinee","description":"Nous luttons contre les pratiques obscures","potentialAction":[{"@type":"SearchAction","target":{"@type":"EntryPoint","urlTemplate":"https:\/\/www.leprojecteurguinee.com\/?s={search_term_string}"},"query-input":{"@type":"PropertyValueSpecification","valueRequired":true,"valueName":"search_term_string"}}],"inLanguage":"fr-FR"},{"@type":"Person","@id":"https:\/\/www.leprojecteurguinee.com\/#\/schema\/person\/389671d1a3f0c66e6c91c4a765990c1b","name":"Leprojecteurguinee","image":{"@type":"ImageObject","inLanguage":"fr-FR","@id":"https:\/\/www.leprojecteurguinee.com\/#\/schema\/person\/image\/","url":"https:\/\/secure.gravatar.com\/avatar\/c0faa0f472c43eff99fecb0bd2a1c6782e80a162c9fcb7ed2d48bb42ea619f30?s=96&d=mm&r=g","contentUrl":"https:\/\/secure.gravatar.com\/avatar\/c0faa0f472c43eff99fecb0bd2a1c6782e80a162c9fcb7ed2d48bb42ea619f30?s=96&d=mm&r=g","caption":"Leprojecteurguinee"},"sameAs":["https:\/\/www.leprojecteurguinee.com"],"url":"https:\/\/www.leprojecteurguinee.com\/index.php\/author\/madame\/"}]}},"_links":{"self":[{"href":"https:\/\/www.leprojecteurguinee.com\/index.php\/wp-json\/wp\/v2\/posts\/1219","targetHints":{"allow":["GET"]}}],"collection":[{"href":"https:\/\/www.leprojecteurguinee.com\/index.php\/wp-json\/wp\/v2\/posts"}],"about":[{"href":"https:\/\/www.leprojecteurguinee.com\/index.php\/wp-json\/wp\/v2\/types\/post"}],"author":[{"embeddable":true,"href":"https:\/\/www.leprojecteurguinee.com\/index.php\/wp-json\/wp\/v2\/users\/1"}],"replies":[{"embeddable":true,"href":"https:\/\/www.leprojecteurguinee.com\/index.php\/wp-json\/wp\/v2\/comments?post=1219"}],"version-history":[{"count":0,"href":"https:\/\/www.leprojecteurguinee.com\/index.php\/wp-json\/wp\/v2\/posts\/1219\/revisions"}],"wp:featuredmedia":[{"embeddable":true,"href":"https:\/\/www.leprojecteurguinee.com\/index.php\/wp-json\/wp\/v2\/media\/1218"}],"wp:attachment":[{"href":"https:\/\/www.leprojecteurguinee.com\/index.php\/wp-json\/wp\/v2\/media?parent=1219"}],"wp:term":[{"taxonomy":"category","embeddable":true,"href":"https:\/\/www.leprojecteurguinee.com\/index.php\/wp-json\/wp\/v2\/categories?post=1219"},{"taxonomy":"post_tag","embeddable":true,"href":"https:\/\/www.leprojecteurguinee.com\/index.php\/wp-json\/wp\/v2\/tags?post=1219"}],"curies":[{"name":"wp","href":"https:\/\/api.w.org\/{rel}","templated":true}]}}