{"id":1182,"date":"2023-09-28T09:52:34","date_gmt":"2023-09-28T07:52:34","guid":{"rendered":"https:\/\/www.leprojecteurguinee.com\/?p=1182"},"modified":"2023-09-28T09:52:35","modified_gmt":"2023-09-28T07:52:35","slug":"caf-les-can-2025-et-2027-attribuees","status":"publish","type":"post","link":"https:\/\/www.leprojecteurguinee.com\/index.php\/2023\/09\/28\/caf-les-can-2025-et-2027-attribuees\/","title":{"rendered":"CAF : Les CAN 2025 et 2027 attribu\u00e9es"},"content":{"rendered":"\n<p>Le pr\u00e9sident de la Conf\u00e9d\u00e9ration africaine de football, Patrice Motsepe, a annonc\u00e9 les noms des pays h\u00f4tes des Coupes d&rsquo;Afrique des Nations (CAN) 2025 et 2027.<\/p>\n\n\n\n<p>Comme on s&rsquo;y attendait, l&rsquo;\u00e9dition 2025 se d\u00e9roulera au Maroc. C&rsquo;est la deuxi\u00e8me fois que le pays nord-africain accueille le tournoi, apr\u00e8s l&rsquo;avoir fait pour la premi\u00e8re fois en 1988.<\/p>\n\n\n\n<p>Les autres candidats \u00e0 l&rsquo;organisation de l&rsquo;\u00e9dition 2025 (la Zambie et une candidature conjointe du B\u00e9nin et du Nigeria) ont tous accept\u00e9 de se retirer, ce qui a laiss\u00e9 le Maroc comme seul candidat en reccueillant 22 voix sur 22.<em>&nbsp;\u00ab Cela donnera au Maroc une plus grande chance d&rsquo;amener la Coupe du monde en Afrique en 2030 \u00bb<\/em>&nbsp;a indiqu\u00e9 le sud-africain.<\/p>\n\n\n\n<p>Le vote de la Conf\u00e9d\u00e9ration africaine de football (Caf), organisatrice de la Coupe d&rsquo;Afrique des nations, a permis de r\u00e9soudre la question de savoir qui remplacera la Guin\u00e9e en tant que pays organisateur en 2025. Le pays s&rsquo;\u00e9tait vu retirer l&rsquo;organisation du tournoi en octobre de l&rsquo;ann\u00e9e derni\u00e8re en raison d&rsquo;inqui\u00e9tudes concernant les infrastructures et les installations. La Coupe des Nations 2027 a \u00e9t\u00e9 attribu\u00e9e \u00e0 une candidature conjointe du Kenya, de la Tanzanie et de l&rsquo;Ouganda. L&rsquo;\u00e9v\u00e9nement phare du football masculin africain sera ainsi organis\u00e9 en Afrique de l&rsquo;Est pour la premi\u00e8re fois depuis 1976, ann\u00e9e o\u00f9 l&rsquo;\u00c9thiopie l&rsquo;avait accueilli. Pourtant le S\u00e9n\u00e9gal semblait favori mais le jeu des rotations de zones a sans doute jou\u00e9.<\/p>\n","protected":false},"excerpt":{"rendered":"<p>Le pr\u00e9sident de la Conf\u00e9d\u00e9ration africaine de football, Patrice Motsepe, a annonc\u00e9 les noms des pays h\u00f4tes des Coupes d&rsquo;Afrique des Nations (CAN) 2025 et 2027. Comme on s&rsquo;y attendait, l&rsquo;\u00e9dition 2025 se d\u00e9roulera au Maroc. C&rsquo;est la deuxi\u00e8me fois que le pays nord-africain accueille le tournoi, apr\u00e8s l&rsquo;avoir fait pour la premi\u00e8re fois en [&hellip;]<\/p>\n","protected":false},"author":1,"featured_media":1183,"comment_status":"open","ping_status":"open","sticky":true,"template":"","format":"standard","meta":{"footnotes":""},"categories":[6],"tags":[229,339,273],"class_list":["post-1182","post","type-post","status-publish","format-standard","has-post-thumbnail","hentry","category-sport","tag-caf","tag-can-2025","tag-maroc"],"yoast_head":"<!-- This site is optimized with the Yoast SEO plugin v26.8 - https:\/\/yoast.com\/product\/yoast-seo-wordpress\/ -->\n<title>CAF : Les CAN 2025 et 2027 attribu\u00e9es - leprojecteurguinee<\/title>\n<meta name=\"robots\" content=\"index, follow, max-snippet:-1, max-image-preview:large, max-video-preview:-1\" \/>\n<link rel=\"canonical\" href=\"https:\/\/www.leprojecteurguinee.com\/index.php\/2023\/09\/28\/caf-les-can-2025-et-2027-attribuees\/\" \/>\n<meta property=\"og:locale\" content=\"fr_FR\" \/>\n<meta property=\"og:type\" content=\"article\" \/>\n<meta property=\"og:title\" content=\"CAF : Les CAN 2025 et 2027 attribu\u00e9es - leprojecteurguinee\" \/>\n<meta property=\"og:description\" content=\"Le pr\u00e9sident de la Conf\u00e9d\u00e9ration africaine de football, Patrice Motsepe, a annonc\u00e9 les noms des pays h\u00f4tes des Coupes d&rsquo;Afrique des Nations (CAN) 2025 et 2027. Comme on s&rsquo;y attendait, l&rsquo;\u00e9dition 2025 se d\u00e9roulera au Maroc. C&rsquo;est la deuxi\u00e8me fois que le pays nord-africain accueille le tournoi, apr\u00e8s l&rsquo;avoir fait pour la premi\u00e8re fois en [&hellip;]\" \/>\n<meta property=\"og:url\" content=\"https:\/\/www.leprojecteurguinee.com\/index.php\/2023\/09\/28\/caf-les-can-2025-et-2027-attribuees\/\" \/>\n<meta property=\"og:site_name\" content=\"leprojecteurguinee\" \/>\n<meta property=\"article:published_time\" content=\"2023-09-28T07:52:34+00:00\" \/>\n<meta property=\"article:modified_time\" content=\"2023-09-28T07:52:35+00:00\" \/>\n<meta property=\"og:image\" content=\"https:\/\/www.leprojecteurguinee.com\/wp-content\/uploads\/2023\/09\/can-2025.jpeg\" \/>\n\t<meta property=\"og:image:width\" content=\"800\" \/>\n\t<meta property=\"og:image:height\" content=\"427\" \/>\n\t<meta property=\"og:image:type\" content=\"image\/jpeg\" \/>\n<meta name=\"author\" content=\"Leprojecteurguinee\" \/>\n<meta name=\"twitter:card\" content=\"summary_large_image\" \/>\n<meta name=\"twitter:label1\" content=\"\u00c9crit par\" \/>\n\t<meta name=\"twitter:data1\" content=\"Leprojecteurguinee\" \/>\n\t<meta name=\"twitter:label2\" content=\"Dur\u00e9e de lecture estim\u00e9e\" \/>\n\t<meta name=\"twitter:data2\" content=\"2 minutes\" \/>\n<script type=\"application\/ld+json\" class=\"yoast-schema-graph\">{\"@context\":\"https:\/\/schema.org\",\"@graph\":[{\"@type\":\"Article\",\"@id\":\"https:\/\/www.leprojecteurguinee.com\/index.php\/2023\/09\/28\/caf-les-can-2025-et-2027-attribuees\/#article\",\"isPartOf\":{\"@id\":\"https:\/\/www.leprojecteurguinee.com\/index.php\/2023\/09\/28\/caf-les-can-2025-et-2027-attribuees\/\"},\"author\":{\"name\":\"Leprojecteurguinee\",\"@id\":\"https:\/\/www.leprojecteurguinee.com\/#\/schema\/person\/389671d1a3f0c66e6c91c4a765990c1b\"},\"headline\":\"CAF : Les CAN 2025 et 2027 attribu\u00e9es\",\"datePublished\":\"2023-09-28T07:52:34+00:00\",\"dateModified\":\"2023-09-28T07:52:35+00:00\",\"mainEntityOfPage\":{\"@id\":\"https:\/\/www.leprojecteurguinee.com\/index.php\/2023\/09\/28\/caf-les-can-2025-et-2027-attribuees\/\"},\"wordCount\":269,\"commentCount\":0,\"image\":{\"@id\":\"https:\/\/www.leprojecteurguinee.com\/index.php\/2023\/09\/28\/caf-les-can-2025-et-2027-attribuees\/#primaryimage\"},\"thumbnailUrl\":\"https:\/\/www.leprojecteurguinee.com\/wp-content\/uploads\/2023\/09\/can-2025.jpeg\",\"keywords\":[\"CAF\",\"CAN 2025\",\"Maroc\"],\"articleSection\":[\"Sport\"],\"inLanguage\":\"fr-FR\",\"potentialAction\":[{\"@type\":\"CommentAction\",\"name\":\"Comment\",\"target\":[\"https:\/\/www.leprojecteurguinee.com\/index.php\/2023\/09\/28\/caf-les-can-2025-et-2027-attribuees\/#respond\"]}]},{\"@type\":\"WebPage\",\"@id\":\"https:\/\/www.leprojecteurguinee.com\/index.php\/2023\/09\/28\/caf-les-can-2025-et-2027-attribuees\/\",\"url\":\"https:\/\/www.leprojecteurguinee.com\/index.php\/2023\/09\/28\/caf-les-can-2025-et-2027-attribuees\/\",\"name\":\"CAF : Les CAN 2025 et 2027 attribu\u00e9es - leprojecteurguinee\",\"isPartOf\":{\"@id\":\"https:\/\/www.leprojecteurguinee.com\/#website\"},\"primaryImageOfPage\":{\"@id\":\"https:\/\/www.leprojecteurguinee.com\/index.php\/2023\/09\/28\/caf-les-can-2025-et-2027-attribuees\/#primaryimage\"},\"image\":{\"@id\":\"https:\/\/www.leprojecteurguinee.com\/index.php\/2023\/09\/28\/caf-les-can-2025-et-2027-attribuees\/#primaryimage\"},\"thumbnailUrl\":\"https:\/\/www.leprojecteurguinee.com\/wp-content\/uploads\/2023\/09\/can-2025.jpeg\",\"datePublished\":\"2023-09-28T07:52:34+00:00\",\"dateModified\":\"2023-09-28T07:52:35+00:00\",\"author\":{\"@id\":\"https:\/\/www.leprojecteurguinee.com\/#\/schema\/person\/389671d1a3f0c66e6c91c4a765990c1b\"},\"breadcrumb\":{\"@id\":\"https:\/\/www.leprojecteurguinee.com\/index.php\/2023\/09\/28\/caf-les-can-2025-et-2027-attribuees\/#breadcrumb\"},\"inLanguage\":\"fr-FR\",\"potentialAction\":[{\"@type\":\"ReadAction\",\"target\":[\"https:\/\/www.leprojecteurguinee.com\/index.php\/2023\/09\/28\/caf-les-can-2025-et-2027-attribuees\/\"]}]},{\"@type\":\"ImageObject\",\"inLanguage\":\"fr-FR\",\"@id\":\"https:\/\/www.leprojecteurguinee.com\/index.php\/2023\/09\/28\/caf-les-can-2025-et-2027-attribuees\/#primaryimage\",\"url\":\"https:\/\/www.leprojecteurguinee.com\/wp-content\/uploads\/2023\/09\/can-2025.jpeg\",\"contentUrl\":\"https:\/\/www.leprojecteurguinee.com\/wp-content\/uploads\/2023\/09\/can-2025.jpeg\",\"width\":800,\"height\":427},{\"@type\":\"BreadcrumbList\",\"@id\":\"https:\/\/www.leprojecteurguinee.com\/index.php\/2023\/09\/28\/caf-les-can-2025-et-2027-attribuees\/#breadcrumb\",\"itemListElement\":[{\"@type\":\"ListItem\",\"position\":1,\"name\":\"Accueil\",\"item\":\"https:\/\/www.leprojecteurguinee.com\/\"},{\"@type\":\"ListItem\",\"position\":2,\"name\":\"CAF : Les CAN 2025 et 2027 attribu\u00e9es\"}]},{\"@type\":\"WebSite\",\"@id\":\"https:\/\/www.leprojecteurguinee.com\/#website\",\"url\":\"https:\/\/www.leprojecteurguinee.com\/\",\"name\":\"leprojecteurguinee\",\"description\":\"Nous luttons contre les pratiques obscures\",\"potentialAction\":[{\"@type\":\"SearchAction\",\"target\":{\"@type\":\"EntryPoint\",\"urlTemplate\":\"https:\/\/www.leprojecteurguinee.com\/?s={search_term_string}\"},\"query-input\":{\"@type\":\"PropertyValueSpecification\",\"valueRequired\":true,\"valueName\":\"search_term_string\"}}],\"inLanguage\":\"fr-FR\"},{\"@type\":\"Person\",\"@id\":\"https:\/\/www.leprojecteurguinee.com\/#\/schema\/person\/389671d1a3f0c66e6c91c4a765990c1b\",\"name\":\"Leprojecteurguinee\",\"image\":{\"@type\":\"ImageObject\",\"inLanguage\":\"fr-FR\",\"@id\":\"https:\/\/www.leprojecteurguinee.com\/#\/schema\/person\/image\/\",\"url\":\"https:\/\/secure.gravatar.com\/avatar\/c0faa0f472c43eff99fecb0bd2a1c6782e80a162c9fcb7ed2d48bb42ea619f30?s=96&d=mm&r=g\",\"contentUrl\":\"https:\/\/secure.gravatar.com\/avatar\/c0faa0f472c43eff99fecb0bd2a1c6782e80a162c9fcb7ed2d48bb42ea619f30?s=96&d=mm&r=g\",\"caption\":\"Leprojecteurguinee\"},\"sameAs\":[\"https:\/\/www.leprojecteurguinee.com\"],\"url\":\"https:\/\/www.leprojecteurguinee.com\/index.php\/author\/madame\/\"}]}<\/script>\n<!-- \/ Yoast SEO plugin. -->","yoast_head_json":{"title":"CAF : Les CAN 2025 et 2027 attribu\u00e9es - leprojecteurguinee","robots":{"index":"index","follow":"follow","max-snippet":"max-snippet:-1","max-image-preview":"max-image-preview:large","max-video-preview":"max-video-preview:-1"},"canonical":"https:\/\/www.leprojecteurguinee.com\/index.php\/2023\/09\/28\/caf-les-can-2025-et-2027-attribuees\/","og_locale":"fr_FR","og_type":"article","og_title":"CAF : Les CAN 2025 et 2027 attribu\u00e9es - leprojecteurguinee","og_description":"Le pr\u00e9sident de la Conf\u00e9d\u00e9ration africaine de football, Patrice Motsepe, a annonc\u00e9 les noms des pays h\u00f4tes des Coupes d&rsquo;Afrique des Nations (CAN) 2025 et 2027. Comme on s&rsquo;y attendait, l&rsquo;\u00e9dition 2025 se d\u00e9roulera au Maroc. C&rsquo;est la deuxi\u00e8me fois que le pays nord-africain accueille le tournoi, apr\u00e8s l&rsquo;avoir fait pour la premi\u00e8re fois en [&hellip;]","og_url":"https:\/\/www.leprojecteurguinee.com\/index.php\/2023\/09\/28\/caf-les-can-2025-et-2027-attribuees\/","og_site_name":"leprojecteurguinee","article_published_time":"2023-09-28T07:52:34+00:00","article_modified_time":"2023-09-28T07:52:35+00:00","og_image":[{"width":800,"height":427,"url":"https:\/\/www.leprojecteurguinee.com\/wp-content\/uploads\/2023\/09\/can-2025.jpeg","type":"image\/jpeg"}],"author":"Leprojecteurguinee","twitter_card":"summary_large_image","twitter_misc":{"\u00c9crit par":"Leprojecteurguinee","Dur\u00e9e de lecture estim\u00e9e":"2 minutes"},"schema":{"@context":"https:\/\/schema.org","@graph":[{"@type":"Article","@id":"https:\/\/www.leprojecteurguinee.com\/index.php\/2023\/09\/28\/caf-les-can-2025-et-2027-attribuees\/#article","isPartOf":{"@id":"https:\/\/www.leprojecteurguinee.com\/index.php\/2023\/09\/28\/caf-les-can-2025-et-2027-attribuees\/"},"author":{"name":"Leprojecteurguinee","@id":"https:\/\/www.leprojecteurguinee.com\/#\/schema\/person\/389671d1a3f0c66e6c91c4a765990c1b"},"headline":"CAF : Les CAN 2025 et 2027 attribu\u00e9es","datePublished":"2023-09-28T07:52:34+00:00","dateModified":"2023-09-28T07:52:35+00:00","mainEntityOfPage":{"@id":"https:\/\/www.leprojecteurguinee.com\/index.php\/2023\/09\/28\/caf-les-can-2025-et-2027-attribuees\/"},"wordCount":269,"commentCount":0,"image":{"@id":"https:\/\/www.leprojecteurguinee.com\/index.php\/2023\/09\/28\/caf-les-can-2025-et-2027-attribuees\/#primaryimage"},"thumbnailUrl":"https:\/\/www.leprojecteurguinee.com\/wp-content\/uploads\/2023\/09\/can-2025.jpeg","keywords":["CAF","CAN 2025","Maroc"],"articleSection":["Sport"],"inLanguage":"fr-FR","potentialAction":[{"@type":"CommentAction","name":"Comment","target":["https:\/\/www.leprojecteurguinee.com\/index.php\/2023\/09\/28\/caf-les-can-2025-et-2027-attribuees\/#respond"]}]},{"@type":"WebPage","@id":"https:\/\/www.leprojecteurguinee.com\/index.php\/2023\/09\/28\/caf-les-can-2025-et-2027-attribuees\/","url":"https:\/\/www.leprojecteurguinee.com\/index.php\/2023\/09\/28\/caf-les-can-2025-et-2027-attribuees\/","name":"CAF : Les CAN 2025 et 2027 attribu\u00e9es - leprojecteurguinee","isPartOf":{"@id":"https:\/\/www.leprojecteurguinee.com\/#website"},"primaryImageOfPage":{"@id":"https:\/\/www.leprojecteurguinee.com\/index.php\/2023\/09\/28\/caf-les-can-2025-et-2027-attribuees\/#primaryimage"},"image":{"@id":"https:\/\/www.leprojecteurguinee.com\/index.php\/2023\/09\/28\/caf-les-can-2025-et-2027-attribuees\/#primaryimage"},"thumbnailUrl":"https:\/\/www.leprojecteurguinee.com\/wp-content\/uploads\/2023\/09\/can-2025.jpeg","datePublished":"2023-09-28T07:52:34+00:00","dateModified":"2023-09-28T07:52:35+00:00","author":{"@id":"https:\/\/www.leprojecteurguinee.com\/#\/schema\/person\/389671d1a3f0c66e6c91c4a765990c1b"},"breadcrumb":{"@id":"https:\/\/www.leprojecteurguinee.com\/index.php\/2023\/09\/28\/caf-les-can-2025-et-2027-attribuees\/#breadcrumb"},"inLanguage":"fr-FR","potentialAction":[{"@type":"ReadAction","target":["https:\/\/www.leprojecteurguinee.com\/index.php\/2023\/09\/28\/caf-les-can-2025-et-2027-attribuees\/"]}]},{"@type":"ImageObject","inLanguage":"fr-FR","@id":"https:\/\/www.leprojecteurguinee.com\/index.php\/2023\/09\/28\/caf-les-can-2025-et-2027-attribuees\/#primaryimage","url":"https:\/\/www.leprojecteurguinee.com\/wp-content\/uploads\/2023\/09\/can-2025.jpeg","contentUrl":"https:\/\/www.leprojecteurguinee.com\/wp-content\/uploads\/2023\/09\/can-2025.jpeg","width":800,"height":427},{"@type":"BreadcrumbList","@id":"https:\/\/www.leprojecteurguinee.com\/index.php\/2023\/09\/28\/caf-les-can-2025-et-2027-attribuees\/#breadcrumb","itemListElement":[{"@type":"ListItem","position":1,"name":"Accueil","item":"https:\/\/www.leprojecteurguinee.com\/"},{"@type":"ListItem","position":2,"name":"CAF : Les CAN 2025 et 2027 attribu\u00e9es"}]},{"@type":"WebSite","@id":"https:\/\/www.leprojecteurguinee.com\/#website","url":"https:\/\/www.leprojecteurguinee.com\/","name":"leprojecteurguinee","description":"Nous luttons contre les pratiques obscures","potentialAction":[{"@type":"SearchAction","target":{"@type":"EntryPoint","urlTemplate":"https:\/\/www.leprojecteurguinee.com\/?s={search_term_string}"},"query-input":{"@type":"PropertyValueSpecification","valueRequired":true,"valueName":"search_term_string"}}],"inLanguage":"fr-FR"},{"@type":"Person","@id":"https:\/\/www.leprojecteurguinee.com\/#\/schema\/person\/389671d1a3f0c66e6c91c4a765990c1b","name":"Leprojecteurguinee","image":{"@type":"ImageObject","inLanguage":"fr-FR","@id":"https:\/\/www.leprojecteurguinee.com\/#\/schema\/person\/image\/","url":"https:\/\/secure.gravatar.com\/avatar\/c0faa0f472c43eff99fecb0bd2a1c6782e80a162c9fcb7ed2d48bb42ea619f30?s=96&d=mm&r=g","contentUrl":"https:\/\/secure.gravatar.com\/avatar\/c0faa0f472c43eff99fecb0bd2a1c6782e80a162c9fcb7ed2d48bb42ea619f30?s=96&d=mm&r=g","caption":"Leprojecteurguinee"},"sameAs":["https:\/\/www.leprojecteurguinee.com"],"url":"https:\/\/www.leprojecteurguinee.com\/index.php\/author\/madame\/"}]}},"_links":{"self":[{"href":"https:\/\/www.leprojecteurguinee.com\/index.php\/wp-json\/wp\/v2\/posts\/1182","targetHints":{"allow":["GET"]}}],"collection":[{"href":"https:\/\/www.leprojecteurguinee.com\/index.php\/wp-json\/wp\/v2\/posts"}],"about":[{"href":"https:\/\/www.leprojecteurguinee.com\/index.php\/wp-json\/wp\/v2\/types\/post"}],"author":[{"embeddable":true,"href":"https:\/\/www.leprojecteurguinee.com\/index.php\/wp-json\/wp\/v2\/users\/1"}],"replies":[{"embeddable":true,"href":"https:\/\/www.leprojecteurguinee.com\/index.php\/wp-json\/wp\/v2\/comments?post=1182"}],"version-history":[{"count":0,"href":"https:\/\/www.leprojecteurguinee.com\/index.php\/wp-json\/wp\/v2\/posts\/1182\/revisions"}],"wp:featuredmedia":[{"embeddable":true,"href":"https:\/\/www.leprojecteurguinee.com\/index.php\/wp-json\/wp\/v2\/media\/1183"}],"wp:attachment":[{"href":"https:\/\/www.leprojecteurguinee.com\/index.php\/wp-json\/wp\/v2\/media?parent=1182"}],"wp:term":[{"taxonomy":"category","embeddable":true,"href":"https:\/\/www.leprojecteurguinee.com\/index.php\/wp-json\/wp\/v2\/categories?post=1182"},{"taxonomy":"post_tag","embeddable":true,"href":"https:\/\/www.leprojecteurguinee.com\/index.php\/wp-json\/wp\/v2\/tags?post=1182"}],"curies":[{"name":"wp","href":"https:\/\/api.w.org\/{rel}","templated":true}]}}