{"id":1122,"date":"2023-09-23T12:28:53","date_gmt":"2023-09-23T10:28:53","guid":{"rendered":"https:\/\/www.leprojecteurguinee.com\/?p=1122"},"modified":"2023-09-23T12:28:55","modified_gmt":"2023-09-23T10:28:55","slug":"cas-du-niger-une-defection-de-taille-au-sein-de-la-cedeao","status":"publish","type":"post","link":"https:\/\/www.leprojecteurguinee.com\/index.php\/2023\/09\/23\/cas-du-niger-une-defection-de-taille-au-sein-de-la-cedeao\/","title":{"rendered":"Cas du Niger\u00a0: une d\u00e9fection de taille au sein de la C\u00e9d\u00e9ao"},"content":{"rendered":"\n<p>\u00c0 la tribune des Nations unies \u00e0 New York, Robert Dussey, le ministre des affaires \u00e9trang\u00e8res du Togo a soulign\u00e9 que son pays \u00e9tait un \u00abpays de paix\u00bb qui \u00abs&rsquo;opposait \u00e0 la guerre quelles que soit ses raisons\u00bb. Une mani\u00e8re d\u2019affirmer un positionnement \u00e0 part des autorit\u00e9s de Lom\u00e9, au sein de la Communaut\u00e9 \u00e9conomique des \u00c9tats de l&rsquo;Afrique de l&rsquo;Ouest, en particulier vis-\u00e0-vis du Niger.<\/p>\n\n\n\n<p>\u00ab&nbsp;<em>Jamais le Togo n&rsquo;a fait la guerre \u00e0 ses voisins, jamais le Togo n&rsquo;a servi de base arri\u00e8re pour une quelconque agression contre un pays fr\u00e8re.<\/em>&nbsp;\u00bb Les propos du ministre togolais des Affaires \u00e9trang\u00e8res \u00e0 l&rsquo;ONU r\u00e9sonnent particuli\u00e8rement fort, alors que l&rsquo;organisation r\u00e9gionale, la C\u00e9d\u00e9ao, dont le Togo fait partie, menace toujours d&rsquo;intervenir militairement dans un autre pays membre, le Niger.<\/p>\n\n\n\n<p>Le Togo revendique depuis longtemps le statut de m\u00e9diateur neutre en Afrique.<\/p>\n","protected":false},"excerpt":{"rendered":"<p>\u00c0 la tribune des Nations unies \u00e0 New York, Robert Dussey, le ministre des affaires \u00e9trang\u00e8res du Togo a soulign\u00e9 que son pays \u00e9tait un \u00abpays de paix\u00bb qui \u00abs&rsquo;opposait \u00e0 la guerre quelles que soit ses raisons\u00bb. Une mani\u00e8re d\u2019affirmer un positionnement \u00e0 part des autorit\u00e9s de Lom\u00e9, au sein de la Communaut\u00e9 \u00e9conomique [&hellip;]<\/p>\n","protected":false},"author":1,"featured_media":1123,"comment_status":"open","ping_status":"open","sticky":true,"template":"","format":"standard","meta":{"footnotes":""},"categories":[80],"tags":[144,72,143,318],"class_list":["post-1122","post","type-post","status-publish","format-standard","has-post-thumbnail","hentry","category-politique","tag-bazoum","tag-cedeao","tag-niger","tag-togo"],"yoast_head":"<!-- This site is optimized with the Yoast SEO plugin v26.8 - https:\/\/yoast.com\/product\/yoast-seo-wordpress\/ -->\n<title>Cas du Niger\u00a0: une d\u00e9fection de taille au sein de la C\u00e9d\u00e9ao - leprojecteurguinee<\/title>\n<meta name=\"robots\" content=\"index, follow, max-snippet:-1, max-image-preview:large, max-video-preview:-1\" \/>\n<link rel=\"canonical\" href=\"https:\/\/www.leprojecteurguinee.com\/index.php\/2023\/09\/23\/cas-du-niger-une-defection-de-taille-au-sein-de-la-cedeao\/\" \/>\n<meta property=\"og:locale\" content=\"fr_FR\" \/>\n<meta property=\"og:type\" content=\"article\" \/>\n<meta property=\"og:title\" content=\"Cas du Niger\u00a0: une d\u00e9fection de taille au sein de la C\u00e9d\u00e9ao - leprojecteurguinee\" \/>\n<meta property=\"og:description\" content=\"\u00c0 la tribune des Nations unies \u00e0 New York, Robert Dussey, le ministre des affaires \u00e9trang\u00e8res du Togo a soulign\u00e9 que son pays \u00e9tait un \u00abpays de paix\u00bb qui \u00abs&rsquo;opposait \u00e0 la guerre quelles que soit ses raisons\u00bb. Une mani\u00e8re d\u2019affirmer un positionnement \u00e0 part des autorit\u00e9s de Lom\u00e9, au sein de la Communaut\u00e9 \u00e9conomique [&hellip;]\" \/>\n<meta property=\"og:url\" content=\"https:\/\/www.leprojecteurguinee.com\/index.php\/2023\/09\/23\/cas-du-niger-une-defection-de-taille-au-sein-de-la-cedeao\/\" \/>\n<meta property=\"og:site_name\" content=\"leprojecteurguinee\" \/>\n<meta property=\"article:published_time\" content=\"2023-09-23T10:28:53+00:00\" \/>\n<meta property=\"article:modified_time\" content=\"2023-09-23T10:28:55+00:00\" \/>\n<meta property=\"og:image\" content=\"https:\/\/www.leprojecteurguinee.com\/wp-content\/uploads\/2023\/09\/Robert-Dussye.webp\" \/>\n\t<meta property=\"og:image:width\" content=\"980\" \/>\n\t<meta property=\"og:image:height\" content=\"551\" \/>\n\t<meta property=\"og:image:type\" content=\"image\/webp\" \/>\n<meta name=\"author\" content=\"Leprojecteurguinee\" \/>\n<meta name=\"twitter:card\" content=\"summary_large_image\" \/>\n<meta name=\"twitter:label1\" content=\"\u00c9crit par\" \/>\n\t<meta name=\"twitter:data1\" content=\"Leprojecteurguinee\" \/>\n\t<meta name=\"twitter:label2\" content=\"Dur\u00e9e de lecture estim\u00e9e\" \/>\n\t<meta name=\"twitter:data2\" content=\"1 minute\" \/>\n<script type=\"application\/ld+json\" class=\"yoast-schema-graph\">{\"@context\":\"https:\/\/schema.org\",\"@graph\":[{\"@type\":\"Article\",\"@id\":\"https:\/\/www.leprojecteurguinee.com\/index.php\/2023\/09\/23\/cas-du-niger-une-defection-de-taille-au-sein-de-la-cedeao\/#article\",\"isPartOf\":{\"@id\":\"https:\/\/www.leprojecteurguinee.com\/index.php\/2023\/09\/23\/cas-du-niger-une-defection-de-taille-au-sein-de-la-cedeao\/\"},\"author\":{\"name\":\"Leprojecteurguinee\",\"@id\":\"https:\/\/www.leprojecteurguinee.com\/#\/schema\/person\/389671d1a3f0c66e6c91c4a765990c1b\"},\"headline\":\"Cas du Niger\u00a0: une d\u00e9fection de taille au sein de la C\u00e9d\u00e9ao\",\"datePublished\":\"2023-09-23T10:28:53+00:00\",\"dateModified\":\"2023-09-23T10:28:55+00:00\",\"mainEntityOfPage\":{\"@id\":\"https:\/\/www.leprojecteurguinee.com\/index.php\/2023\/09\/23\/cas-du-niger-une-defection-de-taille-au-sein-de-la-cedeao\/\"},\"wordCount\":172,\"commentCount\":0,\"image\":{\"@id\":\"https:\/\/www.leprojecteurguinee.com\/index.php\/2023\/09\/23\/cas-du-niger-une-defection-de-taille-au-sein-de-la-cedeao\/#primaryimage\"},\"thumbnailUrl\":\"https:\/\/www.leprojecteurguinee.com\/wp-content\/uploads\/2023\/09\/Robert-Dussye.webp\",\"keywords\":[\"Bazoum\",\"C\u00e9d\u00e9ao\",\"Niger\",\"Togo\"],\"articleSection\":[\"Politique\"],\"inLanguage\":\"fr-FR\",\"potentialAction\":[{\"@type\":\"CommentAction\",\"name\":\"Comment\",\"target\":[\"https:\/\/www.leprojecteurguinee.com\/index.php\/2023\/09\/23\/cas-du-niger-une-defection-de-taille-au-sein-de-la-cedeao\/#respond\"]}]},{\"@type\":\"WebPage\",\"@id\":\"https:\/\/www.leprojecteurguinee.com\/index.php\/2023\/09\/23\/cas-du-niger-une-defection-de-taille-au-sein-de-la-cedeao\/\",\"url\":\"https:\/\/www.leprojecteurguinee.com\/index.php\/2023\/09\/23\/cas-du-niger-une-defection-de-taille-au-sein-de-la-cedeao\/\",\"name\":\"Cas du Niger\u00a0: une d\u00e9fection de taille au sein de la C\u00e9d\u00e9ao - leprojecteurguinee\",\"isPartOf\":{\"@id\":\"https:\/\/www.leprojecteurguinee.com\/#website\"},\"primaryImageOfPage\":{\"@id\":\"https:\/\/www.leprojecteurguinee.com\/index.php\/2023\/09\/23\/cas-du-niger-une-defection-de-taille-au-sein-de-la-cedeao\/#primaryimage\"},\"image\":{\"@id\":\"https:\/\/www.leprojecteurguinee.com\/index.php\/2023\/09\/23\/cas-du-niger-une-defection-de-taille-au-sein-de-la-cedeao\/#primaryimage\"},\"thumbnailUrl\":\"https:\/\/www.leprojecteurguinee.com\/wp-content\/uploads\/2023\/09\/Robert-Dussye.webp\",\"datePublished\":\"2023-09-23T10:28:53+00:00\",\"dateModified\":\"2023-09-23T10:28:55+00:00\",\"author\":{\"@id\":\"https:\/\/www.leprojecteurguinee.com\/#\/schema\/person\/389671d1a3f0c66e6c91c4a765990c1b\"},\"breadcrumb\":{\"@id\":\"https:\/\/www.leprojecteurguinee.com\/index.php\/2023\/09\/23\/cas-du-niger-une-defection-de-taille-au-sein-de-la-cedeao\/#breadcrumb\"},\"inLanguage\":\"fr-FR\",\"potentialAction\":[{\"@type\":\"ReadAction\",\"target\":[\"https:\/\/www.leprojecteurguinee.com\/index.php\/2023\/09\/23\/cas-du-niger-une-defection-de-taille-au-sein-de-la-cedeao\/\"]}]},{\"@type\":\"ImageObject\",\"inLanguage\":\"fr-FR\",\"@id\":\"https:\/\/www.leprojecteurguinee.com\/index.php\/2023\/09\/23\/cas-du-niger-une-defection-de-taille-au-sein-de-la-cedeao\/#primaryimage\",\"url\":\"https:\/\/www.leprojecteurguinee.com\/wp-content\/uploads\/2023\/09\/Robert-Dussye.webp\",\"contentUrl\":\"https:\/\/www.leprojecteurguinee.com\/wp-content\/uploads\/2023\/09\/Robert-Dussye.webp\",\"width\":980,\"height\":551},{\"@type\":\"BreadcrumbList\",\"@id\":\"https:\/\/www.leprojecteurguinee.com\/index.php\/2023\/09\/23\/cas-du-niger-une-defection-de-taille-au-sein-de-la-cedeao\/#breadcrumb\",\"itemListElement\":[{\"@type\":\"ListItem\",\"position\":1,\"name\":\"Accueil\",\"item\":\"https:\/\/www.leprojecteurguinee.com\/\"},{\"@type\":\"ListItem\",\"position\":2,\"name\":\"Cas du Niger\u00a0: une d\u00e9fection de taille au sein de la C\u00e9d\u00e9ao\"}]},{\"@type\":\"WebSite\",\"@id\":\"https:\/\/www.leprojecteurguinee.com\/#website\",\"url\":\"https:\/\/www.leprojecteurguinee.com\/\",\"name\":\"leprojecteurguinee\",\"description\":\"Nous luttons contre les pratiques obscures\",\"potentialAction\":[{\"@type\":\"SearchAction\",\"target\":{\"@type\":\"EntryPoint\",\"urlTemplate\":\"https:\/\/www.leprojecteurguinee.com\/?s={search_term_string}\"},\"query-input\":{\"@type\":\"PropertyValueSpecification\",\"valueRequired\":true,\"valueName\":\"search_term_string\"}}],\"inLanguage\":\"fr-FR\"},{\"@type\":\"Person\",\"@id\":\"https:\/\/www.leprojecteurguinee.com\/#\/schema\/person\/389671d1a3f0c66e6c91c4a765990c1b\",\"name\":\"Leprojecteurguinee\",\"image\":{\"@type\":\"ImageObject\",\"inLanguage\":\"fr-FR\",\"@id\":\"https:\/\/www.leprojecteurguinee.com\/#\/schema\/person\/image\/\",\"url\":\"https:\/\/secure.gravatar.com\/avatar\/c0faa0f472c43eff99fecb0bd2a1c6782e80a162c9fcb7ed2d48bb42ea619f30?s=96&d=mm&r=g\",\"contentUrl\":\"https:\/\/secure.gravatar.com\/avatar\/c0faa0f472c43eff99fecb0bd2a1c6782e80a162c9fcb7ed2d48bb42ea619f30?s=96&d=mm&r=g\",\"caption\":\"Leprojecteurguinee\"},\"sameAs\":[\"https:\/\/www.leprojecteurguinee.com\"],\"url\":\"https:\/\/www.leprojecteurguinee.com\/index.php\/author\/madame\/\"}]}<\/script>\n<!-- \/ Yoast SEO plugin. -->","yoast_head_json":{"title":"Cas du Niger\u00a0: une d\u00e9fection de taille au sein de la C\u00e9d\u00e9ao - leprojecteurguinee","robots":{"index":"index","follow":"follow","max-snippet":"max-snippet:-1","max-image-preview":"max-image-preview:large","max-video-preview":"max-video-preview:-1"},"canonical":"https:\/\/www.leprojecteurguinee.com\/index.php\/2023\/09\/23\/cas-du-niger-une-defection-de-taille-au-sein-de-la-cedeao\/","og_locale":"fr_FR","og_type":"article","og_title":"Cas du Niger\u00a0: une d\u00e9fection de taille au sein de la C\u00e9d\u00e9ao - leprojecteurguinee","og_description":"\u00c0 la tribune des Nations unies \u00e0 New York, Robert Dussey, le ministre des affaires \u00e9trang\u00e8res du Togo a soulign\u00e9 que son pays \u00e9tait un \u00abpays de paix\u00bb qui \u00abs&rsquo;opposait \u00e0 la guerre quelles que soit ses raisons\u00bb. Une mani\u00e8re d\u2019affirmer un positionnement \u00e0 part des autorit\u00e9s de Lom\u00e9, au sein de la Communaut\u00e9 \u00e9conomique [&hellip;]","og_url":"https:\/\/www.leprojecteurguinee.com\/index.php\/2023\/09\/23\/cas-du-niger-une-defection-de-taille-au-sein-de-la-cedeao\/","og_site_name":"leprojecteurguinee","article_published_time":"2023-09-23T10:28:53+00:00","article_modified_time":"2023-09-23T10:28:55+00:00","og_image":[{"width":980,"height":551,"url":"https:\/\/www.leprojecteurguinee.com\/wp-content\/uploads\/2023\/09\/Robert-Dussye.webp","type":"image\/webp"}],"author":"Leprojecteurguinee","twitter_card":"summary_large_image","twitter_misc":{"\u00c9crit par":"Leprojecteurguinee","Dur\u00e9e de lecture estim\u00e9e":"1 minute"},"schema":{"@context":"https:\/\/schema.org","@graph":[{"@type":"Article","@id":"https:\/\/www.leprojecteurguinee.com\/index.php\/2023\/09\/23\/cas-du-niger-une-defection-de-taille-au-sein-de-la-cedeao\/#article","isPartOf":{"@id":"https:\/\/www.leprojecteurguinee.com\/index.php\/2023\/09\/23\/cas-du-niger-une-defection-de-taille-au-sein-de-la-cedeao\/"},"author":{"name":"Leprojecteurguinee","@id":"https:\/\/www.leprojecteurguinee.com\/#\/schema\/person\/389671d1a3f0c66e6c91c4a765990c1b"},"headline":"Cas du Niger\u00a0: une d\u00e9fection de taille au sein de la C\u00e9d\u00e9ao","datePublished":"2023-09-23T10:28:53+00:00","dateModified":"2023-09-23T10:28:55+00:00","mainEntityOfPage":{"@id":"https:\/\/www.leprojecteurguinee.com\/index.php\/2023\/09\/23\/cas-du-niger-une-defection-de-taille-au-sein-de-la-cedeao\/"},"wordCount":172,"commentCount":0,"image":{"@id":"https:\/\/www.leprojecteurguinee.com\/index.php\/2023\/09\/23\/cas-du-niger-une-defection-de-taille-au-sein-de-la-cedeao\/#primaryimage"},"thumbnailUrl":"https:\/\/www.leprojecteurguinee.com\/wp-content\/uploads\/2023\/09\/Robert-Dussye.webp","keywords":["Bazoum","C\u00e9d\u00e9ao","Niger","Togo"],"articleSection":["Politique"],"inLanguage":"fr-FR","potentialAction":[{"@type":"CommentAction","name":"Comment","target":["https:\/\/www.leprojecteurguinee.com\/index.php\/2023\/09\/23\/cas-du-niger-une-defection-de-taille-au-sein-de-la-cedeao\/#respond"]}]},{"@type":"WebPage","@id":"https:\/\/www.leprojecteurguinee.com\/index.php\/2023\/09\/23\/cas-du-niger-une-defection-de-taille-au-sein-de-la-cedeao\/","url":"https:\/\/www.leprojecteurguinee.com\/index.php\/2023\/09\/23\/cas-du-niger-une-defection-de-taille-au-sein-de-la-cedeao\/","name":"Cas du Niger\u00a0: une d\u00e9fection de taille au sein de la C\u00e9d\u00e9ao - leprojecteurguinee","isPartOf":{"@id":"https:\/\/www.leprojecteurguinee.com\/#website"},"primaryImageOfPage":{"@id":"https:\/\/www.leprojecteurguinee.com\/index.php\/2023\/09\/23\/cas-du-niger-une-defection-de-taille-au-sein-de-la-cedeao\/#primaryimage"},"image":{"@id":"https:\/\/www.leprojecteurguinee.com\/index.php\/2023\/09\/23\/cas-du-niger-une-defection-de-taille-au-sein-de-la-cedeao\/#primaryimage"},"thumbnailUrl":"https:\/\/www.leprojecteurguinee.com\/wp-content\/uploads\/2023\/09\/Robert-Dussye.webp","datePublished":"2023-09-23T10:28:53+00:00","dateModified":"2023-09-23T10:28:55+00:00","author":{"@id":"https:\/\/www.leprojecteurguinee.com\/#\/schema\/person\/389671d1a3f0c66e6c91c4a765990c1b"},"breadcrumb":{"@id":"https:\/\/www.leprojecteurguinee.com\/index.php\/2023\/09\/23\/cas-du-niger-une-defection-de-taille-au-sein-de-la-cedeao\/#breadcrumb"},"inLanguage":"fr-FR","potentialAction":[{"@type":"ReadAction","target":["https:\/\/www.leprojecteurguinee.com\/index.php\/2023\/09\/23\/cas-du-niger-une-defection-de-taille-au-sein-de-la-cedeao\/"]}]},{"@type":"ImageObject","inLanguage":"fr-FR","@id":"https:\/\/www.leprojecteurguinee.com\/index.php\/2023\/09\/23\/cas-du-niger-une-defection-de-taille-au-sein-de-la-cedeao\/#primaryimage","url":"https:\/\/www.leprojecteurguinee.com\/wp-content\/uploads\/2023\/09\/Robert-Dussye.webp","contentUrl":"https:\/\/www.leprojecteurguinee.com\/wp-content\/uploads\/2023\/09\/Robert-Dussye.webp","width":980,"height":551},{"@type":"BreadcrumbList","@id":"https:\/\/www.leprojecteurguinee.com\/index.php\/2023\/09\/23\/cas-du-niger-une-defection-de-taille-au-sein-de-la-cedeao\/#breadcrumb","itemListElement":[{"@type":"ListItem","position":1,"name":"Accueil","item":"https:\/\/www.leprojecteurguinee.com\/"},{"@type":"ListItem","position":2,"name":"Cas du Niger\u00a0: une d\u00e9fection de taille au sein de la C\u00e9d\u00e9ao"}]},{"@type":"WebSite","@id":"https:\/\/www.leprojecteurguinee.com\/#website","url":"https:\/\/www.leprojecteurguinee.com\/","name":"leprojecteurguinee","description":"Nous luttons contre les pratiques obscures","potentialAction":[{"@type":"SearchAction","target":{"@type":"EntryPoint","urlTemplate":"https:\/\/www.leprojecteurguinee.com\/?s={search_term_string}"},"query-input":{"@type":"PropertyValueSpecification","valueRequired":true,"valueName":"search_term_string"}}],"inLanguage":"fr-FR"},{"@type":"Person","@id":"https:\/\/www.leprojecteurguinee.com\/#\/schema\/person\/389671d1a3f0c66e6c91c4a765990c1b","name":"Leprojecteurguinee","image":{"@type":"ImageObject","inLanguage":"fr-FR","@id":"https:\/\/www.leprojecteurguinee.com\/#\/schema\/person\/image\/","url":"https:\/\/secure.gravatar.com\/avatar\/c0faa0f472c43eff99fecb0bd2a1c6782e80a162c9fcb7ed2d48bb42ea619f30?s=96&d=mm&r=g","contentUrl":"https:\/\/secure.gravatar.com\/avatar\/c0faa0f472c43eff99fecb0bd2a1c6782e80a162c9fcb7ed2d48bb42ea619f30?s=96&d=mm&r=g","caption":"Leprojecteurguinee"},"sameAs":["https:\/\/www.leprojecteurguinee.com"],"url":"https:\/\/www.leprojecteurguinee.com\/index.php\/author\/madame\/"}]}},"_links":{"self":[{"href":"https:\/\/www.leprojecteurguinee.com\/index.php\/wp-json\/wp\/v2\/posts\/1122","targetHints":{"allow":["GET"]}}],"collection":[{"href":"https:\/\/www.leprojecteurguinee.com\/index.php\/wp-json\/wp\/v2\/posts"}],"about":[{"href":"https:\/\/www.leprojecteurguinee.com\/index.php\/wp-json\/wp\/v2\/types\/post"}],"author":[{"embeddable":true,"href":"https:\/\/www.leprojecteurguinee.com\/index.php\/wp-json\/wp\/v2\/users\/1"}],"replies":[{"embeddable":true,"href":"https:\/\/www.leprojecteurguinee.com\/index.php\/wp-json\/wp\/v2\/comments?post=1122"}],"version-history":[{"count":0,"href":"https:\/\/www.leprojecteurguinee.com\/index.php\/wp-json\/wp\/v2\/posts\/1122\/revisions"}],"wp:featuredmedia":[{"embeddable":true,"href":"https:\/\/www.leprojecteurguinee.com\/index.php\/wp-json\/wp\/v2\/media\/1123"}],"wp:attachment":[{"href":"https:\/\/www.leprojecteurguinee.com\/index.php\/wp-json\/wp\/v2\/media?parent=1122"}],"wp:term":[{"taxonomy":"category","embeddable":true,"href":"https:\/\/www.leprojecteurguinee.com\/index.php\/wp-json\/wp\/v2\/categories?post=1122"},{"taxonomy":"post_tag","embeddable":true,"href":"https:\/\/www.leprojecteurguinee.com\/index.php\/wp-json\/wp\/v2\/tags?post=1122"}],"curies":[{"name":"wp","href":"https:\/\/api.w.org\/{rel}","templated":true}]}}