{"id":1112,"date":"2023-09-21T12:18:36","date_gmt":"2023-09-21T10:18:36","guid":{"rendered":"https:\/\/www.leprojecteurguinee.com\/?p=1112"},"modified":"2023-09-21T12:20:07","modified_gmt":"2023-09-21T10:20:07","slug":"boffa-cellou-dalein-diallo-condamne-la-repression-des-manifestants","status":"publish","type":"post","link":"https:\/\/www.leprojecteurguinee.com\/index.php\/2023\/09\/21\/boffa-cellou-dalein-diallo-condamne-la-repression-des-manifestants\/","title":{"rendered":"Boffa: Cellou Dalein Diallo condamne la r\u00e9pression des manifestants"},"content":{"rendered":"\n<p>Face \u00e0 la r\u00e9cente violence survenue durant deux jours dans la pr\u00e9fecture de Boffa, les autorit\u00e9s ont d\u00e9ploy\u00e9 les unit\u00e9s de s\u00e9curit\u00e9 et de d\u00e9fense pour instaurer le calme. <br><br>Au cours de ces op\u00e9rations, plusieurs sources annoncent qu&rsquo;au moins cinq personnes ont \u00e9t\u00e9 bless\u00e9es par balles et des boutiques vandalis\u00e9es.<br><br>Face \u00e0 cette situation, Cellou Dalein Diallo a condamn\u00e9 ce jeudi 21 septembre \u00a0\u00bb la r\u00e9pression sanglante qui s\u2019est abattue ces derniers jours sur des jeunes de Boffa qui protestaient contre les coupures r\u00e9currentes d\u2019eau et d\u2019\u00e9lectricit\u00e9 dans leur commune.\u00a0\u00bb<br><br>Le pr\u00e9sident de l\u2019UFDG rappelle que \u00ab\u00a0le premier droit de l\u2019homme, c\u2019est le droit \u00e0 la vie. <br><br>Il est inacceptable que des citoyens guin\u00e9ens continuent \u00e0 payer de leurs vies simplement pour avoir exprim\u00e9 leur m\u00e9contentement en manifestant dans les rues et sur les places publiques.\u00a0\u00bb<br><br>Il faut ajouter que pour apaiser la tension, les autorit\u00e9s du gouvernorat de Bok\u00e9 ont envoy\u00e9 des groupes \u00e9lectrog\u00e8nes pour alimenter Boffa en \u00e9lectricit\u00e9. <\/p>\n","protected":false},"excerpt":{"rendered":"<p>Face \u00e0 la r\u00e9cente violence survenue durant deux jours dans la pr\u00e9fecture de Boffa, les autorit\u00e9s ont d\u00e9ploy\u00e9 les unit\u00e9s de s\u00e9curit\u00e9 et de d\u00e9fense pour instaurer le calme. Au cours de ces op\u00e9rations, plusieurs sources annoncent qu&rsquo;au moins cinq personnes ont \u00e9t\u00e9 bless\u00e9es par balles et des boutiques vandalis\u00e9es. Face \u00e0 cette situation, Cellou [&hellip;]<\/p>\n","protected":false},"author":1,"featured_media":653,"comment_status":"open","ping_status":"open","sticky":false,"template":"","format":"standard","meta":{"footnotes":""},"categories":[80],"tags":[230,96,101],"class_list":["post-1112","post","type-post","status-publish","format-standard","has-post-thumbnail","hentry","category-politique","tag-boffa","tag-cellou-dalein-diallo","tag-ufdg"],"yoast_head":"<!-- This site is optimized with the Yoast SEO plugin v26.8 - https:\/\/yoast.com\/product\/yoast-seo-wordpress\/ -->\n<title>Boffa: Cellou Dalein Diallo condamne la r\u00e9pression des manifestants - leprojecteurguinee<\/title>\n<meta name=\"robots\" content=\"index, follow, max-snippet:-1, max-image-preview:large, max-video-preview:-1\" \/>\n<link rel=\"canonical\" href=\"https:\/\/www.leprojecteurguinee.com\/index.php\/2023\/09\/21\/boffa-cellou-dalein-diallo-condamne-la-repression-des-manifestants\/\" \/>\n<meta property=\"og:locale\" content=\"fr_FR\" \/>\n<meta property=\"og:type\" content=\"article\" \/>\n<meta property=\"og:title\" content=\"Boffa: Cellou Dalein Diallo condamne la r\u00e9pression des manifestants - leprojecteurguinee\" \/>\n<meta property=\"og:description\" content=\"Face \u00e0 la r\u00e9cente violence survenue durant deux jours dans la pr\u00e9fecture de Boffa, les autorit\u00e9s ont d\u00e9ploy\u00e9 les unit\u00e9s de s\u00e9curit\u00e9 et de d\u00e9fense pour instaurer le calme. Au cours de ces op\u00e9rations, plusieurs sources annoncent qu&rsquo;au moins cinq personnes ont \u00e9t\u00e9 bless\u00e9es par balles et des boutiques vandalis\u00e9es. Face \u00e0 cette situation, Cellou [&hellip;]\" \/>\n<meta property=\"og:url\" content=\"https:\/\/www.leprojecteurguinee.com\/index.php\/2023\/09\/21\/boffa-cellou-dalein-diallo-condamne-la-repression-des-manifestants\/\" \/>\n<meta property=\"og:site_name\" content=\"leprojecteurguinee\" \/>\n<meta property=\"article:published_time\" content=\"2023-09-21T10:18:36+00:00\" \/>\n<meta property=\"article:modified_time\" content=\"2023-09-21T10:20:07+00:00\" \/>\n<meta property=\"og:image\" content=\"https:\/\/www.leprojecteurguinee.com\/wp-content\/uploads\/2023\/07\/FB_IMG_1690541988490.jpg\" \/>\n\t<meta property=\"og:image:width\" content=\"640\" \/>\n\t<meta property=\"og:image:height\" content=\"518\" \/>\n\t<meta property=\"og:image:type\" content=\"image\/jpeg\" \/>\n<meta name=\"author\" content=\"Leprojecteurguinee\" \/>\n<meta name=\"twitter:card\" content=\"summary_large_image\" \/>\n<meta name=\"twitter:label1\" content=\"\u00c9crit par\" \/>\n\t<meta name=\"twitter:data1\" content=\"Leprojecteurguinee\" \/>\n\t<meta name=\"twitter:label2\" content=\"Dur\u00e9e de lecture estim\u00e9e\" \/>\n\t<meta name=\"twitter:data2\" content=\"1 minute\" \/>\n<script type=\"application\/ld+json\" class=\"yoast-schema-graph\">{\"@context\":\"https:\/\/schema.org\",\"@graph\":[{\"@type\":\"Article\",\"@id\":\"https:\/\/www.leprojecteurguinee.com\/index.php\/2023\/09\/21\/boffa-cellou-dalein-diallo-condamne-la-repression-des-manifestants\/#article\",\"isPartOf\":{\"@id\":\"https:\/\/www.leprojecteurguinee.com\/index.php\/2023\/09\/21\/boffa-cellou-dalein-diallo-condamne-la-repression-des-manifestants\/\"},\"author\":{\"name\":\"Leprojecteurguinee\",\"@id\":\"https:\/\/www.leprojecteurguinee.com\/#\/schema\/person\/389671d1a3f0c66e6c91c4a765990c1b\"},\"headline\":\"Boffa: Cellou Dalein Diallo condamne la r\u00e9pression des manifestants\",\"datePublished\":\"2023-09-21T10:18:36+00:00\",\"dateModified\":\"2023-09-21T10:20:07+00:00\",\"mainEntityOfPage\":{\"@id\":\"https:\/\/www.leprojecteurguinee.com\/index.php\/2023\/09\/21\/boffa-cellou-dalein-diallo-condamne-la-repression-des-manifestants\/\"},\"wordCount\":188,\"commentCount\":0,\"image\":{\"@id\":\"https:\/\/www.leprojecteurguinee.com\/index.php\/2023\/09\/21\/boffa-cellou-dalein-diallo-condamne-la-repression-des-manifestants\/#primaryimage\"},\"thumbnailUrl\":\"https:\/\/www.leprojecteurguinee.com\/wp-content\/uploads\/2023\/07\/FB_IMG_1690541988490.jpg\",\"keywords\":[\"Boffa\",\"Cellou Dalein Diallo\",\"UFDG\"],\"articleSection\":[\"Politique\"],\"inLanguage\":\"fr-FR\",\"potentialAction\":[{\"@type\":\"CommentAction\",\"name\":\"Comment\",\"target\":[\"https:\/\/www.leprojecteurguinee.com\/index.php\/2023\/09\/21\/boffa-cellou-dalein-diallo-condamne-la-repression-des-manifestants\/#respond\"]}]},{\"@type\":\"WebPage\",\"@id\":\"https:\/\/www.leprojecteurguinee.com\/index.php\/2023\/09\/21\/boffa-cellou-dalein-diallo-condamne-la-repression-des-manifestants\/\",\"url\":\"https:\/\/www.leprojecteurguinee.com\/index.php\/2023\/09\/21\/boffa-cellou-dalein-diallo-condamne-la-repression-des-manifestants\/\",\"name\":\"Boffa: Cellou Dalein Diallo condamne la r\u00e9pression des manifestants - leprojecteurguinee\",\"isPartOf\":{\"@id\":\"https:\/\/www.leprojecteurguinee.com\/#website\"},\"primaryImageOfPage\":{\"@id\":\"https:\/\/www.leprojecteurguinee.com\/index.php\/2023\/09\/21\/boffa-cellou-dalein-diallo-condamne-la-repression-des-manifestants\/#primaryimage\"},\"image\":{\"@id\":\"https:\/\/www.leprojecteurguinee.com\/index.php\/2023\/09\/21\/boffa-cellou-dalein-diallo-condamne-la-repression-des-manifestants\/#primaryimage\"},\"thumbnailUrl\":\"https:\/\/www.leprojecteurguinee.com\/wp-content\/uploads\/2023\/07\/FB_IMG_1690541988490.jpg\",\"datePublished\":\"2023-09-21T10:18:36+00:00\",\"dateModified\":\"2023-09-21T10:20:07+00:00\",\"author\":{\"@id\":\"https:\/\/www.leprojecteurguinee.com\/#\/schema\/person\/389671d1a3f0c66e6c91c4a765990c1b\"},\"breadcrumb\":{\"@id\":\"https:\/\/www.leprojecteurguinee.com\/index.php\/2023\/09\/21\/boffa-cellou-dalein-diallo-condamne-la-repression-des-manifestants\/#breadcrumb\"},\"inLanguage\":\"fr-FR\",\"potentialAction\":[{\"@type\":\"ReadAction\",\"target\":[\"https:\/\/www.leprojecteurguinee.com\/index.php\/2023\/09\/21\/boffa-cellou-dalein-diallo-condamne-la-repression-des-manifestants\/\"]}]},{\"@type\":\"ImageObject\",\"inLanguage\":\"fr-FR\",\"@id\":\"https:\/\/www.leprojecteurguinee.com\/index.php\/2023\/09\/21\/boffa-cellou-dalein-diallo-condamne-la-repression-des-manifestants\/#primaryimage\",\"url\":\"https:\/\/www.leprojecteurguinee.com\/wp-content\/uploads\/2023\/07\/FB_IMG_1690541988490.jpg\",\"contentUrl\":\"https:\/\/www.leprojecteurguinee.com\/wp-content\/uploads\/2023\/07\/FB_IMG_1690541988490.jpg\",\"width\":640,\"height\":518},{\"@type\":\"BreadcrumbList\",\"@id\":\"https:\/\/www.leprojecteurguinee.com\/index.php\/2023\/09\/21\/boffa-cellou-dalein-diallo-condamne-la-repression-des-manifestants\/#breadcrumb\",\"itemListElement\":[{\"@type\":\"ListItem\",\"position\":1,\"name\":\"Accueil\",\"item\":\"https:\/\/www.leprojecteurguinee.com\/\"},{\"@type\":\"ListItem\",\"position\":2,\"name\":\"Boffa: Cellou Dalein Diallo condamne la r\u00e9pression des manifestants\"}]},{\"@type\":\"WebSite\",\"@id\":\"https:\/\/www.leprojecteurguinee.com\/#website\",\"url\":\"https:\/\/www.leprojecteurguinee.com\/\",\"name\":\"leprojecteurguinee\",\"description\":\"Nous luttons contre les pratiques obscures\",\"potentialAction\":[{\"@type\":\"SearchAction\",\"target\":{\"@type\":\"EntryPoint\",\"urlTemplate\":\"https:\/\/www.leprojecteurguinee.com\/?s={search_term_string}\"},\"query-input\":{\"@type\":\"PropertyValueSpecification\",\"valueRequired\":true,\"valueName\":\"search_term_string\"}}],\"inLanguage\":\"fr-FR\"},{\"@type\":\"Person\",\"@id\":\"https:\/\/www.leprojecteurguinee.com\/#\/schema\/person\/389671d1a3f0c66e6c91c4a765990c1b\",\"name\":\"Leprojecteurguinee\",\"image\":{\"@type\":\"ImageObject\",\"inLanguage\":\"fr-FR\",\"@id\":\"https:\/\/www.leprojecteurguinee.com\/#\/schema\/person\/image\/\",\"url\":\"https:\/\/secure.gravatar.com\/avatar\/c0faa0f472c43eff99fecb0bd2a1c6782e80a162c9fcb7ed2d48bb42ea619f30?s=96&d=mm&r=g\",\"contentUrl\":\"https:\/\/secure.gravatar.com\/avatar\/c0faa0f472c43eff99fecb0bd2a1c6782e80a162c9fcb7ed2d48bb42ea619f30?s=96&d=mm&r=g\",\"caption\":\"Leprojecteurguinee\"},\"sameAs\":[\"https:\/\/www.leprojecteurguinee.com\"],\"url\":\"https:\/\/www.leprojecteurguinee.com\/index.php\/author\/madame\/\"}]}<\/script>\n<!-- \/ Yoast SEO plugin. -->","yoast_head_json":{"title":"Boffa: Cellou Dalein Diallo condamne la r\u00e9pression des manifestants - leprojecteurguinee","robots":{"index":"index","follow":"follow","max-snippet":"max-snippet:-1","max-image-preview":"max-image-preview:large","max-video-preview":"max-video-preview:-1"},"canonical":"https:\/\/www.leprojecteurguinee.com\/index.php\/2023\/09\/21\/boffa-cellou-dalein-diallo-condamne-la-repression-des-manifestants\/","og_locale":"fr_FR","og_type":"article","og_title":"Boffa: Cellou Dalein Diallo condamne la r\u00e9pression des manifestants - leprojecteurguinee","og_description":"Face \u00e0 la r\u00e9cente violence survenue durant deux jours dans la pr\u00e9fecture de Boffa, les autorit\u00e9s ont d\u00e9ploy\u00e9 les unit\u00e9s de s\u00e9curit\u00e9 et de d\u00e9fense pour instaurer le calme. Au cours de ces op\u00e9rations, plusieurs sources annoncent qu&rsquo;au moins cinq personnes ont \u00e9t\u00e9 bless\u00e9es par balles et des boutiques vandalis\u00e9es. Face \u00e0 cette situation, Cellou [&hellip;]","og_url":"https:\/\/www.leprojecteurguinee.com\/index.php\/2023\/09\/21\/boffa-cellou-dalein-diallo-condamne-la-repression-des-manifestants\/","og_site_name":"leprojecteurguinee","article_published_time":"2023-09-21T10:18:36+00:00","article_modified_time":"2023-09-21T10:20:07+00:00","og_image":[{"width":640,"height":518,"url":"https:\/\/www.leprojecteurguinee.com\/wp-content\/uploads\/2023\/07\/FB_IMG_1690541988490.jpg","type":"image\/jpeg"}],"author":"Leprojecteurguinee","twitter_card":"summary_large_image","twitter_misc":{"\u00c9crit par":"Leprojecteurguinee","Dur\u00e9e de lecture estim\u00e9e":"1 minute"},"schema":{"@context":"https:\/\/schema.org","@graph":[{"@type":"Article","@id":"https:\/\/www.leprojecteurguinee.com\/index.php\/2023\/09\/21\/boffa-cellou-dalein-diallo-condamne-la-repression-des-manifestants\/#article","isPartOf":{"@id":"https:\/\/www.leprojecteurguinee.com\/index.php\/2023\/09\/21\/boffa-cellou-dalein-diallo-condamne-la-repression-des-manifestants\/"},"author":{"name":"Leprojecteurguinee","@id":"https:\/\/www.leprojecteurguinee.com\/#\/schema\/person\/389671d1a3f0c66e6c91c4a765990c1b"},"headline":"Boffa: Cellou Dalein Diallo condamne la r\u00e9pression des manifestants","datePublished":"2023-09-21T10:18:36+00:00","dateModified":"2023-09-21T10:20:07+00:00","mainEntityOfPage":{"@id":"https:\/\/www.leprojecteurguinee.com\/index.php\/2023\/09\/21\/boffa-cellou-dalein-diallo-condamne-la-repression-des-manifestants\/"},"wordCount":188,"commentCount":0,"image":{"@id":"https:\/\/www.leprojecteurguinee.com\/index.php\/2023\/09\/21\/boffa-cellou-dalein-diallo-condamne-la-repression-des-manifestants\/#primaryimage"},"thumbnailUrl":"https:\/\/www.leprojecteurguinee.com\/wp-content\/uploads\/2023\/07\/FB_IMG_1690541988490.jpg","keywords":["Boffa","Cellou Dalein Diallo","UFDG"],"articleSection":["Politique"],"inLanguage":"fr-FR","potentialAction":[{"@type":"CommentAction","name":"Comment","target":["https:\/\/www.leprojecteurguinee.com\/index.php\/2023\/09\/21\/boffa-cellou-dalein-diallo-condamne-la-repression-des-manifestants\/#respond"]}]},{"@type":"WebPage","@id":"https:\/\/www.leprojecteurguinee.com\/index.php\/2023\/09\/21\/boffa-cellou-dalein-diallo-condamne-la-repression-des-manifestants\/","url":"https:\/\/www.leprojecteurguinee.com\/index.php\/2023\/09\/21\/boffa-cellou-dalein-diallo-condamne-la-repression-des-manifestants\/","name":"Boffa: Cellou Dalein Diallo condamne la r\u00e9pression des manifestants - leprojecteurguinee","isPartOf":{"@id":"https:\/\/www.leprojecteurguinee.com\/#website"},"primaryImageOfPage":{"@id":"https:\/\/www.leprojecteurguinee.com\/index.php\/2023\/09\/21\/boffa-cellou-dalein-diallo-condamne-la-repression-des-manifestants\/#primaryimage"},"image":{"@id":"https:\/\/www.leprojecteurguinee.com\/index.php\/2023\/09\/21\/boffa-cellou-dalein-diallo-condamne-la-repression-des-manifestants\/#primaryimage"},"thumbnailUrl":"https:\/\/www.leprojecteurguinee.com\/wp-content\/uploads\/2023\/07\/FB_IMG_1690541988490.jpg","datePublished":"2023-09-21T10:18:36+00:00","dateModified":"2023-09-21T10:20:07+00:00","author":{"@id":"https:\/\/www.leprojecteurguinee.com\/#\/schema\/person\/389671d1a3f0c66e6c91c4a765990c1b"},"breadcrumb":{"@id":"https:\/\/www.leprojecteurguinee.com\/index.php\/2023\/09\/21\/boffa-cellou-dalein-diallo-condamne-la-repression-des-manifestants\/#breadcrumb"},"inLanguage":"fr-FR","potentialAction":[{"@type":"ReadAction","target":["https:\/\/www.leprojecteurguinee.com\/index.php\/2023\/09\/21\/boffa-cellou-dalein-diallo-condamne-la-repression-des-manifestants\/"]}]},{"@type":"ImageObject","inLanguage":"fr-FR","@id":"https:\/\/www.leprojecteurguinee.com\/index.php\/2023\/09\/21\/boffa-cellou-dalein-diallo-condamne-la-repression-des-manifestants\/#primaryimage","url":"https:\/\/www.leprojecteurguinee.com\/wp-content\/uploads\/2023\/07\/FB_IMG_1690541988490.jpg","contentUrl":"https:\/\/www.leprojecteurguinee.com\/wp-content\/uploads\/2023\/07\/FB_IMG_1690541988490.jpg","width":640,"height":518},{"@type":"BreadcrumbList","@id":"https:\/\/www.leprojecteurguinee.com\/index.php\/2023\/09\/21\/boffa-cellou-dalein-diallo-condamne-la-repression-des-manifestants\/#breadcrumb","itemListElement":[{"@type":"ListItem","position":1,"name":"Accueil","item":"https:\/\/www.leprojecteurguinee.com\/"},{"@type":"ListItem","position":2,"name":"Boffa: Cellou Dalein Diallo condamne la r\u00e9pression des manifestants"}]},{"@type":"WebSite","@id":"https:\/\/www.leprojecteurguinee.com\/#website","url":"https:\/\/www.leprojecteurguinee.com\/","name":"leprojecteurguinee","description":"Nous luttons contre les pratiques obscures","potentialAction":[{"@type":"SearchAction","target":{"@type":"EntryPoint","urlTemplate":"https:\/\/www.leprojecteurguinee.com\/?s={search_term_string}"},"query-input":{"@type":"PropertyValueSpecification","valueRequired":true,"valueName":"search_term_string"}}],"inLanguage":"fr-FR"},{"@type":"Person","@id":"https:\/\/www.leprojecteurguinee.com\/#\/schema\/person\/389671d1a3f0c66e6c91c4a765990c1b","name":"Leprojecteurguinee","image":{"@type":"ImageObject","inLanguage":"fr-FR","@id":"https:\/\/www.leprojecteurguinee.com\/#\/schema\/person\/image\/","url":"https:\/\/secure.gravatar.com\/avatar\/c0faa0f472c43eff99fecb0bd2a1c6782e80a162c9fcb7ed2d48bb42ea619f30?s=96&d=mm&r=g","contentUrl":"https:\/\/secure.gravatar.com\/avatar\/c0faa0f472c43eff99fecb0bd2a1c6782e80a162c9fcb7ed2d48bb42ea619f30?s=96&d=mm&r=g","caption":"Leprojecteurguinee"},"sameAs":["https:\/\/www.leprojecteurguinee.com"],"url":"https:\/\/www.leprojecteurguinee.com\/index.php\/author\/madame\/"}]}},"_links":{"self":[{"href":"https:\/\/www.leprojecteurguinee.com\/index.php\/wp-json\/wp\/v2\/posts\/1112","targetHints":{"allow":["GET"]}}],"collection":[{"href":"https:\/\/www.leprojecteurguinee.com\/index.php\/wp-json\/wp\/v2\/posts"}],"about":[{"href":"https:\/\/www.leprojecteurguinee.com\/index.php\/wp-json\/wp\/v2\/types\/post"}],"author":[{"embeddable":true,"href":"https:\/\/www.leprojecteurguinee.com\/index.php\/wp-json\/wp\/v2\/users\/1"}],"replies":[{"embeddable":true,"href":"https:\/\/www.leprojecteurguinee.com\/index.php\/wp-json\/wp\/v2\/comments?post=1112"}],"version-history":[{"count":0,"href":"https:\/\/www.leprojecteurguinee.com\/index.php\/wp-json\/wp\/v2\/posts\/1112\/revisions"}],"wp:featuredmedia":[{"embeddable":true,"href":"https:\/\/www.leprojecteurguinee.com\/index.php\/wp-json\/wp\/v2\/media\/653"}],"wp:attachment":[{"href":"https:\/\/www.leprojecteurguinee.com\/index.php\/wp-json\/wp\/v2\/media?parent=1112"}],"wp:term":[{"taxonomy":"category","embeddable":true,"href":"https:\/\/www.leprojecteurguinee.com\/index.php\/wp-json\/wp\/v2\/categories?post=1112"},{"taxonomy":"post_tag","embeddable":true,"href":"https:\/\/www.leprojecteurguinee.com\/index.php\/wp-json\/wp\/v2\/tags?post=1112"}],"curies":[{"name":"wp","href":"https:\/\/api.w.org\/{rel}","templated":true}]}}