{"id":1083,"date":"2023-09-20T13:24:19","date_gmt":"2023-09-20T11:24:19","guid":{"rendered":"https:\/\/www.leprojecteurguinee.com\/?p=1083"},"modified":"2023-09-20T13:24:21","modified_gmt":"2023-09-20T11:24:21","slug":"senegal-le-pastef-depose-un-recours-devant-la-cour-de-justice-de-la-cedeao","status":"publish","type":"post","link":"https:\/\/www.leprojecteurguinee.com\/index.php\/2023\/09\/20\/senegal-le-pastef-depose-un-recours-devant-la-cour-de-justice-de-la-cedeao\/","title":{"rendered":"S\u00e9n\u00e9gal : Le Pastef d\u00e9pose un recours devant la Cour de justice de la CEDEAO"},"content":{"rendered":"\n<p>Les avocats de l\u2019opposant s\u00e9n\u00e9galais, Ousmane Sonko, ont d\u00e9pos\u00e9 des requ\u00eates aupr\u00e8s de la Cour de justice de la Communaut\u00e9 \u00e9conomique des \u00c9tats de l&rsquo;Afrique de l&rsquo;Ouest pour suspendre la dissolution du parti Pastef, r\u00e9tablir les droits politiques de la formation et de son candidat Sonko, \u00e0 quelques mois de la pr\u00e9sidentielle de 2024.<\/p>\n\n\n\n<p>Le parti politique Patriotes du S\u00e9n\u00e9gal pour le travail, l\u2019\u00e9thique et la Fraternit\u00e9 (Pastef Les patriotes) de Sonko avait \u00e9t\u00e9 dissous le 31 juillet dernier par le gouvernement s\u00e9n\u00e9galais.<\/p>\n\n\n\n<p>Pour Abdullaye Tall, avocat et porte-parole du Pastef, \u00ab\u00a0aucun argument juridique ne justifie cette dissolution\u00a0\u00bb.<\/p>\n\n\n\n<p>Le parti Pastef a \u00e9t\u00e9 cr\u00e9\u00e9 en janvier 2014 par Sonko alors agent des imp\u00f4ts et domaines. Radi\u00e9 de la fonction publique pour manquement grave en 2016, Sonko a \u00e9t\u00e9 \u00e9lu d\u00e9put\u00e9 sous la banni\u00e8re de son parti en 2017.<\/p>\n\n\n\n<p>Pastef Les patriotes dispose de 27 d\u00e9put\u00e9s \u00e0 l\u2019Assembl\u00e9e nationale \u00e0 l\u2019issue des l\u00e9gislatives de 2022 dans le cadre de l\u2019inter-coalition de l\u2019opposition qui a obtenu 80 si\u00e8ges sur un total de 165.<\/p>\n","protected":false},"excerpt":{"rendered":"<p>Les avocats de l\u2019opposant s\u00e9n\u00e9galais, Ousmane Sonko, ont d\u00e9pos\u00e9 des requ\u00eates aupr\u00e8s de la Cour de justice de la Communaut\u00e9 \u00e9conomique des \u00c9tats de l&rsquo;Afrique de l&rsquo;Ouest pour suspendre la dissolution du parti Pastef, r\u00e9tablir les droits politiques de la formation et de son candidat Sonko, \u00e0 quelques mois de la pr\u00e9sidentielle de 2024. Le [&hellip;]<\/p>\n","protected":false},"author":1,"featured_media":697,"comment_status":"open","ping_status":"open","sticky":true,"template":"","format":"standard","meta":{"footnotes":""},"categories":[80],"tags":[305,26,304],"class_list":["post-1083","post","type-post","status-publish","format-standard","has-post-thumbnail","hentry","category-politique","tag-pastef","tag-senegal","tag-sonko"],"yoast_head":"<!-- This site is optimized with the Yoast SEO plugin v26.8 - https:\/\/yoast.com\/product\/yoast-seo-wordpress\/ -->\n<title>S\u00e9n\u00e9gal : Le Pastef d\u00e9pose un recours devant la Cour de justice de la CEDEAO - leprojecteurguinee<\/title>\n<meta name=\"robots\" content=\"index, follow, max-snippet:-1, max-image-preview:large, max-video-preview:-1\" \/>\n<link rel=\"canonical\" href=\"https:\/\/www.leprojecteurguinee.com\/index.php\/2023\/09\/20\/senegal-le-pastef-depose-un-recours-devant-la-cour-de-justice-de-la-cedeao\/\" \/>\n<meta property=\"og:locale\" content=\"fr_FR\" \/>\n<meta property=\"og:type\" content=\"article\" \/>\n<meta property=\"og:title\" content=\"S\u00e9n\u00e9gal : Le Pastef d\u00e9pose un recours devant la Cour de justice de la CEDEAO - leprojecteurguinee\" \/>\n<meta property=\"og:description\" content=\"Les avocats de l\u2019opposant s\u00e9n\u00e9galais, Ousmane Sonko, ont d\u00e9pos\u00e9 des requ\u00eates aupr\u00e8s de la Cour de justice de la Communaut\u00e9 \u00e9conomique des \u00c9tats de l&rsquo;Afrique de l&rsquo;Ouest pour suspendre la dissolution du parti Pastef, r\u00e9tablir les droits politiques de la formation et de son candidat Sonko, \u00e0 quelques mois de la pr\u00e9sidentielle de 2024. Le [&hellip;]\" \/>\n<meta property=\"og:url\" content=\"https:\/\/www.leprojecteurguinee.com\/index.php\/2023\/09\/20\/senegal-le-pastef-depose-un-recours-devant-la-cour-de-justice-de-la-cedeao\/\" \/>\n<meta property=\"og:site_name\" content=\"leprojecteurguinee\" \/>\n<meta property=\"article:published_time\" content=\"2023-09-20T11:24:19+00:00\" \/>\n<meta property=\"article:modified_time\" content=\"2023-09-20T11:24:21+00:00\" \/>\n<meta property=\"og:image\" content=\"https:\/\/www.leprojecteurguinee.com\/wp-content\/uploads\/2023\/07\/20230728_170422-1.jpg\" \/>\n\t<meta property=\"og:image:width\" content=\"980\" \/>\n\t<meta property=\"og:image:height\" content=\"551\" \/>\n\t<meta property=\"og:image:type\" content=\"image\/jpeg\" \/>\n<meta name=\"author\" content=\"Leprojecteurguinee\" \/>\n<meta name=\"twitter:card\" content=\"summary_large_image\" \/>\n<meta name=\"twitter:label1\" content=\"\u00c9crit par\" \/>\n\t<meta name=\"twitter:data1\" content=\"Leprojecteurguinee\" \/>\n\t<meta name=\"twitter:label2\" content=\"Dur\u00e9e de lecture estim\u00e9e\" \/>\n\t<meta name=\"twitter:data2\" content=\"1 minute\" \/>\n<script type=\"application\/ld+json\" class=\"yoast-schema-graph\">{\"@context\":\"https:\/\/schema.org\",\"@graph\":[{\"@type\":\"Article\",\"@id\":\"https:\/\/www.leprojecteurguinee.com\/index.php\/2023\/09\/20\/senegal-le-pastef-depose-un-recours-devant-la-cour-de-justice-de-la-cedeao\/#article\",\"isPartOf\":{\"@id\":\"https:\/\/www.leprojecteurguinee.com\/index.php\/2023\/09\/20\/senegal-le-pastef-depose-un-recours-devant-la-cour-de-justice-de-la-cedeao\/\"},\"author\":{\"name\":\"Leprojecteurguinee\",\"@id\":\"https:\/\/www.leprojecteurguinee.com\/#\/schema\/person\/389671d1a3f0c66e6c91c4a765990c1b\"},\"headline\":\"S\u00e9n\u00e9gal : Le Pastef d\u00e9pose un recours devant la Cour de justice de la CEDEAO\",\"datePublished\":\"2023-09-20T11:24:19+00:00\",\"dateModified\":\"2023-09-20T11:24:21+00:00\",\"mainEntityOfPage\":{\"@id\":\"https:\/\/www.leprojecteurguinee.com\/index.php\/2023\/09\/20\/senegal-le-pastef-depose-un-recours-devant-la-cour-de-justice-de-la-cedeao\/\"},\"wordCount\":203,\"commentCount\":0,\"image\":{\"@id\":\"https:\/\/www.leprojecteurguinee.com\/index.php\/2023\/09\/20\/senegal-le-pastef-depose-un-recours-devant-la-cour-de-justice-de-la-cedeao\/#primaryimage\"},\"thumbnailUrl\":\"https:\/\/www.leprojecteurguinee.com\/wp-content\/uploads\/2023\/07\/20230728_170422-1.jpg\",\"keywords\":[\"Pastef\",\"S\u00e9n\u00e9gal\",\"Sonko\"],\"articleSection\":[\"Politique\"],\"inLanguage\":\"fr-FR\",\"potentialAction\":[{\"@type\":\"CommentAction\",\"name\":\"Comment\",\"target\":[\"https:\/\/www.leprojecteurguinee.com\/index.php\/2023\/09\/20\/senegal-le-pastef-depose-un-recours-devant-la-cour-de-justice-de-la-cedeao\/#respond\"]}]},{\"@type\":\"WebPage\",\"@id\":\"https:\/\/www.leprojecteurguinee.com\/index.php\/2023\/09\/20\/senegal-le-pastef-depose-un-recours-devant-la-cour-de-justice-de-la-cedeao\/\",\"url\":\"https:\/\/www.leprojecteurguinee.com\/index.php\/2023\/09\/20\/senegal-le-pastef-depose-un-recours-devant-la-cour-de-justice-de-la-cedeao\/\",\"name\":\"S\u00e9n\u00e9gal : Le Pastef d\u00e9pose un recours devant la Cour de justice de la CEDEAO - leprojecteurguinee\",\"isPartOf\":{\"@id\":\"https:\/\/www.leprojecteurguinee.com\/#website\"},\"primaryImageOfPage\":{\"@id\":\"https:\/\/www.leprojecteurguinee.com\/index.php\/2023\/09\/20\/senegal-le-pastef-depose-un-recours-devant-la-cour-de-justice-de-la-cedeao\/#primaryimage\"},\"image\":{\"@id\":\"https:\/\/www.leprojecteurguinee.com\/index.php\/2023\/09\/20\/senegal-le-pastef-depose-un-recours-devant-la-cour-de-justice-de-la-cedeao\/#primaryimage\"},\"thumbnailUrl\":\"https:\/\/www.leprojecteurguinee.com\/wp-content\/uploads\/2023\/07\/20230728_170422-1.jpg\",\"datePublished\":\"2023-09-20T11:24:19+00:00\",\"dateModified\":\"2023-09-20T11:24:21+00:00\",\"author\":{\"@id\":\"https:\/\/www.leprojecteurguinee.com\/#\/schema\/person\/389671d1a3f0c66e6c91c4a765990c1b\"},\"breadcrumb\":{\"@id\":\"https:\/\/www.leprojecteurguinee.com\/index.php\/2023\/09\/20\/senegal-le-pastef-depose-un-recours-devant-la-cour-de-justice-de-la-cedeao\/#breadcrumb\"},\"inLanguage\":\"fr-FR\",\"potentialAction\":[{\"@type\":\"ReadAction\",\"target\":[\"https:\/\/www.leprojecteurguinee.com\/index.php\/2023\/09\/20\/senegal-le-pastef-depose-un-recours-devant-la-cour-de-justice-de-la-cedeao\/\"]}]},{\"@type\":\"ImageObject\",\"inLanguage\":\"fr-FR\",\"@id\":\"https:\/\/www.leprojecteurguinee.com\/index.php\/2023\/09\/20\/senegal-le-pastef-depose-un-recours-devant-la-cour-de-justice-de-la-cedeao\/#primaryimage\",\"url\":\"https:\/\/www.leprojecteurguinee.com\/wp-content\/uploads\/2023\/07\/20230728_170422-1.jpg\",\"contentUrl\":\"https:\/\/www.leprojecteurguinee.com\/wp-content\/uploads\/2023\/07\/20230728_170422-1.jpg\",\"width\":980,\"height\":551},{\"@type\":\"BreadcrumbList\",\"@id\":\"https:\/\/www.leprojecteurguinee.com\/index.php\/2023\/09\/20\/senegal-le-pastef-depose-un-recours-devant-la-cour-de-justice-de-la-cedeao\/#breadcrumb\",\"itemListElement\":[{\"@type\":\"ListItem\",\"position\":1,\"name\":\"Accueil\",\"item\":\"https:\/\/www.leprojecteurguinee.com\/\"},{\"@type\":\"ListItem\",\"position\":2,\"name\":\"S\u00e9n\u00e9gal : Le Pastef d\u00e9pose un recours devant la Cour de justice de la CEDEAO\"}]},{\"@type\":\"WebSite\",\"@id\":\"https:\/\/www.leprojecteurguinee.com\/#website\",\"url\":\"https:\/\/www.leprojecteurguinee.com\/\",\"name\":\"leprojecteurguinee\",\"description\":\"Nous luttons contre les pratiques obscures\",\"potentialAction\":[{\"@type\":\"SearchAction\",\"target\":{\"@type\":\"EntryPoint\",\"urlTemplate\":\"https:\/\/www.leprojecteurguinee.com\/?s={search_term_string}\"},\"query-input\":{\"@type\":\"PropertyValueSpecification\",\"valueRequired\":true,\"valueName\":\"search_term_string\"}}],\"inLanguage\":\"fr-FR\"},{\"@type\":\"Person\",\"@id\":\"https:\/\/www.leprojecteurguinee.com\/#\/schema\/person\/389671d1a3f0c66e6c91c4a765990c1b\",\"name\":\"Leprojecteurguinee\",\"image\":{\"@type\":\"ImageObject\",\"inLanguage\":\"fr-FR\",\"@id\":\"https:\/\/www.leprojecteurguinee.com\/#\/schema\/person\/image\/\",\"url\":\"https:\/\/secure.gravatar.com\/avatar\/c0faa0f472c43eff99fecb0bd2a1c6782e80a162c9fcb7ed2d48bb42ea619f30?s=96&d=mm&r=g\",\"contentUrl\":\"https:\/\/secure.gravatar.com\/avatar\/c0faa0f472c43eff99fecb0bd2a1c6782e80a162c9fcb7ed2d48bb42ea619f30?s=96&d=mm&r=g\",\"caption\":\"Leprojecteurguinee\"},\"sameAs\":[\"https:\/\/www.leprojecteurguinee.com\"],\"url\":\"https:\/\/www.leprojecteurguinee.com\/index.php\/author\/madame\/\"}]}<\/script>\n<!-- \/ Yoast SEO plugin. -->","yoast_head_json":{"title":"S\u00e9n\u00e9gal : Le Pastef d\u00e9pose un recours devant la Cour de justice de la CEDEAO - leprojecteurguinee","robots":{"index":"index","follow":"follow","max-snippet":"max-snippet:-1","max-image-preview":"max-image-preview:large","max-video-preview":"max-video-preview:-1"},"canonical":"https:\/\/www.leprojecteurguinee.com\/index.php\/2023\/09\/20\/senegal-le-pastef-depose-un-recours-devant-la-cour-de-justice-de-la-cedeao\/","og_locale":"fr_FR","og_type":"article","og_title":"S\u00e9n\u00e9gal : Le Pastef d\u00e9pose un recours devant la Cour de justice de la CEDEAO - leprojecteurguinee","og_description":"Les avocats de l\u2019opposant s\u00e9n\u00e9galais, Ousmane Sonko, ont d\u00e9pos\u00e9 des requ\u00eates aupr\u00e8s de la Cour de justice de la Communaut\u00e9 \u00e9conomique des \u00c9tats de l&rsquo;Afrique de l&rsquo;Ouest pour suspendre la dissolution du parti Pastef, r\u00e9tablir les droits politiques de la formation et de son candidat Sonko, \u00e0 quelques mois de la pr\u00e9sidentielle de 2024. Le [&hellip;]","og_url":"https:\/\/www.leprojecteurguinee.com\/index.php\/2023\/09\/20\/senegal-le-pastef-depose-un-recours-devant-la-cour-de-justice-de-la-cedeao\/","og_site_name":"leprojecteurguinee","article_published_time":"2023-09-20T11:24:19+00:00","article_modified_time":"2023-09-20T11:24:21+00:00","og_image":[{"width":980,"height":551,"url":"https:\/\/www.leprojecteurguinee.com\/wp-content\/uploads\/2023\/07\/20230728_170422-1.jpg","type":"image\/jpeg"}],"author":"Leprojecteurguinee","twitter_card":"summary_large_image","twitter_misc":{"\u00c9crit par":"Leprojecteurguinee","Dur\u00e9e de lecture estim\u00e9e":"1 minute"},"schema":{"@context":"https:\/\/schema.org","@graph":[{"@type":"Article","@id":"https:\/\/www.leprojecteurguinee.com\/index.php\/2023\/09\/20\/senegal-le-pastef-depose-un-recours-devant-la-cour-de-justice-de-la-cedeao\/#article","isPartOf":{"@id":"https:\/\/www.leprojecteurguinee.com\/index.php\/2023\/09\/20\/senegal-le-pastef-depose-un-recours-devant-la-cour-de-justice-de-la-cedeao\/"},"author":{"name":"Leprojecteurguinee","@id":"https:\/\/www.leprojecteurguinee.com\/#\/schema\/person\/389671d1a3f0c66e6c91c4a765990c1b"},"headline":"S\u00e9n\u00e9gal : Le Pastef d\u00e9pose un recours devant la Cour de justice de la CEDEAO","datePublished":"2023-09-20T11:24:19+00:00","dateModified":"2023-09-20T11:24:21+00:00","mainEntityOfPage":{"@id":"https:\/\/www.leprojecteurguinee.com\/index.php\/2023\/09\/20\/senegal-le-pastef-depose-un-recours-devant-la-cour-de-justice-de-la-cedeao\/"},"wordCount":203,"commentCount":0,"image":{"@id":"https:\/\/www.leprojecteurguinee.com\/index.php\/2023\/09\/20\/senegal-le-pastef-depose-un-recours-devant-la-cour-de-justice-de-la-cedeao\/#primaryimage"},"thumbnailUrl":"https:\/\/www.leprojecteurguinee.com\/wp-content\/uploads\/2023\/07\/20230728_170422-1.jpg","keywords":["Pastef","S\u00e9n\u00e9gal","Sonko"],"articleSection":["Politique"],"inLanguage":"fr-FR","potentialAction":[{"@type":"CommentAction","name":"Comment","target":["https:\/\/www.leprojecteurguinee.com\/index.php\/2023\/09\/20\/senegal-le-pastef-depose-un-recours-devant-la-cour-de-justice-de-la-cedeao\/#respond"]}]},{"@type":"WebPage","@id":"https:\/\/www.leprojecteurguinee.com\/index.php\/2023\/09\/20\/senegal-le-pastef-depose-un-recours-devant-la-cour-de-justice-de-la-cedeao\/","url":"https:\/\/www.leprojecteurguinee.com\/index.php\/2023\/09\/20\/senegal-le-pastef-depose-un-recours-devant-la-cour-de-justice-de-la-cedeao\/","name":"S\u00e9n\u00e9gal : Le Pastef d\u00e9pose un recours devant la Cour de justice de la CEDEAO - leprojecteurguinee","isPartOf":{"@id":"https:\/\/www.leprojecteurguinee.com\/#website"},"primaryImageOfPage":{"@id":"https:\/\/www.leprojecteurguinee.com\/index.php\/2023\/09\/20\/senegal-le-pastef-depose-un-recours-devant-la-cour-de-justice-de-la-cedeao\/#primaryimage"},"image":{"@id":"https:\/\/www.leprojecteurguinee.com\/index.php\/2023\/09\/20\/senegal-le-pastef-depose-un-recours-devant-la-cour-de-justice-de-la-cedeao\/#primaryimage"},"thumbnailUrl":"https:\/\/www.leprojecteurguinee.com\/wp-content\/uploads\/2023\/07\/20230728_170422-1.jpg","datePublished":"2023-09-20T11:24:19+00:00","dateModified":"2023-09-20T11:24:21+00:00","author":{"@id":"https:\/\/www.leprojecteurguinee.com\/#\/schema\/person\/389671d1a3f0c66e6c91c4a765990c1b"},"breadcrumb":{"@id":"https:\/\/www.leprojecteurguinee.com\/index.php\/2023\/09\/20\/senegal-le-pastef-depose-un-recours-devant-la-cour-de-justice-de-la-cedeao\/#breadcrumb"},"inLanguage":"fr-FR","potentialAction":[{"@type":"ReadAction","target":["https:\/\/www.leprojecteurguinee.com\/index.php\/2023\/09\/20\/senegal-le-pastef-depose-un-recours-devant-la-cour-de-justice-de-la-cedeao\/"]}]},{"@type":"ImageObject","inLanguage":"fr-FR","@id":"https:\/\/www.leprojecteurguinee.com\/index.php\/2023\/09\/20\/senegal-le-pastef-depose-un-recours-devant-la-cour-de-justice-de-la-cedeao\/#primaryimage","url":"https:\/\/www.leprojecteurguinee.com\/wp-content\/uploads\/2023\/07\/20230728_170422-1.jpg","contentUrl":"https:\/\/www.leprojecteurguinee.com\/wp-content\/uploads\/2023\/07\/20230728_170422-1.jpg","width":980,"height":551},{"@type":"BreadcrumbList","@id":"https:\/\/www.leprojecteurguinee.com\/index.php\/2023\/09\/20\/senegal-le-pastef-depose-un-recours-devant-la-cour-de-justice-de-la-cedeao\/#breadcrumb","itemListElement":[{"@type":"ListItem","position":1,"name":"Accueil","item":"https:\/\/www.leprojecteurguinee.com\/"},{"@type":"ListItem","position":2,"name":"S\u00e9n\u00e9gal : Le Pastef d\u00e9pose un recours devant la Cour de justice de la CEDEAO"}]},{"@type":"WebSite","@id":"https:\/\/www.leprojecteurguinee.com\/#website","url":"https:\/\/www.leprojecteurguinee.com\/","name":"leprojecteurguinee","description":"Nous luttons contre les pratiques obscures","potentialAction":[{"@type":"SearchAction","target":{"@type":"EntryPoint","urlTemplate":"https:\/\/www.leprojecteurguinee.com\/?s={search_term_string}"},"query-input":{"@type":"PropertyValueSpecification","valueRequired":true,"valueName":"search_term_string"}}],"inLanguage":"fr-FR"},{"@type":"Person","@id":"https:\/\/www.leprojecteurguinee.com\/#\/schema\/person\/389671d1a3f0c66e6c91c4a765990c1b","name":"Leprojecteurguinee","image":{"@type":"ImageObject","inLanguage":"fr-FR","@id":"https:\/\/www.leprojecteurguinee.com\/#\/schema\/person\/image\/","url":"https:\/\/secure.gravatar.com\/avatar\/c0faa0f472c43eff99fecb0bd2a1c6782e80a162c9fcb7ed2d48bb42ea619f30?s=96&d=mm&r=g","contentUrl":"https:\/\/secure.gravatar.com\/avatar\/c0faa0f472c43eff99fecb0bd2a1c6782e80a162c9fcb7ed2d48bb42ea619f30?s=96&d=mm&r=g","caption":"Leprojecteurguinee"},"sameAs":["https:\/\/www.leprojecteurguinee.com"],"url":"https:\/\/www.leprojecteurguinee.com\/index.php\/author\/madame\/"}]}},"_links":{"self":[{"href":"https:\/\/www.leprojecteurguinee.com\/index.php\/wp-json\/wp\/v2\/posts\/1083","targetHints":{"allow":["GET"]}}],"collection":[{"href":"https:\/\/www.leprojecteurguinee.com\/index.php\/wp-json\/wp\/v2\/posts"}],"about":[{"href":"https:\/\/www.leprojecteurguinee.com\/index.php\/wp-json\/wp\/v2\/types\/post"}],"author":[{"embeddable":true,"href":"https:\/\/www.leprojecteurguinee.com\/index.php\/wp-json\/wp\/v2\/users\/1"}],"replies":[{"embeddable":true,"href":"https:\/\/www.leprojecteurguinee.com\/index.php\/wp-json\/wp\/v2\/comments?post=1083"}],"version-history":[{"count":0,"href":"https:\/\/www.leprojecteurguinee.com\/index.php\/wp-json\/wp\/v2\/posts\/1083\/revisions"}],"wp:featuredmedia":[{"embeddable":true,"href":"https:\/\/www.leprojecteurguinee.com\/index.php\/wp-json\/wp\/v2\/media\/697"}],"wp:attachment":[{"href":"https:\/\/www.leprojecteurguinee.com\/index.php\/wp-json\/wp\/v2\/media?parent=1083"}],"wp:term":[{"taxonomy":"category","embeddable":true,"href":"https:\/\/www.leprojecteurguinee.com\/index.php\/wp-json\/wp\/v2\/categories?post=1083"},{"taxonomy":"post_tag","embeddable":true,"href":"https:\/\/www.leprojecteurguinee.com\/index.php\/wp-json\/wp\/v2\/tags?post=1083"}],"curies":[{"name":"wp","href":"https:\/\/api.w.org\/{rel}","templated":true}]}}